{"id":39346,"date":"2024-04-12T14:14:23","date_gmt":"2024-04-12T17:14:23","guid":{"rendered":"https:\/\/psol50.org.br\/?p=39346"},"modified":"2024-04-16T14:07:48","modified_gmt":"2024-04-16T17:07:48","slug":"psol-denuncia-tarcisio-de-freitas-e-guilherme-derrite-ao-tribunal-penal-internacional-por-violencia-policial","status":"publish","type":"post","link":"https:\/\/psol50.org.br\/psol-denuncia-tarcisio-de-freitas-e-guilherme-derrite-ao-tribunal-penal-internacional-por-violencia-policial\/","title":{"rendered":"PSOL denuncia Tarc\u00edsio de Freitas e Guilherme Derrite ao Tribunal Penal Internacional por viol\u00eancia policial"},"content":{"rendered":"<p>A deputada federal Luciene Cavalcante, o deputado estadual Carlos Giannazi e o vereador Celso Giannazi, todos do PSOL. denunciaram o governador de S\u00e3o Paulo, Tarc\u00edsio de Freitas, e seu secret\u00e1rio estadual de Seguran\u00e7a P\u00fablica, Guilherme Derrite, ao Tribunal Internacional Penal (TPI) por crimes contra a humanidade ao longo do aumento da viol\u00eancia policial no estado de S\u00e3o Paulo.<\/p>\n<div class=\"mc-column content-text active-extra-styles \" data-block-type=\"unstyled\" data-block-weight=\"40\" data-block-id=\"3\">\n<p class=\" content-text__container \" data-track-category=\"Link no Texto\" data-track-links=\"\" data-mrf-recirculation=\"Recomenda\u00e7\u00e3o meio do texto\">Houve uma alta de 32% de mortes por policias militares do estado de 2022 para 2023, al\u00e9m de um salto de 94% de v\u00edtimas no primeiro bimestre deste ano em compara\u00e7\u00e3o ao mesmo per\u00edodo do ano passado.<\/p>\n<div class=\"mc-column content-text active-extra-styles \" data-block-type=\"unstyled\" data-block-weight=\"19\" data-block-id=\"4\">\n<p class=\" content-text__container \" data-track-category=\"Link no Texto\" data-track-links=\"\" data-mrf-recirculation=\"Recomenda\u00e7\u00e3o meio do texto\">A representa\u00e7\u00e3o cita ainda as opera\u00e7\u00f5es Escudo e Ver\u00e3o, na Baixada Santista, que terminaram com ao menos 80 mortos.<\/p>\n<p data-track-category=\"Link no Texto\" data-track-links=\"\" data-mrf-recirculation=\"Recomenda\u00e7\u00e3o meio do texto\">Tarc\u00edsio de Freitas, enquanto dizia que tinha &#8220;muita tranquilidade&#8221; com a quantidade de mortes, inclusive desafiou: \u201co pessoal pode ir na ONU, na Liga da Justi\u00e7a, no raio que o parta, que eu n\u00e3o estou nem a\u00ed\u201d.<\/p>\n<div class=\"mc-column content-text active-extra-styles \" data-block-type=\"unstyled\" data-block-weight=\"27\" data-block-id=\"7\">\n<p class=\" content-text__container \" data-track-category=\"Link no Texto\" data-track-links=\"\" data-mrf-recirculation=\"Recomenda\u00e7\u00e3o meio do texto\">Os parlamentares pedem que o TPI instaure um procedimento investigat\u00f3rio e que Tarc\u00edsio e Derrite sejam chamados a depor, sob pena de confiss\u00e3o de culpa em caso de recusa.<\/p>\n<\/div>\n<\/div>\n<\/div>\n","protected":false},"excerpt":{"rendered":"<p>A deputada federal Luciene Cavalcante, o deputado estadual Carlos Giannazi e o vereador Celso Giannazi, todos do PSOL. denunciaram o governador de S\u00e3o Paulo, Tarc\u00edsio de Freitas, e seu secret\u00e1rio estadual de Seguran\u00e7a P\u00fablica, Guilherme Derrite, ao Tribunal Internacional Penal (TPI) por crimes contra a humanidade ao longo do aumento da viol\u00eancia policial no estado [&hellip;]<\/p>\n","protected":false},"author":2,"featured_media":39350,"comment_status":"closed","ping_status":"open","sticky":false,"template":"","format":"standard","meta":{"_acf_changed":false,"footnotes":""},"categories":[10],"tags":[4825],"class_list":{"0":"post-39346","1":"post","2":"type-post","3":"status-publish","4":"format-standard","5":"has-post-thumbnail","7":"category-acao-parlamentares","8":"tag-noticias"},"acf":[],"yoast_head":"<!-- This site is optimized with the Yoast SEO plugin v26.5 - https:\/\/yoast.com\/wordpress\/plugins\/seo\/ -->\n<title>PSOL denuncia Tarc\u00edsio de Freitas e Guilherme Derrite ao Tribunal Penal Internacional por viol\u00eancia policial<\/title>\n<meta name=\"description\" content=\"Luciene Cavalcante, Carlos Giannazi e Celso Giannazi, todos do PSOL, denunciaram a atual gest\u00e3o do governo de SP por crimes contra a humanidade.\" \/>\n<meta name=\"robots\" content=\"index, follow, max-snippet:-1, max-image-preview:large, max-video-preview:-1\" \/>\n<link rel=\"canonical\" href=\"https:\/\/psol50.org.br\/psol-denuncia-tarcisio-de-freitas-e-guilherme-derrite-ao-tribunal-penal-internacional-por-violencia-policial\/\" \/>\n<meta property=\"og:locale\" content=\"pt_BR\" \/>\n<meta property=\"og:type\" content=\"article\" \/>\n<meta property=\"og:title\" content=\"PSOL denuncia Tarc\u00edsio de Freitas e Guilherme Derrite ao Tribunal Penal Internacional por viol\u00eancia policial\" \/>\n<meta property=\"og:description\" content=\"Luciene Cavalcante, Carlos Giannazi e Celso Giannazi, todos do PSOL, denunciaram a atual gest\u00e3o do governo de SP por crimes contra a humanidade.\" \/>\n<meta property=\"og:url\" content=\"https:\/\/psol50.org.br\/psol-denuncia-tarcisio-de-freitas-e-guilherme-derrite-ao-tribunal-penal-internacional-por-violencia-policial\/\" \/>\n<meta property=\"og:site_name\" content=\"PSOL 50\" \/>\n<meta property=\"article:publisher\" content=\"https:\/\/www.facebook.com\/psol50\" \/>\n<meta property=\"article:published_time\" content=\"2024-04-12T17:14:23+00:00\" \/>\n<meta property=\"article:modified_time\" content=\"2024-04-16T17:07:48+00:00\" \/>\n<meta property=\"og:image\" content=\"https:\/\/psol50.org.br\/inc\/uploads\/2024\/04\/image_processing20230106-11986-t72a80.jpeg\" \/>\n\t<meta property=\"og:image:width\" content=\"800\" \/>\n\t<meta property=\"og:image:height\" content=\"502\" \/>\n\t<meta property=\"og:image:type\" content=\"image\/jpeg\" \/>\n<meta name=\"author\" content=\"Comunica\u00e7\u00e3o PSOL\" \/>\n<meta name=\"twitter:card\" content=\"summary_large_image\" \/>\n<meta name=\"twitter:creator\" content=\"@psol50\" \/>\n<meta name=\"twitter:site\" content=\"@psol50\" \/>\n<meta name=\"twitter:label1\" content=\"Escrito por\" \/>\n\t<meta name=\"twitter:data1\" content=\"Comunica\u00e7\u00e3o PSOL\" \/>\n\t<meta name=\"twitter:label2\" content=\"Est. tempo de leitura\" \/>\n\t<meta name=\"twitter:data2\" content=\"1 minuto\" \/>\n<script type=\"application\/ld+json\" class=\"yoast-schema-graph\">{\"@context\":\"https:\/\/schema.org\",\"@graph\":[{\"@type\":\"Article\",\"@id\":\"https:\/\/psol50.org.br\/psol-denuncia-tarcisio-de-freitas-e-guilherme-derrite-ao-tribunal-penal-internacional-por-violencia-policial\/#article\",\"isPartOf\":{\"@id\":\"https:\/\/psol50.org.br\/psol-denuncia-tarcisio-de-freitas-e-guilherme-derrite-ao-tribunal-penal-internacional-por-violencia-policial\/\"},\"author\":{\"name\":\"Comunica\u00e7\u00e3o PSOL\",\"@id\":\"https:\/\/psol50.org.br\/#\/schema\/person\/475dfa57d0b815993c714c2e96491fcd\"},\"headline\":\"PSOL denuncia Tarc\u00edsio de Freitas e Guilherme Derrite ao Tribunal Penal Internacional por viol\u00eancia policial\",\"datePublished\":\"2024-04-12T17:14:23+00:00\",\"dateModified\":\"2024-04-16T17:07:48+00:00\",\"mainEntityOfPage\":{\"@id\":\"https:\/\/psol50.org.br\/psol-denuncia-tarcisio-de-freitas-e-guilherme-derrite-ao-tribunal-penal-internacional-por-violencia-policial\/\"},\"wordCount\":212,\"publisher\":{\"@id\":\"https:\/\/psol50.org.br\/#organization\"},\"image\":{\"@id\":\"https:\/\/psol50.org.br\/psol-denuncia-tarcisio-de-freitas-e-guilherme-derrite-ao-tribunal-penal-internacional-por-violencia-policial\/#primaryimage\"},\"thumbnailUrl\":\"https:\/\/psol50.org.br\/inc\/uploads\/2024\/04\/image_processing20230106-11986-t72a80.jpeg\",\"keywords\":[\"Not\u00edcias\"],\"articleSection\":[\"A\u00e7\u00e3o Parlamentar\"],\"inLanguage\":\"pt-BR\"},{\"@type\":\"WebPage\",\"@id\":\"https:\/\/psol50.org.br\/psol-denuncia-tarcisio-de-freitas-e-guilherme-derrite-ao-tribunal-penal-internacional-por-violencia-policial\/\",\"url\":\"https:\/\/psol50.org.br\/psol-denuncia-tarcisio-de-freitas-e-guilherme-derrite-ao-tribunal-penal-internacional-por-violencia-policial\/\",\"name\":\"PSOL denuncia Tarc\u00edsio de Freitas e Guilherme Derrite ao Tribunal Penal Internacional por viol\u00eancia policial\",\"isPartOf\":{\"@id\":\"https:\/\/psol50.org.br\/#website\"},\"primaryImageOfPage\":{\"@id\":\"https:\/\/psol50.org.br\/psol-denuncia-tarcisio-de-freitas-e-guilherme-derrite-ao-tribunal-penal-internacional-por-violencia-policial\/#primaryimage\"},\"image\":{\"@id\":\"https:\/\/psol50.org.br\/psol-denuncia-tarcisio-de-freitas-e-guilherme-derrite-ao-tribunal-penal-internacional-por-violencia-policial\/#primaryimage\"},\"thumbnailUrl\":\"https:\/\/psol50.org.br\/inc\/uploads\/2024\/04\/image_processing20230106-11986-t72a80.jpeg\",\"datePublished\":\"2024-04-12T17:14:23+00:00\",\"dateModified\":\"2024-04-16T17:07:48+00:00\",\"description\":\"Luciene Cavalcante, Carlos Giannazi e Celso Giannazi, todos do PSOL, denunciaram a atual gest\u00e3o do governo de SP por crimes contra a humanidade.\",\"breadcrumb\":{\"@id\":\"https:\/\/psol50.org.br\/psol-denuncia-tarcisio-de-freitas-e-guilherme-derrite-ao-tribunal-penal-internacional-por-violencia-policial\/#breadcrumb\"},\"inLanguage\":\"pt-BR\",\"potentialAction\":[{\"@type\":\"ReadAction\",\"target\":[\"https:\/\/psol50.org.br\/psol-denuncia-tarcisio-de-freitas-e-guilherme-derrite-ao-tribunal-penal-internacional-por-violencia-policial\/\"]}]},{\"@type\":\"ImageObject\",\"inLanguage\":\"pt-BR\",\"@id\":\"https:\/\/psol50.org.br\/psol-denuncia-tarcisio-de-freitas-e-guilherme-derrite-ao-tribunal-penal-internacional-por-violencia-policial\/#primaryimage\",\"url\":\"https:\/\/psol50.org.br\/inc\/uploads\/2024\/04\/image_processing20230106-11986-t72a80.jpeg\",\"contentUrl\":\"https:\/\/psol50.org.br\/inc\/uploads\/2024\/04\/image_processing20230106-11986-t72a80.jpeg\",\"width\":800,\"height\":502,\"caption\":\"Foto: Reprodu\u00e7\u00e3o\/Facebook\"},{\"@type\":\"BreadcrumbList\",\"@id\":\"https:\/\/psol50.org.br\/psol-denuncia-tarcisio-de-freitas-e-guilherme-derrite-ao-tribunal-penal-internacional-por-violencia-policial\/#breadcrumb\",\"itemListElement\":[{\"@type\":\"ListItem\",\"position\":1,\"name\":\"In\u00edcio\",\"item\":\"https:\/\/psol50.org.br\/\"},{\"@type\":\"ListItem\",\"position\":2,\"name\":\"PSOL denuncia Tarc\u00edsio de Freitas e Guilherme Derrite ao Tribunal Penal Internacional por viol\u00eancia policial\"}]},{\"@type\":\"WebSite\",\"@id\":\"https:\/\/psol50.org.br\/#website\",\"url\":\"https:\/\/psol50.org.br\/\",\"name\":\"PSOL 50\",\"description\":\"Site oficial do Partido Socialismo e Liberdade\",\"publisher\":{\"@id\":\"https:\/\/psol50.org.br\/#organization\"},\"alternateName\":\"PSOL50\",\"potentialAction\":[{\"@type\":\"SearchAction\",\"target\":{\"@type\":\"EntryPoint\",\"urlTemplate\":\"https:\/\/psol50.org.br\/?s={search_term_string}\"},\"query-input\":{\"@type\":\"PropertyValueSpecification\",\"valueRequired\":true,\"valueName\":\"search_term_string\"}}],\"inLanguage\":\"pt-BR\"},{\"@type\":\"Organization\",\"@id\":\"https:\/\/psol50.org.br\/#organization\",\"name\":\"PSOL 50\",\"alternateName\":\"PSOL 50\",\"url\":\"https:\/\/psol50.org.br\/\",\"logo\":{\"@type\":\"ImageObject\",\"inLanguage\":\"pt-BR\",\"@id\":\"https:\/\/psol50.org.br\/#\/schema\/logo\/image\/\",\"url\":\"https:\/\/psol50.org.br\/inc\/uploads\/2018\/07\/capa.png\",\"contentUrl\":\"https:\/\/psol50.org.br\/inc\/uploads\/2018\/07\/capa.png\",\"width\":1350,\"height\":900,\"caption\":\"PSOL 50\"},\"image\":{\"@id\":\"https:\/\/psol50.org.br\/#\/schema\/logo\/image\/\"},\"sameAs\":[\"https:\/\/www.facebook.com\/psol50\",\"https:\/\/x.com\/psol50\",\"https:\/\/www.instagram.com\/psol50\/\",\"https:\/\/www.youtube.com\/channel\/UC7SnJS5o1os7a6CaiNabzcg\"]},{\"@type\":\"Person\",\"@id\":\"https:\/\/psol50.org.br\/#\/schema\/person\/475dfa57d0b815993c714c2e96491fcd\",\"name\":\"Comunica\u00e7\u00e3o PSOL\",\"image\":{\"@type\":\"ImageObject\",\"inLanguage\":\"pt-BR\",\"@id\":\"https:\/\/psol50.org.br\/#\/schema\/person\/image\/\",\"url\":\"https:\/\/secure.gravatar.com\/avatar\/b34fc4f4e468a4e51785917065a3db57b841f5c95dba6ad8c73aaf8f66f8f9bf?s=96&d=mm&r=g\",\"contentUrl\":\"https:\/\/secure.gravatar.com\/avatar\/b34fc4f4e468a4e51785917065a3db57b841f5c95dba6ad8c73aaf8f66f8f9bf?s=96&d=mm&r=g\",\"caption\":\"Comunica\u00e7\u00e3o PSOL\"}}]}<\/script>\n<!-- \/ Yoast SEO plugin. -->","yoast_head_json":{"title":"PSOL denuncia Tarc\u00edsio de Freitas e Guilherme Derrite ao Tribunal Penal Internacional por viol\u00eancia policial","description":"Luciene Cavalcante, Carlos Giannazi e Celso Giannazi, todos do PSOL, denunciaram a atual gest\u00e3o do governo de SP por crimes contra a humanidade.","robots":{"index":"index","follow":"follow","max-snippet":"max-snippet:-1","max-image-preview":"max-image-preview:large","max-video-preview":"max-video-preview:-1"},"canonical":"https:\/\/psol50.org.br\/psol-denuncia-tarcisio-de-freitas-e-guilherme-derrite-ao-tribunal-penal-internacional-por-violencia-policial\/","og_locale":"pt_BR","og_type":"article","og_title":"PSOL denuncia Tarc\u00edsio de Freitas e Guilherme Derrite ao Tribunal Penal Internacional por viol\u00eancia policial","og_description":"Luciene Cavalcante, Carlos Giannazi e Celso Giannazi, todos do PSOL, denunciaram a atual gest\u00e3o do governo de SP por crimes contra a humanidade.","og_url":"https:\/\/psol50.org.br\/psol-denuncia-tarcisio-de-freitas-e-guilherme-derrite-ao-tribunal-penal-internacional-por-violencia-policial\/","og_site_name":"PSOL 50","article_publisher":"https:\/\/www.facebook.com\/psol50","article_published_time":"2024-04-12T17:14:23+00:00","article_modified_time":"2024-04-16T17:07:48+00:00","og_image":[{"width":800,"height":502,"url":"https:\/\/psol50.org.br\/inc\/uploads\/2024\/04\/image_processing20230106-11986-t72a80.jpeg","type":"image\/jpeg"}],"author":"Comunica\u00e7\u00e3o PSOL","twitter_card":"summary_large_image","twitter_creator":"@psol50","twitter_site":"@psol50","twitter_misc":{"Escrito por":"Comunica\u00e7\u00e3o PSOL","Est. tempo de leitura":"1 minuto"},"schema":{"@context":"https:\/\/schema.org","@graph":[{"@type":"Article","@id":"https:\/\/psol50.org.br\/psol-denuncia-tarcisio-de-freitas-e-guilherme-derrite-ao-tribunal-penal-internacional-por-violencia-policial\/#article","isPartOf":{"@id":"https:\/\/psol50.org.br\/psol-denuncia-tarcisio-de-freitas-e-guilherme-derrite-ao-tribunal-penal-internacional-por-violencia-policial\/"},"author":{"name":"Comunica\u00e7\u00e3o PSOL","@id":"https:\/\/psol50.org.br\/#\/schema\/person\/475dfa57d0b815993c714c2e96491fcd"},"headline":"PSOL denuncia Tarc\u00edsio de Freitas e Guilherme Derrite ao Tribunal Penal Internacional por viol\u00eancia policial","datePublished":"2024-04-12T17:14:23+00:00","dateModified":"2024-04-16T17:07:48+00:00","mainEntityOfPage":{"@id":"https:\/\/psol50.org.br\/psol-denuncia-tarcisio-de-freitas-e-guilherme-derrite-ao-tribunal-penal-internacional-por-violencia-policial\/"},"wordCount":212,"publisher":{"@id":"https:\/\/psol50.org.br\/#organization"},"image":{"@id":"https:\/\/psol50.org.br\/psol-denuncia-tarcisio-de-freitas-e-guilherme-derrite-ao-tribunal-penal-internacional-por-violencia-policial\/#primaryimage"},"thumbnailUrl":"https:\/\/psol50.org.br\/inc\/uploads\/2024\/04\/image_processing20230106-11986-t72a80.jpeg","keywords":["Not\u00edcias"],"articleSection":["A\u00e7\u00e3o Parlamentar"],"inLanguage":"pt-BR"},{"@type":"WebPage","@id":"https:\/\/psol50.org.br\/psol-denuncia-tarcisio-de-freitas-e-guilherme-derrite-ao-tribunal-penal-internacional-por-violencia-policial\/","url":"https:\/\/psol50.org.br\/psol-denuncia-tarcisio-de-freitas-e-guilherme-derrite-ao-tribunal-penal-internacional-por-violencia-policial\/","name":"PSOL denuncia Tarc\u00edsio de Freitas e Guilherme Derrite ao Tribunal Penal Internacional por viol\u00eancia policial","isPartOf":{"@id":"https:\/\/psol50.org.br\/#website"},"primaryImageOfPage":{"@id":"https:\/\/psol50.org.br\/psol-denuncia-tarcisio-de-freitas-e-guilherme-derrite-ao-tribunal-penal-internacional-por-violencia-policial\/#primaryimage"},"image":{"@id":"https:\/\/psol50.org.br\/psol-denuncia-tarcisio-de-freitas-e-guilherme-derrite-ao-tribunal-penal-internacional-por-violencia-policial\/#primaryimage"},"thumbnailUrl":"https:\/\/psol50.org.br\/inc\/uploads\/2024\/04\/image_processing20230106-11986-t72a80.jpeg","datePublished":"2024-04-12T17:14:23+00:00","dateModified":"2024-04-16T17:07:48+00:00","description":"Luciene Cavalcante, Carlos Giannazi e Celso Giannazi, todos do PSOL, denunciaram a atual gest\u00e3o do governo de SP por crimes contra a humanidade.","breadcrumb":{"@id":"https:\/\/psol50.org.br\/psol-denuncia-tarcisio-de-freitas-e-guilherme-derrite-ao-tribunal-penal-internacional-por-violencia-policial\/#breadcrumb"},"inLanguage":"pt-BR","potentialAction":[{"@type":"ReadAction","target":["https:\/\/psol50.org.br\/psol-denuncia-tarcisio-de-freitas-e-guilherme-derrite-ao-tribunal-penal-internacional-por-violencia-policial\/"]}]},{"@type":"ImageObject","inLanguage":"pt-BR","@id":"https:\/\/psol50.org.br\/psol-denuncia-tarcisio-de-freitas-e-guilherme-derrite-ao-tribunal-penal-internacional-por-violencia-policial\/#primaryimage","url":"https:\/\/psol50.org.br\/inc\/uploads\/2024\/04\/image_processing20230106-11986-t72a80.jpeg","contentUrl":"https:\/\/psol50.org.br\/inc\/uploads\/2024\/04\/image_processing20230106-11986-t72a80.jpeg","width":800,"height":502,"caption":"Foto: Reprodu\u00e7\u00e3o\/Facebook"},{"@type":"BreadcrumbList","@id":"https:\/\/psol50.org.br\/psol-denuncia-tarcisio-de-freitas-e-guilherme-derrite-ao-tribunal-penal-internacional-por-violencia-policial\/#breadcrumb","itemListElement":[{"@type":"ListItem","position":1,"name":"In\u00edcio","item":"https:\/\/psol50.org.br\/"},{"@type":"ListItem","position":2,"name":"PSOL denuncia Tarc\u00edsio de Freitas e Guilherme Derrite ao Tribunal Penal Internacional por viol\u00eancia policial"}]},{"@type":"WebSite","@id":"https:\/\/psol50.org.br\/#website","url":"https:\/\/psol50.org.br\/","name":"PSOL 50","description":"Site oficial do Partido Socialismo e Liberdade","publisher":{"@id":"https:\/\/psol50.org.br\/#organization"},"alternateName":"PSOL50","potentialAction":[{"@type":"SearchAction","target":{"@type":"EntryPoint","urlTemplate":"https:\/\/psol50.org.br\/?s={search_term_string}"},"query-input":{"@type":"PropertyValueSpecification","valueRequired":true,"valueName":"search_term_string"}}],"inLanguage":"pt-BR"},{"@type":"Organization","@id":"https:\/\/psol50.org.br\/#organization","name":"PSOL 50","alternateName":"PSOL 50","url":"https:\/\/psol50.org.br\/","logo":{"@type":"ImageObject","inLanguage":"pt-BR","@id":"https:\/\/psol50.org.br\/#\/schema\/logo\/image\/","url":"https:\/\/psol50.org.br\/inc\/uploads\/2018\/07\/capa.png","contentUrl":"https:\/\/psol50.org.br\/inc\/uploads\/2018\/07\/capa.png","width":1350,"height":900,"caption":"PSOL 50"},"image":{"@id":"https:\/\/psol50.org.br\/#\/schema\/logo\/image\/"},"sameAs":["https:\/\/www.facebook.com\/psol50","https:\/\/x.com\/psol50","https:\/\/www.instagram.com\/psol50\/","https:\/\/www.youtube.com\/channel\/UC7SnJS5o1os7a6CaiNabzcg"]},{"@type":"Person","@id":"https:\/\/psol50.org.br\/#\/schema\/person\/475dfa57d0b815993c714c2e96491fcd","name":"Comunica\u00e7\u00e3o PSOL","image":{"@type":"ImageObject","inLanguage":"pt-BR","@id":"https:\/\/psol50.org.br\/#\/schema\/person\/image\/","url":"https:\/\/secure.gravatar.com\/avatar\/b34fc4f4e468a4e51785917065a3db57b841f5c95dba6ad8c73aaf8f66f8f9bf?s=96&d=mm&r=g","contentUrl":"https:\/\/secure.gravatar.com\/avatar\/b34fc4f4e468a4e51785917065a3db57b841f5c95dba6ad8c73aaf8f66f8f9bf?s=96&d=mm&r=g","caption":"Comunica\u00e7\u00e3o PSOL"}}]}},"_links":{"self":[{"href":"https:\/\/psol50.org.br\/rest\/wp\/v2\/posts\/39346","targetHints":{"allow":["GET"]}}],"collection":[{"href":"https:\/\/psol50.org.br\/rest\/wp\/v2\/posts"}],"about":[{"href":"https:\/\/psol50.org.br\/rest\/wp\/v2\/types\/post"}],"author":[{"embeddable":true,"href":"https:\/\/psol50.org.br\/rest\/wp\/v2\/users\/2"}],"replies":[{"embeddable":true,"href":"https:\/\/psol50.org.br\/rest\/wp\/v2\/comments?post=39346"}],"version-history":[{"count":3,"href":"https:\/\/psol50.org.br\/rest\/wp\/v2\/posts\/39346\/revisions"}],"predecessor-version":[{"id":39351,"href":"https:\/\/psol50.org.br\/rest\/wp\/v2\/posts\/39346\/revisions\/39351"}],"wp:featuredmedia":[{"embeddable":true,"href":"https:\/\/psol50.org.br\/rest\/wp\/v2\/media\/39350"}],"wp:attachment":[{"href":"https:\/\/psol50.org.br\/rest\/wp\/v2\/media?parent=39346"}],"wp:term":[{"taxonomy":"category","embeddable":true,"href":"https:\/\/psol50.org.br\/rest\/wp\/v2\/categories?post=39346"},{"taxonomy":"post_tag","embeddable":true,"href":"https:\/\/psol50.org.br\/rest\/wp\/v2\/tags?post=39346"}],"curies":[{"name":"wp","href":"https:\/\/api.w.org\/{rel}","templated":true}]}}