{"id":39357,"date":"2024-04-15T16:17:42","date_gmt":"2024-04-15T19:17:42","guid":{"rendered":"https:\/\/psol50.org.br\/?p=39357"},"modified":"2024-04-22T16:40:47","modified_gmt":"2024-04-22T19:40:47","slug":"andrea-caldas-e-pre-candidata-a-prefeitura-de-curitiba-pr-pelo-psol","status":"publish","type":"post","link":"https:\/\/psol50.org.br\/andrea-caldas-e-pre-candidata-a-prefeitura-de-curitiba-pr-pelo-psol\/","title":{"rendered":"Andrea Caldas \u00e9 pr\u00e9-candidata \u00e0 Prefeitura de Curitiba (PR) pelo PSOL"},"content":{"rendered":"<p>O Diret\u00f3rio Municipal do PSOL Curitiba (PR) se reuniu no \u00faltimo s\u00e1bado (13) e decidiu pela professora Andrea Caldas como a pr\u00e9-candidata do partido \u00e0 Prefeitura da capital paranaense nas elei\u00e7\u00f5es municipais deste ano.<\/p>\n<p>A pr\u00e9-candidatura do PSOL lan\u00e7ar\u00e1 nos pr\u00f3ximos dias um calend\u00e1rio de debates para a constru\u00e7\u00e3o de um programa de governo que v\u00e1 \u00e0 raiz dos problemas de Curitiba, que seja comprometido com as pautas da classe trabalhadora e proponha medidas de enfrentamento \u00e0s desigualdades da cidade.<\/p>\n<p>Andrea Caldas \u00e9 professora da Universidade Federal do Paran\u00e1 (UFPR), tem trajet\u00f3ria acad\u00eamica s\u00f3lida e um longo hist\u00f3rico de engajamento social e defesa da educa\u00e7\u00e3o p\u00fablica.<\/p>\n<p>Al\u00e9m da decis\u00e3o sobre a pr\u00e9-candidatura majorit\u00e1ria, tamb\u00e9m foi aprovada uma chapa com mais de 20 pr\u00e9-candidatos e pr\u00e9-candidatas \u00e0 C\u00e2mara Municipal de Curitiba, que ser\u00e1 submetida \u00e0 dire\u00e7\u00e3o da federa\u00e7\u00e3o PSOL-REDE. O objetivo do partido \u00e9 eleger o primeiro mandato parlamentar na cidade.<\/p>\n","protected":false},"excerpt":{"rendered":"<p>O Diret\u00f3rio Municipal do PSOL Curitiba (PR) se reuniu no \u00faltimo s\u00e1bado (13) e decidiu pela professora Andrea Caldas como a pr\u00e9-candidata do partido \u00e0 Prefeitura da capital paranaense nas elei\u00e7\u00f5es municipais deste ano. A pr\u00e9-candidatura do PSOL lan\u00e7ar\u00e1 nos pr\u00f3ximos dias um calend\u00e1rio de debates para a constru\u00e7\u00e3o de um programa de governo que [&hellip;]<\/p>\n","protected":false},"author":2,"featured_media":39360,"comment_status":"closed","ping_status":"open","sticky":false,"template":"","format":"standard","meta":{"_acf_changed":false,"footnotes":""},"categories":[14],"tags":[4825],"class_list":{"0":"post-39357","1":"post","2":"type-post","3":"status-publish","4":"format-standard","5":"has-post-thumbnail","7":"category-partido","8":"tag-noticias"},"acf":[],"yoast_head":"<!-- This site is optimized with the Yoast SEO plugin v26.5 - https:\/\/yoast.com\/wordpress\/plugins\/seo\/ -->\n<title>Andrea Caldas \u00e9 pr\u00e9-candidata \u00e0 Prefeitura de Curitiba (PR) pelo PSOL<\/title>\n<meta name=\"description\" content=\"Professora da UFPR e hist\u00f3rica militante em defesa da educa\u00e7\u00e3o p\u00fablica construir\u00e1 coletivamente nos pr\u00f3ximos meses seu programa de governo de enfrentamento \u00e0s desigualdades na capital paranaense.\" \/>\n<meta name=\"robots\" content=\"index, follow, max-snippet:-1, max-image-preview:large, max-video-preview:-1\" \/>\n<link rel=\"canonical\" href=\"https:\/\/psol50.org.br\/andrea-caldas-e-pre-candidata-a-prefeitura-de-curitiba-pr-pelo-psol\/\" \/>\n<meta property=\"og:locale\" content=\"pt_BR\" \/>\n<meta property=\"og:type\" content=\"article\" \/>\n<meta property=\"og:title\" content=\"Andrea Caldas \u00e9 pr\u00e9-candidata \u00e0 Prefeitura de Curitiba (PR) pelo PSOL\" \/>\n<meta property=\"og:description\" content=\"Professora da UFPR e hist\u00f3rica militante em defesa da educa\u00e7\u00e3o p\u00fablica construir\u00e1 coletivamente nos pr\u00f3ximos meses seu programa de governo de enfrentamento \u00e0s desigualdades na capital paranaense.\" \/>\n<meta property=\"og:url\" content=\"https:\/\/psol50.org.br\/andrea-caldas-e-pre-candidata-a-prefeitura-de-curitiba-pr-pelo-psol\/\" \/>\n<meta property=\"og:site_name\" content=\"PSOL 50\" \/>\n<meta property=\"article:publisher\" content=\"https:\/\/www.facebook.com\/psol50\" \/>\n<meta property=\"article:published_time\" content=\"2024-04-15T19:17:42+00:00\" \/>\n<meta property=\"article:modified_time\" content=\"2024-04-22T19:40:47+00:00\" \/>\n<meta property=\"og:image\" content=\"https:\/\/psol50.org.br\/inc\/uploads\/2024\/04\/IMG-20240114-WA0011.jpg\" \/>\n\t<meta property=\"og:image:width\" content=\"1200\" \/>\n\t<meta property=\"og:image:height\" content=\"799\" \/>\n\t<meta property=\"og:image:type\" content=\"image\/jpeg\" \/>\n<meta name=\"author\" content=\"Comunica\u00e7\u00e3o PSOL\" \/>\n<meta name=\"twitter:card\" content=\"summary_large_image\" \/>\n<meta name=\"twitter:creator\" content=\"@psol50\" \/>\n<meta name=\"twitter:site\" content=\"@psol50\" \/>\n<meta name=\"twitter:label1\" content=\"Escrito por\" \/>\n\t<meta name=\"twitter:data1\" content=\"Comunica\u00e7\u00e3o PSOL\" \/>\n\t<meta name=\"twitter:label2\" content=\"Est. tempo de leitura\" \/>\n\t<meta name=\"twitter:data2\" content=\"1 minuto\" \/>\n<script type=\"application\/ld+json\" class=\"yoast-schema-graph\">{\"@context\":\"https:\/\/schema.org\",\"@graph\":[{\"@type\":\"Article\",\"@id\":\"https:\/\/psol50.org.br\/andrea-caldas-e-pre-candidata-a-prefeitura-de-curitiba-pr-pelo-psol\/#article\",\"isPartOf\":{\"@id\":\"https:\/\/psol50.org.br\/andrea-caldas-e-pre-candidata-a-prefeitura-de-curitiba-pr-pelo-psol\/\"},\"author\":{\"name\":\"Comunica\u00e7\u00e3o PSOL\",\"@id\":\"https:\/\/psol50.org.br\/#\/schema\/person\/475dfa57d0b815993c714c2e96491fcd\"},\"headline\":\"Andrea Caldas \u00e9 pr\u00e9-candidata \u00e0 Prefeitura de Curitiba (PR) pelo PSOL\",\"datePublished\":\"2024-04-15T19:17:42+00:00\",\"dateModified\":\"2024-04-22T19:40:47+00:00\",\"mainEntityOfPage\":{\"@id\":\"https:\/\/psol50.org.br\/andrea-caldas-e-pre-candidata-a-prefeitura-de-curitiba-pr-pelo-psol\/\"},\"wordCount\":177,\"publisher\":{\"@id\":\"https:\/\/psol50.org.br\/#organization\"},\"image\":{\"@id\":\"https:\/\/psol50.org.br\/andrea-caldas-e-pre-candidata-a-prefeitura-de-curitiba-pr-pelo-psol\/#primaryimage\"},\"thumbnailUrl\":\"https:\/\/psol50.org.br\/inc\/uploads\/2024\/04\/IMG-20240114-WA0011.jpg\",\"keywords\":[\"Not\u00edcias\"],\"articleSection\":[\"Partido\"],\"inLanguage\":\"pt-BR\"},{\"@type\":\"WebPage\",\"@id\":\"https:\/\/psol50.org.br\/andrea-caldas-e-pre-candidata-a-prefeitura-de-curitiba-pr-pelo-psol\/\",\"url\":\"https:\/\/psol50.org.br\/andrea-caldas-e-pre-candidata-a-prefeitura-de-curitiba-pr-pelo-psol\/\",\"name\":\"Andrea Caldas \u00e9 pr\u00e9-candidata \u00e0 Prefeitura de Curitiba (PR) pelo PSOL\",\"isPartOf\":{\"@id\":\"https:\/\/psol50.org.br\/#website\"},\"primaryImageOfPage\":{\"@id\":\"https:\/\/psol50.org.br\/andrea-caldas-e-pre-candidata-a-prefeitura-de-curitiba-pr-pelo-psol\/#primaryimage\"},\"image\":{\"@id\":\"https:\/\/psol50.org.br\/andrea-caldas-e-pre-candidata-a-prefeitura-de-curitiba-pr-pelo-psol\/#primaryimage\"},\"thumbnailUrl\":\"https:\/\/psol50.org.br\/inc\/uploads\/2024\/04\/IMG-20240114-WA0011.jpg\",\"datePublished\":\"2024-04-15T19:17:42+00:00\",\"dateModified\":\"2024-04-22T19:40:47+00:00\",\"description\":\"Professora da UFPR e hist\u00f3rica militante em defesa da educa\u00e7\u00e3o p\u00fablica construir\u00e1 coletivamente nos pr\u00f3ximos meses seu programa de governo de enfrentamento \u00e0s desigualdades na capital paranaense.\",\"breadcrumb\":{\"@id\":\"https:\/\/psol50.org.br\/andrea-caldas-e-pre-candidata-a-prefeitura-de-curitiba-pr-pelo-psol\/#breadcrumb\"},\"inLanguage\":\"pt-BR\",\"potentialAction\":[{\"@type\":\"ReadAction\",\"target\":[\"https:\/\/psol50.org.br\/andrea-caldas-e-pre-candidata-a-prefeitura-de-curitiba-pr-pelo-psol\/\"]}]},{\"@type\":\"ImageObject\",\"inLanguage\":\"pt-BR\",\"@id\":\"https:\/\/psol50.org.br\/andrea-caldas-e-pre-candidata-a-prefeitura-de-curitiba-pr-pelo-psol\/#primaryimage\",\"url\":\"https:\/\/psol50.org.br\/inc\/uploads\/2024\/04\/IMG-20240114-WA0011.jpg\",\"contentUrl\":\"https:\/\/psol50.org.br\/inc\/uploads\/2024\/04\/IMG-20240114-WA0011.jpg\",\"width\":1200,\"height\":799,\"caption\":\"Foto: Divulga\u00e7\u00e3o\"},{\"@type\":\"BreadcrumbList\",\"@id\":\"https:\/\/psol50.org.br\/andrea-caldas-e-pre-candidata-a-prefeitura-de-curitiba-pr-pelo-psol\/#breadcrumb\",\"itemListElement\":[{\"@type\":\"ListItem\",\"position\":1,\"name\":\"In\u00edcio\",\"item\":\"https:\/\/psol50.org.br\/\"},{\"@type\":\"ListItem\",\"position\":2,\"name\":\"Andrea Caldas \u00e9 pr\u00e9-candidata \u00e0 Prefeitura de Curitiba (PR) pelo PSOL\"}]},{\"@type\":\"WebSite\",\"@id\":\"https:\/\/psol50.org.br\/#website\",\"url\":\"https:\/\/psol50.org.br\/\",\"name\":\"PSOL 50\",\"description\":\"Site oficial do Partido Socialismo e Liberdade\",\"publisher\":{\"@id\":\"https:\/\/psol50.org.br\/#organization\"},\"alternateName\":\"PSOL50\",\"potentialAction\":[{\"@type\":\"SearchAction\",\"target\":{\"@type\":\"EntryPoint\",\"urlTemplate\":\"https:\/\/psol50.org.br\/?s={search_term_string}\"},\"query-input\":{\"@type\":\"PropertyValueSpecification\",\"valueRequired\":true,\"valueName\":\"search_term_string\"}}],\"inLanguage\":\"pt-BR\"},{\"@type\":\"Organization\",\"@id\":\"https:\/\/psol50.org.br\/#organization\",\"name\":\"PSOL 50\",\"alternateName\":\"PSOL 50\",\"url\":\"https:\/\/psol50.org.br\/\",\"logo\":{\"@type\":\"ImageObject\",\"inLanguage\":\"pt-BR\",\"@id\":\"https:\/\/psol50.org.br\/#\/schema\/logo\/image\/\",\"url\":\"https:\/\/psol50.org.br\/inc\/uploads\/2018\/07\/capa.png\",\"contentUrl\":\"https:\/\/psol50.org.br\/inc\/uploads\/2018\/07\/capa.png\",\"width\":1350,\"height\":900,\"caption\":\"PSOL 50\"},\"image\":{\"@id\":\"https:\/\/psol50.org.br\/#\/schema\/logo\/image\/\"},\"sameAs\":[\"https:\/\/www.facebook.com\/psol50\",\"https:\/\/x.com\/psol50\",\"https:\/\/www.instagram.com\/psol50\/\",\"https:\/\/www.youtube.com\/channel\/UC7SnJS5o1os7a6CaiNabzcg\"]},{\"@type\":\"Person\",\"@id\":\"https:\/\/psol50.org.br\/#\/schema\/person\/475dfa57d0b815993c714c2e96491fcd\",\"name\":\"Comunica\u00e7\u00e3o PSOL\",\"image\":{\"@type\":\"ImageObject\",\"inLanguage\":\"pt-BR\",\"@id\":\"https:\/\/psol50.org.br\/#\/schema\/person\/image\/\",\"url\":\"https:\/\/secure.gravatar.com\/avatar\/b34fc4f4e468a4e51785917065a3db57b841f5c95dba6ad8c73aaf8f66f8f9bf?s=96&d=mm&r=g\",\"contentUrl\":\"https:\/\/secure.gravatar.com\/avatar\/b34fc4f4e468a4e51785917065a3db57b841f5c95dba6ad8c73aaf8f66f8f9bf?s=96&d=mm&r=g\",\"caption\":\"Comunica\u00e7\u00e3o PSOL\"}}]}<\/script>\n<!-- \/ Yoast SEO plugin. -->","yoast_head_json":{"title":"Andrea Caldas \u00e9 pr\u00e9-candidata \u00e0 Prefeitura de Curitiba (PR) pelo PSOL","description":"Professora da UFPR e hist\u00f3rica militante em defesa da educa\u00e7\u00e3o p\u00fablica construir\u00e1 coletivamente nos pr\u00f3ximos meses seu programa de governo de enfrentamento \u00e0s desigualdades na capital paranaense.","robots":{"index":"index","follow":"follow","max-snippet":"max-snippet:-1","max-image-preview":"max-image-preview:large","max-video-preview":"max-video-preview:-1"},"canonical":"https:\/\/psol50.org.br\/andrea-caldas-e-pre-candidata-a-prefeitura-de-curitiba-pr-pelo-psol\/","og_locale":"pt_BR","og_type":"article","og_title":"Andrea Caldas \u00e9 pr\u00e9-candidata \u00e0 Prefeitura de Curitiba (PR) pelo PSOL","og_description":"Professora da UFPR e hist\u00f3rica militante em defesa da educa\u00e7\u00e3o p\u00fablica construir\u00e1 coletivamente nos pr\u00f3ximos meses seu programa de governo de enfrentamento \u00e0s desigualdades na capital paranaense.","og_url":"https:\/\/psol50.org.br\/andrea-caldas-e-pre-candidata-a-prefeitura-de-curitiba-pr-pelo-psol\/","og_site_name":"PSOL 50","article_publisher":"https:\/\/www.facebook.com\/psol50","article_published_time":"2024-04-15T19:17:42+00:00","article_modified_time":"2024-04-22T19:40:47+00:00","og_image":[{"width":1200,"height":799,"url":"https:\/\/psol50.org.br\/inc\/uploads\/2024\/04\/IMG-20240114-WA0011.jpg","type":"image\/jpeg"}],"author":"Comunica\u00e7\u00e3o PSOL","twitter_card":"summary_large_image","twitter_creator":"@psol50","twitter_site":"@psol50","twitter_misc":{"Escrito por":"Comunica\u00e7\u00e3o PSOL","Est. tempo de leitura":"1 minuto"},"schema":{"@context":"https:\/\/schema.org","@graph":[{"@type":"Article","@id":"https:\/\/psol50.org.br\/andrea-caldas-e-pre-candidata-a-prefeitura-de-curitiba-pr-pelo-psol\/#article","isPartOf":{"@id":"https:\/\/psol50.org.br\/andrea-caldas-e-pre-candidata-a-prefeitura-de-curitiba-pr-pelo-psol\/"},"author":{"name":"Comunica\u00e7\u00e3o PSOL","@id":"https:\/\/psol50.org.br\/#\/schema\/person\/475dfa57d0b815993c714c2e96491fcd"},"headline":"Andrea Caldas \u00e9 pr\u00e9-candidata \u00e0 Prefeitura de Curitiba (PR) pelo PSOL","datePublished":"2024-04-15T19:17:42+00:00","dateModified":"2024-04-22T19:40:47+00:00","mainEntityOfPage":{"@id":"https:\/\/psol50.org.br\/andrea-caldas-e-pre-candidata-a-prefeitura-de-curitiba-pr-pelo-psol\/"},"wordCount":177,"publisher":{"@id":"https:\/\/psol50.org.br\/#organization"},"image":{"@id":"https:\/\/psol50.org.br\/andrea-caldas-e-pre-candidata-a-prefeitura-de-curitiba-pr-pelo-psol\/#primaryimage"},"thumbnailUrl":"https:\/\/psol50.org.br\/inc\/uploads\/2024\/04\/IMG-20240114-WA0011.jpg","keywords":["Not\u00edcias"],"articleSection":["Partido"],"inLanguage":"pt-BR"},{"@type":"WebPage","@id":"https:\/\/psol50.org.br\/andrea-caldas-e-pre-candidata-a-prefeitura-de-curitiba-pr-pelo-psol\/","url":"https:\/\/psol50.org.br\/andrea-caldas-e-pre-candidata-a-prefeitura-de-curitiba-pr-pelo-psol\/","name":"Andrea Caldas \u00e9 pr\u00e9-candidata \u00e0 Prefeitura de Curitiba (PR) pelo PSOL","isPartOf":{"@id":"https:\/\/psol50.org.br\/#website"},"primaryImageOfPage":{"@id":"https:\/\/psol50.org.br\/andrea-caldas-e-pre-candidata-a-prefeitura-de-curitiba-pr-pelo-psol\/#primaryimage"},"image":{"@id":"https:\/\/psol50.org.br\/andrea-caldas-e-pre-candidata-a-prefeitura-de-curitiba-pr-pelo-psol\/#primaryimage"},"thumbnailUrl":"https:\/\/psol50.org.br\/inc\/uploads\/2024\/04\/IMG-20240114-WA0011.jpg","datePublished":"2024-04-15T19:17:42+00:00","dateModified":"2024-04-22T19:40:47+00:00","description":"Professora da UFPR e hist\u00f3rica militante em defesa da educa\u00e7\u00e3o p\u00fablica construir\u00e1 coletivamente nos pr\u00f3ximos meses seu programa de governo de enfrentamento \u00e0s desigualdades na capital paranaense.","breadcrumb":{"@id":"https:\/\/psol50.org.br\/andrea-caldas-e-pre-candidata-a-prefeitura-de-curitiba-pr-pelo-psol\/#breadcrumb"},"inLanguage":"pt-BR","potentialAction":[{"@type":"ReadAction","target":["https:\/\/psol50.org.br\/andrea-caldas-e-pre-candidata-a-prefeitura-de-curitiba-pr-pelo-psol\/"]}]},{"@type":"ImageObject","inLanguage":"pt-BR","@id":"https:\/\/psol50.org.br\/andrea-caldas-e-pre-candidata-a-prefeitura-de-curitiba-pr-pelo-psol\/#primaryimage","url":"https:\/\/psol50.org.br\/inc\/uploads\/2024\/04\/IMG-20240114-WA0011.jpg","contentUrl":"https:\/\/psol50.org.br\/inc\/uploads\/2024\/04\/IMG-20240114-WA0011.jpg","width":1200,"height":799,"caption":"Foto: Divulga\u00e7\u00e3o"},{"@type":"BreadcrumbList","@id":"https:\/\/psol50.org.br\/andrea-caldas-e-pre-candidata-a-prefeitura-de-curitiba-pr-pelo-psol\/#breadcrumb","itemListElement":[{"@type":"ListItem","position":1,"name":"In\u00edcio","item":"https:\/\/psol50.org.br\/"},{"@type":"ListItem","position":2,"name":"Andrea Caldas \u00e9 pr\u00e9-candidata \u00e0 Prefeitura de Curitiba (PR) pelo PSOL"}]},{"@type":"WebSite","@id":"https:\/\/psol50.org.br\/#website","url":"https:\/\/psol50.org.br\/","name":"PSOL 50","description":"Site oficial do Partido Socialismo e Liberdade","publisher":{"@id":"https:\/\/psol50.org.br\/#organization"},"alternateName":"PSOL50","potentialAction":[{"@type":"SearchAction","target":{"@type":"EntryPoint","urlTemplate":"https:\/\/psol50.org.br\/?s={search_term_string}"},"query-input":{"@type":"PropertyValueSpecification","valueRequired":true,"valueName":"search_term_string"}}],"inLanguage":"pt-BR"},{"@type":"Organization","@id":"https:\/\/psol50.org.br\/#organization","name":"PSOL 50","alternateName":"PSOL 50","url":"https:\/\/psol50.org.br\/","logo":{"@type":"ImageObject","inLanguage":"pt-BR","@id":"https:\/\/psol50.org.br\/#\/schema\/logo\/image\/","url":"https:\/\/psol50.org.br\/inc\/uploads\/2018\/07\/capa.png","contentUrl":"https:\/\/psol50.org.br\/inc\/uploads\/2018\/07\/capa.png","width":1350,"height":900,"caption":"PSOL 50"},"image":{"@id":"https:\/\/psol50.org.br\/#\/schema\/logo\/image\/"},"sameAs":["https:\/\/www.facebook.com\/psol50","https:\/\/x.com\/psol50","https:\/\/www.instagram.com\/psol50\/","https:\/\/www.youtube.com\/channel\/UC7SnJS5o1os7a6CaiNabzcg"]},{"@type":"Person","@id":"https:\/\/psol50.org.br\/#\/schema\/person\/475dfa57d0b815993c714c2e96491fcd","name":"Comunica\u00e7\u00e3o PSOL","image":{"@type":"ImageObject","inLanguage":"pt-BR","@id":"https:\/\/psol50.org.br\/#\/schema\/person\/image\/","url":"https:\/\/secure.gravatar.com\/avatar\/b34fc4f4e468a4e51785917065a3db57b841f5c95dba6ad8c73aaf8f66f8f9bf?s=96&d=mm&r=g","contentUrl":"https:\/\/secure.gravatar.com\/avatar\/b34fc4f4e468a4e51785917065a3db57b841f5c95dba6ad8c73aaf8f66f8f9bf?s=96&d=mm&r=g","caption":"Comunica\u00e7\u00e3o PSOL"}}]}},"_links":{"self":[{"href":"https:\/\/psol50.org.br\/rest\/wp\/v2\/posts\/39357","targetHints":{"allow":["GET"]}}],"collection":[{"href":"https:\/\/psol50.org.br\/rest\/wp\/v2\/posts"}],"about":[{"href":"https:\/\/psol50.org.br\/rest\/wp\/v2\/types\/post"}],"author":[{"embeddable":true,"href":"https:\/\/psol50.org.br\/rest\/wp\/v2\/users\/2"}],"replies":[{"embeddable":true,"href":"https:\/\/psol50.org.br\/rest\/wp\/v2\/comments?post=39357"}],"version-history":[{"count":2,"href":"https:\/\/psol50.org.br\/rest\/wp\/v2\/posts\/39357\/revisions"}],"predecessor-version":[{"id":39359,"href":"https:\/\/psol50.org.br\/rest\/wp\/v2\/posts\/39357\/revisions\/39359"}],"wp:featuredmedia":[{"embeddable":true,"href":"https:\/\/psol50.org.br\/rest\/wp\/v2\/media\/39360"}],"wp:attachment":[{"href":"https:\/\/psol50.org.br\/rest\/wp\/v2\/media?parent=39357"}],"wp:term":[{"taxonomy":"category","embeddable":true,"href":"https:\/\/psol50.org.br\/rest\/wp\/v2\/categories?post=39357"},{"taxonomy":"post_tag","embeddable":true,"href":"https:\/\/psol50.org.br\/rest\/wp\/v2\/tags?post=39357"}],"curies":[{"name":"wp","href":"https:\/\/api.w.org\/{rel}","templated":true}]}}