{"id":39374,"date":"2024-04-22T11:18:50","date_gmt":"2024-04-22T14:18:50","guid":{"rendered":"https:\/\/psol50.org.br\/?p=39374"},"modified":"2024-04-22T15:12:31","modified_gmt":"2024-04-22T18:12:31","slug":"psol-manifesta-solidariedade-a-glauber-braga-e-repudia-perseguicao-da-extrema-direita","status":"publish","type":"post","link":"https:\/\/psol50.org.br\/psol-manifesta-solidariedade-a-glauber-braga-e-repudia-perseguicao-da-extrema-direita\/","title":{"rendered":"PSOL manifesta solidariedade a Glauber Braga e repudia persegui\u00e7\u00e3o da extrema-direita"},"content":{"rendered":"<p>O PSOL manifesta todo seu rep\u00fadio a mais um epis\u00f3dio de persegui\u00e7\u00e3o da extrema-direita ao nosso deputado federal Glauber Braga, agora com um novo pedido de cassa\u00e7\u00e3o no conselho de \u00e9tica, apresentado pelo Novo.<\/p>\n<p>Manifestamos toda nossa solidariedade e apoio ao nosso deputado, um firme defensor da democracia em sua atua\u00e7\u00e3o parlamentar.<\/p>\n<p>Seguiremos firmes no combate aos que representam o atraso em nosso pa\u00eds. Atos persecut\u00f3rios n\u00e3o ir\u00e3o nos intimidar em nosso caminho na luta por um pa\u00eds mais justo.<\/p>\n<p><em><strong>Executiva Nacional do PSOL<\/strong><\/em><br \/>\n<em><strong>22 de abril de 2024<\/strong><\/em><\/p>\n","protected":false},"excerpt":{"rendered":"<p>O PSOL manifesta todo seu rep\u00fadio a mais um epis\u00f3dio de persegui\u00e7\u00e3o da extrema-direita ao nosso deputado federal Glauber Braga, agora com um novo pedido de cassa\u00e7\u00e3o no conselho de \u00e9tica, apresentado pelo Novo. Manifestamos toda nossa solidariedade e apoio ao nosso deputado, um firme defensor da democracia em sua atua\u00e7\u00e3o parlamentar. Seguiremos firmes no [&hellip;]<\/p>\n","protected":false},"author":2,"featured_media":39375,"comment_status":"closed","ping_status":"open","sticky":false,"template":"","format":"standard","meta":{"_acf_changed":false,"footnotes":""},"categories":[20],"tags":[4825],"class_list":{"0":"post-39374","1":"post","2":"type-post","3":"status-publish","4":"format-standard","5":"has-post-thumbnail","7":"category-notas","8":"tag-noticias"},"acf":[],"yoast_head":"<!-- This site is optimized with the Yoast SEO plugin v26.5 - https:\/\/yoast.com\/wordpress\/plugins\/seo\/ -->\n<title>PSOL manifesta solidariedade a Glauber Braga e repudia persegui\u00e7\u00e3o da extrema-direita<\/title>\n<meta name=\"description\" content=\"O PSOL manifesta todo seu rep\u00fadio a mais um epis\u00f3dio de persegui\u00e7\u00e3o da extrema-direita ao nosso deputado federal Glauber Braga.\" \/>\n<meta name=\"robots\" content=\"index, follow, max-snippet:-1, max-image-preview:large, max-video-preview:-1\" \/>\n<link rel=\"canonical\" href=\"https:\/\/psol50.org.br\/psol-manifesta-solidariedade-a-glauber-braga-e-repudia-perseguicao-da-extrema-direita\/\" \/>\n<meta property=\"og:locale\" content=\"pt_BR\" \/>\n<meta property=\"og:type\" content=\"article\" \/>\n<meta property=\"og:title\" content=\"PSOL manifesta solidariedade a Glauber Braga e repudia persegui\u00e7\u00e3o da extrema-direita\" \/>\n<meta property=\"og:description\" content=\"O PSOL manifesta todo seu rep\u00fadio a mais um epis\u00f3dio de persegui\u00e7\u00e3o da extrema-direita ao nosso deputado federal Glauber Braga.\" \/>\n<meta property=\"og:url\" content=\"https:\/\/psol50.org.br\/psol-manifesta-solidariedade-a-glauber-braga-e-repudia-perseguicao-da-extrema-direita\/\" \/>\n<meta property=\"og:site_name\" content=\"PSOL 50\" \/>\n<meta property=\"article:publisher\" content=\"https:\/\/www.facebook.com\/psol50\" \/>\n<meta property=\"article:published_time\" content=\"2024-04-22T14:18:50+00:00\" \/>\n<meta property=\"article:modified_time\" content=\"2024-04-22T18:12:31+00:00\" \/>\n<meta property=\"og:image\" content=\"https:\/\/psol50.org.br\/inc\/uploads\/2024\/04\/img20240417130523039.jpg\" \/>\n\t<meta property=\"og:image:width\" content=\"1984\" \/>\n\t<meta property=\"og:image:height\" content=\"1223\" \/>\n\t<meta property=\"og:image:type\" content=\"image\/jpeg\" \/>\n<meta name=\"author\" content=\"Comunica\u00e7\u00e3o PSOL\" \/>\n<meta name=\"twitter:card\" content=\"summary_large_image\" \/>\n<meta name=\"twitter:creator\" content=\"@psol50\" \/>\n<meta name=\"twitter:site\" content=\"@psol50\" \/>\n<meta name=\"twitter:label1\" content=\"Escrito por\" \/>\n\t<meta name=\"twitter:data1\" content=\"Comunica\u00e7\u00e3o PSOL\" \/>\n<script type=\"application\/ld+json\" class=\"yoast-schema-graph\">{\"@context\":\"https:\/\/schema.org\",\"@graph\":[{\"@type\":\"Article\",\"@id\":\"https:\/\/psol50.org.br\/psol-manifesta-solidariedade-a-glauber-braga-e-repudia-perseguicao-da-extrema-direita\/#article\",\"isPartOf\":{\"@id\":\"https:\/\/psol50.org.br\/psol-manifesta-solidariedade-a-glauber-braga-e-repudia-perseguicao-da-extrema-direita\/\"},\"author\":{\"name\":\"Comunica\u00e7\u00e3o PSOL\",\"@id\":\"https:\/\/psol50.org.br\/#\/schema\/person\/475dfa57d0b815993c714c2e96491fcd\"},\"headline\":\"PSOL manifesta solidariedade a Glauber Braga e repudia persegui\u00e7\u00e3o da extrema-direita\",\"datePublished\":\"2024-04-22T14:18:50+00:00\",\"dateModified\":\"2024-04-22T18:12:31+00:00\",\"mainEntityOfPage\":{\"@id\":\"https:\/\/psol50.org.br\/psol-manifesta-solidariedade-a-glauber-braga-e-repudia-perseguicao-da-extrema-direita\/\"},\"wordCount\":109,\"publisher\":{\"@id\":\"https:\/\/psol50.org.br\/#organization\"},\"image\":{\"@id\":\"https:\/\/psol50.org.br\/psol-manifesta-solidariedade-a-glauber-braga-e-repudia-perseguicao-da-extrema-direita\/#primaryimage\"},\"thumbnailUrl\":\"https:\/\/psol50.org.br\/inc\/uploads\/2024\/04\/img20240417130523039.jpg\",\"keywords\":[\"Not\u00edcias\"],\"articleSection\":[\"Notas\"],\"inLanguage\":\"pt-BR\"},{\"@type\":\"WebPage\",\"@id\":\"https:\/\/psol50.org.br\/psol-manifesta-solidariedade-a-glauber-braga-e-repudia-perseguicao-da-extrema-direita\/\",\"url\":\"https:\/\/psol50.org.br\/psol-manifesta-solidariedade-a-glauber-braga-e-repudia-perseguicao-da-extrema-direita\/\",\"name\":\"PSOL manifesta solidariedade a Glauber Braga e repudia persegui\u00e7\u00e3o da extrema-direita\",\"isPartOf\":{\"@id\":\"https:\/\/psol50.org.br\/#website\"},\"primaryImageOfPage\":{\"@id\":\"https:\/\/psol50.org.br\/psol-manifesta-solidariedade-a-glauber-braga-e-repudia-perseguicao-da-extrema-direita\/#primaryimage\"},\"image\":{\"@id\":\"https:\/\/psol50.org.br\/psol-manifesta-solidariedade-a-glauber-braga-e-repudia-perseguicao-da-extrema-direita\/#primaryimage\"},\"thumbnailUrl\":\"https:\/\/psol50.org.br\/inc\/uploads\/2024\/04\/img20240417130523039.jpg\",\"datePublished\":\"2024-04-22T14:18:50+00:00\",\"dateModified\":\"2024-04-22T18:12:31+00:00\",\"description\":\"O PSOL manifesta todo seu rep\u00fadio a mais um epis\u00f3dio de persegui\u00e7\u00e3o da extrema-direita ao nosso deputado federal Glauber Braga.\",\"breadcrumb\":{\"@id\":\"https:\/\/psol50.org.br\/psol-manifesta-solidariedade-a-glauber-braga-e-repudia-perseguicao-da-extrema-direita\/#breadcrumb\"},\"inLanguage\":\"pt-BR\",\"potentialAction\":[{\"@type\":\"ReadAction\",\"target\":[\"https:\/\/psol50.org.br\/psol-manifesta-solidariedade-a-glauber-braga-e-repudia-perseguicao-da-extrema-direita\/\"]}]},{\"@type\":\"ImageObject\",\"inLanguage\":\"pt-BR\",\"@id\":\"https:\/\/psol50.org.br\/psol-manifesta-solidariedade-a-glauber-braga-e-repudia-perseguicao-da-extrema-direita\/#primaryimage\",\"url\":\"https:\/\/psol50.org.br\/inc\/uploads\/2024\/04\/img20240417130523039.jpg\",\"contentUrl\":\"https:\/\/psol50.org.br\/inc\/uploads\/2024\/04\/img20240417130523039.jpg\",\"width\":1984,\"height\":1223,\"caption\":\"Foto: Zeca Ribeiro \/ C\u00e2mara dos Deputados\"},{\"@type\":\"BreadcrumbList\",\"@id\":\"https:\/\/psol50.org.br\/psol-manifesta-solidariedade-a-glauber-braga-e-repudia-perseguicao-da-extrema-direita\/#breadcrumb\",\"itemListElement\":[{\"@type\":\"ListItem\",\"position\":1,\"name\":\"In\u00edcio\",\"item\":\"https:\/\/psol50.org.br\/\"},{\"@type\":\"ListItem\",\"position\":2,\"name\":\"PSOL manifesta solidariedade a Glauber Braga e repudia persegui\u00e7\u00e3o da extrema-direita\"}]},{\"@type\":\"WebSite\",\"@id\":\"https:\/\/psol50.org.br\/#website\",\"url\":\"https:\/\/psol50.org.br\/\",\"name\":\"PSOL 50\",\"description\":\"Site oficial do Partido Socialismo e Liberdade\",\"publisher\":{\"@id\":\"https:\/\/psol50.org.br\/#organization\"},\"alternateName\":\"PSOL50\",\"potentialAction\":[{\"@type\":\"SearchAction\",\"target\":{\"@type\":\"EntryPoint\",\"urlTemplate\":\"https:\/\/psol50.org.br\/?s={search_term_string}\"},\"query-input\":{\"@type\":\"PropertyValueSpecification\",\"valueRequired\":true,\"valueName\":\"search_term_string\"}}],\"inLanguage\":\"pt-BR\"},{\"@type\":\"Organization\",\"@id\":\"https:\/\/psol50.org.br\/#organization\",\"name\":\"PSOL 50\",\"alternateName\":\"PSOL 50\",\"url\":\"https:\/\/psol50.org.br\/\",\"logo\":{\"@type\":\"ImageObject\",\"inLanguage\":\"pt-BR\",\"@id\":\"https:\/\/psol50.org.br\/#\/schema\/logo\/image\/\",\"url\":\"https:\/\/psol50.org.br\/inc\/uploads\/2018\/07\/capa.png\",\"contentUrl\":\"https:\/\/psol50.org.br\/inc\/uploads\/2018\/07\/capa.png\",\"width\":1350,\"height\":900,\"caption\":\"PSOL 50\"},\"image\":{\"@id\":\"https:\/\/psol50.org.br\/#\/schema\/logo\/image\/\"},\"sameAs\":[\"https:\/\/www.facebook.com\/psol50\",\"https:\/\/x.com\/psol50\",\"https:\/\/www.instagram.com\/psol50\/\",\"https:\/\/www.youtube.com\/channel\/UC7SnJS5o1os7a6CaiNabzcg\"]},{\"@type\":\"Person\",\"@id\":\"https:\/\/psol50.org.br\/#\/schema\/person\/475dfa57d0b815993c714c2e96491fcd\",\"name\":\"Comunica\u00e7\u00e3o PSOL\",\"image\":{\"@type\":\"ImageObject\",\"inLanguage\":\"pt-BR\",\"@id\":\"https:\/\/psol50.org.br\/#\/schema\/person\/image\/\",\"url\":\"https:\/\/secure.gravatar.com\/avatar\/b34fc4f4e468a4e51785917065a3db57b841f5c95dba6ad8c73aaf8f66f8f9bf?s=96&d=mm&r=g\",\"contentUrl\":\"https:\/\/secure.gravatar.com\/avatar\/b34fc4f4e468a4e51785917065a3db57b841f5c95dba6ad8c73aaf8f66f8f9bf?s=96&d=mm&r=g\",\"caption\":\"Comunica\u00e7\u00e3o PSOL\"}}]}<\/script>\n<!-- \/ Yoast SEO plugin. -->","yoast_head_json":{"title":"PSOL manifesta solidariedade a Glauber Braga e repudia persegui\u00e7\u00e3o da extrema-direita","description":"O PSOL manifesta todo seu rep\u00fadio a mais um epis\u00f3dio de persegui\u00e7\u00e3o da extrema-direita ao nosso deputado federal Glauber Braga.","robots":{"index":"index","follow":"follow","max-snippet":"max-snippet:-1","max-image-preview":"max-image-preview:large","max-video-preview":"max-video-preview:-1"},"canonical":"https:\/\/psol50.org.br\/psol-manifesta-solidariedade-a-glauber-braga-e-repudia-perseguicao-da-extrema-direita\/","og_locale":"pt_BR","og_type":"article","og_title":"PSOL manifesta solidariedade a Glauber Braga e repudia persegui\u00e7\u00e3o da extrema-direita","og_description":"O PSOL manifesta todo seu rep\u00fadio a mais um epis\u00f3dio de persegui\u00e7\u00e3o da extrema-direita ao nosso deputado federal Glauber Braga.","og_url":"https:\/\/psol50.org.br\/psol-manifesta-solidariedade-a-glauber-braga-e-repudia-perseguicao-da-extrema-direita\/","og_site_name":"PSOL 50","article_publisher":"https:\/\/www.facebook.com\/psol50","article_published_time":"2024-04-22T14:18:50+00:00","article_modified_time":"2024-04-22T18:12:31+00:00","og_image":[{"width":1984,"height":1223,"url":"https:\/\/psol50.org.br\/inc\/uploads\/2024\/04\/img20240417130523039.jpg","type":"image\/jpeg"}],"author":"Comunica\u00e7\u00e3o PSOL","twitter_card":"summary_large_image","twitter_creator":"@psol50","twitter_site":"@psol50","twitter_misc":{"Escrito por":"Comunica\u00e7\u00e3o PSOL"},"schema":{"@context":"https:\/\/schema.org","@graph":[{"@type":"Article","@id":"https:\/\/psol50.org.br\/psol-manifesta-solidariedade-a-glauber-braga-e-repudia-perseguicao-da-extrema-direita\/#article","isPartOf":{"@id":"https:\/\/psol50.org.br\/psol-manifesta-solidariedade-a-glauber-braga-e-repudia-perseguicao-da-extrema-direita\/"},"author":{"name":"Comunica\u00e7\u00e3o PSOL","@id":"https:\/\/psol50.org.br\/#\/schema\/person\/475dfa57d0b815993c714c2e96491fcd"},"headline":"PSOL manifesta solidariedade a Glauber Braga e repudia persegui\u00e7\u00e3o da extrema-direita","datePublished":"2024-04-22T14:18:50+00:00","dateModified":"2024-04-22T18:12:31+00:00","mainEntityOfPage":{"@id":"https:\/\/psol50.org.br\/psol-manifesta-solidariedade-a-glauber-braga-e-repudia-perseguicao-da-extrema-direita\/"},"wordCount":109,"publisher":{"@id":"https:\/\/psol50.org.br\/#organization"},"image":{"@id":"https:\/\/psol50.org.br\/psol-manifesta-solidariedade-a-glauber-braga-e-repudia-perseguicao-da-extrema-direita\/#primaryimage"},"thumbnailUrl":"https:\/\/psol50.org.br\/inc\/uploads\/2024\/04\/img20240417130523039.jpg","keywords":["Not\u00edcias"],"articleSection":["Notas"],"inLanguage":"pt-BR"},{"@type":"WebPage","@id":"https:\/\/psol50.org.br\/psol-manifesta-solidariedade-a-glauber-braga-e-repudia-perseguicao-da-extrema-direita\/","url":"https:\/\/psol50.org.br\/psol-manifesta-solidariedade-a-glauber-braga-e-repudia-perseguicao-da-extrema-direita\/","name":"PSOL manifesta solidariedade a Glauber Braga e repudia persegui\u00e7\u00e3o da extrema-direita","isPartOf":{"@id":"https:\/\/psol50.org.br\/#website"},"primaryImageOfPage":{"@id":"https:\/\/psol50.org.br\/psol-manifesta-solidariedade-a-glauber-braga-e-repudia-perseguicao-da-extrema-direita\/#primaryimage"},"image":{"@id":"https:\/\/psol50.org.br\/psol-manifesta-solidariedade-a-glauber-braga-e-repudia-perseguicao-da-extrema-direita\/#primaryimage"},"thumbnailUrl":"https:\/\/psol50.org.br\/inc\/uploads\/2024\/04\/img20240417130523039.jpg","datePublished":"2024-04-22T14:18:50+00:00","dateModified":"2024-04-22T18:12:31+00:00","description":"O PSOL manifesta todo seu rep\u00fadio a mais um epis\u00f3dio de persegui\u00e7\u00e3o da extrema-direita ao nosso deputado federal Glauber Braga.","breadcrumb":{"@id":"https:\/\/psol50.org.br\/psol-manifesta-solidariedade-a-glauber-braga-e-repudia-perseguicao-da-extrema-direita\/#breadcrumb"},"inLanguage":"pt-BR","potentialAction":[{"@type":"ReadAction","target":["https:\/\/psol50.org.br\/psol-manifesta-solidariedade-a-glauber-braga-e-repudia-perseguicao-da-extrema-direita\/"]}]},{"@type":"ImageObject","inLanguage":"pt-BR","@id":"https:\/\/psol50.org.br\/psol-manifesta-solidariedade-a-glauber-braga-e-repudia-perseguicao-da-extrema-direita\/#primaryimage","url":"https:\/\/psol50.org.br\/inc\/uploads\/2024\/04\/img20240417130523039.jpg","contentUrl":"https:\/\/psol50.org.br\/inc\/uploads\/2024\/04\/img20240417130523039.jpg","width":1984,"height":1223,"caption":"Foto: Zeca Ribeiro \/ C\u00e2mara dos Deputados"},{"@type":"BreadcrumbList","@id":"https:\/\/psol50.org.br\/psol-manifesta-solidariedade-a-glauber-braga-e-repudia-perseguicao-da-extrema-direita\/#breadcrumb","itemListElement":[{"@type":"ListItem","position":1,"name":"In\u00edcio","item":"https:\/\/psol50.org.br\/"},{"@type":"ListItem","position":2,"name":"PSOL manifesta solidariedade a Glauber Braga e repudia persegui\u00e7\u00e3o da extrema-direita"}]},{"@type":"WebSite","@id":"https:\/\/psol50.org.br\/#website","url":"https:\/\/psol50.org.br\/","name":"PSOL 50","description":"Site oficial do Partido Socialismo e Liberdade","publisher":{"@id":"https:\/\/psol50.org.br\/#organization"},"alternateName":"PSOL50","potentialAction":[{"@type":"SearchAction","target":{"@type":"EntryPoint","urlTemplate":"https:\/\/psol50.org.br\/?s={search_term_string}"},"query-input":{"@type":"PropertyValueSpecification","valueRequired":true,"valueName":"search_term_string"}}],"inLanguage":"pt-BR"},{"@type":"Organization","@id":"https:\/\/psol50.org.br\/#organization","name":"PSOL 50","alternateName":"PSOL 50","url":"https:\/\/psol50.org.br\/","logo":{"@type":"ImageObject","inLanguage":"pt-BR","@id":"https:\/\/psol50.org.br\/#\/schema\/logo\/image\/","url":"https:\/\/psol50.org.br\/inc\/uploads\/2018\/07\/capa.png","contentUrl":"https:\/\/psol50.org.br\/inc\/uploads\/2018\/07\/capa.png","width":1350,"height":900,"caption":"PSOL 50"},"image":{"@id":"https:\/\/psol50.org.br\/#\/schema\/logo\/image\/"},"sameAs":["https:\/\/www.facebook.com\/psol50","https:\/\/x.com\/psol50","https:\/\/www.instagram.com\/psol50\/","https:\/\/www.youtube.com\/channel\/UC7SnJS5o1os7a6CaiNabzcg"]},{"@type":"Person","@id":"https:\/\/psol50.org.br\/#\/schema\/person\/475dfa57d0b815993c714c2e96491fcd","name":"Comunica\u00e7\u00e3o PSOL","image":{"@type":"ImageObject","inLanguage":"pt-BR","@id":"https:\/\/psol50.org.br\/#\/schema\/person\/image\/","url":"https:\/\/secure.gravatar.com\/avatar\/b34fc4f4e468a4e51785917065a3db57b841f5c95dba6ad8c73aaf8f66f8f9bf?s=96&d=mm&r=g","contentUrl":"https:\/\/secure.gravatar.com\/avatar\/b34fc4f4e468a4e51785917065a3db57b841f5c95dba6ad8c73aaf8f66f8f9bf?s=96&d=mm&r=g","caption":"Comunica\u00e7\u00e3o PSOL"}}]}},"_links":{"self":[{"href":"https:\/\/psol50.org.br\/rest\/wp\/v2\/posts\/39374","targetHints":{"allow":["GET"]}}],"collection":[{"href":"https:\/\/psol50.org.br\/rest\/wp\/v2\/posts"}],"about":[{"href":"https:\/\/psol50.org.br\/rest\/wp\/v2\/types\/post"}],"author":[{"embeddable":true,"href":"https:\/\/psol50.org.br\/rest\/wp\/v2\/users\/2"}],"replies":[{"embeddable":true,"href":"https:\/\/psol50.org.br\/rest\/wp\/v2\/comments?post=39374"}],"version-history":[{"count":2,"href":"https:\/\/psol50.org.br\/rest\/wp\/v2\/posts\/39374\/revisions"}],"predecessor-version":[{"id":39389,"href":"https:\/\/psol50.org.br\/rest\/wp\/v2\/posts\/39374\/revisions\/39389"}],"wp:featuredmedia":[{"embeddable":true,"href":"https:\/\/psol50.org.br\/rest\/wp\/v2\/media\/39375"}],"wp:attachment":[{"href":"https:\/\/psol50.org.br\/rest\/wp\/v2\/media?parent=39374"}],"wp:term":[{"taxonomy":"category","embeddable":true,"href":"https:\/\/psol50.org.br\/rest\/wp\/v2\/categories?post=39374"},{"taxonomy":"post_tag","embeddable":true,"href":"https:\/\/psol50.org.br\/rest\/wp\/v2\/tags?post=39374"}],"curies":[{"name":"wp","href":"https:\/\/api.w.org\/{rel}","templated":true}]}}