{"id":39385,"date":"2024-04-22T14:39:15","date_gmt":"2024-04-22T17:39:15","guid":{"rendered":"https:\/\/psol50.org.br\/?p=39385"},"modified":"2024-04-25T11:45:53","modified_gmt":"2024-04-25T14:45:53","slug":"nota-da-executiva-nacional-do-psol-em-solidariedade-a-tamyres-filgueira-pre-candidata-a-vice-prefeita-de-porto-alegre-rs","status":"publish","type":"post","link":"https:\/\/psol50.org.br\/nota-da-executiva-nacional-do-psol-em-solidariedade-a-tamyres-filgueira-pre-candidata-a-vice-prefeita-de-porto-alegre-rs\/","title":{"rendered":"Nota da Executiva Nacional do PSOL em solidariedade a Tamyres Filgueira, pr\u00e9-candidata a vice-prefeita de Porto Alegre (RS)"},"content":{"rendered":"<p>A Executiva Nacional do PSOL solidariza-se com a nossa companheira Tamyres Filgueira, militante do PSOL e pr\u00e9-candidata a vice-prefeita de Porto Alegre, pelo ataque sofrido \u00e0 sua casa.<\/p>\n<p>Durante a madrugada do dia 21 de abril, a casa de Tamyres foi alvo de um ataque em que foram arremessados ovos e outros objetos em dire\u00e7\u00e3o \u00e0 janela. Tamyres, uma mulher negra e militante antifascista, j\u00e1 foi v\u00edtima de amea\u00e7as em outros momentos; esses fatos s\u00f3 refor\u00e7am a necessidade de derrotar a extrema-direita bolsonarista, que prega o \u00f3dio e a intoler\u00e2ncia.<\/p>\n<p>Todo o nosso apoio e solidariedade a Tamyres!<\/p>\n<p><em><strong>Executiva Nacional do PSOL<\/strong><\/em><br \/>\n<em><strong>22 de abril de 2024<\/strong><\/em><\/p>\n<blockquote class=\"instagram-media\" style=\"background: #FFF; border: 0; border-radius: 3px; box-shadow: 0 0 1px 0 rgba(0,0,0,0.5),0 1px 10px 0 rgba(0,0,0,0.15); margin: 1px; max-width: 540px; min-width: 326px; padding: 0; width: calc(100% - 2px);\" data-instgrm-captioned=\"\" data-instgrm-permalink=\"https:\/\/www.instagram.com\/p\/C6B6sMXOgpz\/?utm_source=ig_embed&amp;utm_campaign=loading\" data-instgrm-version=\"14\">\n<div style=\"padding: 16px;\">\n<p>&nbsp;<\/p>\n<div style=\"display: flex; flex-direction: row; align-items: center;\">\n<div style=\"background-color: #f4f4f4; border-radius: 50%; flex-grow: 0; height: 40px; margin-right: 14px; width: 40px;\"><\/div>\n<div style=\"display: flex; flex-direction: column; flex-grow: 1; justify-content: center;\">\n<div style=\"background-color: #f4f4f4; border-radius: 4px; flex-grow: 0; height: 14px; margin-bottom: 6px; width: 100px;\"><\/div>\n<div style=\"background-color: #f4f4f4; border-radius: 4px; flex-grow: 0; height: 14px; width: 60px;\"><\/div>\n<\/div>\n<\/div>\n<div style=\"padding: 19% 0;\"><\/div>\n<div style=\"display: block; height: 50px; margin: 0 auto 12px; width: 50px;\"><\/div>\n<div style=\"padding-top: 8px;\">\n<div style=\"color: #3897f0; font-family: Arial,sans-serif; font-size: 14px; font-style: normal; font-weight: 550; line-height: 18px;\">Ver essa foto no Instagram<\/div>\n<\/div>\n<div style=\"padding: 12.5% 0;\"><\/div>\n<div style=\"display: flex; flex-direction: row; margin-bottom: 14px; align-items: center;\">\n<div>\n<div style=\"background-color: #f4f4f4; border-radius: 50%; height: 12.5px; width: 12.5px; transform: translateX(0px) translateY(7px);\"><\/div>\n<div style=\"background-color: #f4f4f4; height: 12.5px; transform: rotate(-45deg) translateX(3px) translateY(1px); width: 12.5px; flex-grow: 0; margin-right: 14px; margin-left: 2px;\"><\/div>\n<div style=\"background-color: #f4f4f4; border-radius: 50%; height: 12.5px; width: 12.5px; transform: translateX(9px) translateY(-18px);\"><\/div>\n<\/div>\n<div style=\"margin-left: 8px;\">\n<div style=\"background-color: #f4f4f4; border-radius: 50%; flex-grow: 0; height: 20px; width: 20px;\"><\/div>\n<div style=\"width: 0; height: 0; border-top: 2px solid transparent; border-left: 6px solid #f4f4f4; border-bottom: 2px solid transparent; transform: translateX(16px) translateY(-4px) rotate(30deg);\"><\/div>\n<\/div>\n<div style=\"margin-left: auto;\">\n<div style=\"width: 0px; border-top: 8px solid #F4F4F4; border-right: 8px solid transparent; transform: translateY(16px);\"><\/div>\n<div style=\"background-color: #f4f4f4; flex-grow: 0; height: 12px; width: 16px; transform: translateY(-4px);\"><\/div>\n<div style=\"width: 0; height: 0; border-top: 8px solid #F4F4F4; border-left: 8px solid transparent; transform: translateY(-4px) translateX(8px);\"><\/div>\n<\/div>\n<\/div>\n<div style=\"display: flex; flex-direction: column; flex-grow: 1; justify-content: center; margin-bottom: 24px;\">\n<div style=\"background-color: #f4f4f4; border-radius: 4px; flex-grow: 0; height: 14px; margin-bottom: 6px; width: 224px;\"><\/div>\n<div style=\"background-color: #f4f4f4; border-radius: 4px; flex-grow: 0; height: 14px; width: 144px;\"><\/div>\n<\/div>\n<p>&nbsp;<\/p>\n<p style=\"color: #c9c8cd; font-family: Arial,sans-serif; font-size: 14px; line-height: 17px; margin-bottom: 0; margin-top: 8px; overflow: hidden; padding: 8px 0 7px; text-align: center; text-overflow: ellipsis; white-space: nowrap;\"><a style=\"color: #c9c8cd; font-family: Arial,sans-serif; font-size: 14px; font-style: normal; font-weight: normal; line-height: 17px; text-decoration: none;\" href=\"https:\/\/www.instagram.com\/p\/C6B6sMXOgpz\/?utm_source=ig_embed&amp;utm_campaign=loading\" target=\"_blank\" rel=\"noopener\">Uma publica\u00e7\u00e3o compartilhada por Tamyres Filgueira (@tamyresfilgueira)<\/a><\/p>\n<\/div>\n<\/blockquote>\n<p><script async src=\"\/\/www.instagram.com\/embed.js\"><\/script><\/p>\n","protected":false},"excerpt":{"rendered":"<p>A Executiva Nacional do PSOL solidariza-se com a nossa companheira Tamyres Filgueira, militante do PSOL e pr\u00e9-candidata a vice-prefeita de Porto Alegre, pelo ataque sofrido \u00e0 sua casa. Durante a madrugada do dia 21 de abril, a casa de Tamyres foi alvo de um ataque em que foram arremessados ovos e outros objetos em dire\u00e7\u00e3o [&hellip;]<\/p>\n","protected":false},"author":2,"featured_media":39387,"comment_status":"closed","ping_status":"open","sticky":false,"template":"","format":"standard","meta":{"_acf_changed":false,"footnotes":""},"categories":[20],"tags":[4825],"class_list":{"0":"post-39385","1":"post","2":"type-post","3":"status-publish","4":"format-standard","5":"has-post-thumbnail","7":"category-notas","8":"tag-noticias"},"acf":[],"yoast_head":"<!-- This site is optimized with the Yoast SEO plugin v26.5 - https:\/\/yoast.com\/wordpress\/plugins\/seo\/ -->\n<title>Nota da Executiva Nacional do PSOL em solidariedade a Tamyres Filgueira, pr\u00e9-candidata a vice-prefeita de Porto Alegre (RS)<\/title>\n<meta name=\"description\" content=\"A casa de Tamyres foi alvo de um ataque com ovos e outros objetos arremessados em dire\u00e7\u00e3o \u00e0 janela.\" \/>\n<meta name=\"robots\" content=\"index, follow, max-snippet:-1, max-image-preview:large, max-video-preview:-1\" \/>\n<link rel=\"canonical\" href=\"https:\/\/psol50.org.br\/nota-da-executiva-nacional-do-psol-em-solidariedade-a-tamyres-filgueira-pre-candidata-a-vice-prefeita-de-porto-alegre-rs\/\" \/>\n<meta property=\"og:locale\" content=\"pt_BR\" \/>\n<meta property=\"og:type\" content=\"article\" \/>\n<meta property=\"og:title\" content=\"Nota da Executiva Nacional do PSOL em solidariedade a Tamyres Filgueira, pr\u00e9-candidata a vice-prefeita de Porto Alegre (RS)\" \/>\n<meta property=\"og:description\" content=\"A casa de Tamyres foi alvo de um ataque com ovos e outros objetos arremessados em dire\u00e7\u00e3o \u00e0 janela.\" \/>\n<meta property=\"og:url\" content=\"https:\/\/psol50.org.br\/nota-da-executiva-nacional-do-psol-em-solidariedade-a-tamyres-filgueira-pre-candidata-a-vice-prefeita-de-porto-alegre-rs\/\" \/>\n<meta property=\"og:site_name\" content=\"PSOL 50\" \/>\n<meta property=\"article:publisher\" content=\"https:\/\/www.facebook.com\/psol50\" \/>\n<meta property=\"article:published_time\" content=\"2024-04-22T17:39:15+00:00\" \/>\n<meta property=\"article:modified_time\" content=\"2024-04-25T14:45:53+00:00\" \/>\n<meta property=\"og:image\" content=\"https:\/\/psol50.org.br\/inc\/uploads\/2024\/04\/Tamyres-Filgueira-1080x608-1.png\" \/>\n\t<meta property=\"og:image:width\" content=\"1080\" \/>\n\t<meta property=\"og:image:height\" content=\"608\" \/>\n\t<meta property=\"og:image:type\" content=\"image\/png\" \/>\n<meta name=\"author\" content=\"Comunica\u00e7\u00e3o PSOL\" \/>\n<meta name=\"twitter:card\" content=\"summary_large_image\" \/>\n<meta name=\"twitter:creator\" content=\"@psol50\" \/>\n<meta name=\"twitter:site\" content=\"@psol50\" \/>\n<meta name=\"twitter:label1\" content=\"Escrito por\" \/>\n\t<meta name=\"twitter:data1\" content=\"Comunica\u00e7\u00e3o PSOL\" \/>\n\t<meta name=\"twitter:label2\" content=\"Est. tempo de leitura\" \/>\n\t<meta name=\"twitter:data2\" content=\"1 minuto\" \/>\n<script type=\"application\/ld+json\" class=\"yoast-schema-graph\">{\"@context\":\"https:\/\/schema.org\",\"@graph\":[{\"@type\":\"Article\",\"@id\":\"https:\/\/psol50.org.br\/nota-da-executiva-nacional-do-psol-em-solidariedade-a-tamyres-filgueira-pre-candidata-a-vice-prefeita-de-porto-alegre-rs\/#article\",\"isPartOf\":{\"@id\":\"https:\/\/psol50.org.br\/nota-da-executiva-nacional-do-psol-em-solidariedade-a-tamyres-filgueira-pre-candidata-a-vice-prefeita-de-porto-alegre-rs\/\"},\"author\":{\"name\":\"Comunica\u00e7\u00e3o PSOL\",\"@id\":\"https:\/\/psol50.org.br\/#\/schema\/person\/475dfa57d0b815993c714c2e96491fcd\"},\"headline\":\"Nota da Executiva Nacional do PSOL em solidariedade a Tamyres Filgueira, pr\u00e9-candidata a vice-prefeita de Porto Alegre (RS)\",\"datePublished\":\"2024-04-22T17:39:15+00:00\",\"dateModified\":\"2024-04-25T14:45:53+00:00\",\"mainEntityOfPage\":{\"@id\":\"https:\/\/psol50.org.br\/nota-da-executiva-nacional-do-psol-em-solidariedade-a-tamyres-filgueira-pre-candidata-a-vice-prefeita-de-porto-alegre-rs\/\"},\"wordCount\":142,\"publisher\":{\"@id\":\"https:\/\/psol50.org.br\/#organization\"},\"image\":{\"@id\":\"https:\/\/psol50.org.br\/nota-da-executiva-nacional-do-psol-em-solidariedade-a-tamyres-filgueira-pre-candidata-a-vice-prefeita-de-porto-alegre-rs\/#primaryimage\"},\"thumbnailUrl\":\"https:\/\/psol50.org.br\/inc\/uploads\/2024\/04\/Tamyres-Filgueira-1080x608-1.png\",\"keywords\":[\"Not\u00edcias\"],\"articleSection\":[\"Notas\"],\"inLanguage\":\"pt-BR\"},{\"@type\":\"WebPage\",\"@id\":\"https:\/\/psol50.org.br\/nota-da-executiva-nacional-do-psol-em-solidariedade-a-tamyres-filgueira-pre-candidata-a-vice-prefeita-de-porto-alegre-rs\/\",\"url\":\"https:\/\/psol50.org.br\/nota-da-executiva-nacional-do-psol-em-solidariedade-a-tamyres-filgueira-pre-candidata-a-vice-prefeita-de-porto-alegre-rs\/\",\"name\":\"Nota da Executiva Nacional do PSOL em solidariedade a Tamyres Filgueira, pr\u00e9-candidata a vice-prefeita de Porto Alegre (RS)\",\"isPartOf\":{\"@id\":\"https:\/\/psol50.org.br\/#website\"},\"primaryImageOfPage\":{\"@id\":\"https:\/\/psol50.org.br\/nota-da-executiva-nacional-do-psol-em-solidariedade-a-tamyres-filgueira-pre-candidata-a-vice-prefeita-de-porto-alegre-rs\/#primaryimage\"},\"image\":{\"@id\":\"https:\/\/psol50.org.br\/nota-da-executiva-nacional-do-psol-em-solidariedade-a-tamyres-filgueira-pre-candidata-a-vice-prefeita-de-porto-alegre-rs\/#primaryimage\"},\"thumbnailUrl\":\"https:\/\/psol50.org.br\/inc\/uploads\/2024\/04\/Tamyres-Filgueira-1080x608-1.png\",\"datePublished\":\"2024-04-22T17:39:15+00:00\",\"dateModified\":\"2024-04-25T14:45:53+00:00\",\"description\":\"A casa de Tamyres foi alvo de um ataque com ovos e outros objetos arremessados em dire\u00e7\u00e3o \u00e0 janela.\",\"breadcrumb\":{\"@id\":\"https:\/\/psol50.org.br\/nota-da-executiva-nacional-do-psol-em-solidariedade-a-tamyres-filgueira-pre-candidata-a-vice-prefeita-de-porto-alegre-rs\/#breadcrumb\"},\"inLanguage\":\"pt-BR\",\"potentialAction\":[{\"@type\":\"ReadAction\",\"target\":[\"https:\/\/psol50.org.br\/nota-da-executiva-nacional-do-psol-em-solidariedade-a-tamyres-filgueira-pre-candidata-a-vice-prefeita-de-porto-alegre-rs\/\"]}]},{\"@type\":\"ImageObject\",\"inLanguage\":\"pt-BR\",\"@id\":\"https:\/\/psol50.org.br\/nota-da-executiva-nacional-do-psol-em-solidariedade-a-tamyres-filgueira-pre-candidata-a-vice-prefeita-de-porto-alegre-rs\/#primaryimage\",\"url\":\"https:\/\/psol50.org.br\/inc\/uploads\/2024\/04\/Tamyres-Filgueira-1080x608-1.png\",\"contentUrl\":\"https:\/\/psol50.org.br\/inc\/uploads\/2024\/04\/Tamyres-Filgueira-1080x608-1.png\",\"width\":1080,\"height\":608,\"caption\":\"Foto: Reprodu\u00e7\u00e3o\"},{\"@type\":\"BreadcrumbList\",\"@id\":\"https:\/\/psol50.org.br\/nota-da-executiva-nacional-do-psol-em-solidariedade-a-tamyres-filgueira-pre-candidata-a-vice-prefeita-de-porto-alegre-rs\/#breadcrumb\",\"itemListElement\":[{\"@type\":\"ListItem\",\"position\":1,\"name\":\"In\u00edcio\",\"item\":\"https:\/\/psol50.org.br\/\"},{\"@type\":\"ListItem\",\"position\":2,\"name\":\"Nota da Executiva Nacional do PSOL em solidariedade a Tamyres Filgueira, pr\u00e9-candidata a vice-prefeita de Porto Alegre (RS)\"}]},{\"@type\":\"WebSite\",\"@id\":\"https:\/\/psol50.org.br\/#website\",\"url\":\"https:\/\/psol50.org.br\/\",\"name\":\"PSOL 50\",\"description\":\"Site oficial do Partido Socialismo e Liberdade\",\"publisher\":{\"@id\":\"https:\/\/psol50.org.br\/#organization\"},\"alternateName\":\"PSOL50\",\"potentialAction\":[{\"@type\":\"SearchAction\",\"target\":{\"@type\":\"EntryPoint\",\"urlTemplate\":\"https:\/\/psol50.org.br\/?s={search_term_string}\"},\"query-input\":{\"@type\":\"PropertyValueSpecification\",\"valueRequired\":true,\"valueName\":\"search_term_string\"}}],\"inLanguage\":\"pt-BR\"},{\"@type\":\"Organization\",\"@id\":\"https:\/\/psol50.org.br\/#organization\",\"name\":\"PSOL 50\",\"alternateName\":\"PSOL 50\",\"url\":\"https:\/\/psol50.org.br\/\",\"logo\":{\"@type\":\"ImageObject\",\"inLanguage\":\"pt-BR\",\"@id\":\"https:\/\/psol50.org.br\/#\/schema\/logo\/image\/\",\"url\":\"https:\/\/psol50.org.br\/inc\/uploads\/2018\/07\/capa.png\",\"contentUrl\":\"https:\/\/psol50.org.br\/inc\/uploads\/2018\/07\/capa.png\",\"width\":1350,\"height\":900,\"caption\":\"PSOL 50\"},\"image\":{\"@id\":\"https:\/\/psol50.org.br\/#\/schema\/logo\/image\/\"},\"sameAs\":[\"https:\/\/www.facebook.com\/psol50\",\"https:\/\/x.com\/psol50\",\"https:\/\/www.instagram.com\/psol50\/\",\"https:\/\/www.youtube.com\/channel\/UC7SnJS5o1os7a6CaiNabzcg\"]},{\"@type\":\"Person\",\"@id\":\"https:\/\/psol50.org.br\/#\/schema\/person\/475dfa57d0b815993c714c2e96491fcd\",\"name\":\"Comunica\u00e7\u00e3o PSOL\",\"image\":{\"@type\":\"ImageObject\",\"inLanguage\":\"pt-BR\",\"@id\":\"https:\/\/psol50.org.br\/#\/schema\/person\/image\/\",\"url\":\"https:\/\/secure.gravatar.com\/avatar\/b34fc4f4e468a4e51785917065a3db57b841f5c95dba6ad8c73aaf8f66f8f9bf?s=96&d=mm&r=g\",\"contentUrl\":\"https:\/\/secure.gravatar.com\/avatar\/b34fc4f4e468a4e51785917065a3db57b841f5c95dba6ad8c73aaf8f66f8f9bf?s=96&d=mm&r=g\",\"caption\":\"Comunica\u00e7\u00e3o PSOL\"}}]}<\/script>\n<!-- \/ Yoast SEO plugin. -->","yoast_head_json":{"title":"Nota da Executiva Nacional do PSOL em solidariedade a Tamyres Filgueira, pr\u00e9-candidata a vice-prefeita de Porto Alegre (RS)","description":"A casa de Tamyres foi alvo de um ataque com ovos e outros objetos arremessados em dire\u00e7\u00e3o \u00e0 janela.","robots":{"index":"index","follow":"follow","max-snippet":"max-snippet:-1","max-image-preview":"max-image-preview:large","max-video-preview":"max-video-preview:-1"},"canonical":"https:\/\/psol50.org.br\/nota-da-executiva-nacional-do-psol-em-solidariedade-a-tamyres-filgueira-pre-candidata-a-vice-prefeita-de-porto-alegre-rs\/","og_locale":"pt_BR","og_type":"article","og_title":"Nota da Executiva Nacional do PSOL em solidariedade a Tamyres Filgueira, pr\u00e9-candidata a vice-prefeita de Porto Alegre (RS)","og_description":"A casa de Tamyres foi alvo de um ataque com ovos e outros objetos arremessados em dire\u00e7\u00e3o \u00e0 janela.","og_url":"https:\/\/psol50.org.br\/nota-da-executiva-nacional-do-psol-em-solidariedade-a-tamyres-filgueira-pre-candidata-a-vice-prefeita-de-porto-alegre-rs\/","og_site_name":"PSOL 50","article_publisher":"https:\/\/www.facebook.com\/psol50","article_published_time":"2024-04-22T17:39:15+00:00","article_modified_time":"2024-04-25T14:45:53+00:00","og_image":[{"width":1080,"height":608,"url":"https:\/\/psol50.org.br\/inc\/uploads\/2024\/04\/Tamyres-Filgueira-1080x608-1.png","type":"image\/png"}],"author":"Comunica\u00e7\u00e3o PSOL","twitter_card":"summary_large_image","twitter_creator":"@psol50","twitter_site":"@psol50","twitter_misc":{"Escrito por":"Comunica\u00e7\u00e3o PSOL","Est. tempo de leitura":"1 minuto"},"schema":{"@context":"https:\/\/schema.org","@graph":[{"@type":"Article","@id":"https:\/\/psol50.org.br\/nota-da-executiva-nacional-do-psol-em-solidariedade-a-tamyres-filgueira-pre-candidata-a-vice-prefeita-de-porto-alegre-rs\/#article","isPartOf":{"@id":"https:\/\/psol50.org.br\/nota-da-executiva-nacional-do-psol-em-solidariedade-a-tamyres-filgueira-pre-candidata-a-vice-prefeita-de-porto-alegre-rs\/"},"author":{"name":"Comunica\u00e7\u00e3o PSOL","@id":"https:\/\/psol50.org.br\/#\/schema\/person\/475dfa57d0b815993c714c2e96491fcd"},"headline":"Nota da Executiva Nacional do PSOL em solidariedade a Tamyres Filgueira, pr\u00e9-candidata a vice-prefeita de Porto Alegre (RS)","datePublished":"2024-04-22T17:39:15+00:00","dateModified":"2024-04-25T14:45:53+00:00","mainEntityOfPage":{"@id":"https:\/\/psol50.org.br\/nota-da-executiva-nacional-do-psol-em-solidariedade-a-tamyres-filgueira-pre-candidata-a-vice-prefeita-de-porto-alegre-rs\/"},"wordCount":142,"publisher":{"@id":"https:\/\/psol50.org.br\/#organization"},"image":{"@id":"https:\/\/psol50.org.br\/nota-da-executiva-nacional-do-psol-em-solidariedade-a-tamyres-filgueira-pre-candidata-a-vice-prefeita-de-porto-alegre-rs\/#primaryimage"},"thumbnailUrl":"https:\/\/psol50.org.br\/inc\/uploads\/2024\/04\/Tamyres-Filgueira-1080x608-1.png","keywords":["Not\u00edcias"],"articleSection":["Notas"],"inLanguage":"pt-BR"},{"@type":"WebPage","@id":"https:\/\/psol50.org.br\/nota-da-executiva-nacional-do-psol-em-solidariedade-a-tamyres-filgueira-pre-candidata-a-vice-prefeita-de-porto-alegre-rs\/","url":"https:\/\/psol50.org.br\/nota-da-executiva-nacional-do-psol-em-solidariedade-a-tamyres-filgueira-pre-candidata-a-vice-prefeita-de-porto-alegre-rs\/","name":"Nota da Executiva Nacional do PSOL em solidariedade a Tamyres Filgueira, pr\u00e9-candidata a vice-prefeita de Porto Alegre (RS)","isPartOf":{"@id":"https:\/\/psol50.org.br\/#website"},"primaryImageOfPage":{"@id":"https:\/\/psol50.org.br\/nota-da-executiva-nacional-do-psol-em-solidariedade-a-tamyres-filgueira-pre-candidata-a-vice-prefeita-de-porto-alegre-rs\/#primaryimage"},"image":{"@id":"https:\/\/psol50.org.br\/nota-da-executiva-nacional-do-psol-em-solidariedade-a-tamyres-filgueira-pre-candidata-a-vice-prefeita-de-porto-alegre-rs\/#primaryimage"},"thumbnailUrl":"https:\/\/psol50.org.br\/inc\/uploads\/2024\/04\/Tamyres-Filgueira-1080x608-1.png","datePublished":"2024-04-22T17:39:15+00:00","dateModified":"2024-04-25T14:45:53+00:00","description":"A casa de Tamyres foi alvo de um ataque com ovos e outros objetos arremessados em dire\u00e7\u00e3o \u00e0 janela.","breadcrumb":{"@id":"https:\/\/psol50.org.br\/nota-da-executiva-nacional-do-psol-em-solidariedade-a-tamyres-filgueira-pre-candidata-a-vice-prefeita-de-porto-alegre-rs\/#breadcrumb"},"inLanguage":"pt-BR","potentialAction":[{"@type":"ReadAction","target":["https:\/\/psol50.org.br\/nota-da-executiva-nacional-do-psol-em-solidariedade-a-tamyres-filgueira-pre-candidata-a-vice-prefeita-de-porto-alegre-rs\/"]}]},{"@type":"ImageObject","inLanguage":"pt-BR","@id":"https:\/\/psol50.org.br\/nota-da-executiva-nacional-do-psol-em-solidariedade-a-tamyres-filgueira-pre-candidata-a-vice-prefeita-de-porto-alegre-rs\/#primaryimage","url":"https:\/\/psol50.org.br\/inc\/uploads\/2024\/04\/Tamyres-Filgueira-1080x608-1.png","contentUrl":"https:\/\/psol50.org.br\/inc\/uploads\/2024\/04\/Tamyres-Filgueira-1080x608-1.png","width":1080,"height":608,"caption":"Foto: Reprodu\u00e7\u00e3o"},{"@type":"BreadcrumbList","@id":"https:\/\/psol50.org.br\/nota-da-executiva-nacional-do-psol-em-solidariedade-a-tamyres-filgueira-pre-candidata-a-vice-prefeita-de-porto-alegre-rs\/#breadcrumb","itemListElement":[{"@type":"ListItem","position":1,"name":"In\u00edcio","item":"https:\/\/psol50.org.br\/"},{"@type":"ListItem","position":2,"name":"Nota da Executiva Nacional do PSOL em solidariedade a Tamyres Filgueira, pr\u00e9-candidata a vice-prefeita de Porto Alegre (RS)"}]},{"@type":"WebSite","@id":"https:\/\/psol50.org.br\/#website","url":"https:\/\/psol50.org.br\/","name":"PSOL 50","description":"Site oficial do Partido Socialismo e Liberdade","publisher":{"@id":"https:\/\/psol50.org.br\/#organization"},"alternateName":"PSOL50","potentialAction":[{"@type":"SearchAction","target":{"@type":"EntryPoint","urlTemplate":"https:\/\/psol50.org.br\/?s={search_term_string}"},"query-input":{"@type":"PropertyValueSpecification","valueRequired":true,"valueName":"search_term_string"}}],"inLanguage":"pt-BR"},{"@type":"Organization","@id":"https:\/\/psol50.org.br\/#organization","name":"PSOL 50","alternateName":"PSOL 50","url":"https:\/\/psol50.org.br\/","logo":{"@type":"ImageObject","inLanguage":"pt-BR","@id":"https:\/\/psol50.org.br\/#\/schema\/logo\/image\/","url":"https:\/\/psol50.org.br\/inc\/uploads\/2018\/07\/capa.png","contentUrl":"https:\/\/psol50.org.br\/inc\/uploads\/2018\/07\/capa.png","width":1350,"height":900,"caption":"PSOL 50"},"image":{"@id":"https:\/\/psol50.org.br\/#\/schema\/logo\/image\/"},"sameAs":["https:\/\/www.facebook.com\/psol50","https:\/\/x.com\/psol50","https:\/\/www.instagram.com\/psol50\/","https:\/\/www.youtube.com\/channel\/UC7SnJS5o1os7a6CaiNabzcg"]},{"@type":"Person","@id":"https:\/\/psol50.org.br\/#\/schema\/person\/475dfa57d0b815993c714c2e96491fcd","name":"Comunica\u00e7\u00e3o PSOL","image":{"@type":"ImageObject","inLanguage":"pt-BR","@id":"https:\/\/psol50.org.br\/#\/schema\/person\/image\/","url":"https:\/\/secure.gravatar.com\/avatar\/b34fc4f4e468a4e51785917065a3db57b841f5c95dba6ad8c73aaf8f66f8f9bf?s=96&d=mm&r=g","contentUrl":"https:\/\/secure.gravatar.com\/avatar\/b34fc4f4e468a4e51785917065a3db57b841f5c95dba6ad8c73aaf8f66f8f9bf?s=96&d=mm&r=g","caption":"Comunica\u00e7\u00e3o PSOL"}}]}},"_links":{"self":[{"href":"https:\/\/psol50.org.br\/rest\/wp\/v2\/posts\/39385","targetHints":{"allow":["GET"]}}],"collection":[{"href":"https:\/\/psol50.org.br\/rest\/wp\/v2\/posts"}],"about":[{"href":"https:\/\/psol50.org.br\/rest\/wp\/v2\/types\/post"}],"author":[{"embeddable":true,"href":"https:\/\/psol50.org.br\/rest\/wp\/v2\/users\/2"}],"replies":[{"embeddable":true,"href":"https:\/\/psol50.org.br\/rest\/wp\/v2\/comments?post=39385"}],"version-history":[{"count":2,"href":"https:\/\/psol50.org.br\/rest\/wp\/v2\/posts\/39385\/revisions"}],"predecessor-version":[{"id":39388,"href":"https:\/\/psol50.org.br\/rest\/wp\/v2\/posts\/39385\/revisions\/39388"}],"wp:featuredmedia":[{"embeddable":true,"href":"https:\/\/psol50.org.br\/rest\/wp\/v2\/media\/39387"}],"wp:attachment":[{"href":"https:\/\/psol50.org.br\/rest\/wp\/v2\/media?parent=39385"}],"wp:term":[{"taxonomy":"category","embeddable":true,"href":"https:\/\/psol50.org.br\/rest\/wp\/v2\/categories?post=39385"},{"taxonomy":"post_tag","embeddable":true,"href":"https:\/\/psol50.org.br\/rest\/wp\/v2\/tags?post=39385"}],"curies":[{"name":"wp","href":"https:\/\/api.w.org\/{rel}","templated":true}]}}