{"id":394,"date":"2011-01-27T00:00:00","date_gmt":"2011-01-27T00:00:00","guid":{"rendered":"http:\/\/psol50.org.br\/arquivo\/2011\/01\/27\/honduras-no-aniversario-da-posse-de-lobo-zelaya-lamenta-resultados-da-atual-gestao\/"},"modified":"2011-01-27T00:00:00","modified_gmt":"2011-01-27T00:00:00","slug":"honduras-no-aniversario-da-posse-de-lobo-zelaya-lamenta-resultados-da-atual-gestao","status":"publish","type":"post","link":"https:\/\/psol50.org.br\/honduras-no-aniversario-da-posse-de-lobo-zelaya-lamenta-resultados-da-atual-gestao\/","title":{"rendered":"Honduras: No anivers\u00e1rio da posse de Lobo, Zelaya lamenta resultados da atual gest\u00e3o"},"content":{"rendered":"<p><a rel=\"attachment wp-att-6461\" href=\"http:\/\/psol50.org.br\/blog\/2011\/01\/27\/honduras-no-aniversario-da-posse-de-lobo-zelaya-lamenta-resultados-da-atual-gestao\/manuel-zelaya3\/\"><img loading=\"lazy\" decoding=\"async\" class=\"alignleft size-medium wp-image-6461\" style=\"margin-left: 5px;margin-right: 5px\" src=\"http:\/\/psol50.org.br\/files\/2011\/01\/Manuel-Zelaya3-300x228.jpg\" alt=\"\" width=\"300\" height=\"228\" \/><\/a>No anivers\u00e1rio de um ano da posse do presidente de Honduras, Porfirio Lobo, o presidente deposto Manuel Zelaya, exilado na Rep\u00fablica Dominicana, divulgou uma carta em que lamenta os resultados &#8220;desalentadores e negativos&#8221; da atual gest\u00e3o e critica a tentativa de Lobo de reintegrar Honduras \u00e0 OEA (Organiza\u00e7\u00e3o dos Estados Americanos) e a outros organismos internacionais.<\/p>\n<p>Para Zelaya, a situa\u00e7\u00e3o socioecon\u00f4mica e pol\u00edtica do pa\u00eds piorou desde a chegada de Lobo ao poder, seis meses ap\u00f3s o golpe de Estado, em 28 de junho de 2009. &#8220;O desempenho econ\u00f4mico do pa\u00eds \u00e9 negativo, com todos os indicadores b\u00e1sicos em queda, al\u00e9m do endividamento do governo e o aumento do pre\u00e7o dos alimentos b\u00e1sicos, combust\u00edveis e eletricidade. O aumento da inseguran\u00e7a jur\u00eddica e da criminalidade em Honduras nos colocou entre os tr\u00eas pa\u00edses mais violentos do mundo&#8221;, escreveu.<\/p>\n<p>Analisando as tentativas para que Honduras regresse aos organismos internacionais e para que o governo Lobo seja reconhecido, Zelaya ressaltou que &#8220;as demandas apresentadas pela comunidade latino-americana foram, de forma trai\u00e7oeira, contornadas e ignoradas&#8221; pelo governo atual. Segundo Zelaya, o fato de Honduras permanecer isolada &#8220;\u00e9 considerado em todo o continente como um claro fracasso.&#8221;<\/p>\n<p>Pa\u00edses que haviam suspendido rela\u00e7\u00f5es ap\u00f3s o golpe, j\u00e1 normalizaram a rela\u00e7\u00e3o bilateral. Entre eles est\u00e3o a maioria dos pa\u00edses da Am\u00e9rica Central, al\u00e9m de EUA, M\u00e9xico e Chile. No entanto, pa\u00edses como Brasil, Argentina, Venezuela, Bol\u00edvia e Equador condicionam o reconhecimento do atual governo ao retorno de Zelaya.<\/p>\n<p>&#8220;Nestas circunst\u00e2ncias, pedimos novamente ao povo que lidere a luta\u00a0 e ao governo, que reconsidere suas posi\u00e7\u00f5es, para acabar com a persegui\u00e7\u00e3o pol\u00edtica e a repress\u00e3o maci\u00e7a contra a resist\u00eancia&#8221;, concluiu o ex-presidente.<\/p>\n<p>Reformas<\/p>\n<p>Zelaya elogiou a aprova\u00e7\u00e3o de reformas no Artigo 5 da Constitui\u00e7\u00e3o hondurenha, &#8220;uma resposta correta \u00e0s aspira\u00e7\u00f5es do povo&#8221;. O presidente deposto e a FNPR (Frente Nacional de Resist\u00eancia Popular de Honduras) s\u00e3o a favor das altera\u00e7\u00f5es e criticam somente seu uso pol\u00edtico.<\/p>\n<p>A reforma do artigo 5 da Constitui\u00e7\u00e3o ampliou a figura do plebiscito e do referendo e eliminou muitas das restri\u00e7\u00f5es legais que, de fato, tornavam imposs\u00edvel sua aplica\u00e7\u00e3o.<\/p>\n<p>Segundo Tom\u00e1s Andino, membro da Comiss\u00e3o de An\u00e1lise da FNRP e ex-deputado do Partido de Unifica\u00e7\u00e3o Democr\u00e1tica (UD), a reforma seria &#8220;mais uma armadilha do governo norte-americano para consolidar o atual governo&#8221; e preparar as condi\u00e7\u00f5es para o processo eleitoral de 2013.<\/p>\n<p>Ao longo de dezembro de 2010, um tribunal comum come\u00e7ou a livrar Zelaya das acusa\u00e7\u00f5es que motivaram o golpe. Al\u00e9m disso, estuda-se uma anistia pol\u00edtica de via dupla, que inclui os respons\u00e1veis pelo golpe, e agora o plebiscito e o referendo ficam sem restri\u00e7\u00f5es.<\/p>\n<p>Para Andino, os Estados Unidos acreditam que, &#8220;para encerrar a crise aberta com o golpe de Estado, \u00e9 necess\u00e1rio debilitar a beliger\u00e2ncia da Resist\u00eancia&#8221; por meio do regresso &#8220;de um Zelaya moderado, que se reintegre \u00e0 vida pol\u00edtica do pa\u00eds sob as regras de seu jogo&#8221;.<\/p>\n","protected":false},"excerpt":{"rendered":"<p>No anivers\u00e1rio de um ano da posse do presidente de Honduras, Porfirio Lobo, o presidente deposto Manuel Zelaya, exilado na Rep\u00fablica Dominicana, divulgou uma carta em que lamenta os resultados &#8220;desalentadores e negativos&#8221; da atual gest\u00e3o e critica a tentativa de Lobo de reintegrar Honduras \u00e0 OEA (Organiza\u00e7\u00e3o dos Estados Americanos) e a outros organismos [&hellip;]<\/p>\n","protected":false},"author":2,"featured_media":0,"comment_status":"open","ping_status":"open","sticky":false,"template":"","format":"standard","meta":{"_acf_changed":false,"footnotes":""},"categories":[4766],"tags":[],"class_list":{"0":"post-394","1":"post","2":"type-post","3":"status-publish","4":"format-standard","6":"category-arquivo"},"acf":[],"yoast_head":"<!-- This site is optimized with the Yoast SEO plugin v26.5 - https:\/\/yoast.com\/wordpress\/plugins\/seo\/ -->\n<title>Honduras: No anivers\u00e1rio da posse de Lobo, Zelaya lamenta resultados da atual gest\u00e3o - PSOL 50<\/title>\n<meta name=\"robots\" content=\"index, follow, max-snippet:-1, max-image-preview:large, max-video-preview:-1\" \/>\n<link rel=\"canonical\" href=\"https:\/\/psol50.org.br\/honduras-no-aniversario-da-posse-de-lobo-zelaya-lamenta-resultados-da-atual-gestao\/\" \/>\n<meta property=\"og:locale\" content=\"pt_BR\" \/>\n<meta property=\"og:type\" content=\"article\" \/>\n<meta property=\"og:title\" content=\"Honduras: No anivers\u00e1rio da posse de Lobo, Zelaya lamenta resultados da atual gest\u00e3o - PSOL 50\" \/>\n<meta property=\"og:description\" content=\"No anivers\u00e1rio de um ano da posse do presidente de Honduras, Porfirio Lobo, o presidente deposto Manuel Zelaya, exilado na Rep\u00fablica Dominicana, divulgou uma carta em que lamenta os resultados &#8220;desalentadores e negativos&#8221; da atual gest\u00e3o e critica a tentativa de Lobo de reintegrar Honduras \u00e0 OEA (Organiza\u00e7\u00e3o dos Estados Americanos) e a outros organismos [&hellip;]\" \/>\n<meta property=\"og:url\" content=\"https:\/\/psol50.org.br\/honduras-no-aniversario-da-posse-de-lobo-zelaya-lamenta-resultados-da-atual-gestao\/\" \/>\n<meta property=\"og:site_name\" content=\"PSOL 50\" \/>\n<meta property=\"article:publisher\" content=\"https:\/\/www.facebook.com\/psol50\" \/>\n<meta property=\"article:published_time\" content=\"2011-01-27T00:00:00+00:00\" \/>\n<meta property=\"og:image\" content=\"http:\/\/psol50.org.br\/files\/2011\/01\/Manuel-Zelaya3-300x228.jpg\" \/>\n<meta name=\"author\" content=\"Comunica\u00e7\u00e3o PSOL\" \/>\n<meta name=\"twitter:card\" content=\"summary_large_image\" \/>\n<meta name=\"twitter:creator\" content=\"@psol50\" \/>\n<meta name=\"twitter:site\" content=\"@psol50\" \/>\n<meta name=\"twitter:label1\" content=\"Escrito por\" \/>\n\t<meta name=\"twitter:data1\" content=\"Comunica\u00e7\u00e3o PSOL\" \/>\n\t<meta name=\"twitter:label2\" content=\"Est. tempo de leitura\" \/>\n\t<meta name=\"twitter:data2\" content=\"3 minutos\" \/>\n<script type=\"application\/ld+json\" class=\"yoast-schema-graph\">{\"@context\":\"https:\/\/schema.org\",\"@graph\":[{\"@type\":\"Article\",\"@id\":\"https:\/\/psol50.org.br\/honduras-no-aniversario-da-posse-de-lobo-zelaya-lamenta-resultados-da-atual-gestao\/#article\",\"isPartOf\":{\"@id\":\"https:\/\/psol50.org.br\/honduras-no-aniversario-da-posse-de-lobo-zelaya-lamenta-resultados-da-atual-gestao\/\"},\"author\":{\"name\":\"Comunica\u00e7\u00e3o PSOL\",\"@id\":\"https:\/\/psol50.org.br\/#\/schema\/person\/475dfa57d0b815993c714c2e96491fcd\"},\"headline\":\"Honduras: No anivers\u00e1rio da posse de Lobo, Zelaya lamenta resultados da atual gest\u00e3o\",\"datePublished\":\"2011-01-27T00:00:00+00:00\",\"mainEntityOfPage\":{\"@id\":\"https:\/\/psol50.org.br\/honduras-no-aniversario-da-posse-de-lobo-zelaya-lamenta-resultados-da-atual-gestao\/\"},\"wordCount\":549,\"commentCount\":0,\"publisher\":{\"@id\":\"https:\/\/psol50.org.br\/#organization\"},\"image\":{\"@id\":\"https:\/\/psol50.org.br\/honduras-no-aniversario-da-posse-de-lobo-zelaya-lamenta-resultados-da-atual-gestao\/#primaryimage\"},\"thumbnailUrl\":\"http:\/\/psol50.org.br\/files\/2011\/01\/Manuel-Zelaya3-300x228.jpg\",\"articleSection\":[\"Arquivo\"],\"inLanguage\":\"pt-BR\",\"potentialAction\":[{\"@type\":\"CommentAction\",\"name\":\"Comment\",\"target\":[\"https:\/\/psol50.org.br\/honduras-no-aniversario-da-posse-de-lobo-zelaya-lamenta-resultados-da-atual-gestao\/#respond\"]}]},{\"@type\":\"WebPage\",\"@id\":\"https:\/\/psol50.org.br\/honduras-no-aniversario-da-posse-de-lobo-zelaya-lamenta-resultados-da-atual-gestao\/\",\"url\":\"https:\/\/psol50.org.br\/honduras-no-aniversario-da-posse-de-lobo-zelaya-lamenta-resultados-da-atual-gestao\/\",\"name\":\"Honduras: No anivers\u00e1rio da posse de Lobo, Zelaya lamenta resultados da atual gest\u00e3o - PSOL 50\",\"isPartOf\":{\"@id\":\"https:\/\/psol50.org.br\/#website\"},\"primaryImageOfPage\":{\"@id\":\"https:\/\/psol50.org.br\/honduras-no-aniversario-da-posse-de-lobo-zelaya-lamenta-resultados-da-atual-gestao\/#primaryimage\"},\"image\":{\"@id\":\"https:\/\/psol50.org.br\/honduras-no-aniversario-da-posse-de-lobo-zelaya-lamenta-resultados-da-atual-gestao\/#primaryimage\"},\"thumbnailUrl\":\"http:\/\/psol50.org.br\/files\/2011\/01\/Manuel-Zelaya3-300x228.jpg\",\"datePublished\":\"2011-01-27T00:00:00+00:00\",\"breadcrumb\":{\"@id\":\"https:\/\/psol50.org.br\/honduras-no-aniversario-da-posse-de-lobo-zelaya-lamenta-resultados-da-atual-gestao\/#breadcrumb\"},\"inLanguage\":\"pt-BR\",\"potentialAction\":[{\"@type\":\"ReadAction\",\"target\":[\"https:\/\/psol50.org.br\/honduras-no-aniversario-da-posse-de-lobo-zelaya-lamenta-resultados-da-atual-gestao\/\"]}]},{\"@type\":\"ImageObject\",\"inLanguage\":\"pt-BR\",\"@id\":\"https:\/\/psol50.org.br\/honduras-no-aniversario-da-posse-de-lobo-zelaya-lamenta-resultados-da-atual-gestao\/#primaryimage\",\"url\":\"http:\/\/psol50.org.br\/files\/2011\/01\/Manuel-Zelaya3-300x228.jpg\",\"contentUrl\":\"http:\/\/psol50.org.br\/files\/2011\/01\/Manuel-Zelaya3-300x228.jpg\"},{\"@type\":\"BreadcrumbList\",\"@id\":\"https:\/\/psol50.org.br\/honduras-no-aniversario-da-posse-de-lobo-zelaya-lamenta-resultados-da-atual-gestao\/#breadcrumb\",\"itemListElement\":[{\"@type\":\"ListItem\",\"position\":1,\"name\":\"In\u00edcio\",\"item\":\"https:\/\/psol50.org.br\/\"},{\"@type\":\"ListItem\",\"position\":2,\"name\":\"Honduras: No anivers\u00e1rio da posse de Lobo, Zelaya lamenta resultados da atual gest\u00e3o\"}]},{\"@type\":\"WebSite\",\"@id\":\"https:\/\/psol50.org.br\/#website\",\"url\":\"https:\/\/psol50.org.br\/\",\"name\":\"PSOL 50\",\"description\":\"Site oficial do Partido Socialismo e Liberdade\",\"publisher\":{\"@id\":\"https:\/\/psol50.org.br\/#organization\"},\"alternateName\":\"PSOL50\",\"potentialAction\":[{\"@type\":\"SearchAction\",\"target\":{\"@type\":\"EntryPoint\",\"urlTemplate\":\"https:\/\/psol50.org.br\/?s={search_term_string}\"},\"query-input\":{\"@type\":\"PropertyValueSpecification\",\"valueRequired\":true,\"valueName\":\"search_term_string\"}}],\"inLanguage\":\"pt-BR\"},{\"@type\":\"Organization\",\"@id\":\"https:\/\/psol50.org.br\/#organization\",\"name\":\"PSOL 50\",\"alternateName\":\"PSOL 50\",\"url\":\"https:\/\/psol50.org.br\/\",\"logo\":{\"@type\":\"ImageObject\",\"inLanguage\":\"pt-BR\",\"@id\":\"https:\/\/psol50.org.br\/#\/schema\/logo\/image\/\",\"url\":\"https:\/\/psol50.org.br\/inc\/uploads\/2018\/07\/capa.png\",\"contentUrl\":\"https:\/\/psol50.org.br\/inc\/uploads\/2018\/07\/capa.png\",\"width\":1350,\"height\":900,\"caption\":\"PSOL 50\"},\"image\":{\"@id\":\"https:\/\/psol50.org.br\/#\/schema\/logo\/image\/\"},\"sameAs\":[\"https:\/\/www.facebook.com\/psol50\",\"https:\/\/x.com\/psol50\",\"https:\/\/www.instagram.com\/psol50\/\",\"https:\/\/www.youtube.com\/channel\/UC7SnJS5o1os7a6CaiNabzcg\"]},{\"@type\":\"Person\",\"@id\":\"https:\/\/psol50.org.br\/#\/schema\/person\/475dfa57d0b815993c714c2e96491fcd\",\"name\":\"Comunica\u00e7\u00e3o PSOL\",\"image\":{\"@type\":\"ImageObject\",\"inLanguage\":\"pt-BR\",\"@id\":\"https:\/\/psol50.org.br\/#\/schema\/person\/image\/\",\"url\":\"https:\/\/secure.gravatar.com\/avatar\/b34fc4f4e468a4e51785917065a3db57b841f5c95dba6ad8c73aaf8f66f8f9bf?s=96&d=mm&r=g\",\"contentUrl\":\"https:\/\/secure.gravatar.com\/avatar\/b34fc4f4e468a4e51785917065a3db57b841f5c95dba6ad8c73aaf8f66f8f9bf?s=96&d=mm&r=g\",\"caption\":\"Comunica\u00e7\u00e3o PSOL\"}}]}<\/script>\n<!-- \/ Yoast SEO plugin. -->","yoast_head_json":{"title":"Honduras: No anivers\u00e1rio da posse de Lobo, Zelaya lamenta resultados da atual gest\u00e3o - PSOL 50","robots":{"index":"index","follow":"follow","max-snippet":"max-snippet:-1","max-image-preview":"max-image-preview:large","max-video-preview":"max-video-preview:-1"},"canonical":"https:\/\/psol50.org.br\/honduras-no-aniversario-da-posse-de-lobo-zelaya-lamenta-resultados-da-atual-gestao\/","og_locale":"pt_BR","og_type":"article","og_title":"Honduras: No anivers\u00e1rio da posse de Lobo, Zelaya lamenta resultados da atual gest\u00e3o - PSOL 50","og_description":"No anivers\u00e1rio de um ano da posse do presidente de Honduras, Porfirio Lobo, o presidente deposto Manuel Zelaya, exilado na Rep\u00fablica Dominicana, divulgou uma carta em que lamenta os resultados &#8220;desalentadores e negativos&#8221; da atual gest\u00e3o e critica a tentativa de Lobo de reintegrar Honduras \u00e0 OEA (Organiza\u00e7\u00e3o dos Estados Americanos) e a outros organismos [&hellip;]","og_url":"https:\/\/psol50.org.br\/honduras-no-aniversario-da-posse-de-lobo-zelaya-lamenta-resultados-da-atual-gestao\/","og_site_name":"PSOL 50","article_publisher":"https:\/\/www.facebook.com\/psol50","article_published_time":"2011-01-27T00:00:00+00:00","og_image":[{"url":"http:\/\/psol50.org.br\/files\/2011\/01\/Manuel-Zelaya3-300x228.jpg","type":"","width":"","height":""}],"author":"Comunica\u00e7\u00e3o PSOL","twitter_card":"summary_large_image","twitter_creator":"@psol50","twitter_site":"@psol50","twitter_misc":{"Escrito por":"Comunica\u00e7\u00e3o PSOL","Est. tempo de leitura":"3 minutos"},"schema":{"@context":"https:\/\/schema.org","@graph":[{"@type":"Article","@id":"https:\/\/psol50.org.br\/honduras-no-aniversario-da-posse-de-lobo-zelaya-lamenta-resultados-da-atual-gestao\/#article","isPartOf":{"@id":"https:\/\/psol50.org.br\/honduras-no-aniversario-da-posse-de-lobo-zelaya-lamenta-resultados-da-atual-gestao\/"},"author":{"name":"Comunica\u00e7\u00e3o PSOL","@id":"https:\/\/psol50.org.br\/#\/schema\/person\/475dfa57d0b815993c714c2e96491fcd"},"headline":"Honduras: No anivers\u00e1rio da posse de Lobo, Zelaya lamenta resultados da atual gest\u00e3o","datePublished":"2011-01-27T00:00:00+00:00","mainEntityOfPage":{"@id":"https:\/\/psol50.org.br\/honduras-no-aniversario-da-posse-de-lobo-zelaya-lamenta-resultados-da-atual-gestao\/"},"wordCount":549,"commentCount":0,"publisher":{"@id":"https:\/\/psol50.org.br\/#organization"},"image":{"@id":"https:\/\/psol50.org.br\/honduras-no-aniversario-da-posse-de-lobo-zelaya-lamenta-resultados-da-atual-gestao\/#primaryimage"},"thumbnailUrl":"http:\/\/psol50.org.br\/files\/2011\/01\/Manuel-Zelaya3-300x228.jpg","articleSection":["Arquivo"],"inLanguage":"pt-BR","potentialAction":[{"@type":"CommentAction","name":"Comment","target":["https:\/\/psol50.org.br\/honduras-no-aniversario-da-posse-de-lobo-zelaya-lamenta-resultados-da-atual-gestao\/#respond"]}]},{"@type":"WebPage","@id":"https:\/\/psol50.org.br\/honduras-no-aniversario-da-posse-de-lobo-zelaya-lamenta-resultados-da-atual-gestao\/","url":"https:\/\/psol50.org.br\/honduras-no-aniversario-da-posse-de-lobo-zelaya-lamenta-resultados-da-atual-gestao\/","name":"Honduras: No anivers\u00e1rio da posse de Lobo, Zelaya lamenta resultados da atual gest\u00e3o - PSOL 50","isPartOf":{"@id":"https:\/\/psol50.org.br\/#website"},"primaryImageOfPage":{"@id":"https:\/\/psol50.org.br\/honduras-no-aniversario-da-posse-de-lobo-zelaya-lamenta-resultados-da-atual-gestao\/#primaryimage"},"image":{"@id":"https:\/\/psol50.org.br\/honduras-no-aniversario-da-posse-de-lobo-zelaya-lamenta-resultados-da-atual-gestao\/#primaryimage"},"thumbnailUrl":"http:\/\/psol50.org.br\/files\/2011\/01\/Manuel-Zelaya3-300x228.jpg","datePublished":"2011-01-27T00:00:00+00:00","breadcrumb":{"@id":"https:\/\/psol50.org.br\/honduras-no-aniversario-da-posse-de-lobo-zelaya-lamenta-resultados-da-atual-gestao\/#breadcrumb"},"inLanguage":"pt-BR","potentialAction":[{"@type":"ReadAction","target":["https:\/\/psol50.org.br\/honduras-no-aniversario-da-posse-de-lobo-zelaya-lamenta-resultados-da-atual-gestao\/"]}]},{"@type":"ImageObject","inLanguage":"pt-BR","@id":"https:\/\/psol50.org.br\/honduras-no-aniversario-da-posse-de-lobo-zelaya-lamenta-resultados-da-atual-gestao\/#primaryimage","url":"http:\/\/psol50.org.br\/files\/2011\/01\/Manuel-Zelaya3-300x228.jpg","contentUrl":"http:\/\/psol50.org.br\/files\/2011\/01\/Manuel-Zelaya3-300x228.jpg"},{"@type":"BreadcrumbList","@id":"https:\/\/psol50.org.br\/honduras-no-aniversario-da-posse-de-lobo-zelaya-lamenta-resultados-da-atual-gestao\/#breadcrumb","itemListElement":[{"@type":"ListItem","position":1,"name":"In\u00edcio","item":"https:\/\/psol50.org.br\/"},{"@type":"ListItem","position":2,"name":"Honduras: No anivers\u00e1rio da posse de Lobo, Zelaya lamenta resultados da atual gest\u00e3o"}]},{"@type":"WebSite","@id":"https:\/\/psol50.org.br\/#website","url":"https:\/\/psol50.org.br\/","name":"PSOL 50","description":"Site oficial do Partido Socialismo e Liberdade","publisher":{"@id":"https:\/\/psol50.org.br\/#organization"},"alternateName":"PSOL50","potentialAction":[{"@type":"SearchAction","target":{"@type":"EntryPoint","urlTemplate":"https:\/\/psol50.org.br\/?s={search_term_string}"},"query-input":{"@type":"PropertyValueSpecification","valueRequired":true,"valueName":"search_term_string"}}],"inLanguage":"pt-BR"},{"@type":"Organization","@id":"https:\/\/psol50.org.br\/#organization","name":"PSOL 50","alternateName":"PSOL 50","url":"https:\/\/psol50.org.br\/","logo":{"@type":"ImageObject","inLanguage":"pt-BR","@id":"https:\/\/psol50.org.br\/#\/schema\/logo\/image\/","url":"https:\/\/psol50.org.br\/inc\/uploads\/2018\/07\/capa.png","contentUrl":"https:\/\/psol50.org.br\/inc\/uploads\/2018\/07\/capa.png","width":1350,"height":900,"caption":"PSOL 50"},"image":{"@id":"https:\/\/psol50.org.br\/#\/schema\/logo\/image\/"},"sameAs":["https:\/\/www.facebook.com\/psol50","https:\/\/x.com\/psol50","https:\/\/www.instagram.com\/psol50\/","https:\/\/www.youtube.com\/channel\/UC7SnJS5o1os7a6CaiNabzcg"]},{"@type":"Person","@id":"https:\/\/psol50.org.br\/#\/schema\/person\/475dfa57d0b815993c714c2e96491fcd","name":"Comunica\u00e7\u00e3o PSOL","image":{"@type":"ImageObject","inLanguage":"pt-BR","@id":"https:\/\/psol50.org.br\/#\/schema\/person\/image\/","url":"https:\/\/secure.gravatar.com\/avatar\/b34fc4f4e468a4e51785917065a3db57b841f5c95dba6ad8c73aaf8f66f8f9bf?s=96&d=mm&r=g","contentUrl":"https:\/\/secure.gravatar.com\/avatar\/b34fc4f4e468a4e51785917065a3db57b841f5c95dba6ad8c73aaf8f66f8f9bf?s=96&d=mm&r=g","caption":"Comunica\u00e7\u00e3o PSOL"}}]}},"_links":{"self":[{"href":"https:\/\/psol50.org.br\/rest\/wp\/v2\/posts\/394","targetHints":{"allow":["GET"]}}],"collection":[{"href":"https:\/\/psol50.org.br\/rest\/wp\/v2\/posts"}],"about":[{"href":"https:\/\/psol50.org.br\/rest\/wp\/v2\/types\/post"}],"author":[{"embeddable":true,"href":"https:\/\/psol50.org.br\/rest\/wp\/v2\/users\/2"}],"replies":[{"embeddable":true,"href":"https:\/\/psol50.org.br\/rest\/wp\/v2\/comments?post=394"}],"version-history":[{"count":0,"href":"https:\/\/psol50.org.br\/rest\/wp\/v2\/posts\/394\/revisions"}],"wp:attachment":[{"href":"https:\/\/psol50.org.br\/rest\/wp\/v2\/media?parent=394"}],"wp:term":[{"taxonomy":"category","embeddable":true,"href":"https:\/\/psol50.org.br\/rest\/wp\/v2\/categories?post=394"},{"taxonomy":"post_tag","embeddable":true,"href":"https:\/\/psol50.org.br\/rest\/wp\/v2\/tags?post=394"}],"curies":[{"name":"wp","href":"https:\/\/api.w.org\/{rel}","templated":true}]}}