{"id":39451,"date":"2024-04-24T17:22:27","date_gmt":"2024-04-24T20:22:27","guid":{"rendered":"https:\/\/psol50.org.br\/?p=39451"},"modified":"2024-05-06T11:43:32","modified_gmt":"2024-05-06T14:43:32","slug":"confira-a-programacao-do-ii-encontro-nacional-de-negritude-do-psol","status":"publish","type":"post","link":"https:\/\/psol50.org.br\/confira-a-programacao-do-ii-encontro-nacional-de-negritude-do-psol\/","title":{"rendered":"Confira a programa\u00e7\u00e3o do II Encontro Nacional de Negritude do PSOL"},"content":{"rendered":"<p>Acontece neste final de semana, entre os dias 26 e 28 de abril, em Salvador (BA) o II Encontro Nacional de Negritude do PSOL.<\/p>\n<p>Ao longo de todo o final de semana acontecer\u00e3o discuss\u00f5es sobre o Programa Nacional de Negritude do partido, a participa\u00e7\u00e3o dos negros e negras do PSOL nas elei\u00e7\u00f5es, al\u00e9m de debater sobre os desafios do movimento negro no Brasil. Ele culminar\u00e1 com a formaliza\u00e7\u00e3o do Setorial Nacional de Negritude do PSOL.<\/p>\n<p>O evento contar\u00e1 com a presen\u00e7a de 151 delegados e delegadas indicados de todos os estados brasileiros, proporcionalmente \u00e0s representa\u00e7\u00f5es aferidas no 8\u00ba Congresso Nacional do PSOL, ocorrido em Bras\u00edlia (DF) no ano passado. Observadores e parlamentares de todo o Brasil tamb\u00e9m estar\u00e3o presentes.<\/p>\n<h5><strong>Veja abaixo a programa\u00e7\u00e3o completa do II Encontro de Negritude do PSOL:<\/strong><\/h5>\n<h6><em><strong>SEXTA-FEIRA (26)<\/strong><\/em><\/h6>\n<p><strong>14h: SITUA\u00c7\u00c3O E DESAFIO DO MOVIMENTO NEGRO BRASILEIRO<\/strong><\/p>\n<p><b data-stringify-type=\"bold\">Dennis Oliveira<\/b>: Professor da ECA\/USP. Coordena o CELACC (Centro de Estudos Latino Americanos de Cultura e Comunica\u00e7\u00e3o), vice-l\u00edder do Alterjor (Grupo de Pesquisa de Jornalismo Alternativo e Popular) e membro do Neinb (N\u00facleo de Estudos Interdisciplinares do Negro Brasileiro).<\/p>\n<p><b data-stringify-type=\"bold\">N\u00fabia Regina:\u00a0<\/b>Professora da Universidade Estadual do Sudoeste da Bahia (UESB), Doutora em Sociologia e coordenadora do Grupo de Pesquisa OJu Obinrin &#8211; Observat\u00f3rio de Mulheres Negras.<\/p>\n<p><b data-stringify-type=\"bold\">Professor Josemar:\u00a0<\/b>Professor de geografia e deputado estadual do Rio de Janeiro. \u00c9 pr\u00e9-candidato \u00e0 Prefeitura de S\u00e3o Gon\u00e7alo (RJ) pelo PSOL.<\/p>\n<p><b data-stringify-type=\"bold\">Priscila Serra:\u00a0<\/b>Articuladora da Agenda Nacional pelo Desencarceramento (DesencarceraAM), Associa\u00e7\u00e3o Coletivo Entre Elas DDH-AM e Conselheira no Comit\u00ea Nacional de Preven\u00e7\u00e3o e Combate \u00e0 Tortura.<\/p>\n<p><b data-stringify-type=\"bold\">Milton Barbosa:\u00a0<\/b>Hist\u00f3rico militante contra a ditadura civil-militar e um dos fundadores do Movimento Negro Unificado (MNU).<\/p>\n<p><strong>16h30: DI\u00c1LOGOS INTERNACIONAIS<\/strong><\/p>\n<p><b data-stringify-type=\"bold\">Zuleica Romay Guerra:\u00a0<\/b>Ex-presidenta do Instituto Cubano do Livro e Diretora de Afroam\u00e9rica da La Casa de Las Am\u00e9ricas.<\/p>\n<p><b data-stringify-type=\"bold\">Federico Pita:\u00a0<\/b>Cientista pol\u00edtico da UBA e ativista afro-argentino.<\/p>\n<p><b data-stringify-type=\"bold\">Mamadou Ba:\u00a0<\/b>Doutorando na University of British Columbia, nasceu no Senegal. Dedicado ao ativismo antirracista decolonial.<\/p>\n<p><b data-stringify-type=\"bold\">Amika Tree Tendaji:\u00a0<\/b>Co-fundadora da Ujimaa Medics (UMedics) e uma das l\u00edderes do Black Lives Matter Chicago.<\/p>\n<p><b data-stringify-type=\"bold\">18h: Abertura: <\/b>Negras e Negros Pensando o Brasil e construindo o Socialismo e a Liberdade e <b data-stringify-type=\"bold\">Ato:<\/b>\u00a0Justi\u00e7a por Marielle Franco. Pelo fim da viol\u00eancia Pol\u00edtica e do genoc\u00eddio do povo negro no Brasil!<\/p>\n<h6><em><strong>S\u00c1BADO (27)<\/strong><\/em><\/h6>\n<p><strong>9h: PLEN\u00c1RIA DE MULHERES NEGRAS<\/strong><\/p>\n<p><strong>10h30:<\/strong> <b data-stringify-type=\"bold\">G\u00caNERO, RA\u00c7A E CLASSE: A LUTA DOS NEGROS, MULHERES, LGBTQIAPN+ PARA PENSAR A REVOLU\u00c7\u00c3O BRASILEIRA<\/b><\/p>\n<p><b data-stringify-type=\"bold\">Iza Louren\u00e7a:\u00a0<\/b>graduada em Comunica\u00e7\u00e3o Social e vereadora em Belo Horizonte (MG) pelo PSOL.<\/p>\n<p><b data-stringify-type=\"bold\">Juhlia Santos:\u00a0<\/b>Travesti, kilombola, mulher de tradi\u00e7\u00e3o, jornalista, pesquisadora de g\u00eanero atrelado a ra\u00e7a e Coordenadora da Akasulo.<\/p>\n<p><b data-stringify-type=\"bold\">Hamilton Assis:\u00a0<\/b>Pedagogo e mestrando em Educa\u00e7\u00e3o pela UFBA. Servidor P\u00fablico, faz parte da Coordena\u00e7\u00e3o do Mocambo Br.<\/p>\n<p><b data-stringify-type=\"bold\">Vivi Reis:\u00a0<\/b>Diretora Executiva do Instituto Socioambiental Casa Amaz\u00f4nia e dirigente do PSOL.<\/p>\n<p><b data-stringify-type=\"bold\">Fabio Nogueira:\u00a0<\/b>Soci\u00f3logo, professor da UNEB e militante do C\u00edrculo Palmarino.<\/p>\n<p><strong>14h: GRUPOS DE TRABALHO<\/strong><\/p>\n<ol class=\"p-rich_text_list p-rich_text_list__ordered\" data-stringify-type=\"ordered-list\" data-indent=\"0\" data-border=\"0\">\n<li data-stringify-indent=\"0\" data-stringify-border=\"0\">Economia, Empregabilidade e renda;<\/li>\n<li data-stringify-indent=\"0\" data-stringify-border=\"0\">\u00a0Sa\u00fade e Assist\u00eancia;<\/li>\n<li data-stringify-indent=\"0\" data-stringify-border=\"0\">Seguran\u00e7a;<\/li>\n<li data-stringify-indent=\"0\" data-stringify-border=\"0\">Cultura e Religiosidade;<\/li>\n<li data-stringify-indent=\"0\" data-stringify-border=\"0\">Campo, Quilombos, Comunidades Tradicionais;<\/li>\n<li data-stringify-indent=\"0\" data-stringify-border=\"0\">Meio Ambiente e Mudan\u00e7as Clim\u00e1ticas;<\/li>\n<li data-stringify-indent=\"0\" data-stringify-border=\"0\">Cidades e Territ\u00f3rios Urbanos;<\/li>\n<li data-stringify-indent=\"0\" data-stringify-border=\"0\">Educa\u00e7\u00e3o.<\/li>\n<\/ol>\n<p><strong>17h30:<\/strong> <b data-stringify-type=\"bold\">OS DESAFIOS ELEITORAIS DE 2024 PARA AS NEGRAS E NEGROS<\/b><\/p>\n<p><b data-stringify-type=\"bold\">Luciana Ara\u00fajo:\u00a0<\/b>integra o conselho curador da Funda\u00e7\u00e3o Lauro Campos &amp; Marielle Franco, ativista da Marcha de Mulheres Negras de S\u00e3o Paulo, do Movimento Negro Unificado (MNU) e articuladora do Mobiliza Saracura Vai-Vai.<\/p>\n<p data-pm-slice=\"1 1 []\"><strong>Enfermeira Nazar\u00e9 Lima<\/strong>: Professora de enfermagem na Universidade Federal do Par\u00e1 (UFPA) e vereadora de Bel\u00e9m (PA).<\/p>\n<p><b data-stringify-type=\"bold\">Camila Valad\u00e3o:\u00a0<\/b>Deputada estadual do PSOL no Esp\u00edrito Santo e pr\u00e9-candidata \u00e0 Prefeitura de Vit\u00f3ria (ES) pelo PSOL.<\/p>\n<p><b data-stringify-type=\"bold\">Kleber Rosa:<\/b>\u00a0Cientista social, ativista do movimento negro e pr\u00e9-candidato \u00e0 Prefeitura de Salvador (BA) pelo PSOL.<\/p>\n<p><b data-stringify-type=\"bold\">Juliana Drumond:<\/b>\u00a0pr\u00e9-candidata \u00e0 Prefeitura de S\u00e3o Jo\u00e3o de Meriti (RJ) pelo PSOL.<\/p>\n<h6><em><strong>DOMINGO (28)<\/strong><\/em><\/h6>\n<p><strong>9h:<\/strong> <b data-stringify-type=\"bold\">PLEN\u00c1RIA PARA APRESENTA\u00c7\u00c3O DE TESES E APROVA\u00c7\u00c3O DE RESOLU\u00c7\u00d5ES<\/b><\/p>\n<p><strong>11h:<\/strong> <b data-stringify-type=\"bold\">PLEN\u00c1RIA FINAL &#8211; ENCAMINHAMENTOS DE PERFIL, FUNCIONAMENTO E INSTALA\u00c7\u00c3O DA SETORIAL<\/b><\/p>\n","protected":false},"excerpt":{"rendered":"<p>Acontece neste final de semana, entre os dias 26 e 28 de abril, em Salvador (BA) o II Encontro Nacional de Negritude do PSOL. Ao longo de todo o final de semana acontecer\u00e3o discuss\u00f5es sobre o Programa Nacional de Negritude do partido, a participa\u00e7\u00e3o dos negros e negras do PSOL nas elei\u00e7\u00f5es, al\u00e9m de debater [&hellip;]<\/p>\n","protected":false},"author":2,"featured_media":39454,"comment_status":"closed","ping_status":"open","sticky":false,"template":"","format":"standard","meta":{"_acf_changed":false,"footnotes":""},"categories":[14],"tags":[4825],"class_list":{"0":"post-39451","1":"post","2":"type-post","3":"status-publish","4":"format-standard","5":"has-post-thumbnail","7":"category-partido","8":"tag-noticias"},"acf":[],"yoast_head":"<!-- This site is optimized with the Yoast SEO plugin v26.5 - https:\/\/yoast.com\/wordpress\/plugins\/seo\/ -->\n<title>Confira a programa\u00e7\u00e3o do II Encontro Nacional de Negritude do PSOL<\/title>\n<meta name=\"description\" content=\"Evento reunir\u00e1 centenas de militantes negros e negras do PSOL entre os dias 26 e 28 de abril em Salvador (BA).\" \/>\n<meta name=\"robots\" content=\"index, follow, max-snippet:-1, max-image-preview:large, max-video-preview:-1\" \/>\n<link rel=\"canonical\" href=\"https:\/\/psol50.org.br\/confira-a-programacao-do-ii-encontro-nacional-de-negritude-do-psol\/\" \/>\n<meta property=\"og:locale\" content=\"pt_BR\" \/>\n<meta property=\"og:type\" content=\"article\" \/>\n<meta property=\"og:title\" content=\"Confira a programa\u00e7\u00e3o do II Encontro Nacional de Negritude do PSOL\" \/>\n<meta property=\"og:description\" content=\"Evento reunir\u00e1 centenas de militantes negros e negras do PSOL entre os dias 26 e 28 de abril em Salvador (BA).\" \/>\n<meta property=\"og:url\" content=\"https:\/\/psol50.org.br\/confira-a-programacao-do-ii-encontro-nacional-de-negritude-do-psol\/\" \/>\n<meta property=\"og:site_name\" content=\"PSOL 50\" \/>\n<meta property=\"article:publisher\" content=\"https:\/\/www.facebook.com\/psol50\" \/>\n<meta property=\"article:published_time\" content=\"2024-04-24T20:22:27+00:00\" \/>\n<meta property=\"article:modified_time\" content=\"2024-05-06T14:43:32+00:00\" \/>\n<meta property=\"og:image\" content=\"https:\/\/psol50.org.br\/inc\/uploads\/2024\/04\/Captura-de-Tela-2024-04-24-as-17.21.49.png\" \/>\n\t<meta property=\"og:image:width\" content=\"2044\" \/>\n\t<meta property=\"og:image:height\" content=\"1096\" \/>\n\t<meta property=\"og:image:type\" content=\"image\/png\" \/>\n<meta name=\"author\" content=\"Comunica\u00e7\u00e3o PSOL\" \/>\n<meta name=\"twitter:card\" content=\"summary_large_image\" \/>\n<meta name=\"twitter:creator\" content=\"@psol50\" \/>\n<meta name=\"twitter:site\" content=\"@psol50\" \/>\n<meta name=\"twitter:label1\" content=\"Escrito por\" \/>\n\t<meta name=\"twitter:data1\" content=\"Comunica\u00e7\u00e3o PSOL\" \/>\n\t<meta name=\"twitter:label2\" content=\"Est. tempo de leitura\" \/>\n\t<meta name=\"twitter:data2\" content=\"3 minutos\" \/>\n<script type=\"application\/ld+json\" class=\"yoast-schema-graph\">{\"@context\":\"https:\/\/schema.org\",\"@graph\":[{\"@type\":\"Article\",\"@id\":\"https:\/\/psol50.org.br\/confira-a-programacao-do-ii-encontro-nacional-de-negritude-do-psol\/#article\",\"isPartOf\":{\"@id\":\"https:\/\/psol50.org.br\/confira-a-programacao-do-ii-encontro-nacional-de-negritude-do-psol\/\"},\"author\":{\"name\":\"Comunica\u00e7\u00e3o PSOL\",\"@id\":\"https:\/\/psol50.org.br\/#\/schema\/person\/475dfa57d0b815993c714c2e96491fcd\"},\"headline\":\"Confira a programa\u00e7\u00e3o do II Encontro Nacional de Negritude do PSOL\",\"datePublished\":\"2024-04-24T20:22:27+00:00\",\"dateModified\":\"2024-05-06T14:43:32+00:00\",\"mainEntityOfPage\":{\"@id\":\"https:\/\/psol50.org.br\/confira-a-programacao-do-ii-encontro-nacional-de-negritude-do-psol\/\"},\"wordCount\":701,\"publisher\":{\"@id\":\"https:\/\/psol50.org.br\/#organization\"},\"image\":{\"@id\":\"https:\/\/psol50.org.br\/confira-a-programacao-do-ii-encontro-nacional-de-negritude-do-psol\/#primaryimage\"},\"thumbnailUrl\":\"https:\/\/psol50.org.br\/inc\/uploads\/2024\/04\/Captura-de-Tela-2024-04-24-as-17.21.49.png\",\"keywords\":[\"Not\u00edcias\"],\"articleSection\":[\"Partido\"],\"inLanguage\":\"pt-BR\"},{\"@type\":\"WebPage\",\"@id\":\"https:\/\/psol50.org.br\/confira-a-programacao-do-ii-encontro-nacional-de-negritude-do-psol\/\",\"url\":\"https:\/\/psol50.org.br\/confira-a-programacao-do-ii-encontro-nacional-de-negritude-do-psol\/\",\"name\":\"Confira a programa\u00e7\u00e3o do II Encontro Nacional de Negritude do PSOL\",\"isPartOf\":{\"@id\":\"https:\/\/psol50.org.br\/#website\"},\"primaryImageOfPage\":{\"@id\":\"https:\/\/psol50.org.br\/confira-a-programacao-do-ii-encontro-nacional-de-negritude-do-psol\/#primaryimage\"},\"image\":{\"@id\":\"https:\/\/psol50.org.br\/confira-a-programacao-do-ii-encontro-nacional-de-negritude-do-psol\/#primaryimage\"},\"thumbnailUrl\":\"https:\/\/psol50.org.br\/inc\/uploads\/2024\/04\/Captura-de-Tela-2024-04-24-as-17.21.49.png\",\"datePublished\":\"2024-04-24T20:22:27+00:00\",\"dateModified\":\"2024-05-06T14:43:32+00:00\",\"description\":\"Evento reunir\u00e1 centenas de militantes negros e negras do PSOL entre os dias 26 e 28 de abril em Salvador (BA).\",\"breadcrumb\":{\"@id\":\"https:\/\/psol50.org.br\/confira-a-programacao-do-ii-encontro-nacional-de-negritude-do-psol\/#breadcrumb\"},\"inLanguage\":\"pt-BR\",\"potentialAction\":[{\"@type\":\"ReadAction\",\"target\":[\"https:\/\/psol50.org.br\/confira-a-programacao-do-ii-encontro-nacional-de-negritude-do-psol\/\"]}]},{\"@type\":\"ImageObject\",\"inLanguage\":\"pt-BR\",\"@id\":\"https:\/\/psol50.org.br\/confira-a-programacao-do-ii-encontro-nacional-de-negritude-do-psol\/#primaryimage\",\"url\":\"https:\/\/psol50.org.br\/inc\/uploads\/2024\/04\/Captura-de-Tela-2024-04-24-as-17.21.49.png\",\"contentUrl\":\"https:\/\/psol50.org.br\/inc\/uploads\/2024\/04\/Captura-de-Tela-2024-04-24-as-17.21.49.png\",\"width\":2044,\"height\":1096},{\"@type\":\"BreadcrumbList\",\"@id\":\"https:\/\/psol50.org.br\/confira-a-programacao-do-ii-encontro-nacional-de-negritude-do-psol\/#breadcrumb\",\"itemListElement\":[{\"@type\":\"ListItem\",\"position\":1,\"name\":\"In\u00edcio\",\"item\":\"https:\/\/psol50.org.br\/\"},{\"@type\":\"ListItem\",\"position\":2,\"name\":\"Confira a programa\u00e7\u00e3o do II Encontro Nacional de Negritude do PSOL\"}]},{\"@type\":\"WebSite\",\"@id\":\"https:\/\/psol50.org.br\/#website\",\"url\":\"https:\/\/psol50.org.br\/\",\"name\":\"PSOL 50\",\"description\":\"Site oficial do Partido Socialismo e Liberdade\",\"publisher\":{\"@id\":\"https:\/\/psol50.org.br\/#organization\"},\"alternateName\":\"PSOL50\",\"potentialAction\":[{\"@type\":\"SearchAction\",\"target\":{\"@type\":\"EntryPoint\",\"urlTemplate\":\"https:\/\/psol50.org.br\/?s={search_term_string}\"},\"query-input\":{\"@type\":\"PropertyValueSpecification\",\"valueRequired\":true,\"valueName\":\"search_term_string\"}}],\"inLanguage\":\"pt-BR\"},{\"@type\":\"Organization\",\"@id\":\"https:\/\/psol50.org.br\/#organization\",\"name\":\"PSOL 50\",\"alternateName\":\"PSOL 50\",\"url\":\"https:\/\/psol50.org.br\/\",\"logo\":{\"@type\":\"ImageObject\",\"inLanguage\":\"pt-BR\",\"@id\":\"https:\/\/psol50.org.br\/#\/schema\/logo\/image\/\",\"url\":\"https:\/\/psol50.org.br\/inc\/uploads\/2018\/07\/capa.png\",\"contentUrl\":\"https:\/\/psol50.org.br\/inc\/uploads\/2018\/07\/capa.png\",\"width\":1350,\"height\":900,\"caption\":\"PSOL 50\"},\"image\":{\"@id\":\"https:\/\/psol50.org.br\/#\/schema\/logo\/image\/\"},\"sameAs\":[\"https:\/\/www.facebook.com\/psol50\",\"https:\/\/x.com\/psol50\",\"https:\/\/www.instagram.com\/psol50\/\",\"https:\/\/www.youtube.com\/channel\/UC7SnJS5o1os7a6CaiNabzcg\"]},{\"@type\":\"Person\",\"@id\":\"https:\/\/psol50.org.br\/#\/schema\/person\/475dfa57d0b815993c714c2e96491fcd\",\"name\":\"Comunica\u00e7\u00e3o PSOL\",\"image\":{\"@type\":\"ImageObject\",\"inLanguage\":\"pt-BR\",\"@id\":\"https:\/\/psol50.org.br\/#\/schema\/person\/image\/\",\"url\":\"https:\/\/secure.gravatar.com\/avatar\/b34fc4f4e468a4e51785917065a3db57b841f5c95dba6ad8c73aaf8f66f8f9bf?s=96&d=mm&r=g\",\"contentUrl\":\"https:\/\/secure.gravatar.com\/avatar\/b34fc4f4e468a4e51785917065a3db57b841f5c95dba6ad8c73aaf8f66f8f9bf?s=96&d=mm&r=g\",\"caption\":\"Comunica\u00e7\u00e3o PSOL\"}}]}<\/script>\n<!-- \/ Yoast SEO plugin. -->","yoast_head_json":{"title":"Confira a programa\u00e7\u00e3o do II Encontro Nacional de Negritude do PSOL","description":"Evento reunir\u00e1 centenas de militantes negros e negras do PSOL entre os dias 26 e 28 de abril em Salvador (BA).","robots":{"index":"index","follow":"follow","max-snippet":"max-snippet:-1","max-image-preview":"max-image-preview:large","max-video-preview":"max-video-preview:-1"},"canonical":"https:\/\/psol50.org.br\/confira-a-programacao-do-ii-encontro-nacional-de-negritude-do-psol\/","og_locale":"pt_BR","og_type":"article","og_title":"Confira a programa\u00e7\u00e3o do II Encontro Nacional de Negritude do PSOL","og_description":"Evento reunir\u00e1 centenas de militantes negros e negras do PSOL entre os dias 26 e 28 de abril em Salvador (BA).","og_url":"https:\/\/psol50.org.br\/confira-a-programacao-do-ii-encontro-nacional-de-negritude-do-psol\/","og_site_name":"PSOL 50","article_publisher":"https:\/\/www.facebook.com\/psol50","article_published_time":"2024-04-24T20:22:27+00:00","article_modified_time":"2024-05-06T14:43:32+00:00","og_image":[{"width":2044,"height":1096,"url":"https:\/\/psol50.org.br\/inc\/uploads\/2024\/04\/Captura-de-Tela-2024-04-24-as-17.21.49.png","type":"image\/png"}],"author":"Comunica\u00e7\u00e3o PSOL","twitter_card":"summary_large_image","twitter_creator":"@psol50","twitter_site":"@psol50","twitter_misc":{"Escrito por":"Comunica\u00e7\u00e3o PSOL","Est. tempo de leitura":"3 minutos"},"schema":{"@context":"https:\/\/schema.org","@graph":[{"@type":"Article","@id":"https:\/\/psol50.org.br\/confira-a-programacao-do-ii-encontro-nacional-de-negritude-do-psol\/#article","isPartOf":{"@id":"https:\/\/psol50.org.br\/confira-a-programacao-do-ii-encontro-nacional-de-negritude-do-psol\/"},"author":{"name":"Comunica\u00e7\u00e3o PSOL","@id":"https:\/\/psol50.org.br\/#\/schema\/person\/475dfa57d0b815993c714c2e96491fcd"},"headline":"Confira a programa\u00e7\u00e3o do II Encontro Nacional de Negritude do PSOL","datePublished":"2024-04-24T20:22:27+00:00","dateModified":"2024-05-06T14:43:32+00:00","mainEntityOfPage":{"@id":"https:\/\/psol50.org.br\/confira-a-programacao-do-ii-encontro-nacional-de-negritude-do-psol\/"},"wordCount":701,"publisher":{"@id":"https:\/\/psol50.org.br\/#organization"},"image":{"@id":"https:\/\/psol50.org.br\/confira-a-programacao-do-ii-encontro-nacional-de-negritude-do-psol\/#primaryimage"},"thumbnailUrl":"https:\/\/psol50.org.br\/inc\/uploads\/2024\/04\/Captura-de-Tela-2024-04-24-as-17.21.49.png","keywords":["Not\u00edcias"],"articleSection":["Partido"],"inLanguage":"pt-BR"},{"@type":"WebPage","@id":"https:\/\/psol50.org.br\/confira-a-programacao-do-ii-encontro-nacional-de-negritude-do-psol\/","url":"https:\/\/psol50.org.br\/confira-a-programacao-do-ii-encontro-nacional-de-negritude-do-psol\/","name":"Confira a programa\u00e7\u00e3o do II Encontro Nacional de Negritude do PSOL","isPartOf":{"@id":"https:\/\/psol50.org.br\/#website"},"primaryImageOfPage":{"@id":"https:\/\/psol50.org.br\/confira-a-programacao-do-ii-encontro-nacional-de-negritude-do-psol\/#primaryimage"},"image":{"@id":"https:\/\/psol50.org.br\/confira-a-programacao-do-ii-encontro-nacional-de-negritude-do-psol\/#primaryimage"},"thumbnailUrl":"https:\/\/psol50.org.br\/inc\/uploads\/2024\/04\/Captura-de-Tela-2024-04-24-as-17.21.49.png","datePublished":"2024-04-24T20:22:27+00:00","dateModified":"2024-05-06T14:43:32+00:00","description":"Evento reunir\u00e1 centenas de militantes negros e negras do PSOL entre os dias 26 e 28 de abril em Salvador (BA).","breadcrumb":{"@id":"https:\/\/psol50.org.br\/confira-a-programacao-do-ii-encontro-nacional-de-negritude-do-psol\/#breadcrumb"},"inLanguage":"pt-BR","potentialAction":[{"@type":"ReadAction","target":["https:\/\/psol50.org.br\/confira-a-programacao-do-ii-encontro-nacional-de-negritude-do-psol\/"]}]},{"@type":"ImageObject","inLanguage":"pt-BR","@id":"https:\/\/psol50.org.br\/confira-a-programacao-do-ii-encontro-nacional-de-negritude-do-psol\/#primaryimage","url":"https:\/\/psol50.org.br\/inc\/uploads\/2024\/04\/Captura-de-Tela-2024-04-24-as-17.21.49.png","contentUrl":"https:\/\/psol50.org.br\/inc\/uploads\/2024\/04\/Captura-de-Tela-2024-04-24-as-17.21.49.png","width":2044,"height":1096},{"@type":"BreadcrumbList","@id":"https:\/\/psol50.org.br\/confira-a-programacao-do-ii-encontro-nacional-de-negritude-do-psol\/#breadcrumb","itemListElement":[{"@type":"ListItem","position":1,"name":"In\u00edcio","item":"https:\/\/psol50.org.br\/"},{"@type":"ListItem","position":2,"name":"Confira a programa\u00e7\u00e3o do II Encontro Nacional de Negritude do PSOL"}]},{"@type":"WebSite","@id":"https:\/\/psol50.org.br\/#website","url":"https:\/\/psol50.org.br\/","name":"PSOL 50","description":"Site oficial do Partido Socialismo e Liberdade","publisher":{"@id":"https:\/\/psol50.org.br\/#organization"},"alternateName":"PSOL50","potentialAction":[{"@type":"SearchAction","target":{"@type":"EntryPoint","urlTemplate":"https:\/\/psol50.org.br\/?s={search_term_string}"},"query-input":{"@type":"PropertyValueSpecification","valueRequired":true,"valueName":"search_term_string"}}],"inLanguage":"pt-BR"},{"@type":"Organization","@id":"https:\/\/psol50.org.br\/#organization","name":"PSOL 50","alternateName":"PSOL 50","url":"https:\/\/psol50.org.br\/","logo":{"@type":"ImageObject","inLanguage":"pt-BR","@id":"https:\/\/psol50.org.br\/#\/schema\/logo\/image\/","url":"https:\/\/psol50.org.br\/inc\/uploads\/2018\/07\/capa.png","contentUrl":"https:\/\/psol50.org.br\/inc\/uploads\/2018\/07\/capa.png","width":1350,"height":900,"caption":"PSOL 50"},"image":{"@id":"https:\/\/psol50.org.br\/#\/schema\/logo\/image\/"},"sameAs":["https:\/\/www.facebook.com\/psol50","https:\/\/x.com\/psol50","https:\/\/www.instagram.com\/psol50\/","https:\/\/www.youtube.com\/channel\/UC7SnJS5o1os7a6CaiNabzcg"]},{"@type":"Person","@id":"https:\/\/psol50.org.br\/#\/schema\/person\/475dfa57d0b815993c714c2e96491fcd","name":"Comunica\u00e7\u00e3o PSOL","image":{"@type":"ImageObject","inLanguage":"pt-BR","@id":"https:\/\/psol50.org.br\/#\/schema\/person\/image\/","url":"https:\/\/secure.gravatar.com\/avatar\/b34fc4f4e468a4e51785917065a3db57b841f5c95dba6ad8c73aaf8f66f8f9bf?s=96&d=mm&r=g","contentUrl":"https:\/\/secure.gravatar.com\/avatar\/b34fc4f4e468a4e51785917065a3db57b841f5c95dba6ad8c73aaf8f66f8f9bf?s=96&d=mm&r=g","caption":"Comunica\u00e7\u00e3o PSOL"}}]}},"_links":{"self":[{"href":"https:\/\/psol50.org.br\/rest\/wp\/v2\/posts\/39451","targetHints":{"allow":["GET"]}}],"collection":[{"href":"https:\/\/psol50.org.br\/rest\/wp\/v2\/posts"}],"about":[{"href":"https:\/\/psol50.org.br\/rest\/wp\/v2\/types\/post"}],"author":[{"embeddable":true,"href":"https:\/\/psol50.org.br\/rest\/wp\/v2\/users\/2"}],"replies":[{"embeddable":true,"href":"https:\/\/psol50.org.br\/rest\/wp\/v2\/comments?post=39451"}],"version-history":[{"count":6,"href":"https:\/\/psol50.org.br\/rest\/wp\/v2\/posts\/39451\/revisions"}],"predecessor-version":[{"id":39458,"href":"https:\/\/psol50.org.br\/rest\/wp\/v2\/posts\/39451\/revisions\/39458"}],"wp:featuredmedia":[{"embeddable":true,"href":"https:\/\/psol50.org.br\/rest\/wp\/v2\/media\/39454"}],"wp:attachment":[{"href":"https:\/\/psol50.org.br\/rest\/wp\/v2\/media?parent=39451"}],"wp:term":[{"taxonomy":"category","embeddable":true,"href":"https:\/\/psol50.org.br\/rest\/wp\/v2\/categories?post=39451"},{"taxonomy":"post_tag","embeddable":true,"href":"https:\/\/psol50.org.br\/rest\/wp\/v2\/tags?post=39451"}],"curies":[{"name":"wp","href":"https:\/\/api.w.org\/{rel}","templated":true}]}}