{"id":39864,"date":"2024-08-01T16:35:34","date_gmt":"2024-08-01T19:35:34","guid":{"rendered":"https:\/\/psol50.org.br\/?p=39864"},"modified":"2025-05-21T16:11:49","modified_gmt":"2025-05-21T19:11:49","slug":"com-acao-do-psol-stf-cobra-que-congresso-acabe-de-vez-com-o-orcamento-secreto","status":"publish","type":"post","link":"https:\/\/psol50.org.br\/com-acao-do-psol-stf-cobra-que-congresso-acabe-de-vez-com-o-orcamento-secreto\/","title":{"rendered":"Com a\u00e7\u00e3o do PSOL, STF cobra que Congresso acabe de vez com o or\u00e7amento secreto"},"content":{"rendered":"<p>O ministro Fl\u00e1vio Dino, do Supremo Tribunal Federal (STF), determinou nesta quinta-feira (1) que recursos p\u00fablicos vindos das chamadas &#8220;emendas de relator&#8221; e &#8220;emendas de comiss\u00e3o&#8221; apenas sejam efetivamente pagos pelo Poder Executivo mediante sua pr\u00e9via e total transpar\u00eancia e rastreabilidade.<\/p>\n<p>A decis\u00e3o, tomada no <strong><a href=\"https:\/\/psol50.org.br\/stf-acata-acao-do-psol-e-acaba-com-o-orcamento-secreto-do-governo-bolsonaro\/\" target=\"_blank\" rel=\"noopener\">\u00e2mbito da ADPF 854 apresentada pelo PSOL<\/a><\/strong>, busca finalmente efetivar a decis\u00e3o do STF que declarou inconstitucional o que ficou conhecido como &#8220;or\u00e7amento secreto&#8221;, um mecanismo de indica\u00e7\u00e3o de recursos p\u00fablicos pelo Congresso a suas bases eleitorais que acontece sem nenhuma transpar\u00eancia, nem de quem indicou os recursos como para onde eles foram destinados.<\/p>\n<p>Em audi\u00eancia nesta quinta pela manh\u00e3, o ministro Fl\u00e1vio Dino utilizou informa\u00e7\u00f5es da Transpar\u00eancia Brasil e da Transpar\u00eancia Internacional para apresentar que o entendimento da Corte n\u00e3o estaria sendo cumprido em rela\u00e7\u00e3o \u00e0 transpar\u00eancia da execu\u00e7\u00e3o das emendas e que teriam sido criadas novas modalidades de or\u00e7amento secreto.<\/p>\n<p>O grupo de Arthur Lira na C\u00e2mara transferiu o expediente do &#8220;or\u00e7amento secreto&#8221; das emendas RP9 (as &#8220;emendas de relator&#8221;) para as emendas RP8 (as &#8220;emendas de comiss\u00e3o&#8221;), que tamb\u00e9m s\u00e3o indicadas sem isonomia entre os parlamentares e bancadas &#8211; ou seja, baseadas em fisiologismos e compras de voto e de apoios dos parlamentares -, al\u00e9m de tamb\u00e9m n\u00e3o serem transparentes na distribui\u00e7\u00e3o dos recursos.<\/p>\n<p>&#8220;O Supremo n\u00e3o declarou a falta de transpar\u00eancia na RP9 [emenda de relator]. A raz\u00e3o de decidir do Supremo \u00e9 que qualquer modalidade de or\u00e7amento secreto fica banida&#8221;, disse Dino.<\/p>\n<p>O ministro deu prazo de 30 dias para o Executivo e o Legislativo complementarem informa\u00e7\u00f5es e que, no mesmo per\u00edodo, seja feita prova t\u00e9cnica pela Controladoria Geral da Uni\u00e3o (CGU).<\/p>\n<p>\u201cPretendemos que haja delibera\u00e7\u00f5es concretas de procedimentos, prazos, medidas, para que essa quest\u00e3o, essa controv\u00e9rsia, seja elucidada e n\u00f3s tenhamos efetivamente o fim do or\u00e7amento secreto do Brasil. Esse \u00e9 o objetivo dessa audi\u00eancia\u201d, concluiu o ministro Fl\u00e1vio Dino.<\/p>\n","protected":false},"excerpt":{"rendered":"<p>O ministro Fl\u00e1vio Dino, do Supremo Tribunal Federal (STF), determinou nesta quinta-feira (1) que recursos p\u00fablicos vindos das chamadas &#8220;emendas de relator&#8221; e &#8220;emendas de comiss\u00e3o&#8221; apenas sejam efetivamente pagos pelo Poder Executivo mediante sua pr\u00e9via e total transpar\u00eancia e rastreabilidade. A decis\u00e3o, tomada no \u00e2mbito da ADPF 854 apresentada pelo PSOL, busca finalmente efetivar [&hellip;]<\/p>\n","protected":false},"author":2,"featured_media":39866,"comment_status":"closed","ping_status":"open","sticky":false,"template":"","format":"standard","meta":{"_acf_changed":false,"footnotes":""},"categories":[1664,6530],"tags":[6531,4825],"class_list":{"0":"post-39864","1":"post","2":"type-post","3":"status-publish","4":"format-standard","5":"has-post-thumbnail","7":"category-acao-do-psol","8":"category-acoes-juridicas","9":"tag-acoes-juridicas","10":"tag-noticias"},"acf":[],"yoast_head":"<!-- This site is optimized with the Yoast SEO plugin v26.5 - https:\/\/yoast.com\/wordpress\/plugins\/seo\/ -->\n<title>Com a\u00e7\u00e3o do PSOL, STF cobra que Congresso acabe de vez com o or\u00e7amento secreto<\/title>\n<meta name=\"description\" content=\"Em audi\u00eancia nesta quinta (1), o ministro Fl\u00e1vio Dino exigiu transpar\u00eancia de emendas parlamentares e cobrou explica\u00e7\u00f5es do Congresso.\" \/>\n<meta name=\"robots\" content=\"index, follow, max-snippet:-1, max-image-preview:large, max-video-preview:-1\" \/>\n<link rel=\"canonical\" href=\"https:\/\/psol50.org.br\/com-acao-do-psol-stf-cobra-que-congresso-acabe-de-vez-com-o-orcamento-secreto\/\" \/>\n<meta property=\"og:locale\" content=\"pt_BR\" \/>\n<meta property=\"og:type\" content=\"article\" \/>\n<meta property=\"og:title\" content=\"Com a\u00e7\u00e3o do PSOL, STF cobra que Congresso acabe de vez com o or\u00e7amento secreto\" \/>\n<meta property=\"og:description\" content=\"Em audi\u00eancia nesta quinta (1), o ministro Fl\u00e1vio Dino exigiu transpar\u00eancia de emendas parlamentares e cobrou explica\u00e7\u00f5es do Congresso.\" \/>\n<meta property=\"og:url\" content=\"https:\/\/psol50.org.br\/com-acao-do-psol-stf-cobra-que-congresso-acabe-de-vez-com-o-orcamento-secreto\/\" \/>\n<meta property=\"og:site_name\" content=\"PSOL 50\" \/>\n<meta property=\"article:publisher\" content=\"https:\/\/www.facebook.com\/psol50\" \/>\n<meta property=\"article:published_time\" content=\"2024-08-01T19:35:34+00:00\" \/>\n<meta property=\"article:modified_time\" content=\"2025-05-21T19:11:49+00:00\" \/>\n<meta property=\"og:image\" content=\"https:\/\/psol50.org.br\/inc\/uploads\/2024\/08\/53894374432_966b2c13c7_c.jpg\" \/>\n\t<meta property=\"og:image:width\" content=\"800\" \/>\n\t<meta property=\"og:image:height\" content=\"534\" \/>\n\t<meta property=\"og:image:type\" content=\"image\/jpeg\" \/>\n<meta name=\"author\" content=\"Comunica\u00e7\u00e3o PSOL\" \/>\n<meta name=\"twitter:card\" content=\"summary_large_image\" \/>\n<meta name=\"twitter:creator\" content=\"@psol50\" \/>\n<meta name=\"twitter:site\" content=\"@psol50\" \/>\n<meta name=\"twitter:label1\" content=\"Escrito por\" \/>\n\t<meta name=\"twitter:data1\" content=\"Comunica\u00e7\u00e3o PSOL\" \/>\n\t<meta name=\"twitter:label2\" content=\"Est. tempo de leitura\" \/>\n\t<meta name=\"twitter:data2\" content=\"2 minutos\" \/>\n<script type=\"application\/ld+json\" class=\"yoast-schema-graph\">{\"@context\":\"https:\/\/schema.org\",\"@graph\":[{\"@type\":\"Article\",\"@id\":\"https:\/\/psol50.org.br\/com-acao-do-psol-stf-cobra-que-congresso-acabe-de-vez-com-o-orcamento-secreto\/#article\",\"isPartOf\":{\"@id\":\"https:\/\/psol50.org.br\/com-acao-do-psol-stf-cobra-que-congresso-acabe-de-vez-com-o-orcamento-secreto\/\"},\"author\":{\"name\":\"Comunica\u00e7\u00e3o PSOL\",\"@id\":\"https:\/\/psol50.org.br\/#\/schema\/person\/475dfa57d0b815993c714c2e96491fcd\"},\"headline\":\"Com a\u00e7\u00e3o do PSOL, STF cobra que Congresso acabe de vez com o or\u00e7amento secreto\",\"datePublished\":\"2024-08-01T19:35:34+00:00\",\"dateModified\":\"2025-05-21T19:11:49+00:00\",\"mainEntityOfPage\":{\"@id\":\"https:\/\/psol50.org.br\/com-acao-do-psol-stf-cobra-que-congresso-acabe-de-vez-com-o-orcamento-secreto\/\"},\"wordCount\":367,\"publisher\":{\"@id\":\"https:\/\/psol50.org.br\/#organization\"},\"image\":{\"@id\":\"https:\/\/psol50.org.br\/com-acao-do-psol-stf-cobra-que-congresso-acabe-de-vez-com-o-orcamento-secreto\/#primaryimage\"},\"thumbnailUrl\":\"https:\/\/psol50.org.br\/inc\/uploads\/2024\/08\/53894374432_966b2c13c7_c.jpg\",\"keywords\":[\"A\u00e7\u00f5es Jur\u00eddicas\",\"Not\u00edcias\"],\"articleSection\":[\"A\u00e7\u00e3o do PSOL\",\"A\u00e7\u00f5es Jur\u00eddicas\"],\"inLanguage\":\"pt-BR\"},{\"@type\":\"WebPage\",\"@id\":\"https:\/\/psol50.org.br\/com-acao-do-psol-stf-cobra-que-congresso-acabe-de-vez-com-o-orcamento-secreto\/\",\"url\":\"https:\/\/psol50.org.br\/com-acao-do-psol-stf-cobra-que-congresso-acabe-de-vez-com-o-orcamento-secreto\/\",\"name\":\"Com a\u00e7\u00e3o do PSOL, STF cobra que Congresso acabe de vez com o or\u00e7amento secreto\",\"isPartOf\":{\"@id\":\"https:\/\/psol50.org.br\/#website\"},\"primaryImageOfPage\":{\"@id\":\"https:\/\/psol50.org.br\/com-acao-do-psol-stf-cobra-que-congresso-acabe-de-vez-com-o-orcamento-secreto\/#primaryimage\"},\"image\":{\"@id\":\"https:\/\/psol50.org.br\/com-acao-do-psol-stf-cobra-que-congresso-acabe-de-vez-com-o-orcamento-secreto\/#primaryimage\"},\"thumbnailUrl\":\"https:\/\/psol50.org.br\/inc\/uploads\/2024\/08\/53894374432_966b2c13c7_c.jpg\",\"datePublished\":\"2024-08-01T19:35:34+00:00\",\"dateModified\":\"2025-05-21T19:11:49+00:00\",\"description\":\"Em audi\u00eancia nesta quinta (1), o ministro Fl\u00e1vio Dino exigiu transpar\u00eancia de emendas parlamentares e cobrou explica\u00e7\u00f5es do Congresso.\",\"breadcrumb\":{\"@id\":\"https:\/\/psol50.org.br\/com-acao-do-psol-stf-cobra-que-congresso-acabe-de-vez-com-o-orcamento-secreto\/#breadcrumb\"},\"inLanguage\":\"pt-BR\",\"potentialAction\":[{\"@type\":\"ReadAction\",\"target\":[\"https:\/\/psol50.org.br\/com-acao-do-psol-stf-cobra-que-congresso-acabe-de-vez-com-o-orcamento-secreto\/\"]}]},{\"@type\":\"ImageObject\",\"inLanguage\":\"pt-BR\",\"@id\":\"https:\/\/psol50.org.br\/com-acao-do-psol-stf-cobra-que-congresso-acabe-de-vez-com-o-orcamento-secreto\/#primaryimage\",\"url\":\"https:\/\/psol50.org.br\/inc\/uploads\/2024\/08\/53894374432_966b2c13c7_c.jpg\",\"contentUrl\":\"https:\/\/psol50.org.br\/inc\/uploads\/2024\/08\/53894374432_966b2c13c7_c.jpg\",\"width\":800,\"height\":534,\"caption\":\"Foto: Gustavo Moreno\/STF\"},{\"@type\":\"BreadcrumbList\",\"@id\":\"https:\/\/psol50.org.br\/com-acao-do-psol-stf-cobra-que-congresso-acabe-de-vez-com-o-orcamento-secreto\/#breadcrumb\",\"itemListElement\":[{\"@type\":\"ListItem\",\"position\":1,\"name\":\"In\u00edcio\",\"item\":\"https:\/\/psol50.org.br\/\"},{\"@type\":\"ListItem\",\"position\":2,\"name\":\"Com a\u00e7\u00e3o do PSOL, STF cobra que Congresso acabe de vez com o or\u00e7amento secreto\"}]},{\"@type\":\"WebSite\",\"@id\":\"https:\/\/psol50.org.br\/#website\",\"url\":\"https:\/\/psol50.org.br\/\",\"name\":\"PSOL 50\",\"description\":\"Site oficial do Partido Socialismo e Liberdade\",\"publisher\":{\"@id\":\"https:\/\/psol50.org.br\/#organization\"},\"alternateName\":\"PSOL50\",\"potentialAction\":[{\"@type\":\"SearchAction\",\"target\":{\"@type\":\"EntryPoint\",\"urlTemplate\":\"https:\/\/psol50.org.br\/?s={search_term_string}\"},\"query-input\":{\"@type\":\"PropertyValueSpecification\",\"valueRequired\":true,\"valueName\":\"search_term_string\"}}],\"inLanguage\":\"pt-BR\"},{\"@type\":\"Organization\",\"@id\":\"https:\/\/psol50.org.br\/#organization\",\"name\":\"PSOL 50\",\"alternateName\":\"PSOL 50\",\"url\":\"https:\/\/psol50.org.br\/\",\"logo\":{\"@type\":\"ImageObject\",\"inLanguage\":\"pt-BR\",\"@id\":\"https:\/\/psol50.org.br\/#\/schema\/logo\/image\/\",\"url\":\"https:\/\/psol50.org.br\/inc\/uploads\/2018\/07\/capa.png\",\"contentUrl\":\"https:\/\/psol50.org.br\/inc\/uploads\/2018\/07\/capa.png\",\"width\":1350,\"height\":900,\"caption\":\"PSOL 50\"},\"image\":{\"@id\":\"https:\/\/psol50.org.br\/#\/schema\/logo\/image\/\"},\"sameAs\":[\"https:\/\/www.facebook.com\/psol50\",\"https:\/\/x.com\/psol50\",\"https:\/\/www.instagram.com\/psol50\/\",\"https:\/\/www.youtube.com\/channel\/UC7SnJS5o1os7a6CaiNabzcg\"]},{\"@type\":\"Person\",\"@id\":\"https:\/\/psol50.org.br\/#\/schema\/person\/475dfa57d0b815993c714c2e96491fcd\",\"name\":\"Comunica\u00e7\u00e3o PSOL\",\"image\":{\"@type\":\"ImageObject\",\"inLanguage\":\"pt-BR\",\"@id\":\"https:\/\/psol50.org.br\/#\/schema\/person\/image\/\",\"url\":\"https:\/\/secure.gravatar.com\/avatar\/b34fc4f4e468a4e51785917065a3db57b841f5c95dba6ad8c73aaf8f66f8f9bf?s=96&d=mm&r=g\",\"contentUrl\":\"https:\/\/secure.gravatar.com\/avatar\/b34fc4f4e468a4e51785917065a3db57b841f5c95dba6ad8c73aaf8f66f8f9bf?s=96&d=mm&r=g\",\"caption\":\"Comunica\u00e7\u00e3o PSOL\"}}]}<\/script>\n<!-- \/ Yoast SEO plugin. -->","yoast_head_json":{"title":"Com a\u00e7\u00e3o do PSOL, STF cobra que Congresso acabe de vez com o or\u00e7amento secreto","description":"Em audi\u00eancia nesta quinta (1), o ministro Fl\u00e1vio Dino exigiu transpar\u00eancia de emendas parlamentares e cobrou explica\u00e7\u00f5es do Congresso.","robots":{"index":"index","follow":"follow","max-snippet":"max-snippet:-1","max-image-preview":"max-image-preview:large","max-video-preview":"max-video-preview:-1"},"canonical":"https:\/\/psol50.org.br\/com-acao-do-psol-stf-cobra-que-congresso-acabe-de-vez-com-o-orcamento-secreto\/","og_locale":"pt_BR","og_type":"article","og_title":"Com a\u00e7\u00e3o do PSOL, STF cobra que Congresso acabe de vez com o or\u00e7amento secreto","og_description":"Em audi\u00eancia nesta quinta (1), o ministro Fl\u00e1vio Dino exigiu transpar\u00eancia de emendas parlamentares e cobrou explica\u00e7\u00f5es do Congresso.","og_url":"https:\/\/psol50.org.br\/com-acao-do-psol-stf-cobra-que-congresso-acabe-de-vez-com-o-orcamento-secreto\/","og_site_name":"PSOL 50","article_publisher":"https:\/\/www.facebook.com\/psol50","article_published_time":"2024-08-01T19:35:34+00:00","article_modified_time":"2025-05-21T19:11:49+00:00","og_image":[{"width":800,"height":534,"url":"https:\/\/psol50.org.br\/inc\/uploads\/2024\/08\/53894374432_966b2c13c7_c.jpg","type":"image\/jpeg"}],"author":"Comunica\u00e7\u00e3o PSOL","twitter_card":"summary_large_image","twitter_creator":"@psol50","twitter_site":"@psol50","twitter_misc":{"Escrito por":"Comunica\u00e7\u00e3o PSOL","Est. tempo de leitura":"2 minutos"},"schema":{"@context":"https:\/\/schema.org","@graph":[{"@type":"Article","@id":"https:\/\/psol50.org.br\/com-acao-do-psol-stf-cobra-que-congresso-acabe-de-vez-com-o-orcamento-secreto\/#article","isPartOf":{"@id":"https:\/\/psol50.org.br\/com-acao-do-psol-stf-cobra-que-congresso-acabe-de-vez-com-o-orcamento-secreto\/"},"author":{"name":"Comunica\u00e7\u00e3o PSOL","@id":"https:\/\/psol50.org.br\/#\/schema\/person\/475dfa57d0b815993c714c2e96491fcd"},"headline":"Com a\u00e7\u00e3o do PSOL, STF cobra que Congresso acabe de vez com o or\u00e7amento secreto","datePublished":"2024-08-01T19:35:34+00:00","dateModified":"2025-05-21T19:11:49+00:00","mainEntityOfPage":{"@id":"https:\/\/psol50.org.br\/com-acao-do-psol-stf-cobra-que-congresso-acabe-de-vez-com-o-orcamento-secreto\/"},"wordCount":367,"publisher":{"@id":"https:\/\/psol50.org.br\/#organization"},"image":{"@id":"https:\/\/psol50.org.br\/com-acao-do-psol-stf-cobra-que-congresso-acabe-de-vez-com-o-orcamento-secreto\/#primaryimage"},"thumbnailUrl":"https:\/\/psol50.org.br\/inc\/uploads\/2024\/08\/53894374432_966b2c13c7_c.jpg","keywords":["A\u00e7\u00f5es Jur\u00eddicas","Not\u00edcias"],"articleSection":["A\u00e7\u00e3o do PSOL","A\u00e7\u00f5es Jur\u00eddicas"],"inLanguage":"pt-BR"},{"@type":"WebPage","@id":"https:\/\/psol50.org.br\/com-acao-do-psol-stf-cobra-que-congresso-acabe-de-vez-com-o-orcamento-secreto\/","url":"https:\/\/psol50.org.br\/com-acao-do-psol-stf-cobra-que-congresso-acabe-de-vez-com-o-orcamento-secreto\/","name":"Com a\u00e7\u00e3o do PSOL, STF cobra que Congresso acabe de vez com o or\u00e7amento secreto","isPartOf":{"@id":"https:\/\/psol50.org.br\/#website"},"primaryImageOfPage":{"@id":"https:\/\/psol50.org.br\/com-acao-do-psol-stf-cobra-que-congresso-acabe-de-vez-com-o-orcamento-secreto\/#primaryimage"},"image":{"@id":"https:\/\/psol50.org.br\/com-acao-do-psol-stf-cobra-que-congresso-acabe-de-vez-com-o-orcamento-secreto\/#primaryimage"},"thumbnailUrl":"https:\/\/psol50.org.br\/inc\/uploads\/2024\/08\/53894374432_966b2c13c7_c.jpg","datePublished":"2024-08-01T19:35:34+00:00","dateModified":"2025-05-21T19:11:49+00:00","description":"Em audi\u00eancia nesta quinta (1), o ministro Fl\u00e1vio Dino exigiu transpar\u00eancia de emendas parlamentares e cobrou explica\u00e7\u00f5es do Congresso.","breadcrumb":{"@id":"https:\/\/psol50.org.br\/com-acao-do-psol-stf-cobra-que-congresso-acabe-de-vez-com-o-orcamento-secreto\/#breadcrumb"},"inLanguage":"pt-BR","potentialAction":[{"@type":"ReadAction","target":["https:\/\/psol50.org.br\/com-acao-do-psol-stf-cobra-que-congresso-acabe-de-vez-com-o-orcamento-secreto\/"]}]},{"@type":"ImageObject","inLanguage":"pt-BR","@id":"https:\/\/psol50.org.br\/com-acao-do-psol-stf-cobra-que-congresso-acabe-de-vez-com-o-orcamento-secreto\/#primaryimage","url":"https:\/\/psol50.org.br\/inc\/uploads\/2024\/08\/53894374432_966b2c13c7_c.jpg","contentUrl":"https:\/\/psol50.org.br\/inc\/uploads\/2024\/08\/53894374432_966b2c13c7_c.jpg","width":800,"height":534,"caption":"Foto: Gustavo Moreno\/STF"},{"@type":"BreadcrumbList","@id":"https:\/\/psol50.org.br\/com-acao-do-psol-stf-cobra-que-congresso-acabe-de-vez-com-o-orcamento-secreto\/#breadcrumb","itemListElement":[{"@type":"ListItem","position":1,"name":"In\u00edcio","item":"https:\/\/psol50.org.br\/"},{"@type":"ListItem","position":2,"name":"Com a\u00e7\u00e3o do PSOL, STF cobra que Congresso acabe de vez com o or\u00e7amento secreto"}]},{"@type":"WebSite","@id":"https:\/\/psol50.org.br\/#website","url":"https:\/\/psol50.org.br\/","name":"PSOL 50","description":"Site oficial do Partido Socialismo e Liberdade","publisher":{"@id":"https:\/\/psol50.org.br\/#organization"},"alternateName":"PSOL50","potentialAction":[{"@type":"SearchAction","target":{"@type":"EntryPoint","urlTemplate":"https:\/\/psol50.org.br\/?s={search_term_string}"},"query-input":{"@type":"PropertyValueSpecification","valueRequired":true,"valueName":"search_term_string"}}],"inLanguage":"pt-BR"},{"@type":"Organization","@id":"https:\/\/psol50.org.br\/#organization","name":"PSOL 50","alternateName":"PSOL 50","url":"https:\/\/psol50.org.br\/","logo":{"@type":"ImageObject","inLanguage":"pt-BR","@id":"https:\/\/psol50.org.br\/#\/schema\/logo\/image\/","url":"https:\/\/psol50.org.br\/inc\/uploads\/2018\/07\/capa.png","contentUrl":"https:\/\/psol50.org.br\/inc\/uploads\/2018\/07\/capa.png","width":1350,"height":900,"caption":"PSOL 50"},"image":{"@id":"https:\/\/psol50.org.br\/#\/schema\/logo\/image\/"},"sameAs":["https:\/\/www.facebook.com\/psol50","https:\/\/x.com\/psol50","https:\/\/www.instagram.com\/psol50\/","https:\/\/www.youtube.com\/channel\/UC7SnJS5o1os7a6CaiNabzcg"]},{"@type":"Person","@id":"https:\/\/psol50.org.br\/#\/schema\/person\/475dfa57d0b815993c714c2e96491fcd","name":"Comunica\u00e7\u00e3o PSOL","image":{"@type":"ImageObject","inLanguage":"pt-BR","@id":"https:\/\/psol50.org.br\/#\/schema\/person\/image\/","url":"https:\/\/secure.gravatar.com\/avatar\/b34fc4f4e468a4e51785917065a3db57b841f5c95dba6ad8c73aaf8f66f8f9bf?s=96&d=mm&r=g","contentUrl":"https:\/\/secure.gravatar.com\/avatar\/b34fc4f4e468a4e51785917065a3db57b841f5c95dba6ad8c73aaf8f66f8f9bf?s=96&d=mm&r=g","caption":"Comunica\u00e7\u00e3o PSOL"}}]}},"_links":{"self":[{"href":"https:\/\/psol50.org.br\/rest\/wp\/v2\/posts\/39864","targetHints":{"allow":["GET"]}}],"collection":[{"href":"https:\/\/psol50.org.br\/rest\/wp\/v2\/posts"}],"about":[{"href":"https:\/\/psol50.org.br\/rest\/wp\/v2\/types\/post"}],"author":[{"embeddable":true,"href":"https:\/\/psol50.org.br\/rest\/wp\/v2\/users\/2"}],"replies":[{"embeddable":true,"href":"https:\/\/psol50.org.br\/rest\/wp\/v2\/comments?post=39864"}],"version-history":[{"count":3,"href":"https:\/\/psol50.org.br\/rest\/wp\/v2\/posts\/39864\/revisions"}],"predecessor-version":[{"id":39868,"href":"https:\/\/psol50.org.br\/rest\/wp\/v2\/posts\/39864\/revisions\/39868"}],"wp:featuredmedia":[{"embeddable":true,"href":"https:\/\/psol50.org.br\/rest\/wp\/v2\/media\/39866"}],"wp:attachment":[{"href":"https:\/\/psol50.org.br\/rest\/wp\/v2\/media?parent=39864"}],"wp:term":[{"taxonomy":"category","embeddable":true,"href":"https:\/\/psol50.org.br\/rest\/wp\/v2\/categories?post=39864"},{"taxonomy":"post_tag","embeddable":true,"href":"https:\/\/psol50.org.br\/rest\/wp\/v2\/tags?post=39864"}],"curies":[{"name":"wp","href":"https:\/\/api.w.org\/{rel}","templated":true}]}}