{"id":40521,"date":"2024-12-18T15:39:47","date_gmt":"2024-12-18T18:39:47","guid":{"rendered":"https:\/\/psol50.org.br\/?p=40521"},"modified":"2025-05-21T16:08:21","modified_gmt":"2025-05-21T19:08:21","slug":"psol-entra-com-mandado-de-seguranca-no-stf-contra-arthur-lira-por-ilegalidade-na-distribuicao-de-emendas","status":"publish","type":"post","link":"https:\/\/psol50.org.br\/psol-entra-com-mandado-de-seguranca-no-stf-contra-arthur-lira-por-ilegalidade-na-distribuicao-de-emendas\/","title":{"rendered":"PSOL entra com mandado de seguran\u00e7a no STF contra Arthur Lira por ilegalidade na distribui\u00e7\u00e3o de emendas"},"content":{"rendered":"<p>A bancada do PSOL na C\u00e2mara dos Deputados entrou com um mandado de seguran\u00e7a no Supremo Tribunal Federal (STF) na \u00faltima ter\u00e7a-feira (17) para pedir a anula\u00e7\u00e3o de um ato de Arthur Lira (PP-AL) que ampliou o controle pessoal do presidente da Casa e de l\u00edderes partid\u00e1rios sobre o destino de emendas parlamentares. A a\u00e7\u00e3o no STF \u00e9 encabe\u00e7ada pelo deputado federal Glauber Braga e ser\u00e1 entregue ao ministro Fl\u00e1vio Dino, respons\u00e1vel na Corte pelo caso da transpar\u00eancia sobre as emendas parlamentares.<\/p>\n<p>Lira desrespeitou determina\u00e7\u00f5es da Suprema Corte e aplicou manobras ilegais na condu\u00e7\u00e3o da distribui\u00e7\u00e3o de emendas para beneficiar Alagoas, reduto eleitoral do deputado.<\/p>\n<p>O of\u00edcio sigiloso articulado pelo presidente da C\u00e2mara com apoio de uma s\u00e9rie de l\u00edderes partid\u00e1rios conseguiu a\u00a0inclus\u00e3o direta de 5.449 indica\u00e7\u00f5es de emendas que n\u00e3o t\u00eam registro em atas nem passaram por delibera\u00e7\u00e3o formal, conforme exigem as regras. Os valores envolvidos chegam a R$ 4,2 bilh\u00f5es.<\/p>\n<p>A iniciativa estaria articulada com ato assinado por Lira no mesmo dia: na \u00faltima quinta (12), o presidente da C\u00e2mara determinou o cancelamento de todas as agendas\u00a0de comiss\u00f5es legislativas at\u00e9 o final do ano alegando que os trabalhos seriam concentrados no plen\u00e1rio.<\/p>\n<p>Segundo as investiga\u00e7\u00f5es da revista <em>Piau\u00ed<\/em>, a medida aconteceu para impedir que os integrantes das comiss\u00f5es deliberassem sobre o destino das emendas, o que favoreceria o remanejo dos valores segundo a vontade de Lira e dos demais signat\u00e1rios do of\u00edcio.<\/p>\n<p>Por tr\u00e1s disso estaria o interesse do presidente da C\u00e2mara de capturar boa parte dos valores de emendas da Comiss\u00e3o de Integra\u00e7\u00e3o Nacional para o estado onde tem base eleitoral, Alagoas.<\/p>\n","protected":false},"excerpt":{"rendered":"<p>A bancada do PSOL na C\u00e2mara dos Deputados entrou com um mandado de seguran\u00e7a no Supremo Tribunal Federal (STF) na \u00faltima ter\u00e7a-feira (17) para pedir a anula\u00e7\u00e3o de um ato de Arthur Lira (PP-AL) que ampliou o controle pessoal do presidente da Casa e de l\u00edderes partid\u00e1rios sobre o destino de emendas parlamentares. A a\u00e7\u00e3o [&hellip;]<\/p>\n","protected":false},"author":2,"featured_media":40525,"comment_status":"closed","ping_status":"open","sticky":false,"template":"","format":"standard","meta":{"_acf_changed":false,"footnotes":""},"categories":[10,6530],"tags":[6531,4825],"class_list":{"0":"post-40521","1":"post","2":"type-post","3":"status-publish","4":"format-standard","5":"has-post-thumbnail","7":"category-acao-parlamentares","8":"category-acoes-juridicas","9":"tag-acoes-juridicas","10":"tag-noticias"},"acf":[],"yoast_head":"<!-- This site is optimized with the Yoast SEO plugin v26.5 - https:\/\/yoast.com\/wordpress\/plugins\/seo\/ -->\n<title>PSOL entra com mandado de seguran\u00e7a no STF contra Arthur Lira por ilegalidade na distribui\u00e7\u00e3o de emendas<\/title>\n<meta name=\"description\" content=\"A\u00e7\u00e3o busca suspens\u00e3o de libera\u00e7\u00e3o de emendas parlamentares ilegais que chegam ao valor de R$ 4,2 bilh\u00f5es.\" \/>\n<meta name=\"robots\" content=\"index, follow, max-snippet:-1, max-image-preview:large, max-video-preview:-1\" \/>\n<link rel=\"canonical\" href=\"https:\/\/psol50.org.br\/psol-entra-com-mandado-de-seguranca-no-stf-contra-arthur-lira-por-ilegalidade-na-distribuicao-de-emendas\/\" \/>\n<meta property=\"og:locale\" content=\"pt_BR\" \/>\n<meta property=\"og:type\" content=\"article\" \/>\n<meta property=\"og:title\" content=\"PSOL entra com mandado de seguran\u00e7a no STF contra Arthur Lira por ilegalidade na distribui\u00e7\u00e3o de emendas\" \/>\n<meta property=\"og:description\" content=\"A\u00e7\u00e3o busca suspens\u00e3o de libera\u00e7\u00e3o de emendas parlamentares ilegais que chegam ao valor de R$ 4,2 bilh\u00f5es.\" \/>\n<meta property=\"og:url\" content=\"https:\/\/psol50.org.br\/psol-entra-com-mandado-de-seguranca-no-stf-contra-arthur-lira-por-ilegalidade-na-distribuicao-de-emendas\/\" \/>\n<meta property=\"og:site_name\" content=\"PSOL 50\" \/>\n<meta property=\"article:publisher\" content=\"https:\/\/www.facebook.com\/psol50\" \/>\n<meta property=\"article:published_time\" content=\"2024-12-18T18:39:47+00:00\" \/>\n<meta property=\"article:modified_time\" content=\"2025-05-21T19:08:21+00:00\" \/>\n<meta property=\"og:image\" content=\"https:\/\/psol50.org.br\/inc\/uploads\/2024\/12\/WhatsApp-Image-2024-12-17-at-20.09.59.jpeg\" \/>\n\t<meta property=\"og:image:width\" content=\"1600\" \/>\n\t<meta property=\"og:image:height\" content=\"1066\" \/>\n\t<meta property=\"og:image:type\" content=\"image\/jpeg\" \/>\n<meta name=\"author\" content=\"Comunica\u00e7\u00e3o PSOL\" \/>\n<meta name=\"twitter:card\" content=\"summary_large_image\" \/>\n<meta name=\"twitter:creator\" content=\"@psol50\" \/>\n<meta name=\"twitter:site\" content=\"@psol50\" \/>\n<meta name=\"twitter:label1\" content=\"Escrito por\" \/>\n\t<meta name=\"twitter:data1\" content=\"Comunica\u00e7\u00e3o PSOL\" \/>\n\t<meta name=\"twitter:label2\" content=\"Est. tempo de leitura\" \/>\n\t<meta name=\"twitter:data2\" content=\"1 minuto\" \/>\n<script type=\"application\/ld+json\" class=\"yoast-schema-graph\">{\"@context\":\"https:\/\/schema.org\",\"@graph\":[{\"@type\":\"Article\",\"@id\":\"https:\/\/psol50.org.br\/psol-entra-com-mandado-de-seguranca-no-stf-contra-arthur-lira-por-ilegalidade-na-distribuicao-de-emendas\/#article\",\"isPartOf\":{\"@id\":\"https:\/\/psol50.org.br\/psol-entra-com-mandado-de-seguranca-no-stf-contra-arthur-lira-por-ilegalidade-na-distribuicao-de-emendas\/\"},\"author\":{\"name\":\"Comunica\u00e7\u00e3o PSOL\",\"@id\":\"https:\/\/psol50.org.br\/#\/schema\/person\/475dfa57d0b815993c714c2e96491fcd\"},\"headline\":\"PSOL entra com mandado de seguran\u00e7a no STF contra Arthur Lira por ilegalidade na distribui\u00e7\u00e3o de emendas\",\"datePublished\":\"2024-12-18T18:39:47+00:00\",\"dateModified\":\"2025-05-21T19:08:21+00:00\",\"mainEntityOfPage\":{\"@id\":\"https:\/\/psol50.org.br\/psol-entra-com-mandado-de-seguranca-no-stf-contra-arthur-lira-por-ilegalidade-na-distribuicao-de-emendas\/\"},\"wordCount\":317,\"publisher\":{\"@id\":\"https:\/\/psol50.org.br\/#organization\"},\"image\":{\"@id\":\"https:\/\/psol50.org.br\/psol-entra-com-mandado-de-seguranca-no-stf-contra-arthur-lira-por-ilegalidade-na-distribuicao-de-emendas\/#primaryimage\"},\"thumbnailUrl\":\"https:\/\/psol50.org.br\/inc\/uploads\/2024\/12\/WhatsApp-Image-2024-12-17-at-20.09.59.jpeg\",\"keywords\":[\"A\u00e7\u00f5es Jur\u00eddicas\",\"Not\u00edcias\"],\"articleSection\":[\"A\u00e7\u00e3o Parlamentar\",\"A\u00e7\u00f5es Jur\u00eddicas\"],\"inLanguage\":\"pt-BR\"},{\"@type\":\"WebPage\",\"@id\":\"https:\/\/psol50.org.br\/psol-entra-com-mandado-de-seguranca-no-stf-contra-arthur-lira-por-ilegalidade-na-distribuicao-de-emendas\/\",\"url\":\"https:\/\/psol50.org.br\/psol-entra-com-mandado-de-seguranca-no-stf-contra-arthur-lira-por-ilegalidade-na-distribuicao-de-emendas\/\",\"name\":\"PSOL entra com mandado de seguran\u00e7a no STF contra Arthur Lira por ilegalidade na distribui\u00e7\u00e3o de emendas\",\"isPartOf\":{\"@id\":\"https:\/\/psol50.org.br\/#website\"},\"primaryImageOfPage\":{\"@id\":\"https:\/\/psol50.org.br\/psol-entra-com-mandado-de-seguranca-no-stf-contra-arthur-lira-por-ilegalidade-na-distribuicao-de-emendas\/#primaryimage\"},\"image\":{\"@id\":\"https:\/\/psol50.org.br\/psol-entra-com-mandado-de-seguranca-no-stf-contra-arthur-lira-por-ilegalidade-na-distribuicao-de-emendas\/#primaryimage\"},\"thumbnailUrl\":\"https:\/\/psol50.org.br\/inc\/uploads\/2024\/12\/WhatsApp-Image-2024-12-17-at-20.09.59.jpeg\",\"datePublished\":\"2024-12-18T18:39:47+00:00\",\"dateModified\":\"2025-05-21T19:08:21+00:00\",\"description\":\"A\u00e7\u00e3o busca suspens\u00e3o de libera\u00e7\u00e3o de emendas parlamentares ilegais que chegam ao valor de R$ 4,2 bilh\u00f5es.\",\"breadcrumb\":{\"@id\":\"https:\/\/psol50.org.br\/psol-entra-com-mandado-de-seguranca-no-stf-contra-arthur-lira-por-ilegalidade-na-distribuicao-de-emendas\/#breadcrumb\"},\"inLanguage\":\"pt-BR\",\"potentialAction\":[{\"@type\":\"ReadAction\",\"target\":[\"https:\/\/psol50.org.br\/psol-entra-com-mandado-de-seguranca-no-stf-contra-arthur-lira-por-ilegalidade-na-distribuicao-de-emendas\/\"]}]},{\"@type\":\"ImageObject\",\"inLanguage\":\"pt-BR\",\"@id\":\"https:\/\/psol50.org.br\/psol-entra-com-mandado-de-seguranca-no-stf-contra-arthur-lira-por-ilegalidade-na-distribuicao-de-emendas\/#primaryimage\",\"url\":\"https:\/\/psol50.org.br\/inc\/uploads\/2024\/12\/WhatsApp-Image-2024-12-17-at-20.09.59.jpeg\",\"contentUrl\":\"https:\/\/psol50.org.br\/inc\/uploads\/2024\/12\/WhatsApp-Image-2024-12-17-at-20.09.59.jpeg\",\"width\":1600,\"height\":1066,\"caption\":\"Foto: PSOL na C\u00e2mara\"},{\"@type\":\"BreadcrumbList\",\"@id\":\"https:\/\/psol50.org.br\/psol-entra-com-mandado-de-seguranca-no-stf-contra-arthur-lira-por-ilegalidade-na-distribuicao-de-emendas\/#breadcrumb\",\"itemListElement\":[{\"@type\":\"ListItem\",\"position\":1,\"name\":\"In\u00edcio\",\"item\":\"https:\/\/psol50.org.br\/\"},{\"@type\":\"ListItem\",\"position\":2,\"name\":\"PSOL entra com mandado de seguran\u00e7a no STF contra Arthur Lira por ilegalidade na distribui\u00e7\u00e3o de emendas\"}]},{\"@type\":\"WebSite\",\"@id\":\"https:\/\/psol50.org.br\/#website\",\"url\":\"https:\/\/psol50.org.br\/\",\"name\":\"PSOL 50\",\"description\":\"Site oficial do Partido Socialismo e Liberdade\",\"publisher\":{\"@id\":\"https:\/\/psol50.org.br\/#organization\"},\"alternateName\":\"PSOL50\",\"potentialAction\":[{\"@type\":\"SearchAction\",\"target\":{\"@type\":\"EntryPoint\",\"urlTemplate\":\"https:\/\/psol50.org.br\/?s={search_term_string}\"},\"query-input\":{\"@type\":\"PropertyValueSpecification\",\"valueRequired\":true,\"valueName\":\"search_term_string\"}}],\"inLanguage\":\"pt-BR\"},{\"@type\":\"Organization\",\"@id\":\"https:\/\/psol50.org.br\/#organization\",\"name\":\"PSOL 50\",\"alternateName\":\"PSOL 50\",\"url\":\"https:\/\/psol50.org.br\/\",\"logo\":{\"@type\":\"ImageObject\",\"inLanguage\":\"pt-BR\",\"@id\":\"https:\/\/psol50.org.br\/#\/schema\/logo\/image\/\",\"url\":\"https:\/\/psol50.org.br\/inc\/uploads\/2018\/07\/capa.png\",\"contentUrl\":\"https:\/\/psol50.org.br\/inc\/uploads\/2018\/07\/capa.png\",\"width\":1350,\"height\":900,\"caption\":\"PSOL 50\"},\"image\":{\"@id\":\"https:\/\/psol50.org.br\/#\/schema\/logo\/image\/\"},\"sameAs\":[\"https:\/\/www.facebook.com\/psol50\",\"https:\/\/x.com\/psol50\",\"https:\/\/www.instagram.com\/psol50\/\",\"https:\/\/www.youtube.com\/channel\/UC7SnJS5o1os7a6CaiNabzcg\"]},{\"@type\":\"Person\",\"@id\":\"https:\/\/psol50.org.br\/#\/schema\/person\/475dfa57d0b815993c714c2e96491fcd\",\"name\":\"Comunica\u00e7\u00e3o PSOL\",\"image\":{\"@type\":\"ImageObject\",\"inLanguage\":\"pt-BR\",\"@id\":\"https:\/\/psol50.org.br\/#\/schema\/person\/image\/\",\"url\":\"https:\/\/secure.gravatar.com\/avatar\/b34fc4f4e468a4e51785917065a3db57b841f5c95dba6ad8c73aaf8f66f8f9bf?s=96&d=mm&r=g\",\"contentUrl\":\"https:\/\/secure.gravatar.com\/avatar\/b34fc4f4e468a4e51785917065a3db57b841f5c95dba6ad8c73aaf8f66f8f9bf?s=96&d=mm&r=g\",\"caption\":\"Comunica\u00e7\u00e3o PSOL\"}}]}<\/script>\n<!-- \/ Yoast SEO plugin. -->","yoast_head_json":{"title":"PSOL entra com mandado de seguran\u00e7a no STF contra Arthur Lira por ilegalidade na distribui\u00e7\u00e3o de emendas","description":"A\u00e7\u00e3o busca suspens\u00e3o de libera\u00e7\u00e3o de emendas parlamentares ilegais que chegam ao valor de R$ 4,2 bilh\u00f5es.","robots":{"index":"index","follow":"follow","max-snippet":"max-snippet:-1","max-image-preview":"max-image-preview:large","max-video-preview":"max-video-preview:-1"},"canonical":"https:\/\/psol50.org.br\/psol-entra-com-mandado-de-seguranca-no-stf-contra-arthur-lira-por-ilegalidade-na-distribuicao-de-emendas\/","og_locale":"pt_BR","og_type":"article","og_title":"PSOL entra com mandado de seguran\u00e7a no STF contra Arthur Lira por ilegalidade na distribui\u00e7\u00e3o de emendas","og_description":"A\u00e7\u00e3o busca suspens\u00e3o de libera\u00e7\u00e3o de emendas parlamentares ilegais que chegam ao valor de R$ 4,2 bilh\u00f5es.","og_url":"https:\/\/psol50.org.br\/psol-entra-com-mandado-de-seguranca-no-stf-contra-arthur-lira-por-ilegalidade-na-distribuicao-de-emendas\/","og_site_name":"PSOL 50","article_publisher":"https:\/\/www.facebook.com\/psol50","article_published_time":"2024-12-18T18:39:47+00:00","article_modified_time":"2025-05-21T19:08:21+00:00","og_image":[{"width":1600,"height":1066,"url":"https:\/\/psol50.org.br\/inc\/uploads\/2024\/12\/WhatsApp-Image-2024-12-17-at-20.09.59.jpeg","type":"image\/jpeg"}],"author":"Comunica\u00e7\u00e3o PSOL","twitter_card":"summary_large_image","twitter_creator":"@psol50","twitter_site":"@psol50","twitter_misc":{"Escrito por":"Comunica\u00e7\u00e3o PSOL","Est. tempo de leitura":"1 minuto"},"schema":{"@context":"https:\/\/schema.org","@graph":[{"@type":"Article","@id":"https:\/\/psol50.org.br\/psol-entra-com-mandado-de-seguranca-no-stf-contra-arthur-lira-por-ilegalidade-na-distribuicao-de-emendas\/#article","isPartOf":{"@id":"https:\/\/psol50.org.br\/psol-entra-com-mandado-de-seguranca-no-stf-contra-arthur-lira-por-ilegalidade-na-distribuicao-de-emendas\/"},"author":{"name":"Comunica\u00e7\u00e3o PSOL","@id":"https:\/\/psol50.org.br\/#\/schema\/person\/475dfa57d0b815993c714c2e96491fcd"},"headline":"PSOL entra com mandado de seguran\u00e7a no STF contra Arthur Lira por ilegalidade na distribui\u00e7\u00e3o de emendas","datePublished":"2024-12-18T18:39:47+00:00","dateModified":"2025-05-21T19:08:21+00:00","mainEntityOfPage":{"@id":"https:\/\/psol50.org.br\/psol-entra-com-mandado-de-seguranca-no-stf-contra-arthur-lira-por-ilegalidade-na-distribuicao-de-emendas\/"},"wordCount":317,"publisher":{"@id":"https:\/\/psol50.org.br\/#organization"},"image":{"@id":"https:\/\/psol50.org.br\/psol-entra-com-mandado-de-seguranca-no-stf-contra-arthur-lira-por-ilegalidade-na-distribuicao-de-emendas\/#primaryimage"},"thumbnailUrl":"https:\/\/psol50.org.br\/inc\/uploads\/2024\/12\/WhatsApp-Image-2024-12-17-at-20.09.59.jpeg","keywords":["A\u00e7\u00f5es Jur\u00eddicas","Not\u00edcias"],"articleSection":["A\u00e7\u00e3o Parlamentar","A\u00e7\u00f5es Jur\u00eddicas"],"inLanguage":"pt-BR"},{"@type":"WebPage","@id":"https:\/\/psol50.org.br\/psol-entra-com-mandado-de-seguranca-no-stf-contra-arthur-lira-por-ilegalidade-na-distribuicao-de-emendas\/","url":"https:\/\/psol50.org.br\/psol-entra-com-mandado-de-seguranca-no-stf-contra-arthur-lira-por-ilegalidade-na-distribuicao-de-emendas\/","name":"PSOL entra com mandado de seguran\u00e7a no STF contra Arthur Lira por ilegalidade na distribui\u00e7\u00e3o de emendas","isPartOf":{"@id":"https:\/\/psol50.org.br\/#website"},"primaryImageOfPage":{"@id":"https:\/\/psol50.org.br\/psol-entra-com-mandado-de-seguranca-no-stf-contra-arthur-lira-por-ilegalidade-na-distribuicao-de-emendas\/#primaryimage"},"image":{"@id":"https:\/\/psol50.org.br\/psol-entra-com-mandado-de-seguranca-no-stf-contra-arthur-lira-por-ilegalidade-na-distribuicao-de-emendas\/#primaryimage"},"thumbnailUrl":"https:\/\/psol50.org.br\/inc\/uploads\/2024\/12\/WhatsApp-Image-2024-12-17-at-20.09.59.jpeg","datePublished":"2024-12-18T18:39:47+00:00","dateModified":"2025-05-21T19:08:21+00:00","description":"A\u00e7\u00e3o busca suspens\u00e3o de libera\u00e7\u00e3o de emendas parlamentares ilegais que chegam ao valor de R$ 4,2 bilh\u00f5es.","breadcrumb":{"@id":"https:\/\/psol50.org.br\/psol-entra-com-mandado-de-seguranca-no-stf-contra-arthur-lira-por-ilegalidade-na-distribuicao-de-emendas\/#breadcrumb"},"inLanguage":"pt-BR","potentialAction":[{"@type":"ReadAction","target":["https:\/\/psol50.org.br\/psol-entra-com-mandado-de-seguranca-no-stf-contra-arthur-lira-por-ilegalidade-na-distribuicao-de-emendas\/"]}]},{"@type":"ImageObject","inLanguage":"pt-BR","@id":"https:\/\/psol50.org.br\/psol-entra-com-mandado-de-seguranca-no-stf-contra-arthur-lira-por-ilegalidade-na-distribuicao-de-emendas\/#primaryimage","url":"https:\/\/psol50.org.br\/inc\/uploads\/2024\/12\/WhatsApp-Image-2024-12-17-at-20.09.59.jpeg","contentUrl":"https:\/\/psol50.org.br\/inc\/uploads\/2024\/12\/WhatsApp-Image-2024-12-17-at-20.09.59.jpeg","width":1600,"height":1066,"caption":"Foto: PSOL na C\u00e2mara"},{"@type":"BreadcrumbList","@id":"https:\/\/psol50.org.br\/psol-entra-com-mandado-de-seguranca-no-stf-contra-arthur-lira-por-ilegalidade-na-distribuicao-de-emendas\/#breadcrumb","itemListElement":[{"@type":"ListItem","position":1,"name":"In\u00edcio","item":"https:\/\/psol50.org.br\/"},{"@type":"ListItem","position":2,"name":"PSOL entra com mandado de seguran\u00e7a no STF contra Arthur Lira por ilegalidade na distribui\u00e7\u00e3o de emendas"}]},{"@type":"WebSite","@id":"https:\/\/psol50.org.br\/#website","url":"https:\/\/psol50.org.br\/","name":"PSOL 50","description":"Site oficial do Partido Socialismo e Liberdade","publisher":{"@id":"https:\/\/psol50.org.br\/#organization"},"alternateName":"PSOL50","potentialAction":[{"@type":"SearchAction","target":{"@type":"EntryPoint","urlTemplate":"https:\/\/psol50.org.br\/?s={search_term_string}"},"query-input":{"@type":"PropertyValueSpecification","valueRequired":true,"valueName":"search_term_string"}}],"inLanguage":"pt-BR"},{"@type":"Organization","@id":"https:\/\/psol50.org.br\/#organization","name":"PSOL 50","alternateName":"PSOL 50","url":"https:\/\/psol50.org.br\/","logo":{"@type":"ImageObject","inLanguage":"pt-BR","@id":"https:\/\/psol50.org.br\/#\/schema\/logo\/image\/","url":"https:\/\/psol50.org.br\/inc\/uploads\/2018\/07\/capa.png","contentUrl":"https:\/\/psol50.org.br\/inc\/uploads\/2018\/07\/capa.png","width":1350,"height":900,"caption":"PSOL 50"},"image":{"@id":"https:\/\/psol50.org.br\/#\/schema\/logo\/image\/"},"sameAs":["https:\/\/www.facebook.com\/psol50","https:\/\/x.com\/psol50","https:\/\/www.instagram.com\/psol50\/","https:\/\/www.youtube.com\/channel\/UC7SnJS5o1os7a6CaiNabzcg"]},{"@type":"Person","@id":"https:\/\/psol50.org.br\/#\/schema\/person\/475dfa57d0b815993c714c2e96491fcd","name":"Comunica\u00e7\u00e3o PSOL","image":{"@type":"ImageObject","inLanguage":"pt-BR","@id":"https:\/\/psol50.org.br\/#\/schema\/person\/image\/","url":"https:\/\/secure.gravatar.com\/avatar\/b34fc4f4e468a4e51785917065a3db57b841f5c95dba6ad8c73aaf8f66f8f9bf?s=96&d=mm&r=g","contentUrl":"https:\/\/secure.gravatar.com\/avatar\/b34fc4f4e468a4e51785917065a3db57b841f5c95dba6ad8c73aaf8f66f8f9bf?s=96&d=mm&r=g","caption":"Comunica\u00e7\u00e3o PSOL"}}]}},"_links":{"self":[{"href":"https:\/\/psol50.org.br\/rest\/wp\/v2\/posts\/40521","targetHints":{"allow":["GET"]}}],"collection":[{"href":"https:\/\/psol50.org.br\/rest\/wp\/v2\/posts"}],"about":[{"href":"https:\/\/psol50.org.br\/rest\/wp\/v2\/types\/post"}],"author":[{"embeddable":true,"href":"https:\/\/psol50.org.br\/rest\/wp\/v2\/users\/2"}],"replies":[{"embeddable":true,"href":"https:\/\/psol50.org.br\/rest\/wp\/v2\/comments?post=40521"}],"version-history":[{"count":3,"href":"https:\/\/psol50.org.br\/rest\/wp\/v2\/posts\/40521\/revisions"}],"predecessor-version":[{"id":40524,"href":"https:\/\/psol50.org.br\/rest\/wp\/v2\/posts\/40521\/revisions\/40524"}],"wp:featuredmedia":[{"embeddable":true,"href":"https:\/\/psol50.org.br\/rest\/wp\/v2\/media\/40525"}],"wp:attachment":[{"href":"https:\/\/psol50.org.br\/rest\/wp\/v2\/media?parent=40521"}],"wp:term":[{"taxonomy":"category","embeddable":true,"href":"https:\/\/psol50.org.br\/rest\/wp\/v2\/categories?post=40521"},{"taxonomy":"post_tag","embeddable":true,"href":"https:\/\/psol50.org.br\/rest\/wp\/v2\/tags?post=40521"}],"curies":[{"name":"wp","href":"https:\/\/api.w.org\/{rel}","templated":true}]}}