{"id":40536,"date":"2025-01-06T12:01:38","date_gmt":"2025-01-06T15:01:38","guid":{"rendered":"https:\/\/psol50.org.br\/?p=40536"},"modified":"2025-01-13T13:39:48","modified_gmt":"2025-01-13T16:39:48","slug":"vira-lei-no-df-o-projeto-de-fabio-felix-psol-que-inclui-educacao-ambiental-nas-escolas","status":"publish","type":"post","link":"https:\/\/psol50.org.br\/vira-lei-no-df-o-projeto-de-fabio-felix-psol-que-inclui-educacao-ambiental-nas-escolas\/","title":{"rendered":"Vira lei no DF o projeto de Fabio F\u00e9lix (PSOL) que inclui educa\u00e7\u00e3o ambiental nas escolas"},"content":{"rendered":"<p>A C\u00e2mara Legislativa do DF aprovou na \u00faltima semana o projeto de lei de autoria do deputado distrital F\u00e1bio Felix (PSOL-DF) que prev\u00ea a inclus\u00e3o da educa\u00e7\u00e3o ambiental e de t\u00e9cnicas de gest\u00e3o de res\u00edduos s\u00f3lidos nas escolas do Distrito Federal.<\/p>\n<p>\u201cO texto estabelece diretrizes para fomentar a consci\u00eancia ambiental n\u00e3o s\u00f3 na escola, mas tamb\u00e9m em outros espa\u00e7os coletivos e assim promover mudan\u00e7as de comportamento em prol da preserva\u00e7\u00e3o ambiental. \u00c9 importante estimular a mobiliza\u00e7\u00e3o social e o fortalecimento da consci\u00eancia cr\u00edtica sobre a dimens\u00e3o socioambiental\u201d, explicou F\u00e1bio Felix.<\/p>\n<p>A proposta foi uma sugest\u00e3o de crian\u00e7as e professoras da Escola da \u00c1rvore, local que oferece educa\u00e7\u00e3o infantil e fundamental voltadas para o cuidado e contato com a natureza.<\/p>\n<p>\u201cAcreditamos que esta lei contribuir\u00e1 para o conhecimento e a conscientiza\u00e7\u00e3o dos estudantes da Educa\u00e7\u00e3o b\u00e1sica sobre a import\u00e2ncia da coleta seletiva do lixo, sobre o desenvolvendo da constru\u00e7\u00e3o de atitudes para a preserva\u00e7\u00e3o e do desenvolvimento sustent\u00e1vel, de atividades relacionadas a gest\u00e3o do de res\u00edduos s\u00f3lidos da escola, da casa e de espa\u00e7os comuns\u201d, diz o texto encaminhado pelos alunos ao deputado distrital do PSOL.<\/p>\n","protected":false},"excerpt":{"rendered":"<p>A C\u00e2mara Legislativa do DF aprovou na \u00faltima semana o projeto de lei de autoria do deputado distrital F\u00e1bio Felix (PSOL-DF) que prev\u00ea a inclus\u00e3o da educa\u00e7\u00e3o ambiental e de t\u00e9cnicas de gest\u00e3o de res\u00edduos s\u00f3lidos nas escolas do Distrito Federal. \u201cO texto estabelece diretrizes para fomentar a consci\u00eancia ambiental n\u00e3o s\u00f3 na escola, mas [&hellip;]<\/p>\n","protected":false},"author":2,"featured_media":39163,"comment_status":"closed","ping_status":"open","sticky":false,"template":"","format":"standard","meta":{"_acf_changed":false,"footnotes":""},"categories":[10,654],"tags":[4825],"class_list":{"0":"post-40536","1":"post","2":"type-post","3":"status-publish","4":"format-standard","5":"has-post-thumbnail","7":"category-acao-parlamentares","8":"category-estados","9":"tag-noticias"},"acf":[],"yoast_head":"<!-- This site is optimized with the Yoast SEO plugin v26.5 - https:\/\/yoast.com\/wordpress\/plugins\/seo\/ -->\n<title>Vira lei no DF o projeto de Fabio F\u00e9lix (PSOL) que inclui educa\u00e7\u00e3o ambiental nas escolas<\/title>\n<meta name=\"description\" content=\"A lei garante a inclus\u00e3o da educa\u00e7\u00e3o ambiental e de t\u00e9cnicas de gest\u00e3o de res\u00edduos s\u00f3lidos nas escolas do Distrito Federal.\" \/>\n<meta name=\"robots\" content=\"index, follow, max-snippet:-1, max-image-preview:large, max-video-preview:-1\" \/>\n<link rel=\"canonical\" href=\"https:\/\/psol50.org.br\/vira-lei-no-df-o-projeto-de-fabio-felix-psol-que-inclui-educacao-ambiental-nas-escolas\/\" \/>\n<meta property=\"og:locale\" content=\"pt_BR\" \/>\n<meta property=\"og:type\" content=\"article\" \/>\n<meta property=\"og:title\" content=\"Vira lei no DF o projeto de Fabio F\u00e9lix (PSOL) que inclui educa\u00e7\u00e3o ambiental nas escolas\" \/>\n<meta property=\"og:description\" content=\"A lei garante a inclus\u00e3o da educa\u00e7\u00e3o ambiental e de t\u00e9cnicas de gest\u00e3o de res\u00edduos s\u00f3lidos nas escolas do Distrito Federal.\" \/>\n<meta property=\"og:url\" content=\"https:\/\/psol50.org.br\/vira-lei-no-df-o-projeto-de-fabio-felix-psol-que-inclui-educacao-ambiental-nas-escolas\/\" \/>\n<meta property=\"og:site_name\" content=\"PSOL 50\" \/>\n<meta property=\"article:publisher\" content=\"https:\/\/www.facebook.com\/psol50\" \/>\n<meta property=\"article:published_time\" content=\"2025-01-06T15:01:38+00:00\" \/>\n<meta property=\"article:modified_time\" content=\"2025-01-13T16:39:48+00:00\" \/>\n<meta property=\"og:image\" content=\"https:\/\/psol50.org.br\/inc\/uploads\/2024\/03\/2411911RL-70.jpg\" \/>\n\t<meta property=\"og:image:width\" content=\"1200\" \/>\n\t<meta property=\"og:image:height\" content=\"800\" \/>\n\t<meta property=\"og:image:type\" content=\"image\/jpeg\" \/>\n<meta name=\"author\" content=\"Comunica\u00e7\u00e3o PSOL\" \/>\n<meta name=\"twitter:card\" content=\"summary_large_image\" \/>\n<meta name=\"twitter:creator\" content=\"@psol50\" \/>\n<meta name=\"twitter:site\" content=\"@psol50\" \/>\n<meta name=\"twitter:label1\" content=\"Escrito por\" \/>\n\t<meta name=\"twitter:data1\" content=\"Comunica\u00e7\u00e3o PSOL\" \/>\n\t<meta name=\"twitter:label2\" content=\"Est. tempo de leitura\" \/>\n\t<meta name=\"twitter:data2\" content=\"1 minuto\" \/>\n<script type=\"application\/ld+json\" class=\"yoast-schema-graph\">{\"@context\":\"https:\/\/schema.org\",\"@graph\":[{\"@type\":\"Article\",\"@id\":\"https:\/\/psol50.org.br\/vira-lei-no-df-o-projeto-de-fabio-felix-psol-que-inclui-educacao-ambiental-nas-escolas\/#article\",\"isPartOf\":{\"@id\":\"https:\/\/psol50.org.br\/vira-lei-no-df-o-projeto-de-fabio-felix-psol-que-inclui-educacao-ambiental-nas-escolas\/\"},\"author\":{\"name\":\"Comunica\u00e7\u00e3o PSOL\",\"@id\":\"https:\/\/psol50.org.br\/#\/schema\/person\/475dfa57d0b815993c714c2e96491fcd\"},\"headline\":\"Vira lei no DF o projeto de Fabio F\u00e9lix (PSOL) que inclui educa\u00e7\u00e3o ambiental nas escolas\",\"datePublished\":\"2025-01-06T15:01:38+00:00\",\"dateModified\":\"2025-01-13T16:39:48+00:00\",\"mainEntityOfPage\":{\"@id\":\"https:\/\/psol50.org.br\/vira-lei-no-df-o-projeto-de-fabio-felix-psol-que-inclui-educacao-ambiental-nas-escolas\/\"},\"wordCount\":235,\"publisher\":{\"@id\":\"https:\/\/psol50.org.br\/#organization\"},\"image\":{\"@id\":\"https:\/\/psol50.org.br\/vira-lei-no-df-o-projeto-de-fabio-felix-psol-que-inclui-educacao-ambiental-nas-escolas\/#primaryimage\"},\"thumbnailUrl\":\"https:\/\/psol50.org.br\/inc\/uploads\/2024\/03\/2411911RL-70.jpg\",\"keywords\":[\"Not\u00edcias\"],\"articleSection\":[\"A\u00e7\u00e3o Parlamentar\",\"Estados\"],\"inLanguage\":\"pt-BR\"},{\"@type\":\"WebPage\",\"@id\":\"https:\/\/psol50.org.br\/vira-lei-no-df-o-projeto-de-fabio-felix-psol-que-inclui-educacao-ambiental-nas-escolas\/\",\"url\":\"https:\/\/psol50.org.br\/vira-lei-no-df-o-projeto-de-fabio-felix-psol-que-inclui-educacao-ambiental-nas-escolas\/\",\"name\":\"Vira lei no DF o projeto de Fabio F\u00e9lix (PSOL) que inclui educa\u00e7\u00e3o ambiental nas escolas\",\"isPartOf\":{\"@id\":\"https:\/\/psol50.org.br\/#website\"},\"primaryImageOfPage\":{\"@id\":\"https:\/\/psol50.org.br\/vira-lei-no-df-o-projeto-de-fabio-felix-psol-que-inclui-educacao-ambiental-nas-escolas\/#primaryimage\"},\"image\":{\"@id\":\"https:\/\/psol50.org.br\/vira-lei-no-df-o-projeto-de-fabio-felix-psol-que-inclui-educacao-ambiental-nas-escolas\/#primaryimage\"},\"thumbnailUrl\":\"https:\/\/psol50.org.br\/inc\/uploads\/2024\/03\/2411911RL-70.jpg\",\"datePublished\":\"2025-01-06T15:01:38+00:00\",\"dateModified\":\"2025-01-13T16:39:48+00:00\",\"description\":\"A lei garante a inclus\u00e3o da educa\u00e7\u00e3o ambiental e de t\u00e9cnicas de gest\u00e3o de res\u00edduos s\u00f3lidos nas escolas do Distrito Federal.\",\"breadcrumb\":{\"@id\":\"https:\/\/psol50.org.br\/vira-lei-no-df-o-projeto-de-fabio-felix-psol-que-inclui-educacao-ambiental-nas-escolas\/#breadcrumb\"},\"inLanguage\":\"pt-BR\",\"potentialAction\":[{\"@type\":\"ReadAction\",\"target\":[\"https:\/\/psol50.org.br\/vira-lei-no-df-o-projeto-de-fabio-felix-psol-que-inclui-educacao-ambiental-nas-escolas\/\"]}]},{\"@type\":\"ImageObject\",\"inLanguage\":\"pt-BR\",\"@id\":\"https:\/\/psol50.org.br\/vira-lei-no-df-o-projeto-de-fabio-felix-psol-que-inclui-educacao-ambiental-nas-escolas\/#primaryimage\",\"url\":\"https:\/\/psol50.org.br\/inc\/uploads\/2024\/03\/2411911RL-70.jpg\",\"contentUrl\":\"https:\/\/psol50.org.br\/inc\/uploads\/2024\/03\/2411911RL-70.jpg\",\"width\":1200,\"height\":800,\"caption\":\"Foto: Renan Lisboa\/ Ag\u00eancia CLDF\"},{\"@type\":\"BreadcrumbList\",\"@id\":\"https:\/\/psol50.org.br\/vira-lei-no-df-o-projeto-de-fabio-felix-psol-que-inclui-educacao-ambiental-nas-escolas\/#breadcrumb\",\"itemListElement\":[{\"@type\":\"ListItem\",\"position\":1,\"name\":\"In\u00edcio\",\"item\":\"https:\/\/psol50.org.br\/\"},{\"@type\":\"ListItem\",\"position\":2,\"name\":\"Vira lei no DF o projeto de Fabio F\u00e9lix (PSOL) que inclui educa\u00e7\u00e3o ambiental nas escolas\"}]},{\"@type\":\"WebSite\",\"@id\":\"https:\/\/psol50.org.br\/#website\",\"url\":\"https:\/\/psol50.org.br\/\",\"name\":\"PSOL 50\",\"description\":\"Site oficial do Partido Socialismo e Liberdade\",\"publisher\":{\"@id\":\"https:\/\/psol50.org.br\/#organization\"},\"alternateName\":\"PSOL50\",\"potentialAction\":[{\"@type\":\"SearchAction\",\"target\":{\"@type\":\"EntryPoint\",\"urlTemplate\":\"https:\/\/psol50.org.br\/?s={search_term_string}\"},\"query-input\":{\"@type\":\"PropertyValueSpecification\",\"valueRequired\":true,\"valueName\":\"search_term_string\"}}],\"inLanguage\":\"pt-BR\"},{\"@type\":\"Organization\",\"@id\":\"https:\/\/psol50.org.br\/#organization\",\"name\":\"PSOL 50\",\"alternateName\":\"PSOL 50\",\"url\":\"https:\/\/psol50.org.br\/\",\"logo\":{\"@type\":\"ImageObject\",\"inLanguage\":\"pt-BR\",\"@id\":\"https:\/\/psol50.org.br\/#\/schema\/logo\/image\/\",\"url\":\"https:\/\/psol50.org.br\/inc\/uploads\/2018\/07\/capa.png\",\"contentUrl\":\"https:\/\/psol50.org.br\/inc\/uploads\/2018\/07\/capa.png\",\"width\":1350,\"height\":900,\"caption\":\"PSOL 50\"},\"image\":{\"@id\":\"https:\/\/psol50.org.br\/#\/schema\/logo\/image\/\"},\"sameAs\":[\"https:\/\/www.facebook.com\/psol50\",\"https:\/\/x.com\/psol50\",\"https:\/\/www.instagram.com\/psol50\/\",\"https:\/\/www.youtube.com\/channel\/UC7SnJS5o1os7a6CaiNabzcg\"]},{\"@type\":\"Person\",\"@id\":\"https:\/\/psol50.org.br\/#\/schema\/person\/475dfa57d0b815993c714c2e96491fcd\",\"name\":\"Comunica\u00e7\u00e3o PSOL\",\"image\":{\"@type\":\"ImageObject\",\"inLanguage\":\"pt-BR\",\"@id\":\"https:\/\/psol50.org.br\/#\/schema\/person\/image\/\",\"url\":\"https:\/\/secure.gravatar.com\/avatar\/b34fc4f4e468a4e51785917065a3db57b841f5c95dba6ad8c73aaf8f66f8f9bf?s=96&d=mm&r=g\",\"contentUrl\":\"https:\/\/secure.gravatar.com\/avatar\/b34fc4f4e468a4e51785917065a3db57b841f5c95dba6ad8c73aaf8f66f8f9bf?s=96&d=mm&r=g\",\"caption\":\"Comunica\u00e7\u00e3o PSOL\"}}]}<\/script>\n<!-- \/ Yoast SEO plugin. -->","yoast_head_json":{"title":"Vira lei no DF o projeto de Fabio F\u00e9lix (PSOL) que inclui educa\u00e7\u00e3o ambiental nas escolas","description":"A lei garante a inclus\u00e3o da educa\u00e7\u00e3o ambiental e de t\u00e9cnicas de gest\u00e3o de res\u00edduos s\u00f3lidos nas escolas do Distrito Federal.","robots":{"index":"index","follow":"follow","max-snippet":"max-snippet:-1","max-image-preview":"max-image-preview:large","max-video-preview":"max-video-preview:-1"},"canonical":"https:\/\/psol50.org.br\/vira-lei-no-df-o-projeto-de-fabio-felix-psol-que-inclui-educacao-ambiental-nas-escolas\/","og_locale":"pt_BR","og_type":"article","og_title":"Vira lei no DF o projeto de Fabio F\u00e9lix (PSOL) que inclui educa\u00e7\u00e3o ambiental nas escolas","og_description":"A lei garante a inclus\u00e3o da educa\u00e7\u00e3o ambiental e de t\u00e9cnicas de gest\u00e3o de res\u00edduos s\u00f3lidos nas escolas do Distrito Federal.","og_url":"https:\/\/psol50.org.br\/vira-lei-no-df-o-projeto-de-fabio-felix-psol-que-inclui-educacao-ambiental-nas-escolas\/","og_site_name":"PSOL 50","article_publisher":"https:\/\/www.facebook.com\/psol50","article_published_time":"2025-01-06T15:01:38+00:00","article_modified_time":"2025-01-13T16:39:48+00:00","og_image":[{"width":1200,"height":800,"url":"https:\/\/psol50.org.br\/inc\/uploads\/2024\/03\/2411911RL-70.jpg","type":"image\/jpeg"}],"author":"Comunica\u00e7\u00e3o PSOL","twitter_card":"summary_large_image","twitter_creator":"@psol50","twitter_site":"@psol50","twitter_misc":{"Escrito por":"Comunica\u00e7\u00e3o PSOL","Est. tempo de leitura":"1 minuto"},"schema":{"@context":"https:\/\/schema.org","@graph":[{"@type":"Article","@id":"https:\/\/psol50.org.br\/vira-lei-no-df-o-projeto-de-fabio-felix-psol-que-inclui-educacao-ambiental-nas-escolas\/#article","isPartOf":{"@id":"https:\/\/psol50.org.br\/vira-lei-no-df-o-projeto-de-fabio-felix-psol-que-inclui-educacao-ambiental-nas-escolas\/"},"author":{"name":"Comunica\u00e7\u00e3o PSOL","@id":"https:\/\/psol50.org.br\/#\/schema\/person\/475dfa57d0b815993c714c2e96491fcd"},"headline":"Vira lei no DF o projeto de Fabio F\u00e9lix (PSOL) que inclui educa\u00e7\u00e3o ambiental nas escolas","datePublished":"2025-01-06T15:01:38+00:00","dateModified":"2025-01-13T16:39:48+00:00","mainEntityOfPage":{"@id":"https:\/\/psol50.org.br\/vira-lei-no-df-o-projeto-de-fabio-felix-psol-que-inclui-educacao-ambiental-nas-escolas\/"},"wordCount":235,"publisher":{"@id":"https:\/\/psol50.org.br\/#organization"},"image":{"@id":"https:\/\/psol50.org.br\/vira-lei-no-df-o-projeto-de-fabio-felix-psol-que-inclui-educacao-ambiental-nas-escolas\/#primaryimage"},"thumbnailUrl":"https:\/\/psol50.org.br\/inc\/uploads\/2024\/03\/2411911RL-70.jpg","keywords":["Not\u00edcias"],"articleSection":["A\u00e7\u00e3o Parlamentar","Estados"],"inLanguage":"pt-BR"},{"@type":"WebPage","@id":"https:\/\/psol50.org.br\/vira-lei-no-df-o-projeto-de-fabio-felix-psol-que-inclui-educacao-ambiental-nas-escolas\/","url":"https:\/\/psol50.org.br\/vira-lei-no-df-o-projeto-de-fabio-felix-psol-que-inclui-educacao-ambiental-nas-escolas\/","name":"Vira lei no DF o projeto de Fabio F\u00e9lix (PSOL) que inclui educa\u00e7\u00e3o ambiental nas escolas","isPartOf":{"@id":"https:\/\/psol50.org.br\/#website"},"primaryImageOfPage":{"@id":"https:\/\/psol50.org.br\/vira-lei-no-df-o-projeto-de-fabio-felix-psol-que-inclui-educacao-ambiental-nas-escolas\/#primaryimage"},"image":{"@id":"https:\/\/psol50.org.br\/vira-lei-no-df-o-projeto-de-fabio-felix-psol-que-inclui-educacao-ambiental-nas-escolas\/#primaryimage"},"thumbnailUrl":"https:\/\/psol50.org.br\/inc\/uploads\/2024\/03\/2411911RL-70.jpg","datePublished":"2025-01-06T15:01:38+00:00","dateModified":"2025-01-13T16:39:48+00:00","description":"A lei garante a inclus\u00e3o da educa\u00e7\u00e3o ambiental e de t\u00e9cnicas de gest\u00e3o de res\u00edduos s\u00f3lidos nas escolas do Distrito Federal.","breadcrumb":{"@id":"https:\/\/psol50.org.br\/vira-lei-no-df-o-projeto-de-fabio-felix-psol-que-inclui-educacao-ambiental-nas-escolas\/#breadcrumb"},"inLanguage":"pt-BR","potentialAction":[{"@type":"ReadAction","target":["https:\/\/psol50.org.br\/vira-lei-no-df-o-projeto-de-fabio-felix-psol-que-inclui-educacao-ambiental-nas-escolas\/"]}]},{"@type":"ImageObject","inLanguage":"pt-BR","@id":"https:\/\/psol50.org.br\/vira-lei-no-df-o-projeto-de-fabio-felix-psol-que-inclui-educacao-ambiental-nas-escolas\/#primaryimage","url":"https:\/\/psol50.org.br\/inc\/uploads\/2024\/03\/2411911RL-70.jpg","contentUrl":"https:\/\/psol50.org.br\/inc\/uploads\/2024\/03\/2411911RL-70.jpg","width":1200,"height":800,"caption":"Foto: Renan Lisboa\/ Ag\u00eancia CLDF"},{"@type":"BreadcrumbList","@id":"https:\/\/psol50.org.br\/vira-lei-no-df-o-projeto-de-fabio-felix-psol-que-inclui-educacao-ambiental-nas-escolas\/#breadcrumb","itemListElement":[{"@type":"ListItem","position":1,"name":"In\u00edcio","item":"https:\/\/psol50.org.br\/"},{"@type":"ListItem","position":2,"name":"Vira lei no DF o projeto de Fabio F\u00e9lix (PSOL) que inclui educa\u00e7\u00e3o ambiental nas escolas"}]},{"@type":"WebSite","@id":"https:\/\/psol50.org.br\/#website","url":"https:\/\/psol50.org.br\/","name":"PSOL 50","description":"Site oficial do Partido Socialismo e Liberdade","publisher":{"@id":"https:\/\/psol50.org.br\/#organization"},"alternateName":"PSOL50","potentialAction":[{"@type":"SearchAction","target":{"@type":"EntryPoint","urlTemplate":"https:\/\/psol50.org.br\/?s={search_term_string}"},"query-input":{"@type":"PropertyValueSpecification","valueRequired":true,"valueName":"search_term_string"}}],"inLanguage":"pt-BR"},{"@type":"Organization","@id":"https:\/\/psol50.org.br\/#organization","name":"PSOL 50","alternateName":"PSOL 50","url":"https:\/\/psol50.org.br\/","logo":{"@type":"ImageObject","inLanguage":"pt-BR","@id":"https:\/\/psol50.org.br\/#\/schema\/logo\/image\/","url":"https:\/\/psol50.org.br\/inc\/uploads\/2018\/07\/capa.png","contentUrl":"https:\/\/psol50.org.br\/inc\/uploads\/2018\/07\/capa.png","width":1350,"height":900,"caption":"PSOL 50"},"image":{"@id":"https:\/\/psol50.org.br\/#\/schema\/logo\/image\/"},"sameAs":["https:\/\/www.facebook.com\/psol50","https:\/\/x.com\/psol50","https:\/\/www.instagram.com\/psol50\/","https:\/\/www.youtube.com\/channel\/UC7SnJS5o1os7a6CaiNabzcg"]},{"@type":"Person","@id":"https:\/\/psol50.org.br\/#\/schema\/person\/475dfa57d0b815993c714c2e96491fcd","name":"Comunica\u00e7\u00e3o PSOL","image":{"@type":"ImageObject","inLanguage":"pt-BR","@id":"https:\/\/psol50.org.br\/#\/schema\/person\/image\/","url":"https:\/\/secure.gravatar.com\/avatar\/b34fc4f4e468a4e51785917065a3db57b841f5c95dba6ad8c73aaf8f66f8f9bf?s=96&d=mm&r=g","contentUrl":"https:\/\/secure.gravatar.com\/avatar\/b34fc4f4e468a4e51785917065a3db57b841f5c95dba6ad8c73aaf8f66f8f9bf?s=96&d=mm&r=g","caption":"Comunica\u00e7\u00e3o PSOL"}}]}},"_links":{"self":[{"href":"https:\/\/psol50.org.br\/rest\/wp\/v2\/posts\/40536","targetHints":{"allow":["GET"]}}],"collection":[{"href":"https:\/\/psol50.org.br\/rest\/wp\/v2\/posts"}],"about":[{"href":"https:\/\/psol50.org.br\/rest\/wp\/v2\/types\/post"}],"author":[{"embeddable":true,"href":"https:\/\/psol50.org.br\/rest\/wp\/v2\/users\/2"}],"replies":[{"embeddable":true,"href":"https:\/\/psol50.org.br\/rest\/wp\/v2\/comments?post=40536"}],"version-history":[{"count":2,"href":"https:\/\/psol50.org.br\/rest\/wp\/v2\/posts\/40536\/revisions"}],"predecessor-version":[{"id":40538,"href":"https:\/\/psol50.org.br\/rest\/wp\/v2\/posts\/40536\/revisions\/40538"}],"wp:featuredmedia":[{"embeddable":true,"href":"https:\/\/psol50.org.br\/rest\/wp\/v2\/media\/39163"}],"wp:attachment":[{"href":"https:\/\/psol50.org.br\/rest\/wp\/v2\/media?parent=40536"}],"wp:term":[{"taxonomy":"category","embeddable":true,"href":"https:\/\/psol50.org.br\/rest\/wp\/v2\/categories?post=40536"},{"taxonomy":"post_tag","embeddable":true,"href":"https:\/\/psol50.org.br\/rest\/wp\/v2\/tags?post=40536"}],"curies":[{"name":"wp","href":"https:\/\/api.w.org\/{rel}","templated":true}]}}