{"id":40539,"date":"2025-01-07T16:16:24","date_gmt":"2025-01-07T19:16:24","guid":{"rendered":"https:\/\/psol50.org.br\/?p=40539"},"modified":"2025-05-21T16:07:53","modified_gmt":"2025-05-21T19:07:53","slug":"stf-acata-acao-assinada-pelo-psol-e-suspende-lei-do-mt-que-prejudica-acordo-para-combater-desmatamento-na-amazonia","status":"publish","type":"post","link":"https:\/\/psol50.org.br\/stf-acata-acao-assinada-pelo-psol-e-suspende-lei-do-mt-que-prejudica-acordo-para-combater-desmatamento-na-amazonia\/","title":{"rendered":"STF acata a\u00e7\u00e3o assinada pelo PSOL e suspende lei do MT que prejudica acordo para combater desmatamento"},"content":{"rendered":"<p>O ministro Fl\u00e1vio Dino, do Supremo Tribunal Federal (STF), acatou uma A\u00e7\u00e3o Direta de Inconstitucionalidade apresentada em conjunto por PSOL, Rede, PCdoB e PV e suspendeu uma lei do estado de Mato Grosso (MT) que busca inviabilizar os acordos conhecidos como &#8220;Morat\u00f3ria da Soja&#8221;, nos quais empresas voluntariamente se comprometem a n\u00e3o comprar soja de \u00e1reas de desmatamento, principalmente na Amaz\u00f4nia.<\/p>\n<p>A lei do governo estadual tentava proibir a concess\u00e3o de benef\u00edcios fiscais e de terrenos p\u00fablicos a empresas que aderiram a estes acordos comerciais que limitam a expans\u00e3o agropecu\u00e1ria em \u00e1reas n\u00e3o protegidas por legisla\u00e7\u00e3o ambiental.<\/p>\n<p>Para os partidos signat\u00e1rios da a\u00e7\u00e3o, a lei visa retaliar, por meio do sistema tribut\u00e1rio e de medidas administrativas, as empresas que participam ou que venham a participar de acordos como da chamada \u201cMorat\u00f3ria da Soja\u201d.<\/p>\n<p>Estes acordos incentivam um melhor aproveitamento da terra, otimizam seu uso e aumentam a produtividade, assim como restringem a expans\u00e3o descontrolada da agricultura sobre \u00e1reas com vegeta\u00e7\u00e3o nativa, promovem a preserva\u00e7\u00e3o ambiental e cumprem a fun\u00e7\u00e3o social da propriedade.<\/p>\n<p>Na avalia\u00e7\u00e3o de Fl\u00e1vio Dino em sua decis\u00e3o, que deve ser submetida ao plen\u00e1rio do STF, ao proibir incentivos fiscais e benef\u00edcios a empresas que adotam pol\u00edticas de compras sustent\u00e1veis, a norma penaliza aquelas que escolhem voluntariamente fornecedores comprometidos com a preserva\u00e7\u00e3o ambiental.<\/p>\n<p>Ao final da decis\u00e3o, o ministro solicitou informa\u00e7\u00f5es ao presidente da Assembleia Legislativa do Mato Groso e ao governador do estado prazo de 30 dias. Em seguida, o processo ser\u00e1 encaminhado \u00e0 Advocacia-Geral da Uni\u00e3o (AGU) e \u00e0 Procuradoria-Geral da Rep\u00fablica (PGR) para que se manifestem no prazo de 15 dias cada uma.<\/p>\n","protected":false},"excerpt":{"rendered":"<p>O ministro Fl\u00e1vio Dino, do Supremo Tribunal Federal (STF), acatou uma A\u00e7\u00e3o Direta de Inconstitucionalidade apresentada em conjunto por PSOL, Rede, PCdoB e PV e suspendeu uma lei do estado de Mato Grosso (MT) que busca inviabilizar os acordos conhecidos como &#8220;Morat\u00f3ria da Soja&#8221;, nos quais empresas voluntariamente se comprometem a n\u00e3o comprar soja de [&hellip;]<\/p>\n","protected":false},"author":2,"featured_media":40542,"comment_status":"closed","ping_status":"open","sticky":false,"template":"","format":"standard","meta":{"_acf_changed":false,"footnotes":""},"categories":[10,6530],"tags":[6531,4825],"class_list":{"0":"post-40539","1":"post","2":"type-post","3":"status-publish","4":"format-standard","5":"has-post-thumbnail","7":"category-acao-parlamentares","8":"category-acoes-juridicas","9":"tag-acoes-juridicas","10":"tag-noticias"},"acf":[],"yoast_head":"<!-- This site is optimized with the Yoast SEO plugin v26.5 - https:\/\/yoast.com\/wordpress\/plugins\/seo\/ -->\n<title>STF acata a\u00e7\u00e3o assinada pelo PSOL e suspende lei do MT que prejudica acordo para combater desmatamento<\/title>\n<meta name=\"description\" content=\"A lei prejudicava a &quot;Morat\u00f3ria da Soja&quot;, acordo em que empresas voluntariamente se comprometem a n\u00e3o comprar soja de \u00e1reas desmatadas.\" \/>\n<meta name=\"robots\" content=\"index, follow, max-snippet:-1, max-image-preview:large, max-video-preview:-1\" \/>\n<link rel=\"canonical\" href=\"https:\/\/psol50.org.br\/stf-acata-acao-assinada-pelo-psol-e-suspende-lei-do-mt-que-prejudica-acordo-para-combater-desmatamento-na-amazonia\/\" \/>\n<meta property=\"og:locale\" content=\"pt_BR\" \/>\n<meta property=\"og:type\" content=\"article\" \/>\n<meta property=\"og:title\" content=\"STF acata a\u00e7\u00e3o assinada pelo PSOL e suspende lei do MT que prejudica acordo para combater desmatamento\" \/>\n<meta property=\"og:description\" content=\"A lei prejudicava a &quot;Morat\u00f3ria da Soja&quot;, acordo em que empresas voluntariamente se comprometem a n\u00e3o comprar soja de \u00e1reas desmatadas.\" \/>\n<meta property=\"og:url\" content=\"https:\/\/psol50.org.br\/stf-acata-acao-assinada-pelo-psol-e-suspende-lei-do-mt-que-prejudica-acordo-para-combater-desmatamento-na-amazonia\/\" \/>\n<meta property=\"og:site_name\" content=\"PSOL 50\" \/>\n<meta property=\"article:publisher\" content=\"https:\/\/www.facebook.com\/psol50\" \/>\n<meta property=\"article:published_time\" content=\"2025-01-07T19:16:24+00:00\" \/>\n<meta property=\"article:modified_time\" content=\"2025-05-21T19:07:53+00:00\" \/>\n<meta property=\"og:image\" content=\"https:\/\/psol50.org.br\/inc\/uploads\/2025\/01\/moratoria-da-soja-2.jpg\" \/>\n\t<meta property=\"og:image:width\" content=\"1200\" \/>\n\t<meta property=\"og:image:height\" content=\"800\" \/>\n\t<meta property=\"og:image:type\" content=\"image\/jpeg\" \/>\n<meta name=\"author\" content=\"Comunica\u00e7\u00e3o PSOL\" \/>\n<meta name=\"twitter:card\" content=\"summary_large_image\" \/>\n<meta name=\"twitter:creator\" content=\"@psol50\" \/>\n<meta name=\"twitter:site\" content=\"@psol50\" \/>\n<meta name=\"twitter:label1\" content=\"Escrito por\" \/>\n\t<meta name=\"twitter:data1\" content=\"Comunica\u00e7\u00e3o PSOL\" \/>\n\t<meta name=\"twitter:label2\" content=\"Est. tempo de leitura\" \/>\n\t<meta name=\"twitter:data2\" content=\"1 minuto\" \/>\n<script type=\"application\/ld+json\" class=\"yoast-schema-graph\">{\"@context\":\"https:\/\/schema.org\",\"@graph\":[{\"@type\":\"Article\",\"@id\":\"https:\/\/psol50.org.br\/stf-acata-acao-assinada-pelo-psol-e-suspende-lei-do-mt-que-prejudica-acordo-para-combater-desmatamento-na-amazonia\/#article\",\"isPartOf\":{\"@id\":\"https:\/\/psol50.org.br\/stf-acata-acao-assinada-pelo-psol-e-suspende-lei-do-mt-que-prejudica-acordo-para-combater-desmatamento-na-amazonia\/\"},\"author\":{\"name\":\"Comunica\u00e7\u00e3o PSOL\",\"@id\":\"https:\/\/psol50.org.br\/#\/schema\/person\/475dfa57d0b815993c714c2e96491fcd\"},\"headline\":\"STF acata a\u00e7\u00e3o assinada pelo PSOL e suspende lei do MT que prejudica acordo para combater desmatamento\",\"datePublished\":\"2025-01-07T19:16:24+00:00\",\"dateModified\":\"2025-05-21T19:07:53+00:00\",\"mainEntityOfPage\":{\"@id\":\"https:\/\/psol50.org.br\/stf-acata-acao-assinada-pelo-psol-e-suspende-lei-do-mt-que-prejudica-acordo-para-combater-desmatamento-na-amazonia\/\"},\"wordCount\":314,\"publisher\":{\"@id\":\"https:\/\/psol50.org.br\/#organization\"},\"image\":{\"@id\":\"https:\/\/psol50.org.br\/stf-acata-acao-assinada-pelo-psol-e-suspende-lei-do-mt-que-prejudica-acordo-para-combater-desmatamento-na-amazonia\/#primaryimage\"},\"thumbnailUrl\":\"https:\/\/psol50.org.br\/inc\/uploads\/2025\/01\/moratoria-da-soja-2.jpg\",\"keywords\":[\"A\u00e7\u00f5es Jur\u00eddicas\",\"Not\u00edcias\"],\"articleSection\":[\"A\u00e7\u00e3o Parlamentar\",\"A\u00e7\u00f5es Jur\u00eddicas\"],\"inLanguage\":\"pt-BR\"},{\"@type\":\"WebPage\",\"@id\":\"https:\/\/psol50.org.br\/stf-acata-acao-assinada-pelo-psol-e-suspende-lei-do-mt-que-prejudica-acordo-para-combater-desmatamento-na-amazonia\/\",\"url\":\"https:\/\/psol50.org.br\/stf-acata-acao-assinada-pelo-psol-e-suspende-lei-do-mt-que-prejudica-acordo-para-combater-desmatamento-na-amazonia\/\",\"name\":\"STF acata a\u00e7\u00e3o assinada pelo PSOL e suspende lei do MT que prejudica acordo para combater desmatamento\",\"isPartOf\":{\"@id\":\"https:\/\/psol50.org.br\/#website\"},\"primaryImageOfPage\":{\"@id\":\"https:\/\/psol50.org.br\/stf-acata-acao-assinada-pelo-psol-e-suspende-lei-do-mt-que-prejudica-acordo-para-combater-desmatamento-na-amazonia\/#primaryimage\"},\"image\":{\"@id\":\"https:\/\/psol50.org.br\/stf-acata-acao-assinada-pelo-psol-e-suspende-lei-do-mt-que-prejudica-acordo-para-combater-desmatamento-na-amazonia\/#primaryimage\"},\"thumbnailUrl\":\"https:\/\/psol50.org.br\/inc\/uploads\/2025\/01\/moratoria-da-soja-2.jpg\",\"datePublished\":\"2025-01-07T19:16:24+00:00\",\"dateModified\":\"2025-05-21T19:07:53+00:00\",\"description\":\"A lei prejudicava a \\\"Morat\u00f3ria da Soja\\\", acordo em que empresas voluntariamente se comprometem a n\u00e3o comprar soja de \u00e1reas desmatadas.\",\"breadcrumb\":{\"@id\":\"https:\/\/psol50.org.br\/stf-acata-acao-assinada-pelo-psol-e-suspende-lei-do-mt-que-prejudica-acordo-para-combater-desmatamento-na-amazonia\/#breadcrumb\"},\"inLanguage\":\"pt-BR\",\"potentialAction\":[{\"@type\":\"ReadAction\",\"target\":[\"https:\/\/psol50.org.br\/stf-acata-acao-assinada-pelo-psol-e-suspende-lei-do-mt-que-prejudica-acordo-para-combater-desmatamento-na-amazonia\/\"]}]},{\"@type\":\"ImageObject\",\"inLanguage\":\"pt-BR\",\"@id\":\"https:\/\/psol50.org.br\/stf-acata-acao-assinada-pelo-psol-e-suspende-lei-do-mt-que-prejudica-acordo-para-combater-desmatamento-na-amazonia\/#primaryimage\",\"url\":\"https:\/\/psol50.org.br\/inc\/uploads\/2025\/01\/moratoria-da-soja-2.jpg\",\"contentUrl\":\"https:\/\/psol50.org.br\/inc\/uploads\/2025\/01\/moratoria-da-soja-2.jpg\",\"width\":1200,\"height\":800,\"caption\":\"Foto: Adobe Stock\"},{\"@type\":\"BreadcrumbList\",\"@id\":\"https:\/\/psol50.org.br\/stf-acata-acao-assinada-pelo-psol-e-suspende-lei-do-mt-que-prejudica-acordo-para-combater-desmatamento-na-amazonia\/#breadcrumb\",\"itemListElement\":[{\"@type\":\"ListItem\",\"position\":1,\"name\":\"In\u00edcio\",\"item\":\"https:\/\/psol50.org.br\/\"},{\"@type\":\"ListItem\",\"position\":2,\"name\":\"STF acata a\u00e7\u00e3o assinada pelo PSOL e suspende lei do MT que prejudica acordo para combater desmatamento\"}]},{\"@type\":\"WebSite\",\"@id\":\"https:\/\/psol50.org.br\/#website\",\"url\":\"https:\/\/psol50.org.br\/\",\"name\":\"PSOL 50\",\"description\":\"Site oficial do Partido Socialismo e Liberdade\",\"publisher\":{\"@id\":\"https:\/\/psol50.org.br\/#organization\"},\"alternateName\":\"PSOL50\",\"potentialAction\":[{\"@type\":\"SearchAction\",\"target\":{\"@type\":\"EntryPoint\",\"urlTemplate\":\"https:\/\/psol50.org.br\/?s={search_term_string}\"},\"query-input\":{\"@type\":\"PropertyValueSpecification\",\"valueRequired\":true,\"valueName\":\"search_term_string\"}}],\"inLanguage\":\"pt-BR\"},{\"@type\":\"Organization\",\"@id\":\"https:\/\/psol50.org.br\/#organization\",\"name\":\"PSOL 50\",\"alternateName\":\"PSOL 50\",\"url\":\"https:\/\/psol50.org.br\/\",\"logo\":{\"@type\":\"ImageObject\",\"inLanguage\":\"pt-BR\",\"@id\":\"https:\/\/psol50.org.br\/#\/schema\/logo\/image\/\",\"url\":\"https:\/\/psol50.org.br\/inc\/uploads\/2018\/07\/capa.png\",\"contentUrl\":\"https:\/\/psol50.org.br\/inc\/uploads\/2018\/07\/capa.png\",\"width\":1350,\"height\":900,\"caption\":\"PSOL 50\"},\"image\":{\"@id\":\"https:\/\/psol50.org.br\/#\/schema\/logo\/image\/\"},\"sameAs\":[\"https:\/\/www.facebook.com\/psol50\",\"https:\/\/x.com\/psol50\",\"https:\/\/www.instagram.com\/psol50\/\",\"https:\/\/www.youtube.com\/channel\/UC7SnJS5o1os7a6CaiNabzcg\"]},{\"@type\":\"Person\",\"@id\":\"https:\/\/psol50.org.br\/#\/schema\/person\/475dfa57d0b815993c714c2e96491fcd\",\"name\":\"Comunica\u00e7\u00e3o PSOL\",\"image\":{\"@type\":\"ImageObject\",\"inLanguage\":\"pt-BR\",\"@id\":\"https:\/\/psol50.org.br\/#\/schema\/person\/image\/\",\"url\":\"https:\/\/secure.gravatar.com\/avatar\/b34fc4f4e468a4e51785917065a3db57b841f5c95dba6ad8c73aaf8f66f8f9bf?s=96&d=mm&r=g\",\"contentUrl\":\"https:\/\/secure.gravatar.com\/avatar\/b34fc4f4e468a4e51785917065a3db57b841f5c95dba6ad8c73aaf8f66f8f9bf?s=96&d=mm&r=g\",\"caption\":\"Comunica\u00e7\u00e3o PSOL\"}}]}<\/script>\n<!-- \/ Yoast SEO plugin. -->","yoast_head_json":{"title":"STF acata a\u00e7\u00e3o assinada pelo PSOL e suspende lei do MT que prejudica acordo para combater desmatamento","description":"A lei prejudicava a \"Morat\u00f3ria da Soja\", acordo em que empresas voluntariamente se comprometem a n\u00e3o comprar soja de \u00e1reas desmatadas.","robots":{"index":"index","follow":"follow","max-snippet":"max-snippet:-1","max-image-preview":"max-image-preview:large","max-video-preview":"max-video-preview:-1"},"canonical":"https:\/\/psol50.org.br\/stf-acata-acao-assinada-pelo-psol-e-suspende-lei-do-mt-que-prejudica-acordo-para-combater-desmatamento-na-amazonia\/","og_locale":"pt_BR","og_type":"article","og_title":"STF acata a\u00e7\u00e3o assinada pelo PSOL e suspende lei do MT que prejudica acordo para combater desmatamento","og_description":"A lei prejudicava a \"Morat\u00f3ria da Soja\", acordo em que empresas voluntariamente se comprometem a n\u00e3o comprar soja de \u00e1reas desmatadas.","og_url":"https:\/\/psol50.org.br\/stf-acata-acao-assinada-pelo-psol-e-suspende-lei-do-mt-que-prejudica-acordo-para-combater-desmatamento-na-amazonia\/","og_site_name":"PSOL 50","article_publisher":"https:\/\/www.facebook.com\/psol50","article_published_time":"2025-01-07T19:16:24+00:00","article_modified_time":"2025-05-21T19:07:53+00:00","og_image":[{"width":1200,"height":800,"url":"https:\/\/psol50.org.br\/inc\/uploads\/2025\/01\/moratoria-da-soja-2.jpg","type":"image\/jpeg"}],"author":"Comunica\u00e7\u00e3o PSOL","twitter_card":"summary_large_image","twitter_creator":"@psol50","twitter_site":"@psol50","twitter_misc":{"Escrito por":"Comunica\u00e7\u00e3o PSOL","Est. tempo de leitura":"1 minuto"},"schema":{"@context":"https:\/\/schema.org","@graph":[{"@type":"Article","@id":"https:\/\/psol50.org.br\/stf-acata-acao-assinada-pelo-psol-e-suspende-lei-do-mt-que-prejudica-acordo-para-combater-desmatamento-na-amazonia\/#article","isPartOf":{"@id":"https:\/\/psol50.org.br\/stf-acata-acao-assinada-pelo-psol-e-suspende-lei-do-mt-que-prejudica-acordo-para-combater-desmatamento-na-amazonia\/"},"author":{"name":"Comunica\u00e7\u00e3o PSOL","@id":"https:\/\/psol50.org.br\/#\/schema\/person\/475dfa57d0b815993c714c2e96491fcd"},"headline":"STF acata a\u00e7\u00e3o assinada pelo PSOL e suspende lei do MT que prejudica acordo para combater desmatamento","datePublished":"2025-01-07T19:16:24+00:00","dateModified":"2025-05-21T19:07:53+00:00","mainEntityOfPage":{"@id":"https:\/\/psol50.org.br\/stf-acata-acao-assinada-pelo-psol-e-suspende-lei-do-mt-que-prejudica-acordo-para-combater-desmatamento-na-amazonia\/"},"wordCount":314,"publisher":{"@id":"https:\/\/psol50.org.br\/#organization"},"image":{"@id":"https:\/\/psol50.org.br\/stf-acata-acao-assinada-pelo-psol-e-suspende-lei-do-mt-que-prejudica-acordo-para-combater-desmatamento-na-amazonia\/#primaryimage"},"thumbnailUrl":"https:\/\/psol50.org.br\/inc\/uploads\/2025\/01\/moratoria-da-soja-2.jpg","keywords":["A\u00e7\u00f5es Jur\u00eddicas","Not\u00edcias"],"articleSection":["A\u00e7\u00e3o Parlamentar","A\u00e7\u00f5es Jur\u00eddicas"],"inLanguage":"pt-BR"},{"@type":"WebPage","@id":"https:\/\/psol50.org.br\/stf-acata-acao-assinada-pelo-psol-e-suspende-lei-do-mt-que-prejudica-acordo-para-combater-desmatamento-na-amazonia\/","url":"https:\/\/psol50.org.br\/stf-acata-acao-assinada-pelo-psol-e-suspende-lei-do-mt-que-prejudica-acordo-para-combater-desmatamento-na-amazonia\/","name":"STF acata a\u00e7\u00e3o assinada pelo PSOL e suspende lei do MT que prejudica acordo para combater desmatamento","isPartOf":{"@id":"https:\/\/psol50.org.br\/#website"},"primaryImageOfPage":{"@id":"https:\/\/psol50.org.br\/stf-acata-acao-assinada-pelo-psol-e-suspende-lei-do-mt-que-prejudica-acordo-para-combater-desmatamento-na-amazonia\/#primaryimage"},"image":{"@id":"https:\/\/psol50.org.br\/stf-acata-acao-assinada-pelo-psol-e-suspende-lei-do-mt-que-prejudica-acordo-para-combater-desmatamento-na-amazonia\/#primaryimage"},"thumbnailUrl":"https:\/\/psol50.org.br\/inc\/uploads\/2025\/01\/moratoria-da-soja-2.jpg","datePublished":"2025-01-07T19:16:24+00:00","dateModified":"2025-05-21T19:07:53+00:00","description":"A lei prejudicava a \"Morat\u00f3ria da Soja\", acordo em que empresas voluntariamente se comprometem a n\u00e3o comprar soja de \u00e1reas desmatadas.","breadcrumb":{"@id":"https:\/\/psol50.org.br\/stf-acata-acao-assinada-pelo-psol-e-suspende-lei-do-mt-que-prejudica-acordo-para-combater-desmatamento-na-amazonia\/#breadcrumb"},"inLanguage":"pt-BR","potentialAction":[{"@type":"ReadAction","target":["https:\/\/psol50.org.br\/stf-acata-acao-assinada-pelo-psol-e-suspende-lei-do-mt-que-prejudica-acordo-para-combater-desmatamento-na-amazonia\/"]}]},{"@type":"ImageObject","inLanguage":"pt-BR","@id":"https:\/\/psol50.org.br\/stf-acata-acao-assinada-pelo-psol-e-suspende-lei-do-mt-que-prejudica-acordo-para-combater-desmatamento-na-amazonia\/#primaryimage","url":"https:\/\/psol50.org.br\/inc\/uploads\/2025\/01\/moratoria-da-soja-2.jpg","contentUrl":"https:\/\/psol50.org.br\/inc\/uploads\/2025\/01\/moratoria-da-soja-2.jpg","width":1200,"height":800,"caption":"Foto: Adobe Stock"},{"@type":"BreadcrumbList","@id":"https:\/\/psol50.org.br\/stf-acata-acao-assinada-pelo-psol-e-suspende-lei-do-mt-que-prejudica-acordo-para-combater-desmatamento-na-amazonia\/#breadcrumb","itemListElement":[{"@type":"ListItem","position":1,"name":"In\u00edcio","item":"https:\/\/psol50.org.br\/"},{"@type":"ListItem","position":2,"name":"STF acata a\u00e7\u00e3o assinada pelo PSOL e suspende lei do MT que prejudica acordo para combater desmatamento"}]},{"@type":"WebSite","@id":"https:\/\/psol50.org.br\/#website","url":"https:\/\/psol50.org.br\/","name":"PSOL 50","description":"Site oficial do Partido Socialismo e Liberdade","publisher":{"@id":"https:\/\/psol50.org.br\/#organization"},"alternateName":"PSOL50","potentialAction":[{"@type":"SearchAction","target":{"@type":"EntryPoint","urlTemplate":"https:\/\/psol50.org.br\/?s={search_term_string}"},"query-input":{"@type":"PropertyValueSpecification","valueRequired":true,"valueName":"search_term_string"}}],"inLanguage":"pt-BR"},{"@type":"Organization","@id":"https:\/\/psol50.org.br\/#organization","name":"PSOL 50","alternateName":"PSOL 50","url":"https:\/\/psol50.org.br\/","logo":{"@type":"ImageObject","inLanguage":"pt-BR","@id":"https:\/\/psol50.org.br\/#\/schema\/logo\/image\/","url":"https:\/\/psol50.org.br\/inc\/uploads\/2018\/07\/capa.png","contentUrl":"https:\/\/psol50.org.br\/inc\/uploads\/2018\/07\/capa.png","width":1350,"height":900,"caption":"PSOL 50"},"image":{"@id":"https:\/\/psol50.org.br\/#\/schema\/logo\/image\/"},"sameAs":["https:\/\/www.facebook.com\/psol50","https:\/\/x.com\/psol50","https:\/\/www.instagram.com\/psol50\/","https:\/\/www.youtube.com\/channel\/UC7SnJS5o1os7a6CaiNabzcg"]},{"@type":"Person","@id":"https:\/\/psol50.org.br\/#\/schema\/person\/475dfa57d0b815993c714c2e96491fcd","name":"Comunica\u00e7\u00e3o PSOL","image":{"@type":"ImageObject","inLanguage":"pt-BR","@id":"https:\/\/psol50.org.br\/#\/schema\/person\/image\/","url":"https:\/\/secure.gravatar.com\/avatar\/b34fc4f4e468a4e51785917065a3db57b841f5c95dba6ad8c73aaf8f66f8f9bf?s=96&d=mm&r=g","contentUrl":"https:\/\/secure.gravatar.com\/avatar\/b34fc4f4e468a4e51785917065a3db57b841f5c95dba6ad8c73aaf8f66f8f9bf?s=96&d=mm&r=g","caption":"Comunica\u00e7\u00e3o PSOL"}}]}},"_links":{"self":[{"href":"https:\/\/psol50.org.br\/rest\/wp\/v2\/posts\/40539","targetHints":{"allow":["GET"]}}],"collection":[{"href":"https:\/\/psol50.org.br\/rest\/wp\/v2\/posts"}],"about":[{"href":"https:\/\/psol50.org.br\/rest\/wp\/v2\/types\/post"}],"author":[{"embeddable":true,"href":"https:\/\/psol50.org.br\/rest\/wp\/v2\/users\/2"}],"replies":[{"embeddable":true,"href":"https:\/\/psol50.org.br\/rest\/wp\/v2\/comments?post=40539"}],"version-history":[{"count":3,"href":"https:\/\/psol50.org.br\/rest\/wp\/v2\/posts\/40539\/revisions"}],"predecessor-version":[{"id":40543,"href":"https:\/\/psol50.org.br\/rest\/wp\/v2\/posts\/40539\/revisions\/40543"}],"wp:featuredmedia":[{"embeddable":true,"href":"https:\/\/psol50.org.br\/rest\/wp\/v2\/media\/40542"}],"wp:attachment":[{"href":"https:\/\/psol50.org.br\/rest\/wp\/v2\/media?parent=40539"}],"wp:term":[{"taxonomy":"category","embeddable":true,"href":"https:\/\/psol50.org.br\/rest\/wp\/v2\/categories?post=40539"},{"taxonomy":"post_tag","embeddable":true,"href":"https:\/\/psol50.org.br\/rest\/wp\/v2\/tags?post=40539"}],"curies":[{"name":"wp","href":"https:\/\/api.w.org\/{rel}","templated":true}]}}