{"id":40576,"date":"2025-01-14T16:47:05","date_gmt":"2025-01-14T19:47:05","guid":{"rendered":"https:\/\/psol50.org.br\/?p=40576"},"modified":"2025-01-20T11:15:37","modified_gmt":"2025-01-20T14:15:37","slug":"samia-bomfim-psol-aciona-mpf-para-que-checagem-de-fatos-seja-obrigatoria-para-meta-poder-operar-no-brasil","status":"publish","type":"post","link":"https:\/\/psol50.org.br\/samia-bomfim-psol-aciona-mpf-para-que-checagem-de-fatos-seja-obrigatoria-para-meta-poder-operar-no-brasil\/","title":{"rendered":"S\u00e2mia Bomfim (PSOL) aciona MPF para que checagem de fatos seja obrigat\u00f3ria para Meta poder operar no Brasil"},"content":{"rendered":"<p>A deputada federal S\u00e2mia Bomfim (PSOL) acionou o Minist\u00e9rio P\u00fablico Federal (MPF) para que a empresa Meta seja obrigada a manter sua pol\u00edtica de checagem de fatos profissional para poder seguir operando no Brasil.<\/p>\n<p>A parlamentar pede que a Procuradoria-Geral da Rep\u00fablica (PGR) fa\u00e7a a empresa do bilion\u00e1rio Mark Zuckerberg regularizar suas pol\u00edticas de uso por meio de um Termo de Ajustamento de Conduta (TAC) ou mediante provoca\u00e7\u00e3o do Poder Judici\u00e1rio.<\/p>\n<p>O CEO da empresa dona de redes sociais como Instagram, Facebook, Whatsapp e Threads afirmou na \u00faltima semana que a Meta diminuir\u00e1 restri\u00e7\u00f5es a temas como &#8220;imigra\u00e7\u00e3o e g\u00eanero&#8221;, por exemplo.<\/p>\n<p>No documento enviado, S\u00e2mia diz que &#8220;as posi\u00e7\u00f5es unilaterais da Meta com base em um conceito de liberdade de express\u00e3o total s\u00e3o absolutamente incompat\u00edveis com o direito brasileiro&#8221;.<\/p>\n<p>&#8220;Sendo necess\u00e1ria a assegura\u00e7\u00e3o da responsabilidade das plataformas sobre a circula\u00e7\u00e3o e controle de discursos antidemocr\u00e1ticos, falsos e de \u00f3dio em suas redes, consideramos indispens\u00e1vel a atua\u00e7\u00e3o do Minist\u00e9rio P\u00fablico na salvaguarda da ordem jur\u00eddica nacional frente a estas mudan\u00e7as na pol\u00edtica da Meta&#8221;, conclui.<\/p>\n","protected":false},"excerpt":{"rendered":"<p>A deputada federal S\u00e2mia Bomfim (PSOL) acionou o Minist\u00e9rio P\u00fablico Federal (MPF) para que a empresa Meta seja obrigada a manter sua pol\u00edtica de checagem de fatos profissional para poder seguir operando no Brasil. A parlamentar pede que a Procuradoria-Geral da Rep\u00fablica (PGR) fa\u00e7a a empresa do bilion\u00e1rio Mark Zuckerberg regularizar suas pol\u00edticas de uso [&hellip;]<\/p>\n","protected":false},"author":2,"featured_media":39790,"comment_status":"closed","ping_status":"open","sticky":false,"template":"","format":"standard","meta":{"_acf_changed":false,"footnotes":""},"categories":[10],"tags":[4825],"class_list":{"0":"post-40576","1":"post","2":"type-post","3":"status-publish","4":"format-standard","5":"has-post-thumbnail","7":"category-acao-parlamentares","8":"tag-noticias"},"acf":[],"yoast_head":"<!-- This site is optimized with the Yoast SEO plugin v26.5 - https:\/\/yoast.com\/wordpress\/plugins\/seo\/ -->\n<title>S\u00e2mia Bomfim (PSOL) aciona MPF para que checagem de fatos seja obrigat\u00f3ria para Meta poder operar no Brasil<\/title>\n<meta name=\"description\" content=\"As grandes plataformas precisam ser respons\u00e1veis por impedir a circula\u00e7\u00e3o de discursos antidemocr\u00e1ticos, falsos e de \u00f3dio em suas redes sociais.\" \/>\n<meta name=\"robots\" content=\"index, follow, max-snippet:-1, max-image-preview:large, max-video-preview:-1\" \/>\n<link rel=\"canonical\" href=\"https:\/\/psol50.org.br\/samia-bomfim-psol-aciona-mpf-para-que-checagem-de-fatos-seja-obrigatoria-para-meta-poder-operar-no-brasil\/\" \/>\n<meta property=\"og:locale\" content=\"pt_BR\" \/>\n<meta property=\"og:type\" content=\"article\" \/>\n<meta property=\"og:title\" content=\"S\u00e2mia Bomfim (PSOL) aciona MPF para que checagem de fatos seja obrigat\u00f3ria para Meta poder operar no Brasil\" \/>\n<meta property=\"og:description\" content=\"As grandes plataformas precisam ser respons\u00e1veis por impedir a circula\u00e7\u00e3o de discursos antidemocr\u00e1ticos, falsos e de \u00f3dio em suas redes sociais.\" \/>\n<meta property=\"og:url\" content=\"https:\/\/psol50.org.br\/samia-bomfim-psol-aciona-mpf-para-que-checagem-de-fatos-seja-obrigatoria-para-meta-poder-operar-no-brasil\/\" \/>\n<meta property=\"og:site_name\" content=\"PSOL 50\" \/>\n<meta property=\"article:publisher\" content=\"https:\/\/www.facebook.com\/psol50\" \/>\n<meta property=\"article:published_time\" content=\"2025-01-14T19:47:05+00:00\" \/>\n<meta property=\"article:modified_time\" content=\"2025-01-20T14:15:37+00:00\" \/>\n<meta property=\"og:image\" content=\"https:\/\/psol50.org.br\/inc\/uploads\/2024\/06\/Samia-Bomfim_Pablo-Valadares-CD-1000x630-1.jpg\" \/>\n\t<meta property=\"og:image:width\" content=\"1000\" \/>\n\t<meta property=\"og:image:height\" content=\"630\" \/>\n\t<meta property=\"og:image:type\" content=\"image\/jpeg\" \/>\n<meta name=\"author\" content=\"Comunica\u00e7\u00e3o PSOL\" \/>\n<meta name=\"twitter:card\" content=\"summary_large_image\" \/>\n<meta name=\"twitter:creator\" content=\"@psol50\" \/>\n<meta name=\"twitter:site\" content=\"@psol50\" \/>\n<meta name=\"twitter:label1\" content=\"Escrito por\" \/>\n\t<meta name=\"twitter:data1\" content=\"Comunica\u00e7\u00e3o PSOL\" \/>\n\t<meta name=\"twitter:label2\" content=\"Est. tempo de leitura\" \/>\n\t<meta name=\"twitter:data2\" content=\"1 minuto\" \/>\n<script type=\"application\/ld+json\" class=\"yoast-schema-graph\">{\"@context\":\"https:\/\/schema.org\",\"@graph\":[{\"@type\":\"Article\",\"@id\":\"https:\/\/psol50.org.br\/samia-bomfim-psol-aciona-mpf-para-que-checagem-de-fatos-seja-obrigatoria-para-meta-poder-operar-no-brasil\/#article\",\"isPartOf\":{\"@id\":\"https:\/\/psol50.org.br\/samia-bomfim-psol-aciona-mpf-para-que-checagem-de-fatos-seja-obrigatoria-para-meta-poder-operar-no-brasil\/\"},\"author\":{\"name\":\"Comunica\u00e7\u00e3o PSOL\",\"@id\":\"https:\/\/psol50.org.br\/#\/schema\/person\/475dfa57d0b815993c714c2e96491fcd\"},\"headline\":\"S\u00e2mia Bomfim (PSOL) aciona MPF para que checagem de fatos seja obrigat\u00f3ria para Meta poder operar no Brasil\",\"datePublished\":\"2025-01-14T19:47:05+00:00\",\"dateModified\":\"2025-01-20T14:15:37+00:00\",\"mainEntityOfPage\":{\"@id\":\"https:\/\/psol50.org.br\/samia-bomfim-psol-aciona-mpf-para-que-checagem-de-fatos-seja-obrigatoria-para-meta-poder-operar-no-brasil\/\"},\"wordCount\":224,\"publisher\":{\"@id\":\"https:\/\/psol50.org.br\/#organization\"},\"image\":{\"@id\":\"https:\/\/psol50.org.br\/samia-bomfim-psol-aciona-mpf-para-que-checagem-de-fatos-seja-obrigatoria-para-meta-poder-operar-no-brasil\/#primaryimage\"},\"thumbnailUrl\":\"https:\/\/psol50.org.br\/inc\/uploads\/2024\/06\/Samia-Bomfim_Pablo-Valadares-CD-1000x630-1.jpg\",\"keywords\":[\"Not\u00edcias\"],\"articleSection\":[\"A\u00e7\u00e3o Parlamentar\"],\"inLanguage\":\"pt-BR\"},{\"@type\":\"WebPage\",\"@id\":\"https:\/\/psol50.org.br\/samia-bomfim-psol-aciona-mpf-para-que-checagem-de-fatos-seja-obrigatoria-para-meta-poder-operar-no-brasil\/\",\"url\":\"https:\/\/psol50.org.br\/samia-bomfim-psol-aciona-mpf-para-que-checagem-de-fatos-seja-obrigatoria-para-meta-poder-operar-no-brasil\/\",\"name\":\"S\u00e2mia Bomfim (PSOL) aciona MPF para que checagem de fatos seja obrigat\u00f3ria para Meta poder operar no Brasil\",\"isPartOf\":{\"@id\":\"https:\/\/psol50.org.br\/#website\"},\"primaryImageOfPage\":{\"@id\":\"https:\/\/psol50.org.br\/samia-bomfim-psol-aciona-mpf-para-que-checagem-de-fatos-seja-obrigatoria-para-meta-poder-operar-no-brasil\/#primaryimage\"},\"image\":{\"@id\":\"https:\/\/psol50.org.br\/samia-bomfim-psol-aciona-mpf-para-que-checagem-de-fatos-seja-obrigatoria-para-meta-poder-operar-no-brasil\/#primaryimage\"},\"thumbnailUrl\":\"https:\/\/psol50.org.br\/inc\/uploads\/2024\/06\/Samia-Bomfim_Pablo-Valadares-CD-1000x630-1.jpg\",\"datePublished\":\"2025-01-14T19:47:05+00:00\",\"dateModified\":\"2025-01-20T14:15:37+00:00\",\"description\":\"As grandes plataformas precisam ser respons\u00e1veis por impedir a circula\u00e7\u00e3o de discursos antidemocr\u00e1ticos, falsos e de \u00f3dio em suas redes sociais.\",\"breadcrumb\":{\"@id\":\"https:\/\/psol50.org.br\/samia-bomfim-psol-aciona-mpf-para-que-checagem-de-fatos-seja-obrigatoria-para-meta-poder-operar-no-brasil\/#breadcrumb\"},\"inLanguage\":\"pt-BR\",\"potentialAction\":[{\"@type\":\"ReadAction\",\"target\":[\"https:\/\/psol50.org.br\/samia-bomfim-psol-aciona-mpf-para-que-checagem-de-fatos-seja-obrigatoria-para-meta-poder-operar-no-brasil\/\"]}]},{\"@type\":\"ImageObject\",\"inLanguage\":\"pt-BR\",\"@id\":\"https:\/\/psol50.org.br\/samia-bomfim-psol-aciona-mpf-para-que-checagem-de-fatos-seja-obrigatoria-para-meta-poder-operar-no-brasil\/#primaryimage\",\"url\":\"https:\/\/psol50.org.br\/inc\/uploads\/2024\/06\/Samia-Bomfim_Pablo-Valadares-CD-1000x630-1.jpg\",\"contentUrl\":\"https:\/\/psol50.org.br\/inc\/uploads\/2024\/06\/Samia-Bomfim_Pablo-Valadares-CD-1000x630-1.jpg\",\"width\":1000,\"height\":630,\"caption\":\"Foto: Pablo Valadares\/C\u00e2mara dos Deputados\"},{\"@type\":\"BreadcrumbList\",\"@id\":\"https:\/\/psol50.org.br\/samia-bomfim-psol-aciona-mpf-para-que-checagem-de-fatos-seja-obrigatoria-para-meta-poder-operar-no-brasil\/#breadcrumb\",\"itemListElement\":[{\"@type\":\"ListItem\",\"position\":1,\"name\":\"In\u00edcio\",\"item\":\"https:\/\/psol50.org.br\/\"},{\"@type\":\"ListItem\",\"position\":2,\"name\":\"S\u00e2mia Bomfim (PSOL) aciona MPF para que checagem de fatos seja obrigat\u00f3ria para Meta poder operar no Brasil\"}]},{\"@type\":\"WebSite\",\"@id\":\"https:\/\/psol50.org.br\/#website\",\"url\":\"https:\/\/psol50.org.br\/\",\"name\":\"PSOL 50\",\"description\":\"Site oficial do Partido Socialismo e Liberdade\",\"publisher\":{\"@id\":\"https:\/\/psol50.org.br\/#organization\"},\"alternateName\":\"PSOL50\",\"potentialAction\":[{\"@type\":\"SearchAction\",\"target\":{\"@type\":\"EntryPoint\",\"urlTemplate\":\"https:\/\/psol50.org.br\/?s={search_term_string}\"},\"query-input\":{\"@type\":\"PropertyValueSpecification\",\"valueRequired\":true,\"valueName\":\"search_term_string\"}}],\"inLanguage\":\"pt-BR\"},{\"@type\":\"Organization\",\"@id\":\"https:\/\/psol50.org.br\/#organization\",\"name\":\"PSOL 50\",\"alternateName\":\"PSOL 50\",\"url\":\"https:\/\/psol50.org.br\/\",\"logo\":{\"@type\":\"ImageObject\",\"inLanguage\":\"pt-BR\",\"@id\":\"https:\/\/psol50.org.br\/#\/schema\/logo\/image\/\",\"url\":\"https:\/\/psol50.org.br\/inc\/uploads\/2018\/07\/capa.png\",\"contentUrl\":\"https:\/\/psol50.org.br\/inc\/uploads\/2018\/07\/capa.png\",\"width\":1350,\"height\":900,\"caption\":\"PSOL 50\"},\"image\":{\"@id\":\"https:\/\/psol50.org.br\/#\/schema\/logo\/image\/\"},\"sameAs\":[\"https:\/\/www.facebook.com\/psol50\",\"https:\/\/x.com\/psol50\",\"https:\/\/www.instagram.com\/psol50\/\",\"https:\/\/www.youtube.com\/channel\/UC7SnJS5o1os7a6CaiNabzcg\"]},{\"@type\":\"Person\",\"@id\":\"https:\/\/psol50.org.br\/#\/schema\/person\/475dfa57d0b815993c714c2e96491fcd\",\"name\":\"Comunica\u00e7\u00e3o PSOL\",\"image\":{\"@type\":\"ImageObject\",\"inLanguage\":\"pt-BR\",\"@id\":\"https:\/\/psol50.org.br\/#\/schema\/person\/image\/\",\"url\":\"https:\/\/secure.gravatar.com\/avatar\/b34fc4f4e468a4e51785917065a3db57b841f5c95dba6ad8c73aaf8f66f8f9bf?s=96&d=mm&r=g\",\"contentUrl\":\"https:\/\/secure.gravatar.com\/avatar\/b34fc4f4e468a4e51785917065a3db57b841f5c95dba6ad8c73aaf8f66f8f9bf?s=96&d=mm&r=g\",\"caption\":\"Comunica\u00e7\u00e3o PSOL\"}}]}<\/script>\n<!-- \/ Yoast SEO plugin. -->","yoast_head_json":{"title":"S\u00e2mia Bomfim (PSOL) aciona MPF para que checagem de fatos seja obrigat\u00f3ria para Meta poder operar no Brasil","description":"As grandes plataformas precisam ser respons\u00e1veis por impedir a circula\u00e7\u00e3o de discursos antidemocr\u00e1ticos, falsos e de \u00f3dio em suas redes sociais.","robots":{"index":"index","follow":"follow","max-snippet":"max-snippet:-1","max-image-preview":"max-image-preview:large","max-video-preview":"max-video-preview:-1"},"canonical":"https:\/\/psol50.org.br\/samia-bomfim-psol-aciona-mpf-para-que-checagem-de-fatos-seja-obrigatoria-para-meta-poder-operar-no-brasil\/","og_locale":"pt_BR","og_type":"article","og_title":"S\u00e2mia Bomfim (PSOL) aciona MPF para que checagem de fatos seja obrigat\u00f3ria para Meta poder operar no Brasil","og_description":"As grandes plataformas precisam ser respons\u00e1veis por impedir a circula\u00e7\u00e3o de discursos antidemocr\u00e1ticos, falsos e de \u00f3dio em suas redes sociais.","og_url":"https:\/\/psol50.org.br\/samia-bomfim-psol-aciona-mpf-para-que-checagem-de-fatos-seja-obrigatoria-para-meta-poder-operar-no-brasil\/","og_site_name":"PSOL 50","article_publisher":"https:\/\/www.facebook.com\/psol50","article_published_time":"2025-01-14T19:47:05+00:00","article_modified_time":"2025-01-20T14:15:37+00:00","og_image":[{"width":1000,"height":630,"url":"https:\/\/psol50.org.br\/inc\/uploads\/2024\/06\/Samia-Bomfim_Pablo-Valadares-CD-1000x630-1.jpg","type":"image\/jpeg"}],"author":"Comunica\u00e7\u00e3o PSOL","twitter_card":"summary_large_image","twitter_creator":"@psol50","twitter_site":"@psol50","twitter_misc":{"Escrito por":"Comunica\u00e7\u00e3o PSOL","Est. tempo de leitura":"1 minuto"},"schema":{"@context":"https:\/\/schema.org","@graph":[{"@type":"Article","@id":"https:\/\/psol50.org.br\/samia-bomfim-psol-aciona-mpf-para-que-checagem-de-fatos-seja-obrigatoria-para-meta-poder-operar-no-brasil\/#article","isPartOf":{"@id":"https:\/\/psol50.org.br\/samia-bomfim-psol-aciona-mpf-para-que-checagem-de-fatos-seja-obrigatoria-para-meta-poder-operar-no-brasil\/"},"author":{"name":"Comunica\u00e7\u00e3o PSOL","@id":"https:\/\/psol50.org.br\/#\/schema\/person\/475dfa57d0b815993c714c2e96491fcd"},"headline":"S\u00e2mia Bomfim (PSOL) aciona MPF para que checagem de fatos seja obrigat\u00f3ria para Meta poder operar no Brasil","datePublished":"2025-01-14T19:47:05+00:00","dateModified":"2025-01-20T14:15:37+00:00","mainEntityOfPage":{"@id":"https:\/\/psol50.org.br\/samia-bomfim-psol-aciona-mpf-para-que-checagem-de-fatos-seja-obrigatoria-para-meta-poder-operar-no-brasil\/"},"wordCount":224,"publisher":{"@id":"https:\/\/psol50.org.br\/#organization"},"image":{"@id":"https:\/\/psol50.org.br\/samia-bomfim-psol-aciona-mpf-para-que-checagem-de-fatos-seja-obrigatoria-para-meta-poder-operar-no-brasil\/#primaryimage"},"thumbnailUrl":"https:\/\/psol50.org.br\/inc\/uploads\/2024\/06\/Samia-Bomfim_Pablo-Valadares-CD-1000x630-1.jpg","keywords":["Not\u00edcias"],"articleSection":["A\u00e7\u00e3o Parlamentar"],"inLanguage":"pt-BR"},{"@type":"WebPage","@id":"https:\/\/psol50.org.br\/samia-bomfim-psol-aciona-mpf-para-que-checagem-de-fatos-seja-obrigatoria-para-meta-poder-operar-no-brasil\/","url":"https:\/\/psol50.org.br\/samia-bomfim-psol-aciona-mpf-para-que-checagem-de-fatos-seja-obrigatoria-para-meta-poder-operar-no-brasil\/","name":"S\u00e2mia Bomfim (PSOL) aciona MPF para que checagem de fatos seja obrigat\u00f3ria para Meta poder operar no Brasil","isPartOf":{"@id":"https:\/\/psol50.org.br\/#website"},"primaryImageOfPage":{"@id":"https:\/\/psol50.org.br\/samia-bomfim-psol-aciona-mpf-para-que-checagem-de-fatos-seja-obrigatoria-para-meta-poder-operar-no-brasil\/#primaryimage"},"image":{"@id":"https:\/\/psol50.org.br\/samia-bomfim-psol-aciona-mpf-para-que-checagem-de-fatos-seja-obrigatoria-para-meta-poder-operar-no-brasil\/#primaryimage"},"thumbnailUrl":"https:\/\/psol50.org.br\/inc\/uploads\/2024\/06\/Samia-Bomfim_Pablo-Valadares-CD-1000x630-1.jpg","datePublished":"2025-01-14T19:47:05+00:00","dateModified":"2025-01-20T14:15:37+00:00","description":"As grandes plataformas precisam ser respons\u00e1veis por impedir a circula\u00e7\u00e3o de discursos antidemocr\u00e1ticos, falsos e de \u00f3dio em suas redes sociais.","breadcrumb":{"@id":"https:\/\/psol50.org.br\/samia-bomfim-psol-aciona-mpf-para-que-checagem-de-fatos-seja-obrigatoria-para-meta-poder-operar-no-brasil\/#breadcrumb"},"inLanguage":"pt-BR","potentialAction":[{"@type":"ReadAction","target":["https:\/\/psol50.org.br\/samia-bomfim-psol-aciona-mpf-para-que-checagem-de-fatos-seja-obrigatoria-para-meta-poder-operar-no-brasil\/"]}]},{"@type":"ImageObject","inLanguage":"pt-BR","@id":"https:\/\/psol50.org.br\/samia-bomfim-psol-aciona-mpf-para-que-checagem-de-fatos-seja-obrigatoria-para-meta-poder-operar-no-brasil\/#primaryimage","url":"https:\/\/psol50.org.br\/inc\/uploads\/2024\/06\/Samia-Bomfim_Pablo-Valadares-CD-1000x630-1.jpg","contentUrl":"https:\/\/psol50.org.br\/inc\/uploads\/2024\/06\/Samia-Bomfim_Pablo-Valadares-CD-1000x630-1.jpg","width":1000,"height":630,"caption":"Foto: Pablo Valadares\/C\u00e2mara dos Deputados"},{"@type":"BreadcrumbList","@id":"https:\/\/psol50.org.br\/samia-bomfim-psol-aciona-mpf-para-que-checagem-de-fatos-seja-obrigatoria-para-meta-poder-operar-no-brasil\/#breadcrumb","itemListElement":[{"@type":"ListItem","position":1,"name":"In\u00edcio","item":"https:\/\/psol50.org.br\/"},{"@type":"ListItem","position":2,"name":"S\u00e2mia Bomfim (PSOL) aciona MPF para que checagem de fatos seja obrigat\u00f3ria para Meta poder operar no Brasil"}]},{"@type":"WebSite","@id":"https:\/\/psol50.org.br\/#website","url":"https:\/\/psol50.org.br\/","name":"PSOL 50","description":"Site oficial do Partido Socialismo e Liberdade","publisher":{"@id":"https:\/\/psol50.org.br\/#organization"},"alternateName":"PSOL50","potentialAction":[{"@type":"SearchAction","target":{"@type":"EntryPoint","urlTemplate":"https:\/\/psol50.org.br\/?s={search_term_string}"},"query-input":{"@type":"PropertyValueSpecification","valueRequired":true,"valueName":"search_term_string"}}],"inLanguage":"pt-BR"},{"@type":"Organization","@id":"https:\/\/psol50.org.br\/#organization","name":"PSOL 50","alternateName":"PSOL 50","url":"https:\/\/psol50.org.br\/","logo":{"@type":"ImageObject","inLanguage":"pt-BR","@id":"https:\/\/psol50.org.br\/#\/schema\/logo\/image\/","url":"https:\/\/psol50.org.br\/inc\/uploads\/2018\/07\/capa.png","contentUrl":"https:\/\/psol50.org.br\/inc\/uploads\/2018\/07\/capa.png","width":1350,"height":900,"caption":"PSOL 50"},"image":{"@id":"https:\/\/psol50.org.br\/#\/schema\/logo\/image\/"},"sameAs":["https:\/\/www.facebook.com\/psol50","https:\/\/x.com\/psol50","https:\/\/www.instagram.com\/psol50\/","https:\/\/www.youtube.com\/channel\/UC7SnJS5o1os7a6CaiNabzcg"]},{"@type":"Person","@id":"https:\/\/psol50.org.br\/#\/schema\/person\/475dfa57d0b815993c714c2e96491fcd","name":"Comunica\u00e7\u00e3o PSOL","image":{"@type":"ImageObject","inLanguage":"pt-BR","@id":"https:\/\/psol50.org.br\/#\/schema\/person\/image\/","url":"https:\/\/secure.gravatar.com\/avatar\/b34fc4f4e468a4e51785917065a3db57b841f5c95dba6ad8c73aaf8f66f8f9bf?s=96&d=mm&r=g","contentUrl":"https:\/\/secure.gravatar.com\/avatar\/b34fc4f4e468a4e51785917065a3db57b841f5c95dba6ad8c73aaf8f66f8f9bf?s=96&d=mm&r=g","caption":"Comunica\u00e7\u00e3o PSOL"}}]}},"_links":{"self":[{"href":"https:\/\/psol50.org.br\/rest\/wp\/v2\/posts\/40576","targetHints":{"allow":["GET"]}}],"collection":[{"href":"https:\/\/psol50.org.br\/rest\/wp\/v2\/posts"}],"about":[{"href":"https:\/\/psol50.org.br\/rest\/wp\/v2\/types\/post"}],"author":[{"embeddable":true,"href":"https:\/\/psol50.org.br\/rest\/wp\/v2\/users\/2"}],"replies":[{"embeddable":true,"href":"https:\/\/psol50.org.br\/rest\/wp\/v2\/comments?post=40576"}],"version-history":[{"count":2,"href":"https:\/\/psol50.org.br\/rest\/wp\/v2\/posts\/40576\/revisions"}],"predecessor-version":[{"id":40578,"href":"https:\/\/psol50.org.br\/rest\/wp\/v2\/posts\/40576\/revisions\/40578"}],"wp:featuredmedia":[{"embeddable":true,"href":"https:\/\/psol50.org.br\/rest\/wp\/v2\/media\/39790"}],"wp:attachment":[{"href":"https:\/\/psol50.org.br\/rest\/wp\/v2\/media?parent=40576"}],"wp:term":[{"taxonomy":"category","embeddable":true,"href":"https:\/\/psol50.org.br\/rest\/wp\/v2\/categories?post=40576"},{"taxonomy":"post_tag","embeddable":true,"href":"https:\/\/psol50.org.br\/rest\/wp\/v2\/tags?post=40576"}],"curies":[{"name":"wp","href":"https:\/\/api.w.org\/{rel}","templated":true}]}}