{"id":40598,"date":"2025-01-20T14:49:43","date_gmt":"2025-01-20T17:49:43","guid":{"rendered":"https:\/\/psol50.org.br\/?p=40598"},"modified":"2025-01-20T16:09:22","modified_gmt":"2025-01-20T19:09:22","slug":"parlamentares-do-psol-pedem-investigacao-de-empresa-fundada-por-ricardo-nunes-que-tem-contratos-com-a-prefeitura-de-sp","status":"publish","type":"post","link":"https:\/\/psol50.org.br\/parlamentares-do-psol-pedem-investigacao-de-empresa-fundada-por-ricardo-nunes-que-tem-contratos-com-a-prefeitura-de-sp\/","title":{"rendered":"Parlamentares do PSOL pedem investiga\u00e7\u00e3o de empresa fundada por Ricardo Nunes que tem contratos com o governo de SP"},"content":{"rendered":"<p>A deputada federal S\u00e2mia Bomfim, a deputada estadual M\u00f4nica Seixas e a vereadora Luana Alves, todas do PSOL em S\u00e3o Paulo, entraram com uma a\u00e7\u00e3o no Minist\u00e9rio P\u00fablico de Contas do Estado de S\u00e3o Paulo (MPC-SP) para que a a Nikkey Controle de Pragas e Servi\u00e7os T\u00e9cnicos, empresa de familiares do prefeito Ricardo Nunes, seja investigada ap\u00f3s ter um expressivo aumento de contratos fechados com o governo de S\u00e3o Paulo no per\u00edodo da atual gest\u00e3o de Nunes \u00e0 frente da Prefeitura da capital paulista.<\/p>\n<p>Entre 2023 e 2024, a Nikkey recebeu R$ 5,73 milh\u00f5es do governo estadual, um valor quase seis vezes superior aos R$ 959,4 mil recebidos entre 2021 e 2022, segundo apurou o portal UOL.<\/p>\n<p>O aumento coincide com in\u00edcio da gest\u00e3o Nunes, em maio de 2021, e reeleita ano passado. Antes do atual prefeito assumir, os pagamentos anuais \u00e0 empresa n\u00e3o ultrapassaram R$ 35 mil.<\/p>\n<p>A Nikkey foi fundada pelo pr\u00f3prio Ricardo Nunes e atualmente \u00e9 administrada por seu filho, Ricardo Lu\u00eds Reis Nunes Filho, e sua nora, Amanda Karoline Zillig Nunes.<\/p>\n<p>A representa\u00e7\u00e3o apresentada ao MPC-SP pede que sejam investigadas poss\u00edveis irregularidades nos processos licitat\u00f3rios e nos instrumentos de presta\u00e7\u00e3o de servi\u00e7os firmados entre o governo e a Nikkey.<\/p>\n<p>As parlamentares do PSOL tamb\u00e9m destacam o Decreto n\u00ba 68.829, de 4 de setembro de 2024, que pro\u00edbe o nepotismo na administra\u00e7\u00e3o p\u00fablica estadual, e pode ser usado neste evidente caso de conflito de interesses.<\/p>\n","protected":false},"excerpt":{"rendered":"<p>A deputada federal S\u00e2mia Bomfim, a deputada estadual M\u00f4nica Seixas e a vereadora Luana Alves, todas do PSOL em S\u00e3o Paulo, entraram com uma a\u00e7\u00e3o no Minist\u00e9rio P\u00fablico de Contas do Estado de S\u00e3o Paulo (MPC-SP) para que a a Nikkey Controle de Pragas e Servi\u00e7os T\u00e9cnicos, empresa de familiares do prefeito Ricardo Nunes, seja [&hellip;]<\/p>\n","protected":false},"author":2,"featured_media":40601,"comment_status":"closed","ping_status":"open","sticky":false,"template":"","format":"standard","meta":{"_acf_changed":false,"footnotes":""},"categories":[10],"tags":[4825],"class_list":{"0":"post-40598","1":"post","2":"type-post","3":"status-publish","4":"format-standard","5":"has-post-thumbnail","7":"category-acao-parlamentares","8":"tag-noticias"},"acf":[],"yoast_head":"<!-- This site is optimized with the Yoast SEO plugin v26.5 - https:\/\/yoast.com\/wordpress\/plugins\/seo\/ -->\n<title>Parlamentares do PSOL pedem investiga\u00e7\u00e3o de empresa fundada por Ricardo Nunes que tem contratos com o governo de SP<\/title>\n<meta name=\"description\" content=\"A deputada federal S\u00e2mia Bomfim, a deputada estadual M\u00f4nica Seixas e a vereadora da capital paulista Luana Alves, todas do PSOL, pediram que o aumento do valor de contratos da empresa com a Prefeitura seja investigado.\" \/>\n<meta name=\"robots\" content=\"index, follow, max-snippet:-1, max-image-preview:large, max-video-preview:-1\" \/>\n<link rel=\"canonical\" href=\"https:\/\/psol50.org.br\/parlamentares-do-psol-pedem-investigacao-de-empresa-fundada-por-ricardo-nunes-que-tem-contratos-com-a-prefeitura-de-sp\/\" \/>\n<meta property=\"og:locale\" content=\"pt_BR\" \/>\n<meta property=\"og:type\" content=\"article\" \/>\n<meta property=\"og:title\" content=\"Parlamentares do PSOL pedem investiga\u00e7\u00e3o de empresa fundada por Ricardo Nunes que tem contratos com o governo de SP\" \/>\n<meta property=\"og:description\" content=\"A deputada federal S\u00e2mia Bomfim, a deputada estadual M\u00f4nica Seixas e a vereadora da capital paulista Luana Alves, todas do PSOL, pediram que o aumento do valor de contratos da empresa com a Prefeitura seja investigado.\" \/>\n<meta property=\"og:url\" content=\"https:\/\/psol50.org.br\/parlamentares-do-psol-pedem-investigacao-de-empresa-fundada-por-ricardo-nunes-que-tem-contratos-com-a-prefeitura-de-sp\/\" \/>\n<meta property=\"og:site_name\" content=\"PSOL 50\" \/>\n<meta property=\"article:publisher\" content=\"https:\/\/www.facebook.com\/psol50\" \/>\n<meta property=\"article:published_time\" content=\"2025-01-20T17:49:43+00:00\" \/>\n<meta property=\"article:modified_time\" content=\"2025-01-20T19:09:22+00:00\" \/>\n<meta property=\"og:image\" content=\"https:\/\/psol50.org.br\/inc\/uploads\/2025\/01\/117643736_870015263406248_404351419245561212_n.jpg\" \/>\n\t<meta property=\"og:image:width\" content=\"799\" \/>\n\t<meta property=\"og:image:height\" content=\"533\" \/>\n\t<meta property=\"og:image:type\" content=\"image\/jpeg\" \/>\n<meta name=\"author\" content=\"Comunica\u00e7\u00e3o PSOL\" \/>\n<meta name=\"twitter:card\" content=\"summary_large_image\" \/>\n<meta name=\"twitter:creator\" content=\"@psol50\" \/>\n<meta name=\"twitter:site\" content=\"@psol50\" \/>\n<meta name=\"twitter:label1\" content=\"Escrito por\" \/>\n\t<meta name=\"twitter:data1\" content=\"Comunica\u00e7\u00e3o PSOL\" \/>\n\t<meta name=\"twitter:label2\" content=\"Est. tempo de leitura\" \/>\n\t<meta name=\"twitter:data2\" content=\"1 minuto\" \/>\n<script type=\"application\/ld+json\" class=\"yoast-schema-graph\">{\"@context\":\"https:\/\/schema.org\",\"@graph\":[{\"@type\":\"Article\",\"@id\":\"https:\/\/psol50.org.br\/parlamentares-do-psol-pedem-investigacao-de-empresa-fundada-por-ricardo-nunes-que-tem-contratos-com-a-prefeitura-de-sp\/#article\",\"isPartOf\":{\"@id\":\"https:\/\/psol50.org.br\/parlamentares-do-psol-pedem-investigacao-de-empresa-fundada-por-ricardo-nunes-que-tem-contratos-com-a-prefeitura-de-sp\/\"},\"author\":{\"name\":\"Comunica\u00e7\u00e3o PSOL\",\"@id\":\"https:\/\/psol50.org.br\/#\/schema\/person\/475dfa57d0b815993c714c2e96491fcd\"},\"headline\":\"Parlamentares do PSOL pedem investiga\u00e7\u00e3o de empresa fundada por Ricardo Nunes que tem contratos com o governo de SP\",\"datePublished\":\"2025-01-20T17:49:43+00:00\",\"dateModified\":\"2025-01-20T19:09:22+00:00\",\"mainEntityOfPage\":{\"@id\":\"https:\/\/psol50.org.br\/parlamentares-do-psol-pedem-investigacao-de-empresa-fundada-por-ricardo-nunes-que-tem-contratos-com-a-prefeitura-de-sp\/\"},\"wordCount\":272,\"publisher\":{\"@id\":\"https:\/\/psol50.org.br\/#organization\"},\"image\":{\"@id\":\"https:\/\/psol50.org.br\/parlamentares-do-psol-pedem-investigacao-de-empresa-fundada-por-ricardo-nunes-que-tem-contratos-com-a-prefeitura-de-sp\/#primaryimage\"},\"thumbnailUrl\":\"https:\/\/psol50.org.br\/inc\/uploads\/2025\/01\/117643736_870015263406248_404351419245561212_n.jpg\",\"keywords\":[\"Not\u00edcias\"],\"articleSection\":[\"A\u00e7\u00e3o Parlamentar\"],\"inLanguage\":\"pt-BR\"},{\"@type\":\"WebPage\",\"@id\":\"https:\/\/psol50.org.br\/parlamentares-do-psol-pedem-investigacao-de-empresa-fundada-por-ricardo-nunes-que-tem-contratos-com-a-prefeitura-de-sp\/\",\"url\":\"https:\/\/psol50.org.br\/parlamentares-do-psol-pedem-investigacao-de-empresa-fundada-por-ricardo-nunes-que-tem-contratos-com-a-prefeitura-de-sp\/\",\"name\":\"Parlamentares do PSOL pedem investiga\u00e7\u00e3o de empresa fundada por Ricardo Nunes que tem contratos com o governo de SP\",\"isPartOf\":{\"@id\":\"https:\/\/psol50.org.br\/#website\"},\"primaryImageOfPage\":{\"@id\":\"https:\/\/psol50.org.br\/parlamentares-do-psol-pedem-investigacao-de-empresa-fundada-por-ricardo-nunes-que-tem-contratos-com-a-prefeitura-de-sp\/#primaryimage\"},\"image\":{\"@id\":\"https:\/\/psol50.org.br\/parlamentares-do-psol-pedem-investigacao-de-empresa-fundada-por-ricardo-nunes-que-tem-contratos-com-a-prefeitura-de-sp\/#primaryimage\"},\"thumbnailUrl\":\"https:\/\/psol50.org.br\/inc\/uploads\/2025\/01\/117643736_870015263406248_404351419245561212_n.jpg\",\"datePublished\":\"2025-01-20T17:49:43+00:00\",\"dateModified\":\"2025-01-20T19:09:22+00:00\",\"description\":\"A deputada federal S\u00e2mia Bomfim, a deputada estadual M\u00f4nica Seixas e a vereadora da capital paulista Luana Alves, todas do PSOL, pediram que o aumento do valor de contratos da empresa com a Prefeitura seja investigado.\",\"breadcrumb\":{\"@id\":\"https:\/\/psol50.org.br\/parlamentares-do-psol-pedem-investigacao-de-empresa-fundada-por-ricardo-nunes-que-tem-contratos-com-a-prefeitura-de-sp\/#breadcrumb\"},\"inLanguage\":\"pt-BR\",\"potentialAction\":[{\"@type\":\"ReadAction\",\"target\":[\"https:\/\/psol50.org.br\/parlamentares-do-psol-pedem-investigacao-de-empresa-fundada-por-ricardo-nunes-que-tem-contratos-com-a-prefeitura-de-sp\/\"]}]},{\"@type\":\"ImageObject\",\"inLanguage\":\"pt-BR\",\"@id\":\"https:\/\/psol50.org.br\/parlamentares-do-psol-pedem-investigacao-de-empresa-fundada-por-ricardo-nunes-que-tem-contratos-com-a-prefeitura-de-sp\/#primaryimage\",\"url\":\"https:\/\/psol50.org.br\/inc\/uploads\/2025\/01\/117643736_870015263406248_404351419245561212_n.jpg\",\"contentUrl\":\"https:\/\/psol50.org.br\/inc\/uploads\/2025\/01\/117643736_870015263406248_404351419245561212_n.jpg\",\"width\":799,\"height\":533,\"caption\":\"Foto: Reprodu\u00e7\u00e3o\"},{\"@type\":\"BreadcrumbList\",\"@id\":\"https:\/\/psol50.org.br\/parlamentares-do-psol-pedem-investigacao-de-empresa-fundada-por-ricardo-nunes-que-tem-contratos-com-a-prefeitura-de-sp\/#breadcrumb\",\"itemListElement\":[{\"@type\":\"ListItem\",\"position\":1,\"name\":\"In\u00edcio\",\"item\":\"https:\/\/psol50.org.br\/\"},{\"@type\":\"ListItem\",\"position\":2,\"name\":\"Parlamentares do PSOL pedem investiga\u00e7\u00e3o de empresa fundada por Ricardo Nunes que tem contratos com o governo de SP\"}]},{\"@type\":\"WebSite\",\"@id\":\"https:\/\/psol50.org.br\/#website\",\"url\":\"https:\/\/psol50.org.br\/\",\"name\":\"PSOL 50\",\"description\":\"Site oficial do Partido Socialismo e Liberdade\",\"publisher\":{\"@id\":\"https:\/\/psol50.org.br\/#organization\"},\"alternateName\":\"PSOL50\",\"potentialAction\":[{\"@type\":\"SearchAction\",\"target\":{\"@type\":\"EntryPoint\",\"urlTemplate\":\"https:\/\/psol50.org.br\/?s={search_term_string}\"},\"query-input\":{\"@type\":\"PropertyValueSpecification\",\"valueRequired\":true,\"valueName\":\"search_term_string\"}}],\"inLanguage\":\"pt-BR\"},{\"@type\":\"Organization\",\"@id\":\"https:\/\/psol50.org.br\/#organization\",\"name\":\"PSOL 50\",\"alternateName\":\"PSOL 50\",\"url\":\"https:\/\/psol50.org.br\/\",\"logo\":{\"@type\":\"ImageObject\",\"inLanguage\":\"pt-BR\",\"@id\":\"https:\/\/psol50.org.br\/#\/schema\/logo\/image\/\",\"url\":\"https:\/\/psol50.org.br\/inc\/uploads\/2018\/07\/capa.png\",\"contentUrl\":\"https:\/\/psol50.org.br\/inc\/uploads\/2018\/07\/capa.png\",\"width\":1350,\"height\":900,\"caption\":\"PSOL 50\"},\"image\":{\"@id\":\"https:\/\/psol50.org.br\/#\/schema\/logo\/image\/\"},\"sameAs\":[\"https:\/\/www.facebook.com\/psol50\",\"https:\/\/x.com\/psol50\",\"https:\/\/www.instagram.com\/psol50\/\",\"https:\/\/www.youtube.com\/channel\/UC7SnJS5o1os7a6CaiNabzcg\"]},{\"@type\":\"Person\",\"@id\":\"https:\/\/psol50.org.br\/#\/schema\/person\/475dfa57d0b815993c714c2e96491fcd\",\"name\":\"Comunica\u00e7\u00e3o PSOL\",\"image\":{\"@type\":\"ImageObject\",\"inLanguage\":\"pt-BR\",\"@id\":\"https:\/\/psol50.org.br\/#\/schema\/person\/image\/\",\"url\":\"https:\/\/secure.gravatar.com\/avatar\/b34fc4f4e468a4e51785917065a3db57b841f5c95dba6ad8c73aaf8f66f8f9bf?s=96&d=mm&r=g\",\"contentUrl\":\"https:\/\/secure.gravatar.com\/avatar\/b34fc4f4e468a4e51785917065a3db57b841f5c95dba6ad8c73aaf8f66f8f9bf?s=96&d=mm&r=g\",\"caption\":\"Comunica\u00e7\u00e3o PSOL\"}}]}<\/script>\n<!-- \/ Yoast SEO plugin. -->","yoast_head_json":{"title":"Parlamentares do PSOL pedem investiga\u00e7\u00e3o de empresa fundada por Ricardo Nunes que tem contratos com o governo de SP","description":"A deputada federal S\u00e2mia Bomfim, a deputada estadual M\u00f4nica Seixas e a vereadora da capital paulista Luana Alves, todas do PSOL, pediram que o aumento do valor de contratos da empresa com a Prefeitura seja investigado.","robots":{"index":"index","follow":"follow","max-snippet":"max-snippet:-1","max-image-preview":"max-image-preview:large","max-video-preview":"max-video-preview:-1"},"canonical":"https:\/\/psol50.org.br\/parlamentares-do-psol-pedem-investigacao-de-empresa-fundada-por-ricardo-nunes-que-tem-contratos-com-a-prefeitura-de-sp\/","og_locale":"pt_BR","og_type":"article","og_title":"Parlamentares do PSOL pedem investiga\u00e7\u00e3o de empresa fundada por Ricardo Nunes que tem contratos com o governo de SP","og_description":"A deputada federal S\u00e2mia Bomfim, a deputada estadual M\u00f4nica Seixas e a vereadora da capital paulista Luana Alves, todas do PSOL, pediram que o aumento do valor de contratos da empresa com a Prefeitura seja investigado.","og_url":"https:\/\/psol50.org.br\/parlamentares-do-psol-pedem-investigacao-de-empresa-fundada-por-ricardo-nunes-que-tem-contratos-com-a-prefeitura-de-sp\/","og_site_name":"PSOL 50","article_publisher":"https:\/\/www.facebook.com\/psol50","article_published_time":"2025-01-20T17:49:43+00:00","article_modified_time":"2025-01-20T19:09:22+00:00","og_image":[{"width":799,"height":533,"url":"https:\/\/psol50.org.br\/inc\/uploads\/2025\/01\/117643736_870015263406248_404351419245561212_n.jpg","type":"image\/jpeg"}],"author":"Comunica\u00e7\u00e3o PSOL","twitter_card":"summary_large_image","twitter_creator":"@psol50","twitter_site":"@psol50","twitter_misc":{"Escrito por":"Comunica\u00e7\u00e3o PSOL","Est. tempo de leitura":"1 minuto"},"schema":{"@context":"https:\/\/schema.org","@graph":[{"@type":"Article","@id":"https:\/\/psol50.org.br\/parlamentares-do-psol-pedem-investigacao-de-empresa-fundada-por-ricardo-nunes-que-tem-contratos-com-a-prefeitura-de-sp\/#article","isPartOf":{"@id":"https:\/\/psol50.org.br\/parlamentares-do-psol-pedem-investigacao-de-empresa-fundada-por-ricardo-nunes-que-tem-contratos-com-a-prefeitura-de-sp\/"},"author":{"name":"Comunica\u00e7\u00e3o PSOL","@id":"https:\/\/psol50.org.br\/#\/schema\/person\/475dfa57d0b815993c714c2e96491fcd"},"headline":"Parlamentares do PSOL pedem investiga\u00e7\u00e3o de empresa fundada por Ricardo Nunes que tem contratos com o governo de SP","datePublished":"2025-01-20T17:49:43+00:00","dateModified":"2025-01-20T19:09:22+00:00","mainEntityOfPage":{"@id":"https:\/\/psol50.org.br\/parlamentares-do-psol-pedem-investigacao-de-empresa-fundada-por-ricardo-nunes-que-tem-contratos-com-a-prefeitura-de-sp\/"},"wordCount":272,"publisher":{"@id":"https:\/\/psol50.org.br\/#organization"},"image":{"@id":"https:\/\/psol50.org.br\/parlamentares-do-psol-pedem-investigacao-de-empresa-fundada-por-ricardo-nunes-que-tem-contratos-com-a-prefeitura-de-sp\/#primaryimage"},"thumbnailUrl":"https:\/\/psol50.org.br\/inc\/uploads\/2025\/01\/117643736_870015263406248_404351419245561212_n.jpg","keywords":["Not\u00edcias"],"articleSection":["A\u00e7\u00e3o Parlamentar"],"inLanguage":"pt-BR"},{"@type":"WebPage","@id":"https:\/\/psol50.org.br\/parlamentares-do-psol-pedem-investigacao-de-empresa-fundada-por-ricardo-nunes-que-tem-contratos-com-a-prefeitura-de-sp\/","url":"https:\/\/psol50.org.br\/parlamentares-do-psol-pedem-investigacao-de-empresa-fundada-por-ricardo-nunes-que-tem-contratos-com-a-prefeitura-de-sp\/","name":"Parlamentares do PSOL pedem investiga\u00e7\u00e3o de empresa fundada por Ricardo Nunes que tem contratos com o governo de SP","isPartOf":{"@id":"https:\/\/psol50.org.br\/#website"},"primaryImageOfPage":{"@id":"https:\/\/psol50.org.br\/parlamentares-do-psol-pedem-investigacao-de-empresa-fundada-por-ricardo-nunes-que-tem-contratos-com-a-prefeitura-de-sp\/#primaryimage"},"image":{"@id":"https:\/\/psol50.org.br\/parlamentares-do-psol-pedem-investigacao-de-empresa-fundada-por-ricardo-nunes-que-tem-contratos-com-a-prefeitura-de-sp\/#primaryimage"},"thumbnailUrl":"https:\/\/psol50.org.br\/inc\/uploads\/2025\/01\/117643736_870015263406248_404351419245561212_n.jpg","datePublished":"2025-01-20T17:49:43+00:00","dateModified":"2025-01-20T19:09:22+00:00","description":"A deputada federal S\u00e2mia Bomfim, a deputada estadual M\u00f4nica Seixas e a vereadora da capital paulista Luana Alves, todas do PSOL, pediram que o aumento do valor de contratos da empresa com a Prefeitura seja investigado.","breadcrumb":{"@id":"https:\/\/psol50.org.br\/parlamentares-do-psol-pedem-investigacao-de-empresa-fundada-por-ricardo-nunes-que-tem-contratos-com-a-prefeitura-de-sp\/#breadcrumb"},"inLanguage":"pt-BR","potentialAction":[{"@type":"ReadAction","target":["https:\/\/psol50.org.br\/parlamentares-do-psol-pedem-investigacao-de-empresa-fundada-por-ricardo-nunes-que-tem-contratos-com-a-prefeitura-de-sp\/"]}]},{"@type":"ImageObject","inLanguage":"pt-BR","@id":"https:\/\/psol50.org.br\/parlamentares-do-psol-pedem-investigacao-de-empresa-fundada-por-ricardo-nunes-que-tem-contratos-com-a-prefeitura-de-sp\/#primaryimage","url":"https:\/\/psol50.org.br\/inc\/uploads\/2025\/01\/117643736_870015263406248_404351419245561212_n.jpg","contentUrl":"https:\/\/psol50.org.br\/inc\/uploads\/2025\/01\/117643736_870015263406248_404351419245561212_n.jpg","width":799,"height":533,"caption":"Foto: Reprodu\u00e7\u00e3o"},{"@type":"BreadcrumbList","@id":"https:\/\/psol50.org.br\/parlamentares-do-psol-pedem-investigacao-de-empresa-fundada-por-ricardo-nunes-que-tem-contratos-com-a-prefeitura-de-sp\/#breadcrumb","itemListElement":[{"@type":"ListItem","position":1,"name":"In\u00edcio","item":"https:\/\/psol50.org.br\/"},{"@type":"ListItem","position":2,"name":"Parlamentares do PSOL pedem investiga\u00e7\u00e3o de empresa fundada por Ricardo Nunes que tem contratos com o governo de SP"}]},{"@type":"WebSite","@id":"https:\/\/psol50.org.br\/#website","url":"https:\/\/psol50.org.br\/","name":"PSOL 50","description":"Site oficial do Partido Socialismo e Liberdade","publisher":{"@id":"https:\/\/psol50.org.br\/#organization"},"alternateName":"PSOL50","potentialAction":[{"@type":"SearchAction","target":{"@type":"EntryPoint","urlTemplate":"https:\/\/psol50.org.br\/?s={search_term_string}"},"query-input":{"@type":"PropertyValueSpecification","valueRequired":true,"valueName":"search_term_string"}}],"inLanguage":"pt-BR"},{"@type":"Organization","@id":"https:\/\/psol50.org.br\/#organization","name":"PSOL 50","alternateName":"PSOL 50","url":"https:\/\/psol50.org.br\/","logo":{"@type":"ImageObject","inLanguage":"pt-BR","@id":"https:\/\/psol50.org.br\/#\/schema\/logo\/image\/","url":"https:\/\/psol50.org.br\/inc\/uploads\/2018\/07\/capa.png","contentUrl":"https:\/\/psol50.org.br\/inc\/uploads\/2018\/07\/capa.png","width":1350,"height":900,"caption":"PSOL 50"},"image":{"@id":"https:\/\/psol50.org.br\/#\/schema\/logo\/image\/"},"sameAs":["https:\/\/www.facebook.com\/psol50","https:\/\/x.com\/psol50","https:\/\/www.instagram.com\/psol50\/","https:\/\/www.youtube.com\/channel\/UC7SnJS5o1os7a6CaiNabzcg"]},{"@type":"Person","@id":"https:\/\/psol50.org.br\/#\/schema\/person\/475dfa57d0b815993c714c2e96491fcd","name":"Comunica\u00e7\u00e3o PSOL","image":{"@type":"ImageObject","inLanguage":"pt-BR","@id":"https:\/\/psol50.org.br\/#\/schema\/person\/image\/","url":"https:\/\/secure.gravatar.com\/avatar\/b34fc4f4e468a4e51785917065a3db57b841f5c95dba6ad8c73aaf8f66f8f9bf?s=96&d=mm&r=g","contentUrl":"https:\/\/secure.gravatar.com\/avatar\/b34fc4f4e468a4e51785917065a3db57b841f5c95dba6ad8c73aaf8f66f8f9bf?s=96&d=mm&r=g","caption":"Comunica\u00e7\u00e3o PSOL"}}]}},"_links":{"self":[{"href":"https:\/\/psol50.org.br\/rest\/wp\/v2\/posts\/40598","targetHints":{"allow":["GET"]}}],"collection":[{"href":"https:\/\/psol50.org.br\/rest\/wp\/v2\/posts"}],"about":[{"href":"https:\/\/psol50.org.br\/rest\/wp\/v2\/types\/post"}],"author":[{"embeddable":true,"href":"https:\/\/psol50.org.br\/rest\/wp\/v2\/users\/2"}],"replies":[{"embeddable":true,"href":"https:\/\/psol50.org.br\/rest\/wp\/v2\/comments?post=40598"}],"version-history":[{"count":4,"href":"https:\/\/psol50.org.br\/rest\/wp\/v2\/posts\/40598\/revisions"}],"predecessor-version":[{"id":40603,"href":"https:\/\/psol50.org.br\/rest\/wp\/v2\/posts\/40598\/revisions\/40603"}],"wp:featuredmedia":[{"embeddable":true,"href":"https:\/\/psol50.org.br\/rest\/wp\/v2\/media\/40601"}],"wp:attachment":[{"href":"https:\/\/psol50.org.br\/rest\/wp\/v2\/media?parent=40598"}],"wp:term":[{"taxonomy":"category","embeddable":true,"href":"https:\/\/psol50.org.br\/rest\/wp\/v2\/categories?post=40598"},{"taxonomy":"post_tag","embeddable":true,"href":"https:\/\/psol50.org.br\/rest\/wp\/v2\/tags?post=40598"}],"curies":[{"name":"wp","href":"https:\/\/api.w.org\/{rel}","templated":true}]}}