{"id":40609,"date":"2025-01-22T14:28:44","date_gmt":"2025-01-22T17:28:44","guid":{"rendered":"https:\/\/psol50.org.br\/?p=40609"},"modified":"2025-02-24T09:58:04","modified_gmt":"2025-02-24T12:58:04","slug":"pastor-henrique-vieira-psol-e-candidato-a-presidencia-da-camara-leia-o-programa-de-gestao","status":"publish","type":"post","link":"https:\/\/psol50.org.br\/pastor-henrique-vieira-psol-e-candidato-a-presidencia-da-camara-leia-o-programa-de-gestao\/","title":{"rendered":"Pastor Henrique Vieira (PSOL) \u00e9 candidato \u00e0 Presid\u00eancia da C\u00e2mara: leia o programa de gest\u00e3o"},"content":{"rendered":"<p>Pastor Henrique Vieira (PSOL) segue como o \u00fanico candidato \u00e0 Presid\u00eancia da C\u00e2mara dos Deputados que concorrer\u00e1 contra o candidato de Arthur Lira, o deputado Hugo Motta (Republicanos-PB). A elei\u00e7\u00e3o est\u00e1 prevista para acontecer no primeiro dia ap\u00f3s o retorno do recesso do legislativo brasileiro, em 1\u00ba de fevereiro.<\/p>\n<p>Hugo Motta \u00e9 o candidato do atual presidente da C\u00e2mara Arthur Lira e um disc\u00edpulo de Eduardo Cunha, ex-presidente da C\u00e2mara que arquitetou o golpe parlamentar contra Dilma Rousseff em 2016. \u201cSeria frustrante ter uma candidatura \u00fanica do candidato do Arthur Lira e disc\u00edpulo do Eduardo Cunha\u201d, disse Henrique em entrevista coletiva ainda no final de novembro de 2024, quando sua candidatura foi lan\u00e7ada.<\/p>\n<p>A candidatura do PSOL ter\u00e1 dois eixos fundamentais de campanha: a defesa da democracia com o arquivamento de qualquer proposta de anistia aos golpistas, assim como o enfrentamento ao sequestro do or\u00e7amento p\u00fablico pelo Legislativo que j\u00e1 ultrapassa qualquer limite minimamente razo\u00e1vel.<\/p>\n<h5><strong>Leia abaixo na \u00edntegra o programa de gest\u00e3o apresentado pelo Pastor Henrique Vieira ao conjunto dos deputados:<\/strong><\/h5>\n<p><strong>Bancada do PSOL tem luta e lado: somos Pastor Henrique Vieira para presidente da C\u00e2mara!<\/strong><\/p>\n<p>A Bancada do PSOL na C\u00e2mara dos Deputados busca, com esse programa, dialogar com o conjunto do Parlamento e tamb\u00e9m com a sociedade sobre pontos que consideramos essenciais para a condu\u00e7\u00e3o do Legislativo no pr\u00f3ximo bi\u00eanio (2025\/2026). Apresenta tamb\u00e9m a candidatura \u00e0 presid\u00eancia da Casa do deputado Federal Pastor Henrique Vieira.<\/p>\n<p><strong>Compromisso com a Constitui\u00e7\u00e3o e com a democracia:<\/strong><\/p>\n<ol>\n<li>A presid\u00eancia da C\u00e2mara dos Deputados precisa balizar suas a\u00e7\u00f5es pelo respeito \u00e0s normas constitucionais e legais, e tamb\u00e9m ao Regimento Interno da Casa. \u00c9 contradit\u00f3rio que a C\u00e2mara dos Deputados caminhe por vezes na contram\u00e3o da defesa do Estado Democr\u00e1tico de Direito.<\/li>\n<li>N\u00e3o condiz com a magnitude dessa tarefa a barganha pol\u00edtica imoral que beneficia aliados do presidente em detrimento da legalidade que juramos defender. Propomos uma candidatura que n\u00e3o abra m\u00e3o dos princ\u00edpios constitucionais e que seja norteada pela busca permanente do equil\u00edbrio entre os poderes da Rep\u00fablica.<\/li>\n<li>Nossa candidatura zela pela \u00e9tica e decoro parlamentar. Buscaremos solu\u00e7\u00f5es aos conflitos, sem, por\u00e9m, construir falsas simetrias entre a\u00e7\u00f5es equivocadas e a\u00e7\u00f5es que desrespeitam nossa legisla\u00e7\u00e3o vigente. N\u00e3o h\u00e1 espa\u00e7o na democracia para viol\u00eancia pol\u00edtica de g\u00eanero, de ra\u00e7a, de orienta\u00e7\u00e3o sexual ou etarista. N\u00e3o deveria haver espa\u00e7o no Legislativo brasileiro para trucul\u00eancia e amea\u00e7as. \u00c9 papel do presidente da Casa n\u00e3o normalizar tais a\u00e7\u00f5es.<\/li>\n<li>Reafirmamos uma candidatura contra a anistia de golpistas que depredaram a sede dos Tr\u00eas Poderes, bem como daqueles que apoiaram e\/ou incentivaram, por qualquer meio, tais atos. N\u00e3o podemos normalizar que cidad\u00e3os questionem o processo eleitoral atrav\u00e9s de atos violentos, em especial porque somos legitimados onde estamos atrav\u00e9s e por consequ\u00eancia do processo eleitoral. Coadunar com golpistas \u00e9 a nega\u00e7\u00e3o tamb\u00e9m do parlamento brasileiro.<\/li>\n<li>Entendemos que as a\u00e7\u00f5es de extrema viol\u00eancia orquestrada que assolaram a Capital nos \u00faltimos anos, como a tentativa de invas\u00e3o na sede da Pol\u00edcia Federal em 12 de dezembro de 2022, a tentativa de atentado com bomba no aeroporto internacional de Bras\u00edlia na v\u00e9spera do Natal de 2022, e os atos de depreda\u00e7\u00e3o realizados por grupos extremistas no dia 08 de janeiro de 2023, s\u00e3o consequ\u00eancias diretas do discurso neofascista permitido sob a \u00e9gide da liberdade de express\u00e3o. Necessitamos de uma presid\u00eancia que combata com firmeza aqueles que atrav\u00e9s de suas palavras colocam o povo brasileiro em risco.<\/li>\n<li>O deputado Pastor Henrique Vieira demonstrou em sua participa\u00e7\u00e3o durante a CPMI dos atos golpistas o compromisso de investigar quaisquer grupos ou indiv\u00edduos que atentem contra a democracia. Mostrou firmeza e seriedade ao contribuir com a produ\u00e7\u00e3o do relat\u00f3rio apresentado pela CPMI.<\/li>\n<li>Para al\u00e9m das suas atua\u00e7\u00f5es na Casa, participou da Miss\u00e3o Internacional para Articula\u00e7\u00e3o de Redes em Defesa da Democracia. Espa\u00e7o essencial de troca entre congressistas norte americanos e latino-americano na constru\u00e7\u00e3o de um bloco de resist\u00eancia democr\u00e1tica contra o avan\u00e7o do extremismo fascista.<br \/>\n<strong><br \/>\nPrecisamos avan\u00e7ar na conquista de direitos<\/strong><\/li>\n<li>Lutaremos contra a explora\u00e7\u00e3o do trabalhador e da trabalhadora, somos a favor de uma escala de trabalho justa, que d\u00ea condi\u00e7\u00f5es de vida ao cidad\u00e3o. Pela aprova\u00e7\u00e3o da PEC contra a escala 6&#215;1!<\/li>\n<li>Rejeitamos qualquer projeto que, em nome de \u201cajuste fiscal\u201d, retire direitos dos mais pobres, tais como a mudan\u00e7a da pol\u00edtica de valoriza\u00e7\u00e3o do sal\u00e1rio m\u00ednimo, cortes nos benef\u00edcios sociais e mudan\u00e7as nos m\u00ednimos constitucionais da Sa\u00fade e da Educa\u00e7\u00e3o. Ao inv\u00e9s de ajustes fiscais draconianos, lutaremos por medidas que avancem no sentido de mais justi\u00e7a tribut\u00e1ria &#8211; sem privil\u00e9gios tribut\u00e1rios aos poderosos.<\/li>\n<li>Reafirmamos uma candidatura que lute pela preserva\u00e7\u00e3o da possibilidade de vida no planeta, a partir do compromisso com a agenda ambiental e com a preserva\u00e7\u00e3o dos nossos biomas. N\u00e3o aceitamos a ideia de desenvolvimento que mata, que expulsa popula\u00e7\u00f5es ind\u00edgenas, quilombolas e ribeirinhas.<\/li>\n<li>Combatemos todas as formas de viol\u00eancia contra mulheres e meninas. Tamb\u00e9m defendemos o direito a um parto seguro e humanizado, e respeito \u00e0 autonomia das mulheres e seus direitos sexuais e reprodutivos.<\/li>\n<li>Nossa indica\u00e7\u00e3o, o deputado Pastor Henrique Vieira, foi uma voz importante como vice-l\u00edder do governo. Defendendo o programa eleito nas urnas em 2022 e contribuindo para que ele fosse vitorioso, por isso, entendemos que sua candidatura ecoa as pautas em defesa da popula\u00e7\u00e3o mais pobre, no combate \u00e0 fome e no combate \u00e0s desigualdades sociais. Atentando que essas reuni\u00f5es do Col\u00e9gio de L\u00edderes ajustam diretrizes para os trabalhos, contando com a participa\u00e7\u00e3o de todos os partidos e respeitando posi\u00e7\u00f5es diversas. E, principalmente, entendendo que o Col\u00e9gio de L\u00edderes n\u00e3o pode significar qualquer substitui\u00e7\u00e3o do Plen\u00e1rio, que \u00e9 soberano.<strong><br \/>\nGovernan\u00e7a Democr\u00e1tica e das pr\u00e1ticas internas de funcionamento:<\/strong><\/li>\n<li>Nossa candidatura aponta a necessidade urgente de moralizarmos o funcionamento da C\u00e2mara dos Deputados. Por compromisso e responsabilidade \u00e0s mat\u00e9rias que impactam diretamente na vida de toda popula\u00e7\u00e3o brasileira, \u00e9 inaceit\u00e1vel que o conjunto do parlamento n\u00e3o tenha conhecimento do conte\u00fado da pauta de discuss\u00e3o at\u00e9 minutos antes do in\u00edcio do plen\u00e1rio. Defendemos que a pauta seja publicada com anteced\u00eancia de uma semana, que a Ordem do Dia, ressaltada exce\u00e7\u00f5es, se inicie \u00e0s 16h e defendemos tamb\u00e9m a retomada das reuni\u00f5es do Col\u00e9gio de L\u00edderes \u00e0s ter\u00e7as-feiras, 11h, como ocorriam at\u00e9 a chegada de Arthur Lira \u00e0 Presid\u00eancia da Casa.<\/li>\n<li>Propomos a extin\u00e7\u00e3o dos cargos pol\u00edticos de Secret\u00e1rio de Comunica\u00e7\u00e3o Social e Secret\u00e1rio de Participa\u00e7\u00e3o, Intera\u00e7\u00e3o e M\u00eddias Digitais para que a estrutura de comunica\u00e7\u00e3o da Casa deixe de ser parte do jogo pol\u00edtico e atenda aos deputados com crit\u00e9rios t\u00e9cnicos e jornal\u00edsticos.<\/li>\n<li>Por uma reforma pol\u00edtica popular! Em tempos de extrema desigualdade, a Casa do Povo n\u00e3o pode ser o espa\u00e7o que chancela a distribui\u00e7\u00e3o de recursos p\u00fablicos exorbitantes para partidos e campanhas. \u00c9 essencial que o Parlamento debata com a sociedade a quantidade de recursos p\u00fablicos destinados \u00e0s emendas parlamentares, interrompendo o ciclo de aumento sem controle deste instrumento. Ao mesmo tempo, cabe \u00e0 presid\u00eancia da C\u00e2mara implementar mecanismos de transpar\u00eancia ativa, participa\u00e7\u00e3o p\u00fablica e controle social para acabar de uma vez por todas com qualquer vest\u00edgio de &#8220;or\u00e7amento secreto&#8221;, na defini\u00e7\u00e3o e execu\u00e7\u00e3o de todas as modalidades de emendas parlamentares. O Or\u00e7amento P\u00fablico deve ser participativo e n\u00e3o secreto!<\/li>\n<\/ol>\n","protected":false},"excerpt":{"rendered":"<p>Pastor Henrique Vieira (PSOL) segue como o \u00fanico candidato \u00e0 Presid\u00eancia da C\u00e2mara dos Deputados que concorrer\u00e1 contra o candidato de Arthur Lira, o deputado Hugo Motta (Republicanos-PB). A elei\u00e7\u00e3o est\u00e1 prevista para acontecer no primeiro dia ap\u00f3s o retorno do recesso do legislativo brasileiro, em 1\u00ba de fevereiro. Hugo Motta \u00e9 o candidato do [&hellip;]<\/p>\n","protected":false},"author":2,"featured_media":40405,"comment_status":"closed","ping_status":"open","sticky":false,"template":"","format":"standard","meta":{"_acf_changed":false,"footnotes":""},"categories":[10],"tags":[4825],"class_list":{"0":"post-40609","1":"post","2":"type-post","3":"status-publish","4":"format-standard","5":"has-post-thumbnail","7":"category-acao-parlamentares","8":"tag-noticias"},"acf":[],"yoast_head":"<!-- This site is optimized with the Yoast SEO plugin v26.5 - https:\/\/yoast.com\/wordpress\/plugins\/seo\/ -->\n<title>Pastor Henrique Vieira (PSOL) \u00e9 candidato \u00e0 Presid\u00eancia da C\u00e2mara: leia o programa de gest\u00e3o<\/title>\n<meta name=\"description\" content=\"Pastor Henrique Vieira garante enfrentar o extremismo e a viol\u00eancia pol\u00edtica no Congresso e diz que Arthur Lira e seu candidato, Hugo Motta, representam a continuidade de Eduardo Cunha.\" \/>\n<meta name=\"robots\" content=\"index, follow, max-snippet:-1, max-image-preview:large, max-video-preview:-1\" \/>\n<link rel=\"canonical\" href=\"https:\/\/psol50.org.br\/pastor-henrique-vieira-psol-e-candidato-a-presidencia-da-camara-leia-o-programa-de-gestao\/\" \/>\n<meta property=\"og:locale\" content=\"pt_BR\" \/>\n<meta property=\"og:type\" content=\"article\" \/>\n<meta property=\"og:title\" content=\"Pastor Henrique Vieira (PSOL) \u00e9 candidato \u00e0 Presid\u00eancia da C\u00e2mara: leia o programa de gest\u00e3o\" \/>\n<meta property=\"og:description\" content=\"Pastor Henrique Vieira garante enfrentar o extremismo e a viol\u00eancia pol\u00edtica no Congresso e diz que Arthur Lira e seu candidato, Hugo Motta, representam a continuidade de Eduardo Cunha.\" \/>\n<meta property=\"og:url\" content=\"https:\/\/psol50.org.br\/pastor-henrique-vieira-psol-e-candidato-a-presidencia-da-camara-leia-o-programa-de-gestao\/\" \/>\n<meta property=\"og:site_name\" content=\"PSOL 50\" \/>\n<meta property=\"article:publisher\" content=\"https:\/\/www.facebook.com\/psol50\" \/>\n<meta property=\"article:published_time\" content=\"2025-01-22T17:28:44+00:00\" \/>\n<meta property=\"article:modified_time\" content=\"2025-02-24T12:58:04+00:00\" \/>\n<meta property=\"og:image\" content=\"https:\/\/psol50.org.br\/inc\/uploads\/2024\/11\/img20240710101825713-scaled.jpg\" \/>\n\t<meta property=\"og:image:width\" content=\"2560\" \/>\n\t<meta property=\"og:image:height\" content=\"1578\" \/>\n\t<meta property=\"og:image:type\" content=\"image\/jpeg\" \/>\n<meta name=\"author\" content=\"Comunica\u00e7\u00e3o PSOL\" \/>\n<meta name=\"twitter:card\" content=\"summary_large_image\" \/>\n<meta name=\"twitter:creator\" content=\"@psol50\" \/>\n<meta name=\"twitter:site\" content=\"@psol50\" \/>\n<meta name=\"twitter:label1\" content=\"Escrito por\" \/>\n\t<meta name=\"twitter:data1\" content=\"Comunica\u00e7\u00e3o PSOL\" \/>\n\t<meta name=\"twitter:label2\" content=\"Est. tempo de leitura\" \/>\n\t<meta name=\"twitter:data2\" content=\"7 minutos\" \/>\n<script type=\"application\/ld+json\" class=\"yoast-schema-graph\">{\"@context\":\"https:\/\/schema.org\",\"@graph\":[{\"@type\":\"Article\",\"@id\":\"https:\/\/psol50.org.br\/pastor-henrique-vieira-psol-e-candidato-a-presidencia-da-camara-leia-o-programa-de-gestao\/#article\",\"isPartOf\":{\"@id\":\"https:\/\/psol50.org.br\/pastor-henrique-vieira-psol-e-candidato-a-presidencia-da-camara-leia-o-programa-de-gestao\/\"},\"author\":{\"name\":\"Comunica\u00e7\u00e3o PSOL\",\"@id\":\"https:\/\/psol50.org.br\/#\/schema\/person\/475dfa57d0b815993c714c2e96491fcd\"},\"headline\":\"Pastor Henrique Vieira (PSOL) \u00e9 candidato \u00e0 Presid\u00eancia da C\u00e2mara: leia o programa de gest\u00e3o\",\"datePublished\":\"2025-01-22T17:28:44+00:00\",\"dateModified\":\"2025-02-24T12:58:04+00:00\",\"mainEntityOfPage\":{\"@id\":\"https:\/\/psol50.org.br\/pastor-henrique-vieira-psol-e-candidato-a-presidencia-da-camara-leia-o-programa-de-gestao\/\"},\"wordCount\":1355,\"publisher\":{\"@id\":\"https:\/\/psol50.org.br\/#organization\"},\"image\":{\"@id\":\"https:\/\/psol50.org.br\/pastor-henrique-vieira-psol-e-candidato-a-presidencia-da-camara-leia-o-programa-de-gestao\/#primaryimage\"},\"thumbnailUrl\":\"https:\/\/psol50.org.br\/inc\/uploads\/2024\/11\/img20240710101825713-scaled.jpg\",\"keywords\":[\"Not\u00edcias\"],\"articleSection\":[\"A\u00e7\u00e3o Parlamentar\"],\"inLanguage\":\"pt-BR\"},{\"@type\":\"WebPage\",\"@id\":\"https:\/\/psol50.org.br\/pastor-henrique-vieira-psol-e-candidato-a-presidencia-da-camara-leia-o-programa-de-gestao\/\",\"url\":\"https:\/\/psol50.org.br\/pastor-henrique-vieira-psol-e-candidato-a-presidencia-da-camara-leia-o-programa-de-gestao\/\",\"name\":\"Pastor Henrique Vieira (PSOL) \u00e9 candidato \u00e0 Presid\u00eancia da C\u00e2mara: leia o programa de gest\u00e3o\",\"isPartOf\":{\"@id\":\"https:\/\/psol50.org.br\/#website\"},\"primaryImageOfPage\":{\"@id\":\"https:\/\/psol50.org.br\/pastor-henrique-vieira-psol-e-candidato-a-presidencia-da-camara-leia-o-programa-de-gestao\/#primaryimage\"},\"image\":{\"@id\":\"https:\/\/psol50.org.br\/pastor-henrique-vieira-psol-e-candidato-a-presidencia-da-camara-leia-o-programa-de-gestao\/#primaryimage\"},\"thumbnailUrl\":\"https:\/\/psol50.org.br\/inc\/uploads\/2024\/11\/img20240710101825713-scaled.jpg\",\"datePublished\":\"2025-01-22T17:28:44+00:00\",\"dateModified\":\"2025-02-24T12:58:04+00:00\",\"description\":\"Pastor Henrique Vieira garante enfrentar o extremismo e a viol\u00eancia pol\u00edtica no Congresso e diz que Arthur Lira e seu candidato, Hugo Motta, representam a continuidade de Eduardo Cunha.\",\"breadcrumb\":{\"@id\":\"https:\/\/psol50.org.br\/pastor-henrique-vieira-psol-e-candidato-a-presidencia-da-camara-leia-o-programa-de-gestao\/#breadcrumb\"},\"inLanguage\":\"pt-BR\",\"potentialAction\":[{\"@type\":\"ReadAction\",\"target\":[\"https:\/\/psol50.org.br\/pastor-henrique-vieira-psol-e-candidato-a-presidencia-da-camara-leia-o-programa-de-gestao\/\"]}]},{\"@type\":\"ImageObject\",\"inLanguage\":\"pt-BR\",\"@id\":\"https:\/\/psol50.org.br\/pastor-henrique-vieira-psol-e-candidato-a-presidencia-da-camara-leia-o-programa-de-gestao\/#primaryimage\",\"url\":\"https:\/\/psol50.org.br\/inc\/uploads\/2024\/11\/img20240710101825713-scaled.jpg\",\"contentUrl\":\"https:\/\/psol50.org.br\/inc\/uploads\/2024\/11\/img20240710101825713-scaled.jpg\",\"width\":2560,\"height\":1578,\"caption\":\"Foto: M\u00e1rio Agra \/ C\u00e2mara dos Deputados\"},{\"@type\":\"BreadcrumbList\",\"@id\":\"https:\/\/psol50.org.br\/pastor-henrique-vieira-psol-e-candidato-a-presidencia-da-camara-leia-o-programa-de-gestao\/#breadcrumb\",\"itemListElement\":[{\"@type\":\"ListItem\",\"position\":1,\"name\":\"In\u00edcio\",\"item\":\"https:\/\/psol50.org.br\/\"},{\"@type\":\"ListItem\",\"position\":2,\"name\":\"Pastor Henrique Vieira (PSOL) \u00e9 candidato \u00e0 Presid\u00eancia da C\u00e2mara: leia o programa de gest\u00e3o\"}]},{\"@type\":\"WebSite\",\"@id\":\"https:\/\/psol50.org.br\/#website\",\"url\":\"https:\/\/psol50.org.br\/\",\"name\":\"PSOL 50\",\"description\":\"Site oficial do Partido Socialismo e Liberdade\",\"publisher\":{\"@id\":\"https:\/\/psol50.org.br\/#organization\"},\"alternateName\":\"PSOL50\",\"potentialAction\":[{\"@type\":\"SearchAction\",\"target\":{\"@type\":\"EntryPoint\",\"urlTemplate\":\"https:\/\/psol50.org.br\/?s={search_term_string}\"},\"query-input\":{\"@type\":\"PropertyValueSpecification\",\"valueRequired\":true,\"valueName\":\"search_term_string\"}}],\"inLanguage\":\"pt-BR\"},{\"@type\":\"Organization\",\"@id\":\"https:\/\/psol50.org.br\/#organization\",\"name\":\"PSOL 50\",\"alternateName\":\"PSOL 50\",\"url\":\"https:\/\/psol50.org.br\/\",\"logo\":{\"@type\":\"ImageObject\",\"inLanguage\":\"pt-BR\",\"@id\":\"https:\/\/psol50.org.br\/#\/schema\/logo\/image\/\",\"url\":\"https:\/\/psol50.org.br\/inc\/uploads\/2018\/07\/capa.png\",\"contentUrl\":\"https:\/\/psol50.org.br\/inc\/uploads\/2018\/07\/capa.png\",\"width\":1350,\"height\":900,\"caption\":\"PSOL 50\"},\"image\":{\"@id\":\"https:\/\/psol50.org.br\/#\/schema\/logo\/image\/\"},\"sameAs\":[\"https:\/\/www.facebook.com\/psol50\",\"https:\/\/x.com\/psol50\",\"https:\/\/www.instagram.com\/psol50\/\",\"https:\/\/www.youtube.com\/channel\/UC7SnJS5o1os7a6CaiNabzcg\"]},{\"@type\":\"Person\",\"@id\":\"https:\/\/psol50.org.br\/#\/schema\/person\/475dfa57d0b815993c714c2e96491fcd\",\"name\":\"Comunica\u00e7\u00e3o PSOL\",\"image\":{\"@type\":\"ImageObject\",\"inLanguage\":\"pt-BR\",\"@id\":\"https:\/\/psol50.org.br\/#\/schema\/person\/image\/\",\"url\":\"https:\/\/secure.gravatar.com\/avatar\/b34fc4f4e468a4e51785917065a3db57b841f5c95dba6ad8c73aaf8f66f8f9bf?s=96&d=mm&r=g\",\"contentUrl\":\"https:\/\/secure.gravatar.com\/avatar\/b34fc4f4e468a4e51785917065a3db57b841f5c95dba6ad8c73aaf8f66f8f9bf?s=96&d=mm&r=g\",\"caption\":\"Comunica\u00e7\u00e3o PSOL\"}}]}<\/script>\n<!-- \/ Yoast SEO plugin. -->","yoast_head_json":{"title":"Pastor Henrique Vieira (PSOL) \u00e9 candidato \u00e0 Presid\u00eancia da C\u00e2mara: leia o programa de gest\u00e3o","description":"Pastor Henrique Vieira garante enfrentar o extremismo e a viol\u00eancia pol\u00edtica no Congresso e diz que Arthur Lira e seu candidato, Hugo Motta, representam a continuidade de Eduardo Cunha.","robots":{"index":"index","follow":"follow","max-snippet":"max-snippet:-1","max-image-preview":"max-image-preview:large","max-video-preview":"max-video-preview:-1"},"canonical":"https:\/\/psol50.org.br\/pastor-henrique-vieira-psol-e-candidato-a-presidencia-da-camara-leia-o-programa-de-gestao\/","og_locale":"pt_BR","og_type":"article","og_title":"Pastor Henrique Vieira (PSOL) \u00e9 candidato \u00e0 Presid\u00eancia da C\u00e2mara: leia o programa de gest\u00e3o","og_description":"Pastor Henrique Vieira garante enfrentar o extremismo e a viol\u00eancia pol\u00edtica no Congresso e diz que Arthur Lira e seu candidato, Hugo Motta, representam a continuidade de Eduardo Cunha.","og_url":"https:\/\/psol50.org.br\/pastor-henrique-vieira-psol-e-candidato-a-presidencia-da-camara-leia-o-programa-de-gestao\/","og_site_name":"PSOL 50","article_publisher":"https:\/\/www.facebook.com\/psol50","article_published_time":"2025-01-22T17:28:44+00:00","article_modified_time":"2025-02-24T12:58:04+00:00","og_image":[{"width":2560,"height":1578,"url":"https:\/\/psol50.org.br\/inc\/uploads\/2024\/11\/img20240710101825713-scaled.jpg","type":"image\/jpeg"}],"author":"Comunica\u00e7\u00e3o PSOL","twitter_card":"summary_large_image","twitter_creator":"@psol50","twitter_site":"@psol50","twitter_misc":{"Escrito por":"Comunica\u00e7\u00e3o PSOL","Est. tempo de leitura":"7 minutos"},"schema":{"@context":"https:\/\/schema.org","@graph":[{"@type":"Article","@id":"https:\/\/psol50.org.br\/pastor-henrique-vieira-psol-e-candidato-a-presidencia-da-camara-leia-o-programa-de-gestao\/#article","isPartOf":{"@id":"https:\/\/psol50.org.br\/pastor-henrique-vieira-psol-e-candidato-a-presidencia-da-camara-leia-o-programa-de-gestao\/"},"author":{"name":"Comunica\u00e7\u00e3o PSOL","@id":"https:\/\/psol50.org.br\/#\/schema\/person\/475dfa57d0b815993c714c2e96491fcd"},"headline":"Pastor Henrique Vieira (PSOL) \u00e9 candidato \u00e0 Presid\u00eancia da C\u00e2mara: leia o programa de gest\u00e3o","datePublished":"2025-01-22T17:28:44+00:00","dateModified":"2025-02-24T12:58:04+00:00","mainEntityOfPage":{"@id":"https:\/\/psol50.org.br\/pastor-henrique-vieira-psol-e-candidato-a-presidencia-da-camara-leia-o-programa-de-gestao\/"},"wordCount":1355,"publisher":{"@id":"https:\/\/psol50.org.br\/#organization"},"image":{"@id":"https:\/\/psol50.org.br\/pastor-henrique-vieira-psol-e-candidato-a-presidencia-da-camara-leia-o-programa-de-gestao\/#primaryimage"},"thumbnailUrl":"https:\/\/psol50.org.br\/inc\/uploads\/2024\/11\/img20240710101825713-scaled.jpg","keywords":["Not\u00edcias"],"articleSection":["A\u00e7\u00e3o Parlamentar"],"inLanguage":"pt-BR"},{"@type":"WebPage","@id":"https:\/\/psol50.org.br\/pastor-henrique-vieira-psol-e-candidato-a-presidencia-da-camara-leia-o-programa-de-gestao\/","url":"https:\/\/psol50.org.br\/pastor-henrique-vieira-psol-e-candidato-a-presidencia-da-camara-leia-o-programa-de-gestao\/","name":"Pastor Henrique Vieira (PSOL) \u00e9 candidato \u00e0 Presid\u00eancia da C\u00e2mara: leia o programa de gest\u00e3o","isPartOf":{"@id":"https:\/\/psol50.org.br\/#website"},"primaryImageOfPage":{"@id":"https:\/\/psol50.org.br\/pastor-henrique-vieira-psol-e-candidato-a-presidencia-da-camara-leia-o-programa-de-gestao\/#primaryimage"},"image":{"@id":"https:\/\/psol50.org.br\/pastor-henrique-vieira-psol-e-candidato-a-presidencia-da-camara-leia-o-programa-de-gestao\/#primaryimage"},"thumbnailUrl":"https:\/\/psol50.org.br\/inc\/uploads\/2024\/11\/img20240710101825713-scaled.jpg","datePublished":"2025-01-22T17:28:44+00:00","dateModified":"2025-02-24T12:58:04+00:00","description":"Pastor Henrique Vieira garante enfrentar o extremismo e a viol\u00eancia pol\u00edtica no Congresso e diz que Arthur Lira e seu candidato, Hugo Motta, representam a continuidade de Eduardo Cunha.","breadcrumb":{"@id":"https:\/\/psol50.org.br\/pastor-henrique-vieira-psol-e-candidato-a-presidencia-da-camara-leia-o-programa-de-gestao\/#breadcrumb"},"inLanguage":"pt-BR","potentialAction":[{"@type":"ReadAction","target":["https:\/\/psol50.org.br\/pastor-henrique-vieira-psol-e-candidato-a-presidencia-da-camara-leia-o-programa-de-gestao\/"]}]},{"@type":"ImageObject","inLanguage":"pt-BR","@id":"https:\/\/psol50.org.br\/pastor-henrique-vieira-psol-e-candidato-a-presidencia-da-camara-leia-o-programa-de-gestao\/#primaryimage","url":"https:\/\/psol50.org.br\/inc\/uploads\/2024\/11\/img20240710101825713-scaled.jpg","contentUrl":"https:\/\/psol50.org.br\/inc\/uploads\/2024\/11\/img20240710101825713-scaled.jpg","width":2560,"height":1578,"caption":"Foto: M\u00e1rio Agra \/ C\u00e2mara dos Deputados"},{"@type":"BreadcrumbList","@id":"https:\/\/psol50.org.br\/pastor-henrique-vieira-psol-e-candidato-a-presidencia-da-camara-leia-o-programa-de-gestao\/#breadcrumb","itemListElement":[{"@type":"ListItem","position":1,"name":"In\u00edcio","item":"https:\/\/psol50.org.br\/"},{"@type":"ListItem","position":2,"name":"Pastor Henrique Vieira (PSOL) \u00e9 candidato \u00e0 Presid\u00eancia da C\u00e2mara: leia o programa de gest\u00e3o"}]},{"@type":"WebSite","@id":"https:\/\/psol50.org.br\/#website","url":"https:\/\/psol50.org.br\/","name":"PSOL 50","description":"Site oficial do Partido Socialismo e Liberdade","publisher":{"@id":"https:\/\/psol50.org.br\/#organization"},"alternateName":"PSOL50","potentialAction":[{"@type":"SearchAction","target":{"@type":"EntryPoint","urlTemplate":"https:\/\/psol50.org.br\/?s={search_term_string}"},"query-input":{"@type":"PropertyValueSpecification","valueRequired":true,"valueName":"search_term_string"}}],"inLanguage":"pt-BR"},{"@type":"Organization","@id":"https:\/\/psol50.org.br\/#organization","name":"PSOL 50","alternateName":"PSOL 50","url":"https:\/\/psol50.org.br\/","logo":{"@type":"ImageObject","inLanguage":"pt-BR","@id":"https:\/\/psol50.org.br\/#\/schema\/logo\/image\/","url":"https:\/\/psol50.org.br\/inc\/uploads\/2018\/07\/capa.png","contentUrl":"https:\/\/psol50.org.br\/inc\/uploads\/2018\/07\/capa.png","width":1350,"height":900,"caption":"PSOL 50"},"image":{"@id":"https:\/\/psol50.org.br\/#\/schema\/logo\/image\/"},"sameAs":["https:\/\/www.facebook.com\/psol50","https:\/\/x.com\/psol50","https:\/\/www.instagram.com\/psol50\/","https:\/\/www.youtube.com\/channel\/UC7SnJS5o1os7a6CaiNabzcg"]},{"@type":"Person","@id":"https:\/\/psol50.org.br\/#\/schema\/person\/475dfa57d0b815993c714c2e96491fcd","name":"Comunica\u00e7\u00e3o PSOL","image":{"@type":"ImageObject","inLanguage":"pt-BR","@id":"https:\/\/psol50.org.br\/#\/schema\/person\/image\/","url":"https:\/\/secure.gravatar.com\/avatar\/b34fc4f4e468a4e51785917065a3db57b841f5c95dba6ad8c73aaf8f66f8f9bf?s=96&d=mm&r=g","contentUrl":"https:\/\/secure.gravatar.com\/avatar\/b34fc4f4e468a4e51785917065a3db57b841f5c95dba6ad8c73aaf8f66f8f9bf?s=96&d=mm&r=g","caption":"Comunica\u00e7\u00e3o PSOL"}}]}},"_links":{"self":[{"href":"https:\/\/psol50.org.br\/rest\/wp\/v2\/posts\/40609","targetHints":{"allow":["GET"]}}],"collection":[{"href":"https:\/\/psol50.org.br\/rest\/wp\/v2\/posts"}],"about":[{"href":"https:\/\/psol50.org.br\/rest\/wp\/v2\/types\/post"}],"author":[{"embeddable":true,"href":"https:\/\/psol50.org.br\/rest\/wp\/v2\/users\/2"}],"replies":[{"embeddable":true,"href":"https:\/\/psol50.org.br\/rest\/wp\/v2\/comments?post=40609"}],"version-history":[{"count":4,"href":"https:\/\/psol50.org.br\/rest\/wp\/v2\/posts\/40609\/revisions"}],"predecessor-version":[{"id":40613,"href":"https:\/\/psol50.org.br\/rest\/wp\/v2\/posts\/40609\/revisions\/40613"}],"wp:featuredmedia":[{"embeddable":true,"href":"https:\/\/psol50.org.br\/rest\/wp\/v2\/media\/40405"}],"wp:attachment":[{"href":"https:\/\/psol50.org.br\/rest\/wp\/v2\/media?parent=40609"}],"wp:term":[{"taxonomy":"category","embeddable":true,"href":"https:\/\/psol50.org.br\/rest\/wp\/v2\/categories?post=40609"},{"taxonomy":"post_tag","embeddable":true,"href":"https:\/\/psol50.org.br\/rest\/wp\/v2\/tags?post=40609"}],"curies":[{"name":"wp","href":"https:\/\/api.w.org\/{rel}","templated":true}]}}