{"id":40628,"date":"2025-01-28T15:03:38","date_gmt":"2025-01-28T18:03:38","guid":{"rendered":"https:\/\/psol50.org.br\/?p=40628"},"modified":"2025-01-30T12:19:01","modified_gmt":"2025-01-30T15:19:01","slug":"psol-pede-que-camara-repudie-tratamento-degradante-de-brasileiros-deportados-por-autoridades-dos-eua","status":"publish","type":"post","link":"https:\/\/psol50.org.br\/psol-pede-que-camara-repudie-tratamento-degradante-de-brasileiros-deportados-por-autoridades-dos-eua\/","title":{"rendered":"PSOL pede que C\u00e2mara repudie tratamento degradante de brasileiros deportados por autoridades dos EUA"},"content":{"rendered":"<p>Os deputados federais Ivan Valente e Tal\u00edria Petrone, ambos do PSOL, apresentaram na \u00faltima segunda-feira (27) um requerimento na C\u00e2mara dos Deputados para que o parlamento brasileiro aprove uma mo\u00e7\u00e3o de rep\u00fadio ao tratamento dado por autoridades dos Estados Unidos aos imigrantes brasileiros rec\u00e9m deportados.<\/p>\n<p>Contando com 88 brasileiros, al\u00e9m de 70 imigrantes estrangeiros, um voo que trouxe os imigrantes deportados deveria pousar em Belo Horizonte, mas parou em Manaus ap\u00f3s apresentar problemas t\u00e9cnicos. Ao chegar em solo brasileiro, policiais federais se depararam com os passageiros algemados e retiraram os aparatos, al\u00e9m de impedir que fossem recolocados.<\/p>\n<p>Al\u00e9m disso, os brasileiros que estavam no voo relataram agress\u00f5es e humilha\u00e7\u00f5es durante a viagem, que decolou do estado americano de Louisiana, al\u00e9m de problemas na aeronave, como defeitos no ar-condicionado.<\/p>\n<p>\u201cE\u0301 de conhecimento geral que os imigrantes, em sua grande maioria, partem de suas terras natais em busca de uma vida mais digna, com melhores condic\u0327o\u0303es de seguranc\u0327a, trabalho e liberdade. Por isso e\u0301 inadmissi\u0301vel que cidada\u0303os brasileiros sejam submetidos a condic\u0327o\u0303es degradantes, viole\u0302ncia verbal e fi\u0301sica, uso de algemas e correntes nos pe\u0301s, em flagrante desrespeito aos princi\u0301pios da dignidade humana\u201d, afirmam os parlamentares em trecho da justificativa da iniciativa.<\/p>\n","protected":false},"excerpt":{"rendered":"<p>Os deputados federais Ivan Valente e Tal\u00edria Petrone, ambos do PSOL, apresentaram na \u00faltima segunda-feira (27) um requerimento na C\u00e2mara dos Deputados para que o parlamento brasileiro aprove uma mo\u00e7\u00e3o de rep\u00fadio ao tratamento dado por autoridades dos Estados Unidos aos imigrantes brasileiros rec\u00e9m deportados. Contando com 88 brasileiros, al\u00e9m de 70 imigrantes estrangeiros, um [&hellip;]<\/p>\n","protected":false},"author":2,"featured_media":40631,"comment_status":"closed","ping_status":"open","sticky":false,"template":"","format":"standard","meta":{"_acf_changed":false,"footnotes":""},"categories":[10],"tags":[4825],"class_list":{"0":"post-40628","1":"post","2":"type-post","3":"status-publish","4":"format-standard","5":"has-post-thumbnail","7":"category-acao-parlamentares","8":"tag-noticias"},"acf":[],"yoast_head":"<!-- This site is optimized with the Yoast SEO plugin v26.5 - https:\/\/yoast.com\/wordpress\/plugins\/seo\/ -->\n<title>PSOL pede que C\u00e2mara repudie tratamento degradante de brasileiros deportados por autoridades dos EUA<\/title>\n<meta name=\"description\" content=\"Ivan Valente e Tal\u00edria Petrone classificaram o procedimento como \u201cinadmiss\u00edvel\u201d e defendem que Brasil n\u00e3o aceite desrespeito a sua soberania.\" \/>\n<meta name=\"robots\" content=\"index, follow, max-snippet:-1, max-image-preview:large, max-video-preview:-1\" \/>\n<link rel=\"canonical\" href=\"https:\/\/psol50.org.br\/psol-pede-que-camara-repudie-tratamento-degradante-de-brasileiros-deportados-por-autoridades-dos-eua\/\" \/>\n<meta property=\"og:locale\" content=\"pt_BR\" \/>\n<meta property=\"og:type\" content=\"article\" \/>\n<meta property=\"og:title\" content=\"PSOL pede que C\u00e2mara repudie tratamento degradante de brasileiros deportados por autoridades dos EUA\" \/>\n<meta property=\"og:description\" content=\"Ivan Valente e Tal\u00edria Petrone classificaram o procedimento como \u201cinadmiss\u00edvel\u201d e defendem que Brasil n\u00e3o aceite desrespeito a sua soberania.\" \/>\n<meta property=\"og:url\" content=\"https:\/\/psol50.org.br\/psol-pede-que-camara-repudie-tratamento-degradante-de-brasileiros-deportados-por-autoridades-dos-eua\/\" \/>\n<meta property=\"og:site_name\" content=\"PSOL 50\" \/>\n<meta property=\"article:publisher\" content=\"https:\/\/www.facebook.com\/psol50\" \/>\n<meta property=\"article:published_time\" content=\"2025-01-28T18:03:38+00:00\" \/>\n<meta property=\"article:modified_time\" content=\"2025-01-30T15:19:01+00:00\" \/>\n<meta property=\"og:image\" content=\"https:\/\/psol50.org.br\/inc\/uploads\/2025\/01\/Design-sem-nome-93.png\" \/>\n\t<meta property=\"og:image:width\" content=\"1280\" \/>\n\t<meta property=\"og:image:height\" content=\"720\" \/>\n\t<meta property=\"og:image:type\" content=\"image\/png\" \/>\n<meta name=\"author\" content=\"Comunica\u00e7\u00e3o PSOL\" \/>\n<meta name=\"twitter:card\" content=\"summary_large_image\" \/>\n<meta name=\"twitter:creator\" content=\"@psol50\" \/>\n<meta name=\"twitter:site\" content=\"@psol50\" \/>\n<meta name=\"twitter:label1\" content=\"Escrito por\" \/>\n\t<meta name=\"twitter:data1\" content=\"Comunica\u00e7\u00e3o PSOL\" \/>\n\t<meta name=\"twitter:label2\" content=\"Est. tempo de leitura\" \/>\n\t<meta name=\"twitter:data2\" content=\"1 minuto\" \/>\n<script type=\"application\/ld+json\" class=\"yoast-schema-graph\">{\"@context\":\"https:\/\/schema.org\",\"@graph\":[{\"@type\":\"Article\",\"@id\":\"https:\/\/psol50.org.br\/psol-pede-que-camara-repudie-tratamento-degradante-de-brasileiros-deportados-por-autoridades-dos-eua\/#article\",\"isPartOf\":{\"@id\":\"https:\/\/psol50.org.br\/psol-pede-que-camara-repudie-tratamento-degradante-de-brasileiros-deportados-por-autoridades-dos-eua\/\"},\"author\":{\"name\":\"Comunica\u00e7\u00e3o PSOL\",\"@id\":\"https:\/\/psol50.org.br\/#\/schema\/person\/475dfa57d0b815993c714c2e96491fcd\"},\"headline\":\"PSOL pede que C\u00e2mara repudie tratamento degradante de brasileiros deportados por autoridades dos EUA\",\"datePublished\":\"2025-01-28T18:03:38+00:00\",\"dateModified\":\"2025-01-30T15:19:01+00:00\",\"mainEntityOfPage\":{\"@id\":\"https:\/\/psol50.org.br\/psol-pede-que-camara-repudie-tratamento-degradante-de-brasileiros-deportados-por-autoridades-dos-eua\/\"},\"wordCount\":235,\"publisher\":{\"@id\":\"https:\/\/psol50.org.br\/#organization\"},\"image\":{\"@id\":\"https:\/\/psol50.org.br\/psol-pede-que-camara-repudie-tratamento-degradante-de-brasileiros-deportados-por-autoridades-dos-eua\/#primaryimage\"},\"thumbnailUrl\":\"https:\/\/psol50.org.br\/inc\/uploads\/2025\/01\/Design-sem-nome-93.png\",\"keywords\":[\"Not\u00edcias\"],\"articleSection\":[\"A\u00e7\u00e3o Parlamentar\"],\"inLanguage\":\"pt-BR\"},{\"@type\":\"WebPage\",\"@id\":\"https:\/\/psol50.org.br\/psol-pede-que-camara-repudie-tratamento-degradante-de-brasileiros-deportados-por-autoridades-dos-eua\/\",\"url\":\"https:\/\/psol50.org.br\/psol-pede-que-camara-repudie-tratamento-degradante-de-brasileiros-deportados-por-autoridades-dos-eua\/\",\"name\":\"PSOL pede que C\u00e2mara repudie tratamento degradante de brasileiros deportados por autoridades dos EUA\",\"isPartOf\":{\"@id\":\"https:\/\/psol50.org.br\/#website\"},\"primaryImageOfPage\":{\"@id\":\"https:\/\/psol50.org.br\/psol-pede-que-camara-repudie-tratamento-degradante-de-brasileiros-deportados-por-autoridades-dos-eua\/#primaryimage\"},\"image\":{\"@id\":\"https:\/\/psol50.org.br\/psol-pede-que-camara-repudie-tratamento-degradante-de-brasileiros-deportados-por-autoridades-dos-eua\/#primaryimage\"},\"thumbnailUrl\":\"https:\/\/psol50.org.br\/inc\/uploads\/2025\/01\/Design-sem-nome-93.png\",\"datePublished\":\"2025-01-28T18:03:38+00:00\",\"dateModified\":\"2025-01-30T15:19:01+00:00\",\"description\":\"Ivan Valente e Tal\u00edria Petrone classificaram o procedimento como \u201cinadmiss\u00edvel\u201d e defendem que Brasil n\u00e3o aceite desrespeito a sua soberania.\",\"breadcrumb\":{\"@id\":\"https:\/\/psol50.org.br\/psol-pede-que-camara-repudie-tratamento-degradante-de-brasileiros-deportados-por-autoridades-dos-eua\/#breadcrumb\"},\"inLanguage\":\"pt-BR\",\"potentialAction\":[{\"@type\":\"ReadAction\",\"target\":[\"https:\/\/psol50.org.br\/psol-pede-que-camara-repudie-tratamento-degradante-de-brasileiros-deportados-por-autoridades-dos-eua\/\"]}]},{\"@type\":\"ImageObject\",\"inLanguage\":\"pt-BR\",\"@id\":\"https:\/\/psol50.org.br\/psol-pede-que-camara-repudie-tratamento-degradante-de-brasileiros-deportados-por-autoridades-dos-eua\/#primaryimage\",\"url\":\"https:\/\/psol50.org.br\/inc\/uploads\/2025\/01\/Design-sem-nome-93.png\",\"contentUrl\":\"https:\/\/psol50.org.br\/inc\/uploads\/2025\/01\/Design-sem-nome-93.png\",\"width\":1280,\"height\":720,\"caption\":\"Fotos: Bruno Spada\/C\u00e2mara dos Deputados\"},{\"@type\":\"BreadcrumbList\",\"@id\":\"https:\/\/psol50.org.br\/psol-pede-que-camara-repudie-tratamento-degradante-de-brasileiros-deportados-por-autoridades-dos-eua\/#breadcrumb\",\"itemListElement\":[{\"@type\":\"ListItem\",\"position\":1,\"name\":\"In\u00edcio\",\"item\":\"https:\/\/psol50.org.br\/\"},{\"@type\":\"ListItem\",\"position\":2,\"name\":\"PSOL pede que C\u00e2mara repudie tratamento degradante de brasileiros deportados por autoridades dos EUA\"}]},{\"@type\":\"WebSite\",\"@id\":\"https:\/\/psol50.org.br\/#website\",\"url\":\"https:\/\/psol50.org.br\/\",\"name\":\"PSOL 50\",\"description\":\"Site oficial do Partido Socialismo e Liberdade\",\"publisher\":{\"@id\":\"https:\/\/psol50.org.br\/#organization\"},\"alternateName\":\"PSOL50\",\"potentialAction\":[{\"@type\":\"SearchAction\",\"target\":{\"@type\":\"EntryPoint\",\"urlTemplate\":\"https:\/\/psol50.org.br\/?s={search_term_string}\"},\"query-input\":{\"@type\":\"PropertyValueSpecification\",\"valueRequired\":true,\"valueName\":\"search_term_string\"}}],\"inLanguage\":\"pt-BR\"},{\"@type\":\"Organization\",\"@id\":\"https:\/\/psol50.org.br\/#organization\",\"name\":\"PSOL 50\",\"alternateName\":\"PSOL 50\",\"url\":\"https:\/\/psol50.org.br\/\",\"logo\":{\"@type\":\"ImageObject\",\"inLanguage\":\"pt-BR\",\"@id\":\"https:\/\/psol50.org.br\/#\/schema\/logo\/image\/\",\"url\":\"https:\/\/psol50.org.br\/inc\/uploads\/2018\/07\/capa.png\",\"contentUrl\":\"https:\/\/psol50.org.br\/inc\/uploads\/2018\/07\/capa.png\",\"width\":1350,\"height\":900,\"caption\":\"PSOL 50\"},\"image\":{\"@id\":\"https:\/\/psol50.org.br\/#\/schema\/logo\/image\/\"},\"sameAs\":[\"https:\/\/www.facebook.com\/psol50\",\"https:\/\/x.com\/psol50\",\"https:\/\/www.instagram.com\/psol50\/\",\"https:\/\/www.youtube.com\/channel\/UC7SnJS5o1os7a6CaiNabzcg\"]},{\"@type\":\"Person\",\"@id\":\"https:\/\/psol50.org.br\/#\/schema\/person\/475dfa57d0b815993c714c2e96491fcd\",\"name\":\"Comunica\u00e7\u00e3o PSOL\",\"image\":{\"@type\":\"ImageObject\",\"inLanguage\":\"pt-BR\",\"@id\":\"https:\/\/psol50.org.br\/#\/schema\/person\/image\/\",\"url\":\"https:\/\/secure.gravatar.com\/avatar\/b34fc4f4e468a4e51785917065a3db57b841f5c95dba6ad8c73aaf8f66f8f9bf?s=96&d=mm&r=g\",\"contentUrl\":\"https:\/\/secure.gravatar.com\/avatar\/b34fc4f4e468a4e51785917065a3db57b841f5c95dba6ad8c73aaf8f66f8f9bf?s=96&d=mm&r=g\",\"caption\":\"Comunica\u00e7\u00e3o PSOL\"}}]}<\/script>\n<!-- \/ Yoast SEO plugin. -->","yoast_head_json":{"title":"PSOL pede que C\u00e2mara repudie tratamento degradante de brasileiros deportados por autoridades dos EUA","description":"Ivan Valente e Tal\u00edria Petrone classificaram o procedimento como \u201cinadmiss\u00edvel\u201d e defendem que Brasil n\u00e3o aceite desrespeito a sua soberania.","robots":{"index":"index","follow":"follow","max-snippet":"max-snippet:-1","max-image-preview":"max-image-preview:large","max-video-preview":"max-video-preview:-1"},"canonical":"https:\/\/psol50.org.br\/psol-pede-que-camara-repudie-tratamento-degradante-de-brasileiros-deportados-por-autoridades-dos-eua\/","og_locale":"pt_BR","og_type":"article","og_title":"PSOL pede que C\u00e2mara repudie tratamento degradante de brasileiros deportados por autoridades dos EUA","og_description":"Ivan Valente e Tal\u00edria Petrone classificaram o procedimento como \u201cinadmiss\u00edvel\u201d e defendem que Brasil n\u00e3o aceite desrespeito a sua soberania.","og_url":"https:\/\/psol50.org.br\/psol-pede-que-camara-repudie-tratamento-degradante-de-brasileiros-deportados-por-autoridades-dos-eua\/","og_site_name":"PSOL 50","article_publisher":"https:\/\/www.facebook.com\/psol50","article_published_time":"2025-01-28T18:03:38+00:00","article_modified_time":"2025-01-30T15:19:01+00:00","og_image":[{"width":1280,"height":720,"url":"https:\/\/psol50.org.br\/inc\/uploads\/2025\/01\/Design-sem-nome-93.png","type":"image\/png"}],"author":"Comunica\u00e7\u00e3o PSOL","twitter_card":"summary_large_image","twitter_creator":"@psol50","twitter_site":"@psol50","twitter_misc":{"Escrito por":"Comunica\u00e7\u00e3o PSOL","Est. tempo de leitura":"1 minuto"},"schema":{"@context":"https:\/\/schema.org","@graph":[{"@type":"Article","@id":"https:\/\/psol50.org.br\/psol-pede-que-camara-repudie-tratamento-degradante-de-brasileiros-deportados-por-autoridades-dos-eua\/#article","isPartOf":{"@id":"https:\/\/psol50.org.br\/psol-pede-que-camara-repudie-tratamento-degradante-de-brasileiros-deportados-por-autoridades-dos-eua\/"},"author":{"name":"Comunica\u00e7\u00e3o PSOL","@id":"https:\/\/psol50.org.br\/#\/schema\/person\/475dfa57d0b815993c714c2e96491fcd"},"headline":"PSOL pede que C\u00e2mara repudie tratamento degradante de brasileiros deportados por autoridades dos EUA","datePublished":"2025-01-28T18:03:38+00:00","dateModified":"2025-01-30T15:19:01+00:00","mainEntityOfPage":{"@id":"https:\/\/psol50.org.br\/psol-pede-que-camara-repudie-tratamento-degradante-de-brasileiros-deportados-por-autoridades-dos-eua\/"},"wordCount":235,"publisher":{"@id":"https:\/\/psol50.org.br\/#organization"},"image":{"@id":"https:\/\/psol50.org.br\/psol-pede-que-camara-repudie-tratamento-degradante-de-brasileiros-deportados-por-autoridades-dos-eua\/#primaryimage"},"thumbnailUrl":"https:\/\/psol50.org.br\/inc\/uploads\/2025\/01\/Design-sem-nome-93.png","keywords":["Not\u00edcias"],"articleSection":["A\u00e7\u00e3o Parlamentar"],"inLanguage":"pt-BR"},{"@type":"WebPage","@id":"https:\/\/psol50.org.br\/psol-pede-que-camara-repudie-tratamento-degradante-de-brasileiros-deportados-por-autoridades-dos-eua\/","url":"https:\/\/psol50.org.br\/psol-pede-que-camara-repudie-tratamento-degradante-de-brasileiros-deportados-por-autoridades-dos-eua\/","name":"PSOL pede que C\u00e2mara repudie tratamento degradante de brasileiros deportados por autoridades dos EUA","isPartOf":{"@id":"https:\/\/psol50.org.br\/#website"},"primaryImageOfPage":{"@id":"https:\/\/psol50.org.br\/psol-pede-que-camara-repudie-tratamento-degradante-de-brasileiros-deportados-por-autoridades-dos-eua\/#primaryimage"},"image":{"@id":"https:\/\/psol50.org.br\/psol-pede-que-camara-repudie-tratamento-degradante-de-brasileiros-deportados-por-autoridades-dos-eua\/#primaryimage"},"thumbnailUrl":"https:\/\/psol50.org.br\/inc\/uploads\/2025\/01\/Design-sem-nome-93.png","datePublished":"2025-01-28T18:03:38+00:00","dateModified":"2025-01-30T15:19:01+00:00","description":"Ivan Valente e Tal\u00edria Petrone classificaram o procedimento como \u201cinadmiss\u00edvel\u201d e defendem que Brasil n\u00e3o aceite desrespeito a sua soberania.","breadcrumb":{"@id":"https:\/\/psol50.org.br\/psol-pede-que-camara-repudie-tratamento-degradante-de-brasileiros-deportados-por-autoridades-dos-eua\/#breadcrumb"},"inLanguage":"pt-BR","potentialAction":[{"@type":"ReadAction","target":["https:\/\/psol50.org.br\/psol-pede-que-camara-repudie-tratamento-degradante-de-brasileiros-deportados-por-autoridades-dos-eua\/"]}]},{"@type":"ImageObject","inLanguage":"pt-BR","@id":"https:\/\/psol50.org.br\/psol-pede-que-camara-repudie-tratamento-degradante-de-brasileiros-deportados-por-autoridades-dos-eua\/#primaryimage","url":"https:\/\/psol50.org.br\/inc\/uploads\/2025\/01\/Design-sem-nome-93.png","contentUrl":"https:\/\/psol50.org.br\/inc\/uploads\/2025\/01\/Design-sem-nome-93.png","width":1280,"height":720,"caption":"Fotos: Bruno Spada\/C\u00e2mara dos Deputados"},{"@type":"BreadcrumbList","@id":"https:\/\/psol50.org.br\/psol-pede-que-camara-repudie-tratamento-degradante-de-brasileiros-deportados-por-autoridades-dos-eua\/#breadcrumb","itemListElement":[{"@type":"ListItem","position":1,"name":"In\u00edcio","item":"https:\/\/psol50.org.br\/"},{"@type":"ListItem","position":2,"name":"PSOL pede que C\u00e2mara repudie tratamento degradante de brasileiros deportados por autoridades dos EUA"}]},{"@type":"WebSite","@id":"https:\/\/psol50.org.br\/#website","url":"https:\/\/psol50.org.br\/","name":"PSOL 50","description":"Site oficial do Partido Socialismo e Liberdade","publisher":{"@id":"https:\/\/psol50.org.br\/#organization"},"alternateName":"PSOL50","potentialAction":[{"@type":"SearchAction","target":{"@type":"EntryPoint","urlTemplate":"https:\/\/psol50.org.br\/?s={search_term_string}"},"query-input":{"@type":"PropertyValueSpecification","valueRequired":true,"valueName":"search_term_string"}}],"inLanguage":"pt-BR"},{"@type":"Organization","@id":"https:\/\/psol50.org.br\/#organization","name":"PSOL 50","alternateName":"PSOL 50","url":"https:\/\/psol50.org.br\/","logo":{"@type":"ImageObject","inLanguage":"pt-BR","@id":"https:\/\/psol50.org.br\/#\/schema\/logo\/image\/","url":"https:\/\/psol50.org.br\/inc\/uploads\/2018\/07\/capa.png","contentUrl":"https:\/\/psol50.org.br\/inc\/uploads\/2018\/07\/capa.png","width":1350,"height":900,"caption":"PSOL 50"},"image":{"@id":"https:\/\/psol50.org.br\/#\/schema\/logo\/image\/"},"sameAs":["https:\/\/www.facebook.com\/psol50","https:\/\/x.com\/psol50","https:\/\/www.instagram.com\/psol50\/","https:\/\/www.youtube.com\/channel\/UC7SnJS5o1os7a6CaiNabzcg"]},{"@type":"Person","@id":"https:\/\/psol50.org.br\/#\/schema\/person\/475dfa57d0b815993c714c2e96491fcd","name":"Comunica\u00e7\u00e3o PSOL","image":{"@type":"ImageObject","inLanguage":"pt-BR","@id":"https:\/\/psol50.org.br\/#\/schema\/person\/image\/","url":"https:\/\/secure.gravatar.com\/avatar\/b34fc4f4e468a4e51785917065a3db57b841f5c95dba6ad8c73aaf8f66f8f9bf?s=96&d=mm&r=g","contentUrl":"https:\/\/secure.gravatar.com\/avatar\/b34fc4f4e468a4e51785917065a3db57b841f5c95dba6ad8c73aaf8f66f8f9bf?s=96&d=mm&r=g","caption":"Comunica\u00e7\u00e3o PSOL"}}]}},"_links":{"self":[{"href":"https:\/\/psol50.org.br\/rest\/wp\/v2\/posts\/40628","targetHints":{"allow":["GET"]}}],"collection":[{"href":"https:\/\/psol50.org.br\/rest\/wp\/v2\/posts"}],"about":[{"href":"https:\/\/psol50.org.br\/rest\/wp\/v2\/types\/post"}],"author":[{"embeddable":true,"href":"https:\/\/psol50.org.br\/rest\/wp\/v2\/users\/2"}],"replies":[{"embeddable":true,"href":"https:\/\/psol50.org.br\/rest\/wp\/v2\/comments?post=40628"}],"version-history":[{"count":2,"href":"https:\/\/psol50.org.br\/rest\/wp\/v2\/posts\/40628\/revisions"}],"predecessor-version":[{"id":40630,"href":"https:\/\/psol50.org.br\/rest\/wp\/v2\/posts\/40628\/revisions\/40630"}],"wp:featuredmedia":[{"embeddable":true,"href":"https:\/\/psol50.org.br\/rest\/wp\/v2\/media\/40631"}],"wp:attachment":[{"href":"https:\/\/psol50.org.br\/rest\/wp\/v2\/media?parent=40628"}],"wp:term":[{"taxonomy":"category","embeddable":true,"href":"https:\/\/psol50.org.br\/rest\/wp\/v2\/categories?post=40628"},{"taxonomy":"post_tag","embeddable":true,"href":"https:\/\/psol50.org.br\/rest\/wp\/v2\/tags?post=40628"}],"curies":[{"name":"wp","href":"https:\/\/api.w.org\/{rel}","templated":true}]}}