{"id":40633,"date":"2025-01-29T14:24:13","date_gmt":"2025-01-29T17:24:13","guid":{"rendered":"https:\/\/psol50.org.br\/?p=40633"},"modified":"2025-02-04T11:31:23","modified_gmt":"2025-02-04T14:31:23","slug":"vereadores-do-psol-em-florianopolis-sc-querem-revogar-aumento-na-tarifa-dos-onibus","status":"publish","type":"post","link":"https:\/\/psol50.org.br\/vereadores-do-psol-em-florianopolis-sc-querem-revogar-aumento-na-tarifa-dos-onibus\/","title":{"rendered":"Vereadores do PSOL em Florian\u00f3polis (SC) querem revogar aumento na tarifa dos \u00f4nibus"},"content":{"rendered":"<p>A bancada do PSOL na C\u00e2mara Municipal de Florian\u00f3polis (SC) &#8211; composta por Afr\u00e2nio Boppr\u00e9, Ingrid Sater\u00e9-Maw\u00e9 e Leonel Camas\u00e3o &#8211; apresentou um projeto de decreto legislativo (PDL) na \u00faltima ter\u00e7a-feira (28) para revogar o aumento de cerca de 15% nas tarifas de \u00f4nibus da capital catarinense, que tem o maior valor de passagem dentre todas as capitais brasileiras.<\/p>\n<p>A tarifa, que chega a R$ 6,90 no pagamento em dinheiro, aumenta o custo de vida de toda a popula\u00e7\u00e3o da cidade. Considerando uma carga de trabalho de 24 dias com o uso de duas passagens di\u00e1rias, o gasto mensal apenas com \u00f4nibus seria de 21,82% do sal\u00e1rio m\u00ednimo.<\/p>\n<p>\u201cO reajuste n\u00e3o s\u00f3 dificulta o acesso ao transporte, mas tamb\u00e9m agrava a situa\u00e7\u00e3o financeira e o poder de compra de quem j\u00e1 enfrenta dificuldades econ\u00f4micas, afetando negativamente a mobilidade urbana e a qualidade de vida\u201d, diz a proposi\u00e7\u00e3o.<\/p>\n<p>Est\u00e1 sendo organizada, para o pr\u00f3ximo dia 17 de fevereiro \u00e0s 17h, uma manifesta\u00e7\u00e3o pela Tarifa Zero em frente \u00e0 C\u00e2mara Municipal.<\/p>\n<blockquote class=\"instagram-media\" style=\"background: #FFF; border: 0; border-radius: 3px; box-shadow: 0 0 1px 0 rgba(0,0,0,0.5),0 1px 10px 0 rgba(0,0,0,0.15); margin: 1px; max-width: 540px; min-width: 326px; padding: 0; width: calc(100% - 2px);\" data-instgrm-captioned=\"\" data-instgrm-permalink=\"https:\/\/www.instagram.com\/p\/DFYdgzZBl0n\/?utm_source=ig_embed&amp;utm_campaign=loading\" data-instgrm-version=\"14\">\n<div style=\"padding: 16px;\">\n<p>&nbsp;<\/p>\n<div style=\"display: flex; flex-direction: row; align-items: center;\">\n<div style=\"background-color: #f4f4f4; border-radius: 50%; flex-grow: 0; height: 40px; margin-right: 14px; width: 40px;\"><\/div>\n<div style=\"display: flex; flex-direction: column; flex-grow: 1; justify-content: center;\">\n<div style=\"background-color: #f4f4f4; border-radius: 4px; flex-grow: 0; height: 14px; margin-bottom: 6px; width: 100px;\"><\/div>\n<div style=\"background-color: #f4f4f4; border-radius: 4px; flex-grow: 0; height: 14px; width: 60px;\"><\/div>\n<\/div>\n<\/div>\n<div style=\"padding: 19% 0;\"><\/div>\n<div style=\"display: block; height: 50px; margin: 0 auto 12px; width: 50px;\"><\/div>\n<div style=\"padding-top: 8px;\">\n<div style=\"color: #3897f0; font-family: Arial,sans-serif; font-size: 14px; font-style: normal; font-weight: 550; line-height: 18px;\">Ver essa foto no Instagram<\/div>\n<\/div>\n<div style=\"padding: 12.5% 0;\"><\/div>\n<div style=\"display: flex; flex-direction: row; margin-bottom: 14px; align-items: center;\">\n<div>\n<div style=\"background-color: #f4f4f4; border-radius: 50%; height: 12.5px; width: 12.5px; transform: translateX(0px) translateY(7px);\"><\/div>\n<div style=\"background-color: #f4f4f4; height: 12.5px; transform: rotate(-45deg) translateX(3px) translateY(1px); width: 12.5px; flex-grow: 0; margin-right: 14px; margin-left: 2px;\"><\/div>\n<div style=\"background-color: #f4f4f4; border-radius: 50%; height: 12.5px; width: 12.5px; transform: translateX(9px) translateY(-18px);\"><\/div>\n<\/div>\n<div style=\"margin-left: 8px;\">\n<div style=\"background-color: #f4f4f4; border-radius: 50%; flex-grow: 0; height: 20px; width: 20px;\"><\/div>\n<div style=\"width: 0; height: 0; border-top: 2px solid transparent; border-left: 6px solid #f4f4f4; border-bottom: 2px solid transparent; transform: translateX(16px) translateY(-4px) rotate(30deg);\"><\/div>\n<\/div>\n<div style=\"margin-left: auto;\">\n<div style=\"width: 0px; border-top: 8px solid #F4F4F4; border-right: 8px solid transparent; transform: translateY(16px);\"><\/div>\n<div style=\"background-color: #f4f4f4; flex-grow: 0; height: 12px; width: 16px; transform: translateY(-4px);\"><\/div>\n<div style=\"width: 0; height: 0; border-top: 8px solid #F4F4F4; border-left: 8px solid transparent; transform: translateY(-4px) translateX(8px);\"><\/div>\n<\/div>\n<\/div>\n<div style=\"display: flex; flex-direction: column; flex-grow: 1; justify-content: center; margin-bottom: 24px;\">\n<div style=\"background-color: #f4f4f4; border-radius: 4px; flex-grow: 0; height: 14px; margin-bottom: 6px; width: 224px;\"><\/div>\n<div style=\"background-color: #f4f4f4; border-radius: 4px; flex-grow: 0; height: 14px; width: 144px;\"><\/div>\n<\/div>\n<p>&nbsp;<\/p>\n<p style=\"color: #c9c8cd; font-family: Arial,sans-serif; font-size: 14px; line-height: 17px; margin-bottom: 0; margin-top: 8px; overflow: hidden; padding: 8px 0 7px; text-align: center; text-overflow: ellipsis; white-space: nowrap;\"><a style=\"color: #c9c8cd; font-family: Arial,sans-serif; font-size: 14px; font-style: normal; font-weight: normal; line-height: 17px; text-decoration: none;\" href=\"https:\/\/www.instagram.com\/p\/DFYdgzZBl0n\/?utm_source=ig_embed&amp;utm_campaign=loading\" target=\"_blank\" rel=\"noopener\">Uma publica\u00e7\u00e3o compartilhada por Leonel Camas\u00e3o Cordeiro (@camasao50)<\/a><\/p>\n<\/div>\n<\/blockquote>\n<p><script async src=\"\/\/www.instagram.com\/embed.js\"><\/script><\/p>\n","protected":false},"excerpt":{"rendered":"<p>A bancada do PSOL na C\u00e2mara Municipal de Florian\u00f3polis (SC) &#8211; composta por Afr\u00e2nio Boppr\u00e9, Ingrid Sater\u00e9-Maw\u00e9 e Leonel Camas\u00e3o &#8211; apresentou um projeto de decreto legislativo (PDL) na \u00faltima ter\u00e7a-feira (28) para revogar o aumento de cerca de 15% nas tarifas de \u00f4nibus da capital catarinense, que tem o maior valor de passagem dentre [&hellip;]<\/p>\n","protected":false},"author":2,"featured_media":40635,"comment_status":"closed","ping_status":"open","sticky":false,"template":"","format":"standard","meta":{"_acf_changed":false,"footnotes":""},"categories":[10,654],"tags":[4825],"class_list":{"0":"post-40633","1":"post","2":"type-post","3":"status-publish","4":"format-standard","5":"has-post-thumbnail","7":"category-acao-parlamentares","8":"category-estados","9":"tag-noticias"},"acf":[],"yoast_head":"<!-- This site is optimized with the Yoast SEO plugin v26.5 - https:\/\/yoast.com\/wordpress\/plugins\/seo\/ -->\n<title>Vereadores do PSOL em Florian\u00f3polis (SC) querem revogar aumento na tarifa dos \u00f4nibus<\/title>\n<meta name=\"description\" content=\"Capital catarinense tem o maior valor de passagem entre todas as capitais brasileiras, com tarifas que variam de R$ 5,75 a R$ 6,90.\" \/>\n<meta name=\"robots\" content=\"index, follow, max-snippet:-1, max-image-preview:large, max-video-preview:-1\" \/>\n<link rel=\"canonical\" href=\"https:\/\/psol50.org.br\/vereadores-do-psol-em-florianopolis-sc-querem-revogar-aumento-na-tarifa-dos-onibus\/\" \/>\n<meta property=\"og:locale\" content=\"pt_BR\" \/>\n<meta property=\"og:type\" content=\"article\" \/>\n<meta property=\"og:title\" content=\"Vereadores do PSOL em Florian\u00f3polis (SC) querem revogar aumento na tarifa dos \u00f4nibus\" \/>\n<meta property=\"og:description\" content=\"Capital catarinense tem o maior valor de passagem entre todas as capitais brasileiras, com tarifas que variam de R$ 5,75 a R$ 6,90.\" \/>\n<meta property=\"og:url\" content=\"https:\/\/psol50.org.br\/vereadores-do-psol-em-florianopolis-sc-querem-revogar-aumento-na-tarifa-dos-onibus\/\" \/>\n<meta property=\"og:site_name\" content=\"PSOL 50\" \/>\n<meta property=\"article:publisher\" content=\"https:\/\/www.facebook.com\/psol50\" \/>\n<meta property=\"article:published_time\" content=\"2025-01-29T17:24:13+00:00\" \/>\n<meta property=\"article:modified_time\" content=\"2025-02-04T14:31:23+00:00\" \/>\n<meta property=\"og:image\" content=\"https:\/\/psol50.org.br\/inc\/uploads\/2025\/01\/Snapinst.app_462068360_2174280826274156_1784108589593530208_n_1080.jpg\" \/>\n\t<meta property=\"og:image:width\" content=\"1080\" \/>\n\t<meta property=\"og:image:height\" content=\"719\" \/>\n\t<meta property=\"og:image:type\" content=\"image\/jpeg\" \/>\n<meta name=\"author\" content=\"Comunica\u00e7\u00e3o PSOL\" \/>\n<meta name=\"twitter:card\" content=\"summary_large_image\" \/>\n<meta name=\"twitter:creator\" content=\"@psol50\" \/>\n<meta name=\"twitter:site\" content=\"@psol50\" \/>\n<meta name=\"twitter:label1\" content=\"Escrito por\" \/>\n\t<meta name=\"twitter:data1\" content=\"Comunica\u00e7\u00e3o PSOL\" \/>\n\t<meta name=\"twitter:label2\" content=\"Est. tempo de leitura\" \/>\n\t<meta name=\"twitter:data2\" content=\"1 minuto\" \/>\n<script type=\"application\/ld+json\" class=\"yoast-schema-graph\">{\"@context\":\"https:\/\/schema.org\",\"@graph\":[{\"@type\":\"Article\",\"@id\":\"https:\/\/psol50.org.br\/vereadores-do-psol-em-florianopolis-sc-querem-revogar-aumento-na-tarifa-dos-onibus\/#article\",\"isPartOf\":{\"@id\":\"https:\/\/psol50.org.br\/vereadores-do-psol-em-florianopolis-sc-querem-revogar-aumento-na-tarifa-dos-onibus\/\"},\"author\":{\"name\":\"Comunica\u00e7\u00e3o PSOL\",\"@id\":\"https:\/\/psol50.org.br\/#\/schema\/person\/475dfa57d0b815993c714c2e96491fcd\"},\"headline\":\"Vereadores do PSOL em Florian\u00f3polis (SC) querem revogar aumento na tarifa dos \u00f4nibus\",\"datePublished\":\"2025-01-29T17:24:13+00:00\",\"dateModified\":\"2025-02-04T14:31:23+00:00\",\"mainEntityOfPage\":{\"@id\":\"https:\/\/psol50.org.br\/vereadores-do-psol-em-florianopolis-sc-querem-revogar-aumento-na-tarifa-dos-onibus\/\"},\"wordCount\":211,\"publisher\":{\"@id\":\"https:\/\/psol50.org.br\/#organization\"},\"image\":{\"@id\":\"https:\/\/psol50.org.br\/vereadores-do-psol-em-florianopolis-sc-querem-revogar-aumento-na-tarifa-dos-onibus\/#primaryimage\"},\"thumbnailUrl\":\"https:\/\/psol50.org.br\/inc\/uploads\/2025\/01\/Snapinst.app_462068360_2174280826274156_1784108589593530208_n_1080.jpg\",\"keywords\":[\"Not\u00edcias\"],\"articleSection\":[\"A\u00e7\u00e3o Parlamentar\",\"Estados\"],\"inLanguage\":\"pt-BR\"},{\"@type\":\"WebPage\",\"@id\":\"https:\/\/psol50.org.br\/vereadores-do-psol-em-florianopolis-sc-querem-revogar-aumento-na-tarifa-dos-onibus\/\",\"url\":\"https:\/\/psol50.org.br\/vereadores-do-psol-em-florianopolis-sc-querem-revogar-aumento-na-tarifa-dos-onibus\/\",\"name\":\"Vereadores do PSOL em Florian\u00f3polis (SC) querem revogar aumento na tarifa dos \u00f4nibus\",\"isPartOf\":{\"@id\":\"https:\/\/psol50.org.br\/#website\"},\"primaryImageOfPage\":{\"@id\":\"https:\/\/psol50.org.br\/vereadores-do-psol-em-florianopolis-sc-querem-revogar-aumento-na-tarifa-dos-onibus\/#primaryimage\"},\"image\":{\"@id\":\"https:\/\/psol50.org.br\/vereadores-do-psol-em-florianopolis-sc-querem-revogar-aumento-na-tarifa-dos-onibus\/#primaryimage\"},\"thumbnailUrl\":\"https:\/\/psol50.org.br\/inc\/uploads\/2025\/01\/Snapinst.app_462068360_2174280826274156_1784108589593530208_n_1080.jpg\",\"datePublished\":\"2025-01-29T17:24:13+00:00\",\"dateModified\":\"2025-02-04T14:31:23+00:00\",\"description\":\"Capital catarinense tem o maior valor de passagem entre todas as capitais brasileiras, com tarifas que variam de R$ 5,75 a R$ 6,90.\",\"breadcrumb\":{\"@id\":\"https:\/\/psol50.org.br\/vereadores-do-psol-em-florianopolis-sc-querem-revogar-aumento-na-tarifa-dos-onibus\/#breadcrumb\"},\"inLanguage\":\"pt-BR\",\"potentialAction\":[{\"@type\":\"ReadAction\",\"target\":[\"https:\/\/psol50.org.br\/vereadores-do-psol-em-florianopolis-sc-querem-revogar-aumento-na-tarifa-dos-onibus\/\"]}]},{\"@type\":\"ImageObject\",\"inLanguage\":\"pt-BR\",\"@id\":\"https:\/\/psol50.org.br\/vereadores-do-psol-em-florianopolis-sc-querem-revogar-aumento-na-tarifa-dos-onibus\/#primaryimage\",\"url\":\"https:\/\/psol50.org.br\/inc\/uploads\/2025\/01\/Snapinst.app_462068360_2174280826274156_1784108589593530208_n_1080.jpg\",\"contentUrl\":\"https:\/\/psol50.org.br\/inc\/uploads\/2025\/01\/Snapinst.app_462068360_2174280826274156_1784108589593530208_n_1080.jpg\",\"width\":1080,\"height\":719,\"caption\":\"Foto: Divulga\u00e7\u00e3o\"},{\"@type\":\"BreadcrumbList\",\"@id\":\"https:\/\/psol50.org.br\/vereadores-do-psol-em-florianopolis-sc-querem-revogar-aumento-na-tarifa-dos-onibus\/#breadcrumb\",\"itemListElement\":[{\"@type\":\"ListItem\",\"position\":1,\"name\":\"In\u00edcio\",\"item\":\"https:\/\/psol50.org.br\/\"},{\"@type\":\"ListItem\",\"position\":2,\"name\":\"Vereadores do PSOL em Florian\u00f3polis (SC) querem revogar aumento na tarifa dos \u00f4nibus\"}]},{\"@type\":\"WebSite\",\"@id\":\"https:\/\/psol50.org.br\/#website\",\"url\":\"https:\/\/psol50.org.br\/\",\"name\":\"PSOL 50\",\"description\":\"Site oficial do Partido Socialismo e Liberdade\",\"publisher\":{\"@id\":\"https:\/\/psol50.org.br\/#organization\"},\"alternateName\":\"PSOL50\",\"potentialAction\":[{\"@type\":\"SearchAction\",\"target\":{\"@type\":\"EntryPoint\",\"urlTemplate\":\"https:\/\/psol50.org.br\/?s={search_term_string}\"},\"query-input\":{\"@type\":\"PropertyValueSpecification\",\"valueRequired\":true,\"valueName\":\"search_term_string\"}}],\"inLanguage\":\"pt-BR\"},{\"@type\":\"Organization\",\"@id\":\"https:\/\/psol50.org.br\/#organization\",\"name\":\"PSOL 50\",\"alternateName\":\"PSOL 50\",\"url\":\"https:\/\/psol50.org.br\/\",\"logo\":{\"@type\":\"ImageObject\",\"inLanguage\":\"pt-BR\",\"@id\":\"https:\/\/psol50.org.br\/#\/schema\/logo\/image\/\",\"url\":\"https:\/\/psol50.org.br\/inc\/uploads\/2018\/07\/capa.png\",\"contentUrl\":\"https:\/\/psol50.org.br\/inc\/uploads\/2018\/07\/capa.png\",\"width\":1350,\"height\":900,\"caption\":\"PSOL 50\"},\"image\":{\"@id\":\"https:\/\/psol50.org.br\/#\/schema\/logo\/image\/\"},\"sameAs\":[\"https:\/\/www.facebook.com\/psol50\",\"https:\/\/x.com\/psol50\",\"https:\/\/www.instagram.com\/psol50\/\",\"https:\/\/www.youtube.com\/channel\/UC7SnJS5o1os7a6CaiNabzcg\"]},{\"@type\":\"Person\",\"@id\":\"https:\/\/psol50.org.br\/#\/schema\/person\/475dfa57d0b815993c714c2e96491fcd\",\"name\":\"Comunica\u00e7\u00e3o PSOL\",\"image\":{\"@type\":\"ImageObject\",\"inLanguage\":\"pt-BR\",\"@id\":\"https:\/\/psol50.org.br\/#\/schema\/person\/image\/\",\"url\":\"https:\/\/secure.gravatar.com\/avatar\/b34fc4f4e468a4e51785917065a3db57b841f5c95dba6ad8c73aaf8f66f8f9bf?s=96&d=mm&r=g\",\"contentUrl\":\"https:\/\/secure.gravatar.com\/avatar\/b34fc4f4e468a4e51785917065a3db57b841f5c95dba6ad8c73aaf8f66f8f9bf?s=96&d=mm&r=g\",\"caption\":\"Comunica\u00e7\u00e3o PSOL\"}}]}<\/script>\n<!-- \/ Yoast SEO plugin. -->","yoast_head_json":{"title":"Vereadores do PSOL em Florian\u00f3polis (SC) querem revogar aumento na tarifa dos \u00f4nibus","description":"Capital catarinense tem o maior valor de passagem entre todas as capitais brasileiras, com tarifas que variam de R$ 5,75 a R$ 6,90.","robots":{"index":"index","follow":"follow","max-snippet":"max-snippet:-1","max-image-preview":"max-image-preview:large","max-video-preview":"max-video-preview:-1"},"canonical":"https:\/\/psol50.org.br\/vereadores-do-psol-em-florianopolis-sc-querem-revogar-aumento-na-tarifa-dos-onibus\/","og_locale":"pt_BR","og_type":"article","og_title":"Vereadores do PSOL em Florian\u00f3polis (SC) querem revogar aumento na tarifa dos \u00f4nibus","og_description":"Capital catarinense tem o maior valor de passagem entre todas as capitais brasileiras, com tarifas que variam de R$ 5,75 a R$ 6,90.","og_url":"https:\/\/psol50.org.br\/vereadores-do-psol-em-florianopolis-sc-querem-revogar-aumento-na-tarifa-dos-onibus\/","og_site_name":"PSOL 50","article_publisher":"https:\/\/www.facebook.com\/psol50","article_published_time":"2025-01-29T17:24:13+00:00","article_modified_time":"2025-02-04T14:31:23+00:00","og_image":[{"width":1080,"height":719,"url":"https:\/\/psol50.org.br\/inc\/uploads\/2025\/01\/Snapinst.app_462068360_2174280826274156_1784108589593530208_n_1080.jpg","type":"image\/jpeg"}],"author":"Comunica\u00e7\u00e3o PSOL","twitter_card":"summary_large_image","twitter_creator":"@psol50","twitter_site":"@psol50","twitter_misc":{"Escrito por":"Comunica\u00e7\u00e3o PSOL","Est. tempo de leitura":"1 minuto"},"schema":{"@context":"https:\/\/schema.org","@graph":[{"@type":"Article","@id":"https:\/\/psol50.org.br\/vereadores-do-psol-em-florianopolis-sc-querem-revogar-aumento-na-tarifa-dos-onibus\/#article","isPartOf":{"@id":"https:\/\/psol50.org.br\/vereadores-do-psol-em-florianopolis-sc-querem-revogar-aumento-na-tarifa-dos-onibus\/"},"author":{"name":"Comunica\u00e7\u00e3o PSOL","@id":"https:\/\/psol50.org.br\/#\/schema\/person\/475dfa57d0b815993c714c2e96491fcd"},"headline":"Vereadores do PSOL em Florian\u00f3polis (SC) querem revogar aumento na tarifa dos \u00f4nibus","datePublished":"2025-01-29T17:24:13+00:00","dateModified":"2025-02-04T14:31:23+00:00","mainEntityOfPage":{"@id":"https:\/\/psol50.org.br\/vereadores-do-psol-em-florianopolis-sc-querem-revogar-aumento-na-tarifa-dos-onibus\/"},"wordCount":211,"publisher":{"@id":"https:\/\/psol50.org.br\/#organization"},"image":{"@id":"https:\/\/psol50.org.br\/vereadores-do-psol-em-florianopolis-sc-querem-revogar-aumento-na-tarifa-dos-onibus\/#primaryimage"},"thumbnailUrl":"https:\/\/psol50.org.br\/inc\/uploads\/2025\/01\/Snapinst.app_462068360_2174280826274156_1784108589593530208_n_1080.jpg","keywords":["Not\u00edcias"],"articleSection":["A\u00e7\u00e3o Parlamentar","Estados"],"inLanguage":"pt-BR"},{"@type":"WebPage","@id":"https:\/\/psol50.org.br\/vereadores-do-psol-em-florianopolis-sc-querem-revogar-aumento-na-tarifa-dos-onibus\/","url":"https:\/\/psol50.org.br\/vereadores-do-psol-em-florianopolis-sc-querem-revogar-aumento-na-tarifa-dos-onibus\/","name":"Vereadores do PSOL em Florian\u00f3polis (SC) querem revogar aumento na tarifa dos \u00f4nibus","isPartOf":{"@id":"https:\/\/psol50.org.br\/#website"},"primaryImageOfPage":{"@id":"https:\/\/psol50.org.br\/vereadores-do-psol-em-florianopolis-sc-querem-revogar-aumento-na-tarifa-dos-onibus\/#primaryimage"},"image":{"@id":"https:\/\/psol50.org.br\/vereadores-do-psol-em-florianopolis-sc-querem-revogar-aumento-na-tarifa-dos-onibus\/#primaryimage"},"thumbnailUrl":"https:\/\/psol50.org.br\/inc\/uploads\/2025\/01\/Snapinst.app_462068360_2174280826274156_1784108589593530208_n_1080.jpg","datePublished":"2025-01-29T17:24:13+00:00","dateModified":"2025-02-04T14:31:23+00:00","description":"Capital catarinense tem o maior valor de passagem entre todas as capitais brasileiras, com tarifas que variam de R$ 5,75 a R$ 6,90.","breadcrumb":{"@id":"https:\/\/psol50.org.br\/vereadores-do-psol-em-florianopolis-sc-querem-revogar-aumento-na-tarifa-dos-onibus\/#breadcrumb"},"inLanguage":"pt-BR","potentialAction":[{"@type":"ReadAction","target":["https:\/\/psol50.org.br\/vereadores-do-psol-em-florianopolis-sc-querem-revogar-aumento-na-tarifa-dos-onibus\/"]}]},{"@type":"ImageObject","inLanguage":"pt-BR","@id":"https:\/\/psol50.org.br\/vereadores-do-psol-em-florianopolis-sc-querem-revogar-aumento-na-tarifa-dos-onibus\/#primaryimage","url":"https:\/\/psol50.org.br\/inc\/uploads\/2025\/01\/Snapinst.app_462068360_2174280826274156_1784108589593530208_n_1080.jpg","contentUrl":"https:\/\/psol50.org.br\/inc\/uploads\/2025\/01\/Snapinst.app_462068360_2174280826274156_1784108589593530208_n_1080.jpg","width":1080,"height":719,"caption":"Foto: Divulga\u00e7\u00e3o"},{"@type":"BreadcrumbList","@id":"https:\/\/psol50.org.br\/vereadores-do-psol-em-florianopolis-sc-querem-revogar-aumento-na-tarifa-dos-onibus\/#breadcrumb","itemListElement":[{"@type":"ListItem","position":1,"name":"In\u00edcio","item":"https:\/\/psol50.org.br\/"},{"@type":"ListItem","position":2,"name":"Vereadores do PSOL em Florian\u00f3polis (SC) querem revogar aumento na tarifa dos \u00f4nibus"}]},{"@type":"WebSite","@id":"https:\/\/psol50.org.br\/#website","url":"https:\/\/psol50.org.br\/","name":"PSOL 50","description":"Site oficial do Partido Socialismo e Liberdade","publisher":{"@id":"https:\/\/psol50.org.br\/#organization"},"alternateName":"PSOL50","potentialAction":[{"@type":"SearchAction","target":{"@type":"EntryPoint","urlTemplate":"https:\/\/psol50.org.br\/?s={search_term_string}"},"query-input":{"@type":"PropertyValueSpecification","valueRequired":true,"valueName":"search_term_string"}}],"inLanguage":"pt-BR"},{"@type":"Organization","@id":"https:\/\/psol50.org.br\/#organization","name":"PSOL 50","alternateName":"PSOL 50","url":"https:\/\/psol50.org.br\/","logo":{"@type":"ImageObject","inLanguage":"pt-BR","@id":"https:\/\/psol50.org.br\/#\/schema\/logo\/image\/","url":"https:\/\/psol50.org.br\/inc\/uploads\/2018\/07\/capa.png","contentUrl":"https:\/\/psol50.org.br\/inc\/uploads\/2018\/07\/capa.png","width":1350,"height":900,"caption":"PSOL 50"},"image":{"@id":"https:\/\/psol50.org.br\/#\/schema\/logo\/image\/"},"sameAs":["https:\/\/www.facebook.com\/psol50","https:\/\/x.com\/psol50","https:\/\/www.instagram.com\/psol50\/","https:\/\/www.youtube.com\/channel\/UC7SnJS5o1os7a6CaiNabzcg"]},{"@type":"Person","@id":"https:\/\/psol50.org.br\/#\/schema\/person\/475dfa57d0b815993c714c2e96491fcd","name":"Comunica\u00e7\u00e3o PSOL","image":{"@type":"ImageObject","inLanguage":"pt-BR","@id":"https:\/\/psol50.org.br\/#\/schema\/person\/image\/","url":"https:\/\/secure.gravatar.com\/avatar\/b34fc4f4e468a4e51785917065a3db57b841f5c95dba6ad8c73aaf8f66f8f9bf?s=96&d=mm&r=g","contentUrl":"https:\/\/secure.gravatar.com\/avatar\/b34fc4f4e468a4e51785917065a3db57b841f5c95dba6ad8c73aaf8f66f8f9bf?s=96&d=mm&r=g","caption":"Comunica\u00e7\u00e3o PSOL"}}]}},"_links":{"self":[{"href":"https:\/\/psol50.org.br\/rest\/wp\/v2\/posts\/40633","targetHints":{"allow":["GET"]}}],"collection":[{"href":"https:\/\/psol50.org.br\/rest\/wp\/v2\/posts"}],"about":[{"href":"https:\/\/psol50.org.br\/rest\/wp\/v2\/types\/post"}],"author":[{"embeddable":true,"href":"https:\/\/psol50.org.br\/rest\/wp\/v2\/users\/2"}],"replies":[{"embeddable":true,"href":"https:\/\/psol50.org.br\/rest\/wp\/v2\/comments?post=40633"}],"version-history":[{"count":2,"href":"https:\/\/psol50.org.br\/rest\/wp\/v2\/posts\/40633\/revisions"}],"predecessor-version":[{"id":40636,"href":"https:\/\/psol50.org.br\/rest\/wp\/v2\/posts\/40633\/revisions\/40636"}],"wp:featuredmedia":[{"embeddable":true,"href":"https:\/\/psol50.org.br\/rest\/wp\/v2\/media\/40635"}],"wp:attachment":[{"href":"https:\/\/psol50.org.br\/rest\/wp\/v2\/media?parent=40633"}],"wp:term":[{"taxonomy":"category","embeddable":true,"href":"https:\/\/psol50.org.br\/rest\/wp\/v2\/categories?post=40633"},{"taxonomy":"post_tag","embeddable":true,"href":"https:\/\/psol50.org.br\/rest\/wp\/v2\/tags?post=40633"}],"curies":[{"name":"wp","href":"https:\/\/api.w.org\/{rel}","templated":true}]}}