{"id":40650,"date":"2025-02-03T14:43:01","date_gmt":"2025-02-03T17:43:01","guid":{"rendered":"https:\/\/psol50.org.br\/?p=40650"},"modified":"2025-02-17T10:02:21","modified_gmt":"2025-02-17T13:02:21","slug":"taliria-petrone-nova-lider-da-bancada","status":"publish","type":"post","link":"https:\/\/psol50.org.br\/taliria-petrone-nova-lider-da-bancada\/","title":{"rendered":"Tal\u00edria Petrone \u00e9 a nova l\u00edder da bancada do PSOL na C\u00e2mara dos Deputados"},"content":{"rendered":"<p>A deputada Tal\u00edria Petrone ser\u00e1 a l\u00edder da bancada do PSOL na C\u00e2mara dos Deputados em 2025. Indicada ao posto pela segunda vez, ela j\u00e1 havia representado o partido em 2021 durante seu primeiro mandato como deputada federal.<\/p>\n<p>Dessa vez, a parlamentar fluminense assume a lideran\u00e7a com desafios importantes: combater \u00e0 extrema direita, defender o meio ambiente e lutar por direitos sociais e trabalhistas.<\/p>\n<h2>Quem \u00e9 Tal\u00edria Petrone?<\/h2>\n<p>Mulher negra, feminista, socialista, licenciada em hist\u00f3ria e mestre em servi\u00e7o social, Tal\u00edria foi eleita deputada federal em 2018 e cumpre seu segundo mandato ap\u00f3s ter sido vereadora de Niter\u00f3i (RJ) por dois anos. Em 2022, foi reeleita com quase 200 mil votos, sendo a terceira mais votada para a C\u00e2mara Federal e a mais votada da esquerda no estado do Rio de Janeiro.<\/p>\n<p>Tal\u00edria j\u00e1 teve conquistas importantes, como a aprova\u00e7\u00e3o da Lei M\u00e3es Cientistas, que estende prazos acad\u00eamicos para estudantes e pesquisadores que se tornam pais. Al\u00e9m disso, coordena o Grupo de Trabalho do Clima da Frente Parlamentar Ambientalista, atuando na fiscaliza\u00e7\u00e3o e no combate \u00e0s crises ambientais no Brasil.<\/p>\n<h2>Novos desafios<\/h2>\n<p>Para Tal\u00edria, o PSOL tem um papel essencial dentro da frente ampla que elegeu Lula, garantindo que o governo avance na redu\u00e7\u00e3o das desigualdades. \u201cA frente ampla foi fundamental para eleger o presidente em 2022 e ser\u00e1 novamente importante em 2026. Mas sabemos que o centr\u00e3o, o setor do agro e os liberais n\u00e3o se acanham em defender seus interesses. O PSOL cumprir\u00e1 seu papel fortalecendo uma agenda popular junto ao povo brasileiro\u201d, afirma.<\/p>\n<p>A nova l\u00edder tamb\u00e9m pretende enfrentar o discurso da austeridade, defendendo pol\u00edticas p\u00fablicas que gerem empregos, aque\u00e7am a economia e promovam a distribui\u00e7\u00e3o de renda.<\/p>\n<p>Como m\u00e3e, refor\u00e7a a import\u00e2ncia de mais mulheres ocuparem espa\u00e7os de decis\u00e3o: \u201cLugar de m\u00e3e tamb\u00e9m \u00e9 na pol\u00edtica. Queremos que mais mulheres estejam em posi\u00e7\u00f5es que permitam decidir sobre pol\u00edticas p\u00fablicas que impactam nosso cotidiano e a juventude\u201d.<\/p>\n<p>Em 2025, o foco da lideran\u00e7a \u00e9 n\u00edtido: defender os direitos do povo, fortalecer o governo junto \u00e0 base popular e barrar o avan\u00e7o do fascismo e do colapso clim\u00e1tico. \u201cO que est\u00e1 em jogo n\u00e3o \u00e9 meu mandato, n\u00e3o \u00e9 a Tal\u00edria. \u00c9 o futuro do pa\u00eds e da humanidade\u201d, conclui a nova l\u00edder.<\/p>\n","protected":false},"excerpt":{"rendered":"<p>A deputada Tal\u00edria Petrone ser\u00e1 a l\u00edder da bancada do PSOL na C\u00e2mara dos Deputados em 2025. Indicada ao posto pela segunda vez, ela j\u00e1 havia representado o partido em 2021 durante seu primeiro mandato como deputada federal. Dessa vez, a parlamentar fluminense assume a lideran\u00e7a com desafios importantes: combater \u00e0 extrema direita, defender o [&hellip;]<\/p>\n","protected":false},"author":2,"featured_media":40651,"comment_status":"closed","ping_status":"open","sticky":false,"template":"","format":"standard","meta":{"_acf_changed":false,"footnotes":""},"categories":[10],"tags":[4825],"class_list":{"0":"post-40650","1":"post","2":"type-post","3":"status-publish","4":"format-standard","5":"has-post-thumbnail","7":"category-acao-parlamentares","8":"tag-noticias"},"acf":[],"yoast_head":"<!-- This site is optimized with the Yoast SEO plugin v26.5 - https:\/\/yoast.com\/wordpress\/plugins\/seo\/ -->\n<title>Tal\u00edria Petrone \u00e9 a nova l\u00edder da bancada do PSOL na C\u00e2mara dos Deputados - PSOL 50<\/title>\n<meta name=\"description\" content=\"Tal\u00edria Petrone \u00e9 nomeada a nova l\u00edder da bancada do PSOL na C\u00e2mara dos Deputados em 2025. Saiba mais!\" \/>\n<meta name=\"robots\" content=\"index, follow, max-snippet:-1, max-image-preview:large, max-video-preview:-1\" \/>\n<link rel=\"canonical\" href=\"https:\/\/psol50.org.br\/taliria-petrone-nova-lider-da-bancada\/\" \/>\n<meta property=\"og:locale\" content=\"pt_BR\" \/>\n<meta property=\"og:type\" content=\"article\" \/>\n<meta property=\"og:title\" content=\"Tal\u00edria Petrone \u00e9 a nova l\u00edder da bancada do PSOL na C\u00e2mara dos Deputados - PSOL 50\" \/>\n<meta property=\"og:description\" content=\"Tal\u00edria Petrone \u00e9 nomeada a nova l\u00edder da bancada do PSOL na C\u00e2mara dos Deputados em 2025. Saiba mais!\" \/>\n<meta property=\"og:url\" content=\"https:\/\/psol50.org.br\/taliria-petrone-nova-lider-da-bancada\/\" \/>\n<meta property=\"og:site_name\" content=\"PSOL 50\" \/>\n<meta property=\"article:publisher\" content=\"https:\/\/www.facebook.com\/psol50\" \/>\n<meta property=\"article:published_time\" content=\"2025-02-03T17:43:01+00:00\" \/>\n<meta property=\"article:modified_time\" content=\"2025-02-17T13:02:21+00:00\" \/>\n<meta property=\"og:image\" content=\"https:\/\/psol50.org.br\/inc\/uploads\/2025\/02\/img20241113162516889-scaled.jpg\" \/>\n\t<meta property=\"og:image:width\" content=\"2560\" \/>\n\t<meta property=\"og:image:height\" content=\"1578\" \/>\n\t<meta property=\"og:image:type\" content=\"image\/jpeg\" \/>\n<meta name=\"author\" content=\"Comunica\u00e7\u00e3o PSOL\" \/>\n<meta name=\"twitter:card\" content=\"summary_large_image\" \/>\n<meta name=\"twitter:creator\" content=\"@psol50\" \/>\n<meta name=\"twitter:site\" content=\"@psol50\" \/>\n<meta name=\"twitter:label1\" content=\"Escrito por\" \/>\n\t<meta name=\"twitter:data1\" content=\"Comunica\u00e7\u00e3o PSOL\" \/>\n\t<meta name=\"twitter:label2\" content=\"Est. tempo de leitura\" \/>\n\t<meta name=\"twitter:data2\" content=\"2 minutos\" \/>\n<script type=\"application\/ld+json\" class=\"yoast-schema-graph\">{\"@context\":\"https:\/\/schema.org\",\"@graph\":[{\"@type\":\"Article\",\"@id\":\"https:\/\/psol50.org.br\/taliria-petrone-nova-lider-da-bancada\/#article\",\"isPartOf\":{\"@id\":\"https:\/\/psol50.org.br\/taliria-petrone-nova-lider-da-bancada\/\"},\"author\":{\"name\":\"Comunica\u00e7\u00e3o PSOL\",\"@id\":\"https:\/\/psol50.org.br\/#\/schema\/person\/475dfa57d0b815993c714c2e96491fcd\"},\"headline\":\"Tal\u00edria Petrone \u00e9 a nova l\u00edder da bancada do PSOL na C\u00e2mara dos Deputados\",\"datePublished\":\"2025-02-03T17:43:01+00:00\",\"dateModified\":\"2025-02-17T13:02:21+00:00\",\"mainEntityOfPage\":{\"@id\":\"https:\/\/psol50.org.br\/taliria-petrone-nova-lider-da-bancada\/\"},\"wordCount\":422,\"publisher\":{\"@id\":\"https:\/\/psol50.org.br\/#organization\"},\"image\":{\"@id\":\"https:\/\/psol50.org.br\/taliria-petrone-nova-lider-da-bancada\/#primaryimage\"},\"thumbnailUrl\":\"https:\/\/psol50.org.br\/inc\/uploads\/2025\/02\/img20241113162516889-scaled.jpg\",\"keywords\":[\"Not\u00edcias\"],\"articleSection\":[\"A\u00e7\u00e3o Parlamentar\"],\"inLanguage\":\"pt-BR\"},{\"@type\":\"WebPage\",\"@id\":\"https:\/\/psol50.org.br\/taliria-petrone-nova-lider-da-bancada\/\",\"url\":\"https:\/\/psol50.org.br\/taliria-petrone-nova-lider-da-bancada\/\",\"name\":\"Tal\u00edria Petrone \u00e9 a nova l\u00edder da bancada do PSOL na C\u00e2mara dos Deputados - PSOL 50\",\"isPartOf\":{\"@id\":\"https:\/\/psol50.org.br\/#website\"},\"primaryImageOfPage\":{\"@id\":\"https:\/\/psol50.org.br\/taliria-petrone-nova-lider-da-bancada\/#primaryimage\"},\"image\":{\"@id\":\"https:\/\/psol50.org.br\/taliria-petrone-nova-lider-da-bancada\/#primaryimage\"},\"thumbnailUrl\":\"https:\/\/psol50.org.br\/inc\/uploads\/2025\/02\/img20241113162516889-scaled.jpg\",\"datePublished\":\"2025-02-03T17:43:01+00:00\",\"dateModified\":\"2025-02-17T13:02:21+00:00\",\"description\":\"Tal\u00edria Petrone \u00e9 nomeada a nova l\u00edder da bancada do PSOL na C\u00e2mara dos Deputados em 2025. Saiba mais!\",\"breadcrumb\":{\"@id\":\"https:\/\/psol50.org.br\/taliria-petrone-nova-lider-da-bancada\/#breadcrumb\"},\"inLanguage\":\"pt-BR\",\"potentialAction\":[{\"@type\":\"ReadAction\",\"target\":[\"https:\/\/psol50.org.br\/taliria-petrone-nova-lider-da-bancada\/\"]}]},{\"@type\":\"ImageObject\",\"inLanguage\":\"pt-BR\",\"@id\":\"https:\/\/psol50.org.br\/taliria-petrone-nova-lider-da-bancada\/#primaryimage\",\"url\":\"https:\/\/psol50.org.br\/inc\/uploads\/2025\/02\/img20241113162516889-scaled.jpg\",\"contentUrl\":\"https:\/\/psol50.org.br\/inc\/uploads\/2025\/02\/img20241113162516889-scaled.jpg\",\"width\":2560,\"height\":1578,\"caption\":\"C\u00e2mara dos Deputados\"},{\"@type\":\"BreadcrumbList\",\"@id\":\"https:\/\/psol50.org.br\/taliria-petrone-nova-lider-da-bancada\/#breadcrumb\",\"itemListElement\":[{\"@type\":\"ListItem\",\"position\":1,\"name\":\"In\u00edcio\",\"item\":\"https:\/\/psol50.org.br\/\"},{\"@type\":\"ListItem\",\"position\":2,\"name\":\"Tal\u00edria Petrone \u00e9 a nova l\u00edder da bancada do PSOL na C\u00e2mara dos Deputados\"}]},{\"@type\":\"WebSite\",\"@id\":\"https:\/\/psol50.org.br\/#website\",\"url\":\"https:\/\/psol50.org.br\/\",\"name\":\"PSOL 50\",\"description\":\"Site oficial do Partido Socialismo e Liberdade\",\"publisher\":{\"@id\":\"https:\/\/psol50.org.br\/#organization\"},\"alternateName\":\"PSOL50\",\"potentialAction\":[{\"@type\":\"SearchAction\",\"target\":{\"@type\":\"EntryPoint\",\"urlTemplate\":\"https:\/\/psol50.org.br\/?s={search_term_string}\"},\"query-input\":{\"@type\":\"PropertyValueSpecification\",\"valueRequired\":true,\"valueName\":\"search_term_string\"}}],\"inLanguage\":\"pt-BR\"},{\"@type\":\"Organization\",\"@id\":\"https:\/\/psol50.org.br\/#organization\",\"name\":\"PSOL 50\",\"alternateName\":\"PSOL 50\",\"url\":\"https:\/\/psol50.org.br\/\",\"logo\":{\"@type\":\"ImageObject\",\"inLanguage\":\"pt-BR\",\"@id\":\"https:\/\/psol50.org.br\/#\/schema\/logo\/image\/\",\"url\":\"https:\/\/psol50.org.br\/inc\/uploads\/2018\/07\/capa.png\",\"contentUrl\":\"https:\/\/psol50.org.br\/inc\/uploads\/2018\/07\/capa.png\",\"width\":1350,\"height\":900,\"caption\":\"PSOL 50\"},\"image\":{\"@id\":\"https:\/\/psol50.org.br\/#\/schema\/logo\/image\/\"},\"sameAs\":[\"https:\/\/www.facebook.com\/psol50\",\"https:\/\/x.com\/psol50\",\"https:\/\/www.instagram.com\/psol50\/\",\"https:\/\/www.youtube.com\/channel\/UC7SnJS5o1os7a6CaiNabzcg\"]},{\"@type\":\"Person\",\"@id\":\"https:\/\/psol50.org.br\/#\/schema\/person\/475dfa57d0b815993c714c2e96491fcd\",\"name\":\"Comunica\u00e7\u00e3o PSOL\",\"image\":{\"@type\":\"ImageObject\",\"inLanguage\":\"pt-BR\",\"@id\":\"https:\/\/psol50.org.br\/#\/schema\/person\/image\/\",\"url\":\"https:\/\/secure.gravatar.com\/avatar\/b34fc4f4e468a4e51785917065a3db57b841f5c95dba6ad8c73aaf8f66f8f9bf?s=96&d=mm&r=g\",\"contentUrl\":\"https:\/\/secure.gravatar.com\/avatar\/b34fc4f4e468a4e51785917065a3db57b841f5c95dba6ad8c73aaf8f66f8f9bf?s=96&d=mm&r=g\",\"caption\":\"Comunica\u00e7\u00e3o PSOL\"}}]}<\/script>\n<!-- \/ Yoast SEO plugin. -->","yoast_head_json":{"title":"Tal\u00edria Petrone \u00e9 a nova l\u00edder da bancada do PSOL na C\u00e2mara dos Deputados - PSOL 50","description":"Tal\u00edria Petrone \u00e9 nomeada a nova l\u00edder da bancada do PSOL na C\u00e2mara dos Deputados em 2025. Saiba mais!","robots":{"index":"index","follow":"follow","max-snippet":"max-snippet:-1","max-image-preview":"max-image-preview:large","max-video-preview":"max-video-preview:-1"},"canonical":"https:\/\/psol50.org.br\/taliria-petrone-nova-lider-da-bancada\/","og_locale":"pt_BR","og_type":"article","og_title":"Tal\u00edria Petrone \u00e9 a nova l\u00edder da bancada do PSOL na C\u00e2mara dos Deputados - PSOL 50","og_description":"Tal\u00edria Petrone \u00e9 nomeada a nova l\u00edder da bancada do PSOL na C\u00e2mara dos Deputados em 2025. Saiba mais!","og_url":"https:\/\/psol50.org.br\/taliria-petrone-nova-lider-da-bancada\/","og_site_name":"PSOL 50","article_publisher":"https:\/\/www.facebook.com\/psol50","article_published_time":"2025-02-03T17:43:01+00:00","article_modified_time":"2025-02-17T13:02:21+00:00","og_image":[{"width":2560,"height":1578,"url":"https:\/\/psol50.org.br\/inc\/uploads\/2025\/02\/img20241113162516889-scaled.jpg","type":"image\/jpeg"}],"author":"Comunica\u00e7\u00e3o PSOL","twitter_card":"summary_large_image","twitter_creator":"@psol50","twitter_site":"@psol50","twitter_misc":{"Escrito por":"Comunica\u00e7\u00e3o PSOL","Est. tempo de leitura":"2 minutos"},"schema":{"@context":"https:\/\/schema.org","@graph":[{"@type":"Article","@id":"https:\/\/psol50.org.br\/taliria-petrone-nova-lider-da-bancada\/#article","isPartOf":{"@id":"https:\/\/psol50.org.br\/taliria-petrone-nova-lider-da-bancada\/"},"author":{"name":"Comunica\u00e7\u00e3o PSOL","@id":"https:\/\/psol50.org.br\/#\/schema\/person\/475dfa57d0b815993c714c2e96491fcd"},"headline":"Tal\u00edria Petrone \u00e9 a nova l\u00edder da bancada do PSOL na C\u00e2mara dos Deputados","datePublished":"2025-02-03T17:43:01+00:00","dateModified":"2025-02-17T13:02:21+00:00","mainEntityOfPage":{"@id":"https:\/\/psol50.org.br\/taliria-petrone-nova-lider-da-bancada\/"},"wordCount":422,"publisher":{"@id":"https:\/\/psol50.org.br\/#organization"},"image":{"@id":"https:\/\/psol50.org.br\/taliria-petrone-nova-lider-da-bancada\/#primaryimage"},"thumbnailUrl":"https:\/\/psol50.org.br\/inc\/uploads\/2025\/02\/img20241113162516889-scaled.jpg","keywords":["Not\u00edcias"],"articleSection":["A\u00e7\u00e3o Parlamentar"],"inLanguage":"pt-BR"},{"@type":"WebPage","@id":"https:\/\/psol50.org.br\/taliria-petrone-nova-lider-da-bancada\/","url":"https:\/\/psol50.org.br\/taliria-petrone-nova-lider-da-bancada\/","name":"Tal\u00edria Petrone \u00e9 a nova l\u00edder da bancada do PSOL na C\u00e2mara dos Deputados - PSOL 50","isPartOf":{"@id":"https:\/\/psol50.org.br\/#website"},"primaryImageOfPage":{"@id":"https:\/\/psol50.org.br\/taliria-petrone-nova-lider-da-bancada\/#primaryimage"},"image":{"@id":"https:\/\/psol50.org.br\/taliria-petrone-nova-lider-da-bancada\/#primaryimage"},"thumbnailUrl":"https:\/\/psol50.org.br\/inc\/uploads\/2025\/02\/img20241113162516889-scaled.jpg","datePublished":"2025-02-03T17:43:01+00:00","dateModified":"2025-02-17T13:02:21+00:00","description":"Tal\u00edria Petrone \u00e9 nomeada a nova l\u00edder da bancada do PSOL na C\u00e2mara dos Deputados em 2025. Saiba mais!","breadcrumb":{"@id":"https:\/\/psol50.org.br\/taliria-petrone-nova-lider-da-bancada\/#breadcrumb"},"inLanguage":"pt-BR","potentialAction":[{"@type":"ReadAction","target":["https:\/\/psol50.org.br\/taliria-petrone-nova-lider-da-bancada\/"]}]},{"@type":"ImageObject","inLanguage":"pt-BR","@id":"https:\/\/psol50.org.br\/taliria-petrone-nova-lider-da-bancada\/#primaryimage","url":"https:\/\/psol50.org.br\/inc\/uploads\/2025\/02\/img20241113162516889-scaled.jpg","contentUrl":"https:\/\/psol50.org.br\/inc\/uploads\/2025\/02\/img20241113162516889-scaled.jpg","width":2560,"height":1578,"caption":"C\u00e2mara dos Deputados"},{"@type":"BreadcrumbList","@id":"https:\/\/psol50.org.br\/taliria-petrone-nova-lider-da-bancada\/#breadcrumb","itemListElement":[{"@type":"ListItem","position":1,"name":"In\u00edcio","item":"https:\/\/psol50.org.br\/"},{"@type":"ListItem","position":2,"name":"Tal\u00edria Petrone \u00e9 a nova l\u00edder da bancada do PSOL na C\u00e2mara dos Deputados"}]},{"@type":"WebSite","@id":"https:\/\/psol50.org.br\/#website","url":"https:\/\/psol50.org.br\/","name":"PSOL 50","description":"Site oficial do Partido Socialismo e Liberdade","publisher":{"@id":"https:\/\/psol50.org.br\/#organization"},"alternateName":"PSOL50","potentialAction":[{"@type":"SearchAction","target":{"@type":"EntryPoint","urlTemplate":"https:\/\/psol50.org.br\/?s={search_term_string}"},"query-input":{"@type":"PropertyValueSpecification","valueRequired":true,"valueName":"search_term_string"}}],"inLanguage":"pt-BR"},{"@type":"Organization","@id":"https:\/\/psol50.org.br\/#organization","name":"PSOL 50","alternateName":"PSOL 50","url":"https:\/\/psol50.org.br\/","logo":{"@type":"ImageObject","inLanguage":"pt-BR","@id":"https:\/\/psol50.org.br\/#\/schema\/logo\/image\/","url":"https:\/\/psol50.org.br\/inc\/uploads\/2018\/07\/capa.png","contentUrl":"https:\/\/psol50.org.br\/inc\/uploads\/2018\/07\/capa.png","width":1350,"height":900,"caption":"PSOL 50"},"image":{"@id":"https:\/\/psol50.org.br\/#\/schema\/logo\/image\/"},"sameAs":["https:\/\/www.facebook.com\/psol50","https:\/\/x.com\/psol50","https:\/\/www.instagram.com\/psol50\/","https:\/\/www.youtube.com\/channel\/UC7SnJS5o1os7a6CaiNabzcg"]},{"@type":"Person","@id":"https:\/\/psol50.org.br\/#\/schema\/person\/475dfa57d0b815993c714c2e96491fcd","name":"Comunica\u00e7\u00e3o PSOL","image":{"@type":"ImageObject","inLanguage":"pt-BR","@id":"https:\/\/psol50.org.br\/#\/schema\/person\/image\/","url":"https:\/\/secure.gravatar.com\/avatar\/b34fc4f4e468a4e51785917065a3db57b841f5c95dba6ad8c73aaf8f66f8f9bf?s=96&d=mm&r=g","contentUrl":"https:\/\/secure.gravatar.com\/avatar\/b34fc4f4e468a4e51785917065a3db57b841f5c95dba6ad8c73aaf8f66f8f9bf?s=96&d=mm&r=g","caption":"Comunica\u00e7\u00e3o PSOL"}}]}},"_links":{"self":[{"href":"https:\/\/psol50.org.br\/rest\/wp\/v2\/posts\/40650","targetHints":{"allow":["GET"]}}],"collection":[{"href":"https:\/\/psol50.org.br\/rest\/wp\/v2\/posts"}],"about":[{"href":"https:\/\/psol50.org.br\/rest\/wp\/v2\/types\/post"}],"author":[{"embeddable":true,"href":"https:\/\/psol50.org.br\/rest\/wp\/v2\/users\/2"}],"replies":[{"embeddable":true,"href":"https:\/\/psol50.org.br\/rest\/wp\/v2\/comments?post=40650"}],"version-history":[{"count":1,"href":"https:\/\/psol50.org.br\/rest\/wp\/v2\/posts\/40650\/revisions"}],"predecessor-version":[{"id":40652,"href":"https:\/\/psol50.org.br\/rest\/wp\/v2\/posts\/40650\/revisions\/40652"}],"wp:featuredmedia":[{"embeddable":true,"href":"https:\/\/psol50.org.br\/rest\/wp\/v2\/media\/40651"}],"wp:attachment":[{"href":"https:\/\/psol50.org.br\/rest\/wp\/v2\/media?parent=40650"}],"wp:term":[{"taxonomy":"category","embeddable":true,"href":"https:\/\/psol50.org.br\/rest\/wp\/v2\/categories?post=40650"},{"taxonomy":"post_tag","embeddable":true,"href":"https:\/\/psol50.org.br\/rest\/wp\/v2\/tags?post=40650"}],"curies":[{"name":"wp","href":"https:\/\/api.w.org\/{rel}","templated":true}]}}