{"id":40667,"date":"2025-02-06T13:41:50","date_gmt":"2025-02-06T16:41:50","guid":{"rendered":"https:\/\/psol50.org.br\/?p=40667"},"modified":"2025-02-17T10:01:51","modified_gmt":"2025-02-17T13:01:51","slug":"psol-propoe-bolsa-repatriados","status":"publish","type":"post","link":"https:\/\/psol50.org.br\/psol-propoe-bolsa-repatriados\/","title":{"rendered":"PSOL prop\u00f5e \u201cbolsa repatriados\u201d para brasileiros deportados por pol\u00edticas xenof\u00f3bicas de Trump"},"content":{"rendered":"<p>Diante do aumento das deporta\u00e7\u00f5es de brasileiros, motivadas pela pol\u00edtica migrat\u00f3ria xenof\u00f3bica de Donald Trump, o PSOL apresentou um projeto de lei para garantir apoio financeiro \u00e0 popula\u00e7\u00e3o for\u00e7ada a voltar ao Brasil sem qualquer suporte.<\/p>\n<p>O PL 194\/2025, de autoria da deputada Tal\u00edria Petrone, prop\u00f5e disponibilizar um aux\u00edlio emergencial no valor de um sal\u00e1rio m\u00ednimo por fam\u00edlia durante 12 meses aos brasileiros deportados ou expulsos de outros pa\u00edses. O objetivo \u00e9 garantir condi\u00e7\u00f5es m\u00ednimas de reinser\u00e7\u00e3o social e econ\u00f4mica, evitando que essas pessoas fiquem em situa\u00e7\u00e3o de vulnerabilidade extrema.<\/p>\n<p>A partir do projeto, o benef\u00edcio ser\u00e1 direcionado \u00e0queles que viviam legalmente no exterior com resid\u00eancia fixa e retornaram ao Brasil de forma compuls\u00f3ria, seja sozinhos ou com a fam\u00edlia. O projeto exclui turistas e pessoas deportadas por crimes reconhecidos pela legisla\u00e7\u00e3o brasileira.<\/p>\n<p>Cada n\u00facleo familiar poder\u00e1 receber apenas um benef\u00edcio, que ser\u00e1 pago ao respons\u00e1vel indicado no cadastro do programa. <\/p>\n<p>Para o PSOL, a medida \u00e9 essencial para proteger cidad\u00e3os brasileiros que retornam ao pa\u00eds sem moradia, emprego ou qualquer suporte. Caso aprovado, o projeto representar\u00e1 um avan\u00e7o na prote\u00e7\u00e3o dos direitos humanos e na garantia de dignidade para milhares de pessoas. <\/p>\n","protected":false},"excerpt":{"rendered":"<p>Diante do aumento das deporta\u00e7\u00f5es de brasileiros, motivadas pela pol\u00edtica migrat\u00f3ria xenof\u00f3bica de Donald Trump, o PSOL apresentou um projeto de lei para garantir apoio financeiro \u00e0 popula\u00e7\u00e3o for\u00e7ada a voltar ao Brasil sem qualquer suporte. O PL 194\/2025, de autoria da deputada Tal\u00edria Petrone, prop\u00f5e disponibilizar um aux\u00edlio emergencial no valor de um sal\u00e1rio [&hellip;]<\/p>\n","protected":false},"author":2,"featured_media":40668,"comment_status":"closed","ping_status":"open","sticky":false,"template":"","format":"standard","meta":{"_acf_changed":false,"footnotes":""},"categories":[10],"tags":[4825],"class_list":{"0":"post-40667","1":"post","2":"type-post","3":"status-publish","4":"format-standard","5":"has-post-thumbnail","7":"category-acao-parlamentares","8":"tag-noticias"},"acf":[],"yoast_head":"<!-- This site is optimized with the Yoast SEO plugin v26.5 - https:\/\/yoast.com\/wordpress\/plugins\/seo\/ -->\n<title>PSOL prop\u00f5e \u201cbolsa repatriados\u201d para brasileiros deportados por pol\u00edticas xenof\u00f3bicas de Trump - PSOL 50<\/title>\n<meta name=\"description\" content=\"De autoria de Tal\u00edria Petrone (PSOL-RJ), o projeto garante apoio financeiro a quem foi for\u00e7ado a voltar ao Brasil . Saiba mais!\" \/>\n<meta name=\"robots\" content=\"index, follow, max-snippet:-1, max-image-preview:large, max-video-preview:-1\" \/>\n<link rel=\"canonical\" href=\"https:\/\/psol50.org.br\/psol-propoe-bolsa-repatriados\/\" \/>\n<meta property=\"og:locale\" content=\"pt_BR\" \/>\n<meta property=\"og:type\" content=\"article\" \/>\n<meta property=\"og:title\" content=\"PSOL prop\u00f5e \u201cbolsa repatriados\u201d para brasileiros deportados por pol\u00edticas xenof\u00f3bicas de Trump - PSOL 50\" \/>\n<meta property=\"og:description\" content=\"De autoria de Tal\u00edria Petrone (PSOL-RJ), o projeto garante apoio financeiro a quem foi for\u00e7ado a voltar ao Brasil . Saiba mais!\" \/>\n<meta property=\"og:url\" content=\"https:\/\/psol50.org.br\/psol-propoe-bolsa-repatriados\/\" \/>\n<meta property=\"og:site_name\" content=\"PSOL 50\" \/>\n<meta property=\"article:publisher\" content=\"https:\/\/www.facebook.com\/psol50\" \/>\n<meta property=\"article:published_time\" content=\"2025-02-06T16:41:50+00:00\" \/>\n<meta property=\"article:modified_time\" content=\"2025-02-17T13:01:51+00:00\" \/>\n<meta property=\"og:image\" content=\"https:\/\/psol50.org.br\/inc\/uploads\/2025\/02\/foto-casa-branca-deportacoes_copiar.webp\" \/>\n\t<meta property=\"og:image:width\" content=\"1170\" \/>\n\t<meta property=\"og:image:height\" content=\"700\" \/>\n\t<meta property=\"og:image:type\" content=\"image\/webp\" \/>\n<meta name=\"author\" content=\"Comunica\u00e7\u00e3o PSOL\" \/>\n<meta name=\"twitter:card\" content=\"summary_large_image\" \/>\n<meta name=\"twitter:creator\" content=\"@psol50\" \/>\n<meta name=\"twitter:site\" content=\"@psol50\" \/>\n<meta name=\"twitter:label1\" content=\"Escrito por\" \/>\n\t<meta name=\"twitter:data1\" content=\"Comunica\u00e7\u00e3o PSOL\" \/>\n\t<meta name=\"twitter:label2\" content=\"Est. tempo de leitura\" \/>\n\t<meta name=\"twitter:data2\" content=\"1 minuto\" \/>\n<script type=\"application\/ld+json\" class=\"yoast-schema-graph\">{\"@context\":\"https:\/\/schema.org\",\"@graph\":[{\"@type\":\"Article\",\"@id\":\"https:\/\/psol50.org.br\/psol-propoe-bolsa-repatriados\/#article\",\"isPartOf\":{\"@id\":\"https:\/\/psol50.org.br\/psol-propoe-bolsa-repatriados\/\"},\"author\":{\"name\":\"Comunica\u00e7\u00e3o PSOL\",\"@id\":\"https:\/\/psol50.org.br\/#\/schema\/person\/475dfa57d0b815993c714c2e96491fcd\"},\"headline\":\"PSOL prop\u00f5e \u201cbolsa repatriados\u201d para brasileiros deportados por pol\u00edticas xenof\u00f3bicas de Trump\",\"datePublished\":\"2025-02-06T16:41:50+00:00\",\"dateModified\":\"2025-02-17T13:01:51+00:00\",\"mainEntityOfPage\":{\"@id\":\"https:\/\/psol50.org.br\/psol-propoe-bolsa-repatriados\/\"},\"wordCount\":233,\"publisher\":{\"@id\":\"https:\/\/psol50.org.br\/#organization\"},\"image\":{\"@id\":\"https:\/\/psol50.org.br\/psol-propoe-bolsa-repatriados\/#primaryimage\"},\"thumbnailUrl\":\"https:\/\/psol50.org.br\/inc\/uploads\/2025\/02\/foto-casa-branca-deportacoes_copiar.webp\",\"keywords\":[\"Not\u00edcias\"],\"articleSection\":[\"A\u00e7\u00e3o Parlamentar\"],\"inLanguage\":\"pt-BR\"},{\"@type\":\"WebPage\",\"@id\":\"https:\/\/psol50.org.br\/psol-propoe-bolsa-repatriados\/\",\"url\":\"https:\/\/psol50.org.br\/psol-propoe-bolsa-repatriados\/\",\"name\":\"PSOL prop\u00f5e \u201cbolsa repatriados\u201d para brasileiros deportados por pol\u00edticas xenof\u00f3bicas de Trump - PSOL 50\",\"isPartOf\":{\"@id\":\"https:\/\/psol50.org.br\/#website\"},\"primaryImageOfPage\":{\"@id\":\"https:\/\/psol50.org.br\/psol-propoe-bolsa-repatriados\/#primaryimage\"},\"image\":{\"@id\":\"https:\/\/psol50.org.br\/psol-propoe-bolsa-repatriados\/#primaryimage\"},\"thumbnailUrl\":\"https:\/\/psol50.org.br\/inc\/uploads\/2025\/02\/foto-casa-branca-deportacoes_copiar.webp\",\"datePublished\":\"2025-02-06T16:41:50+00:00\",\"dateModified\":\"2025-02-17T13:01:51+00:00\",\"description\":\"De autoria de Tal\u00edria Petrone (PSOL-RJ), o projeto garante apoio financeiro a quem foi for\u00e7ado a voltar ao Brasil . Saiba mais!\",\"breadcrumb\":{\"@id\":\"https:\/\/psol50.org.br\/psol-propoe-bolsa-repatriados\/#breadcrumb\"},\"inLanguage\":\"pt-BR\",\"potentialAction\":[{\"@type\":\"ReadAction\",\"target\":[\"https:\/\/psol50.org.br\/psol-propoe-bolsa-repatriados\/\"]}]},{\"@type\":\"ImageObject\",\"inLanguage\":\"pt-BR\",\"@id\":\"https:\/\/psol50.org.br\/psol-propoe-bolsa-repatriados\/#primaryimage\",\"url\":\"https:\/\/psol50.org.br\/inc\/uploads\/2025\/02\/foto-casa-branca-deportacoes_copiar.webp\",\"contentUrl\":\"https:\/\/psol50.org.br\/inc\/uploads\/2025\/02\/foto-casa-branca-deportacoes_copiar.webp\",\"width\":1170,\"height\":700,\"caption\":\"Foto: Casa Branca \/ Divulga\u00e7\u00e3o\"},{\"@type\":\"BreadcrumbList\",\"@id\":\"https:\/\/psol50.org.br\/psol-propoe-bolsa-repatriados\/#breadcrumb\",\"itemListElement\":[{\"@type\":\"ListItem\",\"position\":1,\"name\":\"In\u00edcio\",\"item\":\"https:\/\/psol50.org.br\/\"},{\"@type\":\"ListItem\",\"position\":2,\"name\":\"PSOL prop\u00f5e \u201cbolsa repatriados\u201d para brasileiros deportados por pol\u00edticas xenof\u00f3bicas de Trump\"}]},{\"@type\":\"WebSite\",\"@id\":\"https:\/\/psol50.org.br\/#website\",\"url\":\"https:\/\/psol50.org.br\/\",\"name\":\"PSOL 50\",\"description\":\"Site oficial do Partido Socialismo e Liberdade\",\"publisher\":{\"@id\":\"https:\/\/psol50.org.br\/#organization\"},\"alternateName\":\"PSOL50\",\"potentialAction\":[{\"@type\":\"SearchAction\",\"target\":{\"@type\":\"EntryPoint\",\"urlTemplate\":\"https:\/\/psol50.org.br\/?s={search_term_string}\"},\"query-input\":{\"@type\":\"PropertyValueSpecification\",\"valueRequired\":true,\"valueName\":\"search_term_string\"}}],\"inLanguage\":\"pt-BR\"},{\"@type\":\"Organization\",\"@id\":\"https:\/\/psol50.org.br\/#organization\",\"name\":\"PSOL 50\",\"alternateName\":\"PSOL 50\",\"url\":\"https:\/\/psol50.org.br\/\",\"logo\":{\"@type\":\"ImageObject\",\"inLanguage\":\"pt-BR\",\"@id\":\"https:\/\/psol50.org.br\/#\/schema\/logo\/image\/\",\"url\":\"https:\/\/psol50.org.br\/inc\/uploads\/2018\/07\/capa.png\",\"contentUrl\":\"https:\/\/psol50.org.br\/inc\/uploads\/2018\/07\/capa.png\",\"width\":1350,\"height\":900,\"caption\":\"PSOL 50\"},\"image\":{\"@id\":\"https:\/\/psol50.org.br\/#\/schema\/logo\/image\/\"},\"sameAs\":[\"https:\/\/www.facebook.com\/psol50\",\"https:\/\/x.com\/psol50\",\"https:\/\/www.instagram.com\/psol50\/\",\"https:\/\/www.youtube.com\/channel\/UC7SnJS5o1os7a6CaiNabzcg\"]},{\"@type\":\"Person\",\"@id\":\"https:\/\/psol50.org.br\/#\/schema\/person\/475dfa57d0b815993c714c2e96491fcd\",\"name\":\"Comunica\u00e7\u00e3o PSOL\",\"image\":{\"@type\":\"ImageObject\",\"inLanguage\":\"pt-BR\",\"@id\":\"https:\/\/psol50.org.br\/#\/schema\/person\/image\/\",\"url\":\"https:\/\/secure.gravatar.com\/avatar\/b34fc4f4e468a4e51785917065a3db57b841f5c95dba6ad8c73aaf8f66f8f9bf?s=96&d=mm&r=g\",\"contentUrl\":\"https:\/\/secure.gravatar.com\/avatar\/b34fc4f4e468a4e51785917065a3db57b841f5c95dba6ad8c73aaf8f66f8f9bf?s=96&d=mm&r=g\",\"caption\":\"Comunica\u00e7\u00e3o PSOL\"}}]}<\/script>\n<!-- \/ Yoast SEO plugin. -->","yoast_head_json":{"title":"PSOL prop\u00f5e \u201cbolsa repatriados\u201d para brasileiros deportados por pol\u00edticas xenof\u00f3bicas de Trump - PSOL 50","description":"De autoria de Tal\u00edria Petrone (PSOL-RJ), o projeto garante apoio financeiro a quem foi for\u00e7ado a voltar ao Brasil . Saiba mais!","robots":{"index":"index","follow":"follow","max-snippet":"max-snippet:-1","max-image-preview":"max-image-preview:large","max-video-preview":"max-video-preview:-1"},"canonical":"https:\/\/psol50.org.br\/psol-propoe-bolsa-repatriados\/","og_locale":"pt_BR","og_type":"article","og_title":"PSOL prop\u00f5e \u201cbolsa repatriados\u201d para brasileiros deportados por pol\u00edticas xenof\u00f3bicas de Trump - PSOL 50","og_description":"De autoria de Tal\u00edria Petrone (PSOL-RJ), o projeto garante apoio financeiro a quem foi for\u00e7ado a voltar ao Brasil . Saiba mais!","og_url":"https:\/\/psol50.org.br\/psol-propoe-bolsa-repatriados\/","og_site_name":"PSOL 50","article_publisher":"https:\/\/www.facebook.com\/psol50","article_published_time":"2025-02-06T16:41:50+00:00","article_modified_time":"2025-02-17T13:01:51+00:00","og_image":[{"width":1170,"height":700,"url":"https:\/\/psol50.org.br\/inc\/uploads\/2025\/02\/foto-casa-branca-deportacoes_copiar.webp","type":"image\/webp"}],"author":"Comunica\u00e7\u00e3o PSOL","twitter_card":"summary_large_image","twitter_creator":"@psol50","twitter_site":"@psol50","twitter_misc":{"Escrito por":"Comunica\u00e7\u00e3o PSOL","Est. tempo de leitura":"1 minuto"},"schema":{"@context":"https:\/\/schema.org","@graph":[{"@type":"Article","@id":"https:\/\/psol50.org.br\/psol-propoe-bolsa-repatriados\/#article","isPartOf":{"@id":"https:\/\/psol50.org.br\/psol-propoe-bolsa-repatriados\/"},"author":{"name":"Comunica\u00e7\u00e3o PSOL","@id":"https:\/\/psol50.org.br\/#\/schema\/person\/475dfa57d0b815993c714c2e96491fcd"},"headline":"PSOL prop\u00f5e \u201cbolsa repatriados\u201d para brasileiros deportados por pol\u00edticas xenof\u00f3bicas de Trump","datePublished":"2025-02-06T16:41:50+00:00","dateModified":"2025-02-17T13:01:51+00:00","mainEntityOfPage":{"@id":"https:\/\/psol50.org.br\/psol-propoe-bolsa-repatriados\/"},"wordCount":233,"publisher":{"@id":"https:\/\/psol50.org.br\/#organization"},"image":{"@id":"https:\/\/psol50.org.br\/psol-propoe-bolsa-repatriados\/#primaryimage"},"thumbnailUrl":"https:\/\/psol50.org.br\/inc\/uploads\/2025\/02\/foto-casa-branca-deportacoes_copiar.webp","keywords":["Not\u00edcias"],"articleSection":["A\u00e7\u00e3o Parlamentar"],"inLanguage":"pt-BR"},{"@type":"WebPage","@id":"https:\/\/psol50.org.br\/psol-propoe-bolsa-repatriados\/","url":"https:\/\/psol50.org.br\/psol-propoe-bolsa-repatriados\/","name":"PSOL prop\u00f5e \u201cbolsa repatriados\u201d para brasileiros deportados por pol\u00edticas xenof\u00f3bicas de Trump - PSOL 50","isPartOf":{"@id":"https:\/\/psol50.org.br\/#website"},"primaryImageOfPage":{"@id":"https:\/\/psol50.org.br\/psol-propoe-bolsa-repatriados\/#primaryimage"},"image":{"@id":"https:\/\/psol50.org.br\/psol-propoe-bolsa-repatriados\/#primaryimage"},"thumbnailUrl":"https:\/\/psol50.org.br\/inc\/uploads\/2025\/02\/foto-casa-branca-deportacoes_copiar.webp","datePublished":"2025-02-06T16:41:50+00:00","dateModified":"2025-02-17T13:01:51+00:00","description":"De autoria de Tal\u00edria Petrone (PSOL-RJ), o projeto garante apoio financeiro a quem foi for\u00e7ado a voltar ao Brasil . Saiba mais!","breadcrumb":{"@id":"https:\/\/psol50.org.br\/psol-propoe-bolsa-repatriados\/#breadcrumb"},"inLanguage":"pt-BR","potentialAction":[{"@type":"ReadAction","target":["https:\/\/psol50.org.br\/psol-propoe-bolsa-repatriados\/"]}]},{"@type":"ImageObject","inLanguage":"pt-BR","@id":"https:\/\/psol50.org.br\/psol-propoe-bolsa-repatriados\/#primaryimage","url":"https:\/\/psol50.org.br\/inc\/uploads\/2025\/02\/foto-casa-branca-deportacoes_copiar.webp","contentUrl":"https:\/\/psol50.org.br\/inc\/uploads\/2025\/02\/foto-casa-branca-deportacoes_copiar.webp","width":1170,"height":700,"caption":"Foto: Casa Branca \/ Divulga\u00e7\u00e3o"},{"@type":"BreadcrumbList","@id":"https:\/\/psol50.org.br\/psol-propoe-bolsa-repatriados\/#breadcrumb","itemListElement":[{"@type":"ListItem","position":1,"name":"In\u00edcio","item":"https:\/\/psol50.org.br\/"},{"@type":"ListItem","position":2,"name":"PSOL prop\u00f5e \u201cbolsa repatriados\u201d para brasileiros deportados por pol\u00edticas xenof\u00f3bicas de Trump"}]},{"@type":"WebSite","@id":"https:\/\/psol50.org.br\/#website","url":"https:\/\/psol50.org.br\/","name":"PSOL 50","description":"Site oficial do Partido Socialismo e Liberdade","publisher":{"@id":"https:\/\/psol50.org.br\/#organization"},"alternateName":"PSOL50","potentialAction":[{"@type":"SearchAction","target":{"@type":"EntryPoint","urlTemplate":"https:\/\/psol50.org.br\/?s={search_term_string}"},"query-input":{"@type":"PropertyValueSpecification","valueRequired":true,"valueName":"search_term_string"}}],"inLanguage":"pt-BR"},{"@type":"Organization","@id":"https:\/\/psol50.org.br\/#organization","name":"PSOL 50","alternateName":"PSOL 50","url":"https:\/\/psol50.org.br\/","logo":{"@type":"ImageObject","inLanguage":"pt-BR","@id":"https:\/\/psol50.org.br\/#\/schema\/logo\/image\/","url":"https:\/\/psol50.org.br\/inc\/uploads\/2018\/07\/capa.png","contentUrl":"https:\/\/psol50.org.br\/inc\/uploads\/2018\/07\/capa.png","width":1350,"height":900,"caption":"PSOL 50"},"image":{"@id":"https:\/\/psol50.org.br\/#\/schema\/logo\/image\/"},"sameAs":["https:\/\/www.facebook.com\/psol50","https:\/\/x.com\/psol50","https:\/\/www.instagram.com\/psol50\/","https:\/\/www.youtube.com\/channel\/UC7SnJS5o1os7a6CaiNabzcg"]},{"@type":"Person","@id":"https:\/\/psol50.org.br\/#\/schema\/person\/475dfa57d0b815993c714c2e96491fcd","name":"Comunica\u00e7\u00e3o PSOL","image":{"@type":"ImageObject","inLanguage":"pt-BR","@id":"https:\/\/psol50.org.br\/#\/schema\/person\/image\/","url":"https:\/\/secure.gravatar.com\/avatar\/b34fc4f4e468a4e51785917065a3db57b841f5c95dba6ad8c73aaf8f66f8f9bf?s=96&d=mm&r=g","contentUrl":"https:\/\/secure.gravatar.com\/avatar\/b34fc4f4e468a4e51785917065a3db57b841f5c95dba6ad8c73aaf8f66f8f9bf?s=96&d=mm&r=g","caption":"Comunica\u00e7\u00e3o PSOL"}}]}},"_links":{"self":[{"href":"https:\/\/psol50.org.br\/rest\/wp\/v2\/posts\/40667","targetHints":{"allow":["GET"]}}],"collection":[{"href":"https:\/\/psol50.org.br\/rest\/wp\/v2\/posts"}],"about":[{"href":"https:\/\/psol50.org.br\/rest\/wp\/v2\/types\/post"}],"author":[{"embeddable":true,"href":"https:\/\/psol50.org.br\/rest\/wp\/v2\/users\/2"}],"replies":[{"embeddable":true,"href":"https:\/\/psol50.org.br\/rest\/wp\/v2\/comments?post=40667"}],"version-history":[{"count":1,"href":"https:\/\/psol50.org.br\/rest\/wp\/v2\/posts\/40667\/revisions"}],"predecessor-version":[{"id":40669,"href":"https:\/\/psol50.org.br\/rest\/wp\/v2\/posts\/40667\/revisions\/40669"}],"wp:featuredmedia":[{"embeddable":true,"href":"https:\/\/psol50.org.br\/rest\/wp\/v2\/media\/40668"}],"wp:attachment":[{"href":"https:\/\/psol50.org.br\/rest\/wp\/v2\/media?parent=40667"}],"wp:term":[{"taxonomy":"category","embeddable":true,"href":"https:\/\/psol50.org.br\/rest\/wp\/v2\/categories?post=40667"},{"taxonomy":"post_tag","embeddable":true,"href":"https:\/\/psol50.org.br\/rest\/wp\/v2\/tags?post=40667"}],"curies":[{"name":"wp","href":"https:\/\/api.w.org\/{rel}","templated":true}]}}