{"id":40697,"date":"2025-02-15T15:48:24","date_gmt":"2025-02-15T18:48:24","guid":{"rendered":"https:\/\/psol50.org.br\/?p=40697"},"modified":"2025-02-19T15:44:34","modified_gmt":"2025-02-19T18:44:34","slug":"diretorio-nacional-psol-inicia-debates-para-atualizacao-do-programa-e-celebra-20-anos-de-historia","status":"publish","type":"post","link":"https:\/\/psol50.org.br\/diretorio-nacional-psol-inicia-debates-para-atualizacao-do-programa-e-celebra-20-anos-de-historia\/","title":{"rendered":"Diret\u00f3rio Nacional | PSOL inicia debates para atualiza\u00e7\u00e3o do programa e celebra 20 anos de hist\u00f3ria"},"content":{"rendered":"<p>O PSOL completa 20 anos em 2025 e, para marcar essa trajet\u00f3ria, iniciar\u00e1 um amplo processo de debates sobre seu programa partid\u00e1rio e os desafios da esquerda no s\u00e9culo XXI. O objetivo \u00e9 revisar e fortalecer as bases pol\u00edticas da sigla, conectando as lutas do passado e do presente com a constru\u00e7\u00e3o do futuro. O processo se encerrar\u00e1 em setembro, m\u00eas do anivers\u00e1rio do partido, com a Confer\u00eancia Nacional Program\u00e1tica, quando o novo programa partid\u00e1rio ser\u00e1 aprovado.<\/p>\n<p>Desde sua funda\u00e7\u00e3o, o PSOL se consolidou como uma refer\u00eancia na defesa do socialismo, da liberdade e dos direitos humanos. Em duas d\u00e9cadas de atua\u00e7\u00e3o, o partido cresceu, ampliou seu alcance e se tornou um dos principais atores da pol\u00edtica nacional. Com os desafios trazidos pela crise clim\u00e1tica, a ascens\u00e3o da extrema direita e as transforma\u00e7\u00f5es no mundo do trabalho, o PSOL quer refor\u00e7ar seu compromisso com um socialismo democr\u00e1tico e libert\u00e1rio.<\/p>\n<p><em>Leia na \u00edntegra a resolu\u00e7\u00e3o sobre a reformula\u00e7\u00e3o program\u00e1tica aprovada pelo Diret\u00f3rio Nacional do PSOL, <a href=\"https:\/\/psol50.org.br\/inc\/uploads\/2025\/02\/Resolucao-sobre-debate-programatico.docx.pdf\">clicando aqui<\/a>.<\/em><\/p>\n<p>O processo de debates ser\u00e1 dividido em tr\u00eas etapas: discuss\u00f5es de base organizadas pelos diret\u00f3rios, eventos nacionais com especialistas para aprofundar os cinco eixos centrais e a Confer\u00eancia Nacional Program\u00e1tica, onde o novo programa do PSOL ser\u00e1 aprovado em um grande encontro com militantes e lideran\u00e7as. Para ampliar a participa\u00e7\u00e3o, o partido lan\u00e7ar\u00e1 uma plataforma digital interativa, reunindo materiais explicativos, f\u00f3runs de discuss\u00e3o e espa\u00e7o para envio de propostas.<\/p>\n<p>Com essa iniciativa, o PSOL reafirma seu compromisso com a renova\u00e7\u00e3o da esquerda brasileira e a constru\u00e7\u00e3o de um futuro baseado na justi\u00e7a social, na democracia e na sustentabilidade. A participa\u00e7\u00e3o da milit\u00e2ncia ser\u00e1 fundamental para definir os rumos do partido e fortalecer sua atua\u00e7\u00e3o pol\u00edtica nos desafios que vir\u00e3o.<\/p>\n","protected":false},"excerpt":{"rendered":"<p>O PSOL completa 20 anos em 2025 e, para marcar essa trajet\u00f3ria, iniciar\u00e1 um amplo processo de debates sobre seu programa partid\u00e1rio e os desafios da esquerda no s\u00e9culo XXI. O objetivo \u00e9 revisar e fortalecer as bases pol\u00edticas da sigla, conectando as lutas do passado e do presente com a constru\u00e7\u00e3o do futuro. O [&hellip;]<\/p>\n","protected":false},"author":2,"featured_media":40700,"comment_status":"closed","ping_status":"open","sticky":false,"template":"","format":"standard","meta":{"_acf_changed":false,"footnotes":""},"categories":[14],"tags":[4825],"class_list":{"0":"post-40697","1":"post","2":"type-post","3":"status-publish","4":"format-standard","5":"has-post-thumbnail","7":"category-partido","8":"tag-noticias"},"acf":[],"yoast_head":"<!-- This site is optimized with the Yoast SEO plugin v26.5 - https:\/\/yoast.com\/wordpress\/plugins\/seo\/ -->\n<title>Diret\u00f3rio Nacional | PSOL inicia debates para atualiza\u00e7\u00e3o do programa e celebra 20 anos de hist\u00f3ria - PSOL 50<\/title>\n<meta name=\"robots\" content=\"index, follow, max-snippet:-1, max-image-preview:large, max-video-preview:-1\" \/>\n<link rel=\"canonical\" href=\"https:\/\/psol50.org.br\/diretorio-nacional-psol-inicia-debates-para-atualizacao-do-programa-e-celebra-20-anos-de-historia\/\" \/>\n<meta property=\"og:locale\" content=\"pt_BR\" \/>\n<meta property=\"og:type\" content=\"article\" \/>\n<meta property=\"og:title\" content=\"Diret\u00f3rio Nacional | PSOL inicia debates para atualiza\u00e7\u00e3o do programa e celebra 20 anos de hist\u00f3ria - PSOL 50\" \/>\n<meta property=\"og:description\" content=\"O PSOL completa 20 anos em 2025 e, para marcar essa trajet\u00f3ria, iniciar\u00e1 um amplo processo de debates sobre seu programa partid\u00e1rio e os desafios da esquerda no s\u00e9culo XXI. O objetivo \u00e9 revisar e fortalecer as bases pol\u00edticas da sigla, conectando as lutas do passado e do presente com a constru\u00e7\u00e3o do futuro. O [&hellip;]\" \/>\n<meta property=\"og:url\" content=\"https:\/\/psol50.org.br\/diretorio-nacional-psol-inicia-debates-para-atualizacao-do-programa-e-celebra-20-anos-de-historia\/\" \/>\n<meta property=\"og:site_name\" content=\"PSOL 50\" \/>\n<meta property=\"article:publisher\" content=\"https:\/\/www.facebook.com\/psol50\" \/>\n<meta property=\"article:published_time\" content=\"2025-02-15T18:48:24+00:00\" \/>\n<meta property=\"article:modified_time\" content=\"2025-02-19T18:44:34+00:00\" \/>\n<meta property=\"og:image\" content=\"https:\/\/psol50.org.br\/inc\/uploads\/2025\/02\/Felipe_Iruata-3931-scaled.jpg\" \/>\n\t<meta property=\"og:image:width\" content=\"2560\" \/>\n\t<meta property=\"og:image:height\" content=\"1706\" \/>\n\t<meta property=\"og:image:type\" content=\"image\/jpeg\" \/>\n<meta name=\"author\" content=\"Comunica\u00e7\u00e3o PSOL\" \/>\n<meta name=\"twitter:card\" content=\"summary_large_image\" \/>\n<meta name=\"twitter:creator\" content=\"@psol50\" \/>\n<meta name=\"twitter:site\" content=\"@psol50\" \/>\n<meta name=\"twitter:label1\" content=\"Escrito por\" \/>\n\t<meta name=\"twitter:data1\" content=\"Comunica\u00e7\u00e3o PSOL\" \/>\n\t<meta name=\"twitter:label2\" content=\"Est. tempo de leitura\" \/>\n\t<meta name=\"twitter:data2\" content=\"2 minutos\" \/>\n<script type=\"application\/ld+json\" class=\"yoast-schema-graph\">{\"@context\":\"https:\/\/schema.org\",\"@graph\":[{\"@type\":\"Article\",\"@id\":\"https:\/\/psol50.org.br\/diretorio-nacional-psol-inicia-debates-para-atualizacao-do-programa-e-celebra-20-anos-de-historia\/#article\",\"isPartOf\":{\"@id\":\"https:\/\/psol50.org.br\/diretorio-nacional-psol-inicia-debates-para-atualizacao-do-programa-e-celebra-20-anos-de-historia\/\"},\"author\":{\"name\":\"Comunica\u00e7\u00e3o PSOL\",\"@id\":\"https:\/\/psol50.org.br\/#\/schema\/person\/475dfa57d0b815993c714c2e96491fcd\"},\"headline\":\"Diret\u00f3rio Nacional | PSOL inicia debates para atualiza\u00e7\u00e3o do programa e celebra 20 anos de hist\u00f3ria\",\"datePublished\":\"2025-02-15T18:48:24+00:00\",\"dateModified\":\"2025-02-19T18:44:34+00:00\",\"mainEntityOfPage\":{\"@id\":\"https:\/\/psol50.org.br\/diretorio-nacional-psol-inicia-debates-para-atualizacao-do-programa-e-celebra-20-anos-de-historia\/\"},\"wordCount\":343,\"publisher\":{\"@id\":\"https:\/\/psol50.org.br\/#organization\"},\"image\":{\"@id\":\"https:\/\/psol50.org.br\/diretorio-nacional-psol-inicia-debates-para-atualizacao-do-programa-e-celebra-20-anos-de-historia\/#primaryimage\"},\"thumbnailUrl\":\"https:\/\/psol50.org.br\/inc\/uploads\/2025\/02\/Felipe_Iruata-3931-scaled.jpg\",\"keywords\":[\"Not\u00edcias\"],\"articleSection\":[\"Partido\"],\"inLanguage\":\"pt-BR\"},{\"@type\":\"WebPage\",\"@id\":\"https:\/\/psol50.org.br\/diretorio-nacional-psol-inicia-debates-para-atualizacao-do-programa-e-celebra-20-anos-de-historia\/\",\"url\":\"https:\/\/psol50.org.br\/diretorio-nacional-psol-inicia-debates-para-atualizacao-do-programa-e-celebra-20-anos-de-historia\/\",\"name\":\"Diret\u00f3rio Nacional | PSOL inicia debates para atualiza\u00e7\u00e3o do programa e celebra 20 anos de hist\u00f3ria - PSOL 50\",\"isPartOf\":{\"@id\":\"https:\/\/psol50.org.br\/#website\"},\"primaryImageOfPage\":{\"@id\":\"https:\/\/psol50.org.br\/diretorio-nacional-psol-inicia-debates-para-atualizacao-do-programa-e-celebra-20-anos-de-historia\/#primaryimage\"},\"image\":{\"@id\":\"https:\/\/psol50.org.br\/diretorio-nacional-psol-inicia-debates-para-atualizacao-do-programa-e-celebra-20-anos-de-historia\/#primaryimage\"},\"thumbnailUrl\":\"https:\/\/psol50.org.br\/inc\/uploads\/2025\/02\/Felipe_Iruata-3931-scaled.jpg\",\"datePublished\":\"2025-02-15T18:48:24+00:00\",\"dateModified\":\"2025-02-19T18:44:34+00:00\",\"breadcrumb\":{\"@id\":\"https:\/\/psol50.org.br\/diretorio-nacional-psol-inicia-debates-para-atualizacao-do-programa-e-celebra-20-anos-de-historia\/#breadcrumb\"},\"inLanguage\":\"pt-BR\",\"potentialAction\":[{\"@type\":\"ReadAction\",\"target\":[\"https:\/\/psol50.org.br\/diretorio-nacional-psol-inicia-debates-para-atualizacao-do-programa-e-celebra-20-anos-de-historia\/\"]}]},{\"@type\":\"ImageObject\",\"inLanguage\":\"pt-BR\",\"@id\":\"https:\/\/psol50.org.br\/diretorio-nacional-psol-inicia-debates-para-atualizacao-do-programa-e-celebra-20-anos-de-historia\/#primaryimage\",\"url\":\"https:\/\/psol50.org.br\/inc\/uploads\/2025\/02\/Felipe_Iruata-3931-scaled.jpg\",\"contentUrl\":\"https:\/\/psol50.org.br\/inc\/uploads\/2025\/02\/Felipe_Iruata-3931-scaled.jpg\",\"width\":2560,\"height\":1706,\"caption\":\"Felipe Iruata\"},{\"@type\":\"BreadcrumbList\",\"@id\":\"https:\/\/psol50.org.br\/diretorio-nacional-psol-inicia-debates-para-atualizacao-do-programa-e-celebra-20-anos-de-historia\/#breadcrumb\",\"itemListElement\":[{\"@type\":\"ListItem\",\"position\":1,\"name\":\"In\u00edcio\",\"item\":\"https:\/\/psol50.org.br\/\"},{\"@type\":\"ListItem\",\"position\":2,\"name\":\"Diret\u00f3rio Nacional | PSOL inicia debates para atualiza\u00e7\u00e3o do programa e celebra 20 anos de hist\u00f3ria\"}]},{\"@type\":\"WebSite\",\"@id\":\"https:\/\/psol50.org.br\/#website\",\"url\":\"https:\/\/psol50.org.br\/\",\"name\":\"PSOL 50\",\"description\":\"Site oficial do Partido Socialismo e Liberdade\",\"publisher\":{\"@id\":\"https:\/\/psol50.org.br\/#organization\"},\"alternateName\":\"PSOL50\",\"potentialAction\":[{\"@type\":\"SearchAction\",\"target\":{\"@type\":\"EntryPoint\",\"urlTemplate\":\"https:\/\/psol50.org.br\/?s={search_term_string}\"},\"query-input\":{\"@type\":\"PropertyValueSpecification\",\"valueRequired\":true,\"valueName\":\"search_term_string\"}}],\"inLanguage\":\"pt-BR\"},{\"@type\":\"Organization\",\"@id\":\"https:\/\/psol50.org.br\/#organization\",\"name\":\"PSOL 50\",\"alternateName\":\"PSOL 50\",\"url\":\"https:\/\/psol50.org.br\/\",\"logo\":{\"@type\":\"ImageObject\",\"inLanguage\":\"pt-BR\",\"@id\":\"https:\/\/psol50.org.br\/#\/schema\/logo\/image\/\",\"url\":\"https:\/\/psol50.org.br\/inc\/uploads\/2018\/07\/capa.png\",\"contentUrl\":\"https:\/\/psol50.org.br\/inc\/uploads\/2018\/07\/capa.png\",\"width\":1350,\"height\":900,\"caption\":\"PSOL 50\"},\"image\":{\"@id\":\"https:\/\/psol50.org.br\/#\/schema\/logo\/image\/\"},\"sameAs\":[\"https:\/\/www.facebook.com\/psol50\",\"https:\/\/x.com\/psol50\",\"https:\/\/www.instagram.com\/psol50\/\",\"https:\/\/www.youtube.com\/channel\/UC7SnJS5o1os7a6CaiNabzcg\"]},{\"@type\":\"Person\",\"@id\":\"https:\/\/psol50.org.br\/#\/schema\/person\/475dfa57d0b815993c714c2e96491fcd\",\"name\":\"Comunica\u00e7\u00e3o PSOL\",\"image\":{\"@type\":\"ImageObject\",\"inLanguage\":\"pt-BR\",\"@id\":\"https:\/\/psol50.org.br\/#\/schema\/person\/image\/\",\"url\":\"https:\/\/secure.gravatar.com\/avatar\/b34fc4f4e468a4e51785917065a3db57b841f5c95dba6ad8c73aaf8f66f8f9bf?s=96&d=mm&r=g\",\"contentUrl\":\"https:\/\/secure.gravatar.com\/avatar\/b34fc4f4e468a4e51785917065a3db57b841f5c95dba6ad8c73aaf8f66f8f9bf?s=96&d=mm&r=g\",\"caption\":\"Comunica\u00e7\u00e3o PSOL\"}}]}<\/script>\n<!-- \/ Yoast SEO plugin. -->","yoast_head_json":{"title":"Diret\u00f3rio Nacional | PSOL inicia debates para atualiza\u00e7\u00e3o do programa e celebra 20 anos de hist\u00f3ria - PSOL 50","robots":{"index":"index","follow":"follow","max-snippet":"max-snippet:-1","max-image-preview":"max-image-preview:large","max-video-preview":"max-video-preview:-1"},"canonical":"https:\/\/psol50.org.br\/diretorio-nacional-psol-inicia-debates-para-atualizacao-do-programa-e-celebra-20-anos-de-historia\/","og_locale":"pt_BR","og_type":"article","og_title":"Diret\u00f3rio Nacional | PSOL inicia debates para atualiza\u00e7\u00e3o do programa e celebra 20 anos de hist\u00f3ria - PSOL 50","og_description":"O PSOL completa 20 anos em 2025 e, para marcar essa trajet\u00f3ria, iniciar\u00e1 um amplo processo de debates sobre seu programa partid\u00e1rio e os desafios da esquerda no s\u00e9culo XXI. O objetivo \u00e9 revisar e fortalecer as bases pol\u00edticas da sigla, conectando as lutas do passado e do presente com a constru\u00e7\u00e3o do futuro. O [&hellip;]","og_url":"https:\/\/psol50.org.br\/diretorio-nacional-psol-inicia-debates-para-atualizacao-do-programa-e-celebra-20-anos-de-historia\/","og_site_name":"PSOL 50","article_publisher":"https:\/\/www.facebook.com\/psol50","article_published_time":"2025-02-15T18:48:24+00:00","article_modified_time":"2025-02-19T18:44:34+00:00","og_image":[{"width":2560,"height":1706,"url":"https:\/\/psol50.org.br\/inc\/uploads\/2025\/02\/Felipe_Iruata-3931-scaled.jpg","type":"image\/jpeg"}],"author":"Comunica\u00e7\u00e3o PSOL","twitter_card":"summary_large_image","twitter_creator":"@psol50","twitter_site":"@psol50","twitter_misc":{"Escrito por":"Comunica\u00e7\u00e3o PSOL","Est. tempo de leitura":"2 minutos"},"schema":{"@context":"https:\/\/schema.org","@graph":[{"@type":"Article","@id":"https:\/\/psol50.org.br\/diretorio-nacional-psol-inicia-debates-para-atualizacao-do-programa-e-celebra-20-anos-de-historia\/#article","isPartOf":{"@id":"https:\/\/psol50.org.br\/diretorio-nacional-psol-inicia-debates-para-atualizacao-do-programa-e-celebra-20-anos-de-historia\/"},"author":{"name":"Comunica\u00e7\u00e3o PSOL","@id":"https:\/\/psol50.org.br\/#\/schema\/person\/475dfa57d0b815993c714c2e96491fcd"},"headline":"Diret\u00f3rio Nacional | PSOL inicia debates para atualiza\u00e7\u00e3o do programa e celebra 20 anos de hist\u00f3ria","datePublished":"2025-02-15T18:48:24+00:00","dateModified":"2025-02-19T18:44:34+00:00","mainEntityOfPage":{"@id":"https:\/\/psol50.org.br\/diretorio-nacional-psol-inicia-debates-para-atualizacao-do-programa-e-celebra-20-anos-de-historia\/"},"wordCount":343,"publisher":{"@id":"https:\/\/psol50.org.br\/#organization"},"image":{"@id":"https:\/\/psol50.org.br\/diretorio-nacional-psol-inicia-debates-para-atualizacao-do-programa-e-celebra-20-anos-de-historia\/#primaryimage"},"thumbnailUrl":"https:\/\/psol50.org.br\/inc\/uploads\/2025\/02\/Felipe_Iruata-3931-scaled.jpg","keywords":["Not\u00edcias"],"articleSection":["Partido"],"inLanguage":"pt-BR"},{"@type":"WebPage","@id":"https:\/\/psol50.org.br\/diretorio-nacional-psol-inicia-debates-para-atualizacao-do-programa-e-celebra-20-anos-de-historia\/","url":"https:\/\/psol50.org.br\/diretorio-nacional-psol-inicia-debates-para-atualizacao-do-programa-e-celebra-20-anos-de-historia\/","name":"Diret\u00f3rio Nacional | PSOL inicia debates para atualiza\u00e7\u00e3o do programa e celebra 20 anos de hist\u00f3ria - PSOL 50","isPartOf":{"@id":"https:\/\/psol50.org.br\/#website"},"primaryImageOfPage":{"@id":"https:\/\/psol50.org.br\/diretorio-nacional-psol-inicia-debates-para-atualizacao-do-programa-e-celebra-20-anos-de-historia\/#primaryimage"},"image":{"@id":"https:\/\/psol50.org.br\/diretorio-nacional-psol-inicia-debates-para-atualizacao-do-programa-e-celebra-20-anos-de-historia\/#primaryimage"},"thumbnailUrl":"https:\/\/psol50.org.br\/inc\/uploads\/2025\/02\/Felipe_Iruata-3931-scaled.jpg","datePublished":"2025-02-15T18:48:24+00:00","dateModified":"2025-02-19T18:44:34+00:00","breadcrumb":{"@id":"https:\/\/psol50.org.br\/diretorio-nacional-psol-inicia-debates-para-atualizacao-do-programa-e-celebra-20-anos-de-historia\/#breadcrumb"},"inLanguage":"pt-BR","potentialAction":[{"@type":"ReadAction","target":["https:\/\/psol50.org.br\/diretorio-nacional-psol-inicia-debates-para-atualizacao-do-programa-e-celebra-20-anos-de-historia\/"]}]},{"@type":"ImageObject","inLanguage":"pt-BR","@id":"https:\/\/psol50.org.br\/diretorio-nacional-psol-inicia-debates-para-atualizacao-do-programa-e-celebra-20-anos-de-historia\/#primaryimage","url":"https:\/\/psol50.org.br\/inc\/uploads\/2025\/02\/Felipe_Iruata-3931-scaled.jpg","contentUrl":"https:\/\/psol50.org.br\/inc\/uploads\/2025\/02\/Felipe_Iruata-3931-scaled.jpg","width":2560,"height":1706,"caption":"Felipe Iruata"},{"@type":"BreadcrumbList","@id":"https:\/\/psol50.org.br\/diretorio-nacional-psol-inicia-debates-para-atualizacao-do-programa-e-celebra-20-anos-de-historia\/#breadcrumb","itemListElement":[{"@type":"ListItem","position":1,"name":"In\u00edcio","item":"https:\/\/psol50.org.br\/"},{"@type":"ListItem","position":2,"name":"Diret\u00f3rio Nacional | PSOL inicia debates para atualiza\u00e7\u00e3o do programa e celebra 20 anos de hist\u00f3ria"}]},{"@type":"WebSite","@id":"https:\/\/psol50.org.br\/#website","url":"https:\/\/psol50.org.br\/","name":"PSOL 50","description":"Site oficial do Partido Socialismo e Liberdade","publisher":{"@id":"https:\/\/psol50.org.br\/#organization"},"alternateName":"PSOL50","potentialAction":[{"@type":"SearchAction","target":{"@type":"EntryPoint","urlTemplate":"https:\/\/psol50.org.br\/?s={search_term_string}"},"query-input":{"@type":"PropertyValueSpecification","valueRequired":true,"valueName":"search_term_string"}}],"inLanguage":"pt-BR"},{"@type":"Organization","@id":"https:\/\/psol50.org.br\/#organization","name":"PSOL 50","alternateName":"PSOL 50","url":"https:\/\/psol50.org.br\/","logo":{"@type":"ImageObject","inLanguage":"pt-BR","@id":"https:\/\/psol50.org.br\/#\/schema\/logo\/image\/","url":"https:\/\/psol50.org.br\/inc\/uploads\/2018\/07\/capa.png","contentUrl":"https:\/\/psol50.org.br\/inc\/uploads\/2018\/07\/capa.png","width":1350,"height":900,"caption":"PSOL 50"},"image":{"@id":"https:\/\/psol50.org.br\/#\/schema\/logo\/image\/"},"sameAs":["https:\/\/www.facebook.com\/psol50","https:\/\/x.com\/psol50","https:\/\/www.instagram.com\/psol50\/","https:\/\/www.youtube.com\/channel\/UC7SnJS5o1os7a6CaiNabzcg"]},{"@type":"Person","@id":"https:\/\/psol50.org.br\/#\/schema\/person\/475dfa57d0b815993c714c2e96491fcd","name":"Comunica\u00e7\u00e3o PSOL","image":{"@type":"ImageObject","inLanguage":"pt-BR","@id":"https:\/\/psol50.org.br\/#\/schema\/person\/image\/","url":"https:\/\/secure.gravatar.com\/avatar\/b34fc4f4e468a4e51785917065a3db57b841f5c95dba6ad8c73aaf8f66f8f9bf?s=96&d=mm&r=g","contentUrl":"https:\/\/secure.gravatar.com\/avatar\/b34fc4f4e468a4e51785917065a3db57b841f5c95dba6ad8c73aaf8f66f8f9bf?s=96&d=mm&r=g","caption":"Comunica\u00e7\u00e3o PSOL"}}]}},"_links":{"self":[{"href":"https:\/\/psol50.org.br\/rest\/wp\/v2\/posts\/40697","targetHints":{"allow":["GET"]}}],"collection":[{"href":"https:\/\/psol50.org.br\/rest\/wp\/v2\/posts"}],"about":[{"href":"https:\/\/psol50.org.br\/rest\/wp\/v2\/types\/post"}],"author":[{"embeddable":true,"href":"https:\/\/psol50.org.br\/rest\/wp\/v2\/users\/2"}],"replies":[{"embeddable":true,"href":"https:\/\/psol50.org.br\/rest\/wp\/v2\/comments?post=40697"}],"version-history":[{"count":3,"href":"https:\/\/psol50.org.br\/rest\/wp\/v2\/posts\/40697\/revisions"}],"predecessor-version":[{"id":40736,"href":"https:\/\/psol50.org.br\/rest\/wp\/v2\/posts\/40697\/revisions\/40736"}],"wp:featuredmedia":[{"embeddable":true,"href":"https:\/\/psol50.org.br\/rest\/wp\/v2\/media\/40700"}],"wp:attachment":[{"href":"https:\/\/psol50.org.br\/rest\/wp\/v2\/media?parent=40697"}],"wp:term":[{"taxonomy":"category","embeddable":true,"href":"https:\/\/psol50.org.br\/rest\/wp\/v2\/categories?post=40697"},{"taxonomy":"post_tag","embeddable":true,"href":"https:\/\/psol50.org.br\/rest\/wp\/v2\/tags?post=40697"}],"curies":[{"name":"wp","href":"https:\/\/api.w.org\/{rel}","templated":true}]}}