{"id":40721,"date":"2025-02-15T13:46:03","date_gmt":"2025-02-15T16:46:03","guid":{"rendered":"https:\/\/psol50.org.br\/?p=40721"},"modified":"2025-02-21T14:51:02","modified_gmt":"2025-02-21T17:51:02","slug":"diretorio-nacional-do-psol-fortalece-resistencia-contra-a-extrema-direita-no-brasil-e-no-mundo","status":"publish","type":"post","link":"https:\/\/psol50.org.br\/diretorio-nacional-do-psol-fortalece-resistencia-contra-a-extrema-direita-no-brasil-e-no-mundo\/","title":{"rendered":"Diret\u00f3rio Nacional do PSOL fortalece resist\u00eancia contra a extrema-direita no Brasil e no mundo"},"content":{"rendered":"<p>Neste s\u00e1bado, 15, o Diret\u00f3rio Nacional do PSOL se reuniu presencialmente em S\u00e3o Paulo para aprovar resolu\u00e7\u00f5es que pautar\u00e3o a pol\u00edtica da legenda no pr\u00f3ximo per\u00edodo. A primeira delas \u00e9 referente \u00e0 conjuntura nacional e internacional.<\/p>\n<p>A leitura \u00e9 de que a ascens\u00e3o da extrema-direita no cen\u00e1rio global e seus reflexos no Brasil representam um desafio crescente para a luta por direitos e justi\u00e7a social. A reelei\u00e7\u00e3o de Donald Trump nos Estados Unidos n\u00e3o s\u00f3 fortalece grupos autorit\u00e1rios no mundo inteiro, como tamb\u00e9m impulsiona a dissemina\u00e7\u00e3o de fake news e amea\u00e7a pol\u00edticas ambientais e migrat\u00f3rias, afetando diretamente a Am\u00e9rica Latina.<\/p>\n<p>No Brasil, esse movimento se reflete no avan\u00e7o de pautas conservadoras no Congresso e no fortalecimento do Centr\u00e3o, o que dificulta a implementa\u00e7\u00e3o de pol\u00edticas progressistas. Al\u00e9m disso, o mercado tamb\u00e9m atua para desestabilizar o governo Lula, utilizando da especula\u00e7\u00e3o financeira e campanhas de desinforma\u00e7\u00e3o para enfraquecer medidas de distribui\u00e7\u00e3o de renda e a taxa\u00e7\u00e3o de super-ricos.<\/p>\n<p>Esse cen\u00e1rio exige respostas firmes e o PSOL tem se posicionado estrategicamente na resist\u00eancia a esses retrocessos, defendendo reformas que garantam justi\u00e7a social. Assim como a luta pela responsabiliza\u00e7\u00e3o de Bolsonaro e dos envolvidos nos ataques golpistas de 8 de janeiro segue como prioridade para o partido, que se mant\u00e9m contr\u00e1rio a qualquer tentativa de anistia aos articuladores do golpe.<\/p>\n<p><em>Leia na \u00edntegra a resolu\u00e7\u00e3o da conjuntura pol\u00edtica internacional e nacional aprovada no Diret\u00f3rio Nacional do PSOL, <a href=\"https:\/\/psol50.org.br\/inc\/uploads\/2025\/02\/PROPOSTA-CONJUNTURA-INTERNACIONAL-E-NACIONAL-1.pdf\" target=\"_blank\" rel=\"noopener\">clicando aqui.<\/a><\/em><\/p>\n<p>A explora\u00e7\u00e3o predat\u00f3ria do meio ambiente e a retirada de direitos trabalhistas e sociais tamb\u00e9m comp\u00f5e a lista de prioridades. A COP 30 ser\u00e1 um espa\u00e7o fundamental para refor\u00e7ar a luta socioambiental. O PSOL seguir\u00e1 atuando para garantir que a crise clim\u00e1tica seja enfrentada com justi\u00e7a social, sem que interesses do agroneg\u00f3cio e grandes corpora\u00e7\u00f5es dominem o debate.<\/p>\n<p>Diante desse cen\u00e1rio, o partido refor\u00e7a a import\u00e2ncia da mobiliza\u00e7\u00e3o popular e da articula\u00e7\u00e3o internacional da esquerda para enfrentar os desafios impostos pelo conservadorismo e defender um projeto pol\u00edtico comprometido com a democracia, os direitos humanos e a justi\u00e7a socioambiental.<\/p>\n","protected":false},"excerpt":{"rendered":"<p>Neste s\u00e1bado, 15, o Diret\u00f3rio Nacional do PSOL se reuniu presencialmente em S\u00e3o Paulo para aprovar resolu\u00e7\u00f5es que pautar\u00e3o a pol\u00edtica da legenda no pr\u00f3ximo per\u00edodo. A primeira delas \u00e9 referente \u00e0 conjuntura nacional e internacional. A leitura \u00e9 de que a ascens\u00e3o da extrema-direita no cen\u00e1rio global e seus reflexos no Brasil representam um [&hellip;]<\/p>\n","protected":false},"author":2,"featured_media":40723,"comment_status":"closed","ping_status":"open","sticky":false,"template":"","format":"standard","meta":{"_acf_changed":false,"footnotes":""},"categories":[14],"tags":[4825],"class_list":{"0":"post-40721","1":"post","2":"type-post","3":"status-publish","4":"format-standard","5":"has-post-thumbnail","7":"category-partido","8":"tag-noticias"},"acf":[],"yoast_head":"<!-- This site is optimized with the Yoast SEO plugin v26.5 - https:\/\/yoast.com\/wordpress\/plugins\/seo\/ -->\n<title>Diret\u00f3rio Nacional do PSOL fortalece resist\u00eancia contra a extrema-direita no Brasil e no mundo<\/title>\n<meta name=\"description\" content=\"Neste s\u00e1bado, 15, o Diret\u00f3rio Nacional do PSOL se reuniu para aprovar resolu\u00e7\u00f5es que pautar\u00e3o a pol\u00edtica da legenda no pr\u00f3ximo per\u00edodo. A primeira delas \u00e9 referente \u00e0 conjuntura nacional e internacional.\" \/>\n<meta name=\"robots\" content=\"index, follow, max-snippet:-1, max-image-preview:large, max-video-preview:-1\" \/>\n<link rel=\"canonical\" href=\"https:\/\/psol50.org.br\/diretorio-nacional-do-psol-fortalece-resistencia-contra-a-extrema-direita-no-brasil-e-no-mundo\/\" \/>\n<meta property=\"og:locale\" content=\"pt_BR\" \/>\n<meta property=\"og:type\" content=\"article\" \/>\n<meta property=\"og:title\" content=\"Diret\u00f3rio Nacional do PSOL fortalece resist\u00eancia contra a extrema-direita no Brasil e no mundo\" \/>\n<meta property=\"og:description\" content=\"Neste s\u00e1bado, 15, o Diret\u00f3rio Nacional do PSOL se reuniu para aprovar resolu\u00e7\u00f5es que pautar\u00e3o a pol\u00edtica da legenda no pr\u00f3ximo per\u00edodo. A primeira delas \u00e9 referente \u00e0 conjuntura nacional e internacional.\" \/>\n<meta property=\"og:url\" content=\"https:\/\/psol50.org.br\/diretorio-nacional-do-psol-fortalece-resistencia-contra-a-extrema-direita-no-brasil-e-no-mundo\/\" \/>\n<meta property=\"og:site_name\" content=\"PSOL 50\" \/>\n<meta property=\"article:publisher\" content=\"https:\/\/www.facebook.com\/psol50\" \/>\n<meta property=\"article:published_time\" content=\"2025-02-15T16:46:03+00:00\" \/>\n<meta property=\"article:modified_time\" content=\"2025-02-21T17:51:02+00:00\" \/>\n<meta property=\"og:image\" content=\"https:\/\/psol50.org.br\/inc\/uploads\/2025\/02\/KS_DNPSOL_DEZ22_034-scaled.jpg\" \/>\n\t<meta property=\"og:image:width\" content=\"2560\" \/>\n\t<meta property=\"og:image:height\" content=\"1707\" \/>\n\t<meta property=\"og:image:type\" content=\"image\/jpeg\" \/>\n<meta name=\"author\" content=\"Comunica\u00e7\u00e3o PSOL\" \/>\n<meta name=\"twitter:card\" content=\"summary_large_image\" \/>\n<meta name=\"twitter:creator\" content=\"@psol50\" \/>\n<meta name=\"twitter:site\" content=\"@psol50\" \/>\n<meta name=\"twitter:label1\" content=\"Escrito por\" \/>\n\t<meta name=\"twitter:data1\" content=\"Comunica\u00e7\u00e3o PSOL\" \/>\n\t<meta name=\"twitter:label2\" content=\"Est. tempo de leitura\" \/>\n\t<meta name=\"twitter:data2\" content=\"2 minutos\" \/>\n<script type=\"application\/ld+json\" class=\"yoast-schema-graph\">{\"@context\":\"https:\/\/schema.org\",\"@graph\":[{\"@type\":\"Article\",\"@id\":\"https:\/\/psol50.org.br\/diretorio-nacional-do-psol-fortalece-resistencia-contra-a-extrema-direita-no-brasil-e-no-mundo\/#article\",\"isPartOf\":{\"@id\":\"https:\/\/psol50.org.br\/diretorio-nacional-do-psol-fortalece-resistencia-contra-a-extrema-direita-no-brasil-e-no-mundo\/\"},\"author\":{\"name\":\"Comunica\u00e7\u00e3o PSOL\",\"@id\":\"https:\/\/psol50.org.br\/#\/schema\/person\/475dfa57d0b815993c714c2e96491fcd\"},\"headline\":\"Diret\u00f3rio Nacional do PSOL fortalece resist\u00eancia contra a extrema-direita no Brasil e no mundo\",\"datePublished\":\"2025-02-15T16:46:03+00:00\",\"dateModified\":\"2025-02-21T17:51:02+00:00\",\"mainEntityOfPage\":{\"@id\":\"https:\/\/psol50.org.br\/diretorio-nacional-do-psol-fortalece-resistencia-contra-a-extrema-direita-no-brasil-e-no-mundo\/\"},\"wordCount\":400,\"publisher\":{\"@id\":\"https:\/\/psol50.org.br\/#organization\"},\"image\":{\"@id\":\"https:\/\/psol50.org.br\/diretorio-nacional-do-psol-fortalece-resistencia-contra-a-extrema-direita-no-brasil-e-no-mundo\/#primaryimage\"},\"thumbnailUrl\":\"https:\/\/psol50.org.br\/inc\/uploads\/2025\/02\/KS_DNPSOL_DEZ22_034-scaled.jpg\",\"keywords\":[\"Not\u00edcias\"],\"articleSection\":[\"Partido\"],\"inLanguage\":\"pt-BR\"},{\"@type\":\"WebPage\",\"@id\":\"https:\/\/psol50.org.br\/diretorio-nacional-do-psol-fortalece-resistencia-contra-a-extrema-direita-no-brasil-e-no-mundo\/\",\"url\":\"https:\/\/psol50.org.br\/diretorio-nacional-do-psol-fortalece-resistencia-contra-a-extrema-direita-no-brasil-e-no-mundo\/\",\"name\":\"Diret\u00f3rio Nacional do PSOL fortalece resist\u00eancia contra a extrema-direita no Brasil e no mundo\",\"isPartOf\":{\"@id\":\"https:\/\/psol50.org.br\/#website\"},\"primaryImageOfPage\":{\"@id\":\"https:\/\/psol50.org.br\/diretorio-nacional-do-psol-fortalece-resistencia-contra-a-extrema-direita-no-brasil-e-no-mundo\/#primaryimage\"},\"image\":{\"@id\":\"https:\/\/psol50.org.br\/diretorio-nacional-do-psol-fortalece-resistencia-contra-a-extrema-direita-no-brasil-e-no-mundo\/#primaryimage\"},\"thumbnailUrl\":\"https:\/\/psol50.org.br\/inc\/uploads\/2025\/02\/KS_DNPSOL_DEZ22_034-scaled.jpg\",\"datePublished\":\"2025-02-15T16:46:03+00:00\",\"dateModified\":\"2025-02-21T17:51:02+00:00\",\"description\":\"Neste s\u00e1bado, 15, o Diret\u00f3rio Nacional do PSOL se reuniu para aprovar resolu\u00e7\u00f5es que pautar\u00e3o a pol\u00edtica da legenda no pr\u00f3ximo per\u00edodo. A primeira delas \u00e9 referente \u00e0 conjuntura nacional e internacional.\",\"breadcrumb\":{\"@id\":\"https:\/\/psol50.org.br\/diretorio-nacional-do-psol-fortalece-resistencia-contra-a-extrema-direita-no-brasil-e-no-mundo\/#breadcrumb\"},\"inLanguage\":\"pt-BR\",\"potentialAction\":[{\"@type\":\"ReadAction\",\"target\":[\"https:\/\/psol50.org.br\/diretorio-nacional-do-psol-fortalece-resistencia-contra-a-extrema-direita-no-brasil-e-no-mundo\/\"]}]},{\"@type\":\"ImageObject\",\"inLanguage\":\"pt-BR\",\"@id\":\"https:\/\/psol50.org.br\/diretorio-nacional-do-psol-fortalece-resistencia-contra-a-extrema-direita-no-brasil-e-no-mundo\/#primaryimage\",\"url\":\"https:\/\/psol50.org.br\/inc\/uploads\/2025\/02\/KS_DNPSOL_DEZ22_034-scaled.jpg\",\"contentUrl\":\"https:\/\/psol50.org.br\/inc\/uploads\/2025\/02\/KS_DNPSOL_DEZ22_034-scaled.jpg\",\"width\":2560,\"height\":1707,\"caption\":\"Kau\u00ea Scarim\"},{\"@type\":\"BreadcrumbList\",\"@id\":\"https:\/\/psol50.org.br\/diretorio-nacional-do-psol-fortalece-resistencia-contra-a-extrema-direita-no-brasil-e-no-mundo\/#breadcrumb\",\"itemListElement\":[{\"@type\":\"ListItem\",\"position\":1,\"name\":\"In\u00edcio\",\"item\":\"https:\/\/psol50.org.br\/\"},{\"@type\":\"ListItem\",\"position\":2,\"name\":\"Diret\u00f3rio Nacional do PSOL fortalece resist\u00eancia contra a extrema-direita no Brasil e no mundo\"}]},{\"@type\":\"WebSite\",\"@id\":\"https:\/\/psol50.org.br\/#website\",\"url\":\"https:\/\/psol50.org.br\/\",\"name\":\"PSOL 50\",\"description\":\"Site oficial do Partido Socialismo e Liberdade\",\"publisher\":{\"@id\":\"https:\/\/psol50.org.br\/#organization\"},\"alternateName\":\"PSOL50\",\"potentialAction\":[{\"@type\":\"SearchAction\",\"target\":{\"@type\":\"EntryPoint\",\"urlTemplate\":\"https:\/\/psol50.org.br\/?s={search_term_string}\"},\"query-input\":{\"@type\":\"PropertyValueSpecification\",\"valueRequired\":true,\"valueName\":\"search_term_string\"}}],\"inLanguage\":\"pt-BR\"},{\"@type\":\"Organization\",\"@id\":\"https:\/\/psol50.org.br\/#organization\",\"name\":\"PSOL 50\",\"alternateName\":\"PSOL 50\",\"url\":\"https:\/\/psol50.org.br\/\",\"logo\":{\"@type\":\"ImageObject\",\"inLanguage\":\"pt-BR\",\"@id\":\"https:\/\/psol50.org.br\/#\/schema\/logo\/image\/\",\"url\":\"https:\/\/psol50.org.br\/inc\/uploads\/2018\/07\/capa.png\",\"contentUrl\":\"https:\/\/psol50.org.br\/inc\/uploads\/2018\/07\/capa.png\",\"width\":1350,\"height\":900,\"caption\":\"PSOL 50\"},\"image\":{\"@id\":\"https:\/\/psol50.org.br\/#\/schema\/logo\/image\/\"},\"sameAs\":[\"https:\/\/www.facebook.com\/psol50\",\"https:\/\/x.com\/psol50\",\"https:\/\/www.instagram.com\/psol50\/\",\"https:\/\/www.youtube.com\/channel\/UC7SnJS5o1os7a6CaiNabzcg\"]},{\"@type\":\"Person\",\"@id\":\"https:\/\/psol50.org.br\/#\/schema\/person\/475dfa57d0b815993c714c2e96491fcd\",\"name\":\"Comunica\u00e7\u00e3o PSOL\",\"image\":{\"@type\":\"ImageObject\",\"inLanguage\":\"pt-BR\",\"@id\":\"https:\/\/psol50.org.br\/#\/schema\/person\/image\/\",\"url\":\"https:\/\/secure.gravatar.com\/avatar\/b34fc4f4e468a4e51785917065a3db57b841f5c95dba6ad8c73aaf8f66f8f9bf?s=96&d=mm&r=g\",\"contentUrl\":\"https:\/\/secure.gravatar.com\/avatar\/b34fc4f4e468a4e51785917065a3db57b841f5c95dba6ad8c73aaf8f66f8f9bf?s=96&d=mm&r=g\",\"caption\":\"Comunica\u00e7\u00e3o PSOL\"}}]}<\/script>\n<!-- \/ Yoast SEO plugin. -->","yoast_head_json":{"title":"Diret\u00f3rio Nacional do PSOL fortalece resist\u00eancia contra a extrema-direita no Brasil e no mundo","description":"Neste s\u00e1bado, 15, o Diret\u00f3rio Nacional do PSOL se reuniu para aprovar resolu\u00e7\u00f5es que pautar\u00e3o a pol\u00edtica da legenda no pr\u00f3ximo per\u00edodo. A primeira delas \u00e9 referente \u00e0 conjuntura nacional e internacional.","robots":{"index":"index","follow":"follow","max-snippet":"max-snippet:-1","max-image-preview":"max-image-preview:large","max-video-preview":"max-video-preview:-1"},"canonical":"https:\/\/psol50.org.br\/diretorio-nacional-do-psol-fortalece-resistencia-contra-a-extrema-direita-no-brasil-e-no-mundo\/","og_locale":"pt_BR","og_type":"article","og_title":"Diret\u00f3rio Nacional do PSOL fortalece resist\u00eancia contra a extrema-direita no Brasil e no mundo","og_description":"Neste s\u00e1bado, 15, o Diret\u00f3rio Nacional do PSOL se reuniu para aprovar resolu\u00e7\u00f5es que pautar\u00e3o a pol\u00edtica da legenda no pr\u00f3ximo per\u00edodo. A primeira delas \u00e9 referente \u00e0 conjuntura nacional e internacional.","og_url":"https:\/\/psol50.org.br\/diretorio-nacional-do-psol-fortalece-resistencia-contra-a-extrema-direita-no-brasil-e-no-mundo\/","og_site_name":"PSOL 50","article_publisher":"https:\/\/www.facebook.com\/psol50","article_published_time":"2025-02-15T16:46:03+00:00","article_modified_time":"2025-02-21T17:51:02+00:00","og_image":[{"width":2560,"height":1707,"url":"https:\/\/psol50.org.br\/inc\/uploads\/2025\/02\/KS_DNPSOL_DEZ22_034-scaled.jpg","type":"image\/jpeg"}],"author":"Comunica\u00e7\u00e3o PSOL","twitter_card":"summary_large_image","twitter_creator":"@psol50","twitter_site":"@psol50","twitter_misc":{"Escrito por":"Comunica\u00e7\u00e3o PSOL","Est. tempo de leitura":"2 minutos"},"schema":{"@context":"https:\/\/schema.org","@graph":[{"@type":"Article","@id":"https:\/\/psol50.org.br\/diretorio-nacional-do-psol-fortalece-resistencia-contra-a-extrema-direita-no-brasil-e-no-mundo\/#article","isPartOf":{"@id":"https:\/\/psol50.org.br\/diretorio-nacional-do-psol-fortalece-resistencia-contra-a-extrema-direita-no-brasil-e-no-mundo\/"},"author":{"name":"Comunica\u00e7\u00e3o PSOL","@id":"https:\/\/psol50.org.br\/#\/schema\/person\/475dfa57d0b815993c714c2e96491fcd"},"headline":"Diret\u00f3rio Nacional do PSOL fortalece resist\u00eancia contra a extrema-direita no Brasil e no mundo","datePublished":"2025-02-15T16:46:03+00:00","dateModified":"2025-02-21T17:51:02+00:00","mainEntityOfPage":{"@id":"https:\/\/psol50.org.br\/diretorio-nacional-do-psol-fortalece-resistencia-contra-a-extrema-direita-no-brasil-e-no-mundo\/"},"wordCount":400,"publisher":{"@id":"https:\/\/psol50.org.br\/#organization"},"image":{"@id":"https:\/\/psol50.org.br\/diretorio-nacional-do-psol-fortalece-resistencia-contra-a-extrema-direita-no-brasil-e-no-mundo\/#primaryimage"},"thumbnailUrl":"https:\/\/psol50.org.br\/inc\/uploads\/2025\/02\/KS_DNPSOL_DEZ22_034-scaled.jpg","keywords":["Not\u00edcias"],"articleSection":["Partido"],"inLanguage":"pt-BR"},{"@type":"WebPage","@id":"https:\/\/psol50.org.br\/diretorio-nacional-do-psol-fortalece-resistencia-contra-a-extrema-direita-no-brasil-e-no-mundo\/","url":"https:\/\/psol50.org.br\/diretorio-nacional-do-psol-fortalece-resistencia-contra-a-extrema-direita-no-brasil-e-no-mundo\/","name":"Diret\u00f3rio Nacional do PSOL fortalece resist\u00eancia contra a extrema-direita no Brasil e no mundo","isPartOf":{"@id":"https:\/\/psol50.org.br\/#website"},"primaryImageOfPage":{"@id":"https:\/\/psol50.org.br\/diretorio-nacional-do-psol-fortalece-resistencia-contra-a-extrema-direita-no-brasil-e-no-mundo\/#primaryimage"},"image":{"@id":"https:\/\/psol50.org.br\/diretorio-nacional-do-psol-fortalece-resistencia-contra-a-extrema-direita-no-brasil-e-no-mundo\/#primaryimage"},"thumbnailUrl":"https:\/\/psol50.org.br\/inc\/uploads\/2025\/02\/KS_DNPSOL_DEZ22_034-scaled.jpg","datePublished":"2025-02-15T16:46:03+00:00","dateModified":"2025-02-21T17:51:02+00:00","description":"Neste s\u00e1bado, 15, o Diret\u00f3rio Nacional do PSOL se reuniu para aprovar resolu\u00e7\u00f5es que pautar\u00e3o a pol\u00edtica da legenda no pr\u00f3ximo per\u00edodo. A primeira delas \u00e9 referente \u00e0 conjuntura nacional e internacional.","breadcrumb":{"@id":"https:\/\/psol50.org.br\/diretorio-nacional-do-psol-fortalece-resistencia-contra-a-extrema-direita-no-brasil-e-no-mundo\/#breadcrumb"},"inLanguage":"pt-BR","potentialAction":[{"@type":"ReadAction","target":["https:\/\/psol50.org.br\/diretorio-nacional-do-psol-fortalece-resistencia-contra-a-extrema-direita-no-brasil-e-no-mundo\/"]}]},{"@type":"ImageObject","inLanguage":"pt-BR","@id":"https:\/\/psol50.org.br\/diretorio-nacional-do-psol-fortalece-resistencia-contra-a-extrema-direita-no-brasil-e-no-mundo\/#primaryimage","url":"https:\/\/psol50.org.br\/inc\/uploads\/2025\/02\/KS_DNPSOL_DEZ22_034-scaled.jpg","contentUrl":"https:\/\/psol50.org.br\/inc\/uploads\/2025\/02\/KS_DNPSOL_DEZ22_034-scaled.jpg","width":2560,"height":1707,"caption":"Kau\u00ea Scarim"},{"@type":"BreadcrumbList","@id":"https:\/\/psol50.org.br\/diretorio-nacional-do-psol-fortalece-resistencia-contra-a-extrema-direita-no-brasil-e-no-mundo\/#breadcrumb","itemListElement":[{"@type":"ListItem","position":1,"name":"In\u00edcio","item":"https:\/\/psol50.org.br\/"},{"@type":"ListItem","position":2,"name":"Diret\u00f3rio Nacional do PSOL fortalece resist\u00eancia contra a extrema-direita no Brasil e no mundo"}]},{"@type":"WebSite","@id":"https:\/\/psol50.org.br\/#website","url":"https:\/\/psol50.org.br\/","name":"PSOL 50","description":"Site oficial do Partido Socialismo e Liberdade","publisher":{"@id":"https:\/\/psol50.org.br\/#organization"},"alternateName":"PSOL50","potentialAction":[{"@type":"SearchAction","target":{"@type":"EntryPoint","urlTemplate":"https:\/\/psol50.org.br\/?s={search_term_string}"},"query-input":{"@type":"PropertyValueSpecification","valueRequired":true,"valueName":"search_term_string"}}],"inLanguage":"pt-BR"},{"@type":"Organization","@id":"https:\/\/psol50.org.br\/#organization","name":"PSOL 50","alternateName":"PSOL 50","url":"https:\/\/psol50.org.br\/","logo":{"@type":"ImageObject","inLanguage":"pt-BR","@id":"https:\/\/psol50.org.br\/#\/schema\/logo\/image\/","url":"https:\/\/psol50.org.br\/inc\/uploads\/2018\/07\/capa.png","contentUrl":"https:\/\/psol50.org.br\/inc\/uploads\/2018\/07\/capa.png","width":1350,"height":900,"caption":"PSOL 50"},"image":{"@id":"https:\/\/psol50.org.br\/#\/schema\/logo\/image\/"},"sameAs":["https:\/\/www.facebook.com\/psol50","https:\/\/x.com\/psol50","https:\/\/www.instagram.com\/psol50\/","https:\/\/www.youtube.com\/channel\/UC7SnJS5o1os7a6CaiNabzcg"]},{"@type":"Person","@id":"https:\/\/psol50.org.br\/#\/schema\/person\/475dfa57d0b815993c714c2e96491fcd","name":"Comunica\u00e7\u00e3o PSOL","image":{"@type":"ImageObject","inLanguage":"pt-BR","@id":"https:\/\/psol50.org.br\/#\/schema\/person\/image\/","url":"https:\/\/secure.gravatar.com\/avatar\/b34fc4f4e468a4e51785917065a3db57b841f5c95dba6ad8c73aaf8f66f8f9bf?s=96&d=mm&r=g","contentUrl":"https:\/\/secure.gravatar.com\/avatar\/b34fc4f4e468a4e51785917065a3db57b841f5c95dba6ad8c73aaf8f66f8f9bf?s=96&d=mm&r=g","caption":"Comunica\u00e7\u00e3o PSOL"}}]}},"_links":{"self":[{"href":"https:\/\/psol50.org.br\/rest\/wp\/v2\/posts\/40721","targetHints":{"allow":["GET"]}}],"collection":[{"href":"https:\/\/psol50.org.br\/rest\/wp\/v2\/posts"}],"about":[{"href":"https:\/\/psol50.org.br\/rest\/wp\/v2\/types\/post"}],"author":[{"embeddable":true,"href":"https:\/\/psol50.org.br\/rest\/wp\/v2\/users\/2"}],"replies":[{"embeddable":true,"href":"https:\/\/psol50.org.br\/rest\/wp\/v2\/comments?post=40721"}],"version-history":[{"count":2,"href":"https:\/\/psol50.org.br\/rest\/wp\/v2\/posts\/40721\/revisions"}],"predecessor-version":[{"id":40728,"href":"https:\/\/psol50.org.br\/rest\/wp\/v2\/posts\/40721\/revisions\/40728"}],"wp:featuredmedia":[{"embeddable":true,"href":"https:\/\/psol50.org.br\/rest\/wp\/v2\/media\/40723"}],"wp:attachment":[{"href":"https:\/\/psol50.org.br\/rest\/wp\/v2\/media?parent=40721"}],"wp:term":[{"taxonomy":"category","embeddable":true,"href":"https:\/\/psol50.org.br\/rest\/wp\/v2\/categories?post=40721"},{"taxonomy":"post_tag","embeddable":true,"href":"https:\/\/psol50.org.br\/rest\/wp\/v2\/tags?post=40721"}],"curies":[{"name":"wp","href":"https:\/\/api.w.org\/{rel}","templated":true}]}}