{"id":40742,"date":"2025-02-18T14:52:37","date_gmt":"2025-02-18T17:52:37","guid":{"rendered":"https:\/\/psol50.org.br\/?p=40742"},"modified":"2025-02-21T14:51:37","modified_gmt":"2025-02-21T17:51:37","slug":"samia-bomfim-solicita-arquivamento-do-pl-da-anistia","status":"publish","type":"post","link":"https:\/\/psol50.org.br\/samia-bomfim-solicita-arquivamento-do-pl-da-anistia\/","title":{"rendered":"S\u00e2mia Bomfim solicita arquivamento do PL da Anistia"},"content":{"rendered":"<p>A deputada federal S\u00e2mia Bomfim (PSOL\/SP) protocolou um requerimento na C\u00e2mara dos Deputados pedindo o arquivamento do Projeto de Lei da Anistia, que prop\u00f5e impunidade aos participantes dos atos golpistas. Para a parlamentar, essa proposta representa um risco \u00e0 democracia e incentiva novas tentativas de golpe.<\/p>\n<p>O pedido se baseia no artigo 164 do Regimento Interno da C\u00e2mara, que permite declarar a prejudicialidade de projetos que perderam sua oportunidade de tramita\u00e7\u00e3o. Al\u00e9m disso, S\u00e2mia destaca que a anistia desses crimes n\u00e3o traria pacifica\u00e7\u00e3o nacional, mas sim a radicaliza\u00e7\u00e3o de grupos antidemocr\u00e1ticos.<\/p>\n<p>A justificativa do requerimento menciona o recente atentado em Bras\u00edlia, no qual um homem detonou explosivos pr\u00f3ximo ao STF e \u00e0 C\u00e2mara dos Deputados. O epis\u00f3dio evidencia os perigos de validar discursos e a\u00e7\u00f5es extremistas.<\/p>\n<p>O documento tamb\u00e9m ressalta o indiciamento de Jair Bolsonaro e outros 36 envolvidos nos ataques de 8 de janeiro de 2023, apontando que esses atos foram planejados ao longo de seu governo para desacreditar o sistema eleitoral e instigar o golpe. O PSOL refor\u00e7a que anistiar esses crimes enfraqueceria a imagem do Brasil no cen\u00e1rio internacional.<\/p>\n<p>O pedido de arquivamento do projeto busca garantir que crimes contra a democracia n\u00e3o sejam tratados com impunidade. O PSOL seguir\u00e1 pressionando para que o Congresso n\u00e3o legitime ataques ao Estado de Direito.<\/p>\n","protected":false},"excerpt":{"rendered":"<p>A deputada federal S\u00e2mia Bomfim (PSOL\/SP) protocolou um requerimento na C\u00e2mara dos Deputados pedindo o arquivamento do Projeto de Lei da Anistia, que prop\u00f5e impunidade aos participantes dos atos golpistas. Para a parlamentar, essa proposta representa um risco \u00e0 democracia e incentiva novas tentativas de golpe. O pedido se baseia no artigo 164 do Regimento [&hellip;]<\/p>\n","protected":false},"author":2,"featured_media":39498,"comment_status":"closed","ping_status":"open","sticky":false,"template":"","format":"standard","meta":{"_acf_changed":false,"footnotes":""},"categories":[10],"tags":[4825],"class_list":{"0":"post-40742","1":"post","2":"type-post","3":"status-publish","4":"format-standard","5":"has-post-thumbnail","7":"category-acao-parlamentares","8":"tag-noticias"},"acf":[],"yoast_head":"<!-- This site is optimized with the Yoast SEO plugin v26.5 - https:\/\/yoast.com\/wordpress\/plugins\/seo\/ -->\n<title>S\u00e2mia Bomfim solicita arquivamento do PL da Anistia - PSOL 50<\/title>\n<meta name=\"description\" content=\"A a\u00e7\u00e3o de S\u00e2mia Bomfim impede que os respons\u00e1veis pelos ataques de 8 de janeiro sigam impunes ap\u00f3s atentar contra a democracia. Entenda.\" \/>\n<meta name=\"robots\" content=\"index, follow, max-snippet:-1, max-image-preview:large, max-video-preview:-1\" \/>\n<link rel=\"canonical\" href=\"https:\/\/psol50.org.br\/samia-bomfim-solicita-arquivamento-do-pl-da-anistia\/\" \/>\n<meta property=\"og:locale\" content=\"pt_BR\" \/>\n<meta property=\"og:type\" content=\"article\" \/>\n<meta property=\"og:title\" content=\"S\u00e2mia Bomfim solicita arquivamento do PL da Anistia - PSOL 50\" \/>\n<meta property=\"og:description\" content=\"A a\u00e7\u00e3o de S\u00e2mia Bomfim impede que os respons\u00e1veis pelos ataques de 8 de janeiro sigam impunes ap\u00f3s atentar contra a democracia. Entenda.\" \/>\n<meta property=\"og:url\" content=\"https:\/\/psol50.org.br\/samia-bomfim-solicita-arquivamento-do-pl-da-anistia\/\" \/>\n<meta property=\"og:site_name\" content=\"PSOL 50\" \/>\n<meta property=\"article:publisher\" content=\"https:\/\/www.facebook.com\/psol50\" \/>\n<meta property=\"article:published_time\" content=\"2025-02-18T17:52:37+00:00\" \/>\n<meta property=\"article:modified_time\" content=\"2025-02-21T17:51:37+00:00\" \/>\n<meta property=\"og:image\" content=\"https:\/\/psol50.org.br\/inc\/uploads\/2024\/04\/img20240228114757286.jpg\" \/>\n\t<meta property=\"og:image:width\" content=\"1984\" \/>\n\t<meta property=\"og:image:height\" content=\"1223\" \/>\n\t<meta property=\"og:image:type\" content=\"image\/jpeg\" \/>\n<meta name=\"author\" content=\"Comunica\u00e7\u00e3o PSOL\" \/>\n<meta name=\"twitter:card\" content=\"summary_large_image\" \/>\n<meta name=\"twitter:creator\" content=\"@psol50\" \/>\n<meta name=\"twitter:site\" content=\"@psol50\" \/>\n<meta name=\"twitter:label1\" content=\"Escrito por\" \/>\n\t<meta name=\"twitter:data1\" content=\"Comunica\u00e7\u00e3o PSOL\" \/>\n\t<meta name=\"twitter:label2\" content=\"Est. tempo de leitura\" \/>\n\t<meta name=\"twitter:data2\" content=\"1 minuto\" \/>\n<script type=\"application\/ld+json\" class=\"yoast-schema-graph\">{\"@context\":\"https:\/\/schema.org\",\"@graph\":[{\"@type\":\"Article\",\"@id\":\"https:\/\/psol50.org.br\/samia-bomfim-solicita-arquivamento-do-pl-da-anistia\/#article\",\"isPartOf\":{\"@id\":\"https:\/\/psol50.org.br\/samia-bomfim-solicita-arquivamento-do-pl-da-anistia\/\"},\"author\":{\"name\":\"Comunica\u00e7\u00e3o PSOL\",\"@id\":\"https:\/\/psol50.org.br\/#\/schema\/person\/475dfa57d0b815993c714c2e96491fcd\"},\"headline\":\"S\u00e2mia Bomfim solicita arquivamento do PL da Anistia\",\"datePublished\":\"2025-02-18T17:52:37+00:00\",\"dateModified\":\"2025-02-21T17:51:37+00:00\",\"mainEntityOfPage\":{\"@id\":\"https:\/\/psol50.org.br\/samia-bomfim-solicita-arquivamento-do-pl-da-anistia\/\"},\"wordCount\":240,\"publisher\":{\"@id\":\"https:\/\/psol50.org.br\/#organization\"},\"image\":{\"@id\":\"https:\/\/psol50.org.br\/samia-bomfim-solicita-arquivamento-do-pl-da-anistia\/#primaryimage\"},\"thumbnailUrl\":\"https:\/\/psol50.org.br\/inc\/uploads\/2024\/04\/img20240228114757286.jpg\",\"keywords\":[\"Not\u00edcias\"],\"articleSection\":[\"A\u00e7\u00e3o Parlamentar\"],\"inLanguage\":\"pt-BR\"},{\"@type\":\"WebPage\",\"@id\":\"https:\/\/psol50.org.br\/samia-bomfim-solicita-arquivamento-do-pl-da-anistia\/\",\"url\":\"https:\/\/psol50.org.br\/samia-bomfim-solicita-arquivamento-do-pl-da-anistia\/\",\"name\":\"S\u00e2mia Bomfim solicita arquivamento do PL da Anistia - PSOL 50\",\"isPartOf\":{\"@id\":\"https:\/\/psol50.org.br\/#website\"},\"primaryImageOfPage\":{\"@id\":\"https:\/\/psol50.org.br\/samia-bomfim-solicita-arquivamento-do-pl-da-anistia\/#primaryimage\"},\"image\":{\"@id\":\"https:\/\/psol50.org.br\/samia-bomfim-solicita-arquivamento-do-pl-da-anistia\/#primaryimage\"},\"thumbnailUrl\":\"https:\/\/psol50.org.br\/inc\/uploads\/2024\/04\/img20240228114757286.jpg\",\"datePublished\":\"2025-02-18T17:52:37+00:00\",\"dateModified\":\"2025-02-21T17:51:37+00:00\",\"description\":\"A a\u00e7\u00e3o de S\u00e2mia Bomfim impede que os respons\u00e1veis pelos ataques de 8 de janeiro sigam impunes ap\u00f3s atentar contra a democracia. Entenda.\",\"breadcrumb\":{\"@id\":\"https:\/\/psol50.org.br\/samia-bomfim-solicita-arquivamento-do-pl-da-anistia\/#breadcrumb\"},\"inLanguage\":\"pt-BR\",\"potentialAction\":[{\"@type\":\"ReadAction\",\"target\":[\"https:\/\/psol50.org.br\/samia-bomfim-solicita-arquivamento-do-pl-da-anistia\/\"]}]},{\"@type\":\"ImageObject\",\"inLanguage\":\"pt-BR\",\"@id\":\"https:\/\/psol50.org.br\/samia-bomfim-solicita-arquivamento-do-pl-da-anistia\/#primaryimage\",\"url\":\"https:\/\/psol50.org.br\/inc\/uploads\/2024\/04\/img20240228114757286.jpg\",\"contentUrl\":\"https:\/\/psol50.org.br\/inc\/uploads\/2024\/04\/img20240228114757286.jpg\",\"width\":1984,\"height\":1223,\"caption\":\"Foto: Zeca Ribeiro \/ C\u00e2mara dos Deputados\"},{\"@type\":\"BreadcrumbList\",\"@id\":\"https:\/\/psol50.org.br\/samia-bomfim-solicita-arquivamento-do-pl-da-anistia\/#breadcrumb\",\"itemListElement\":[{\"@type\":\"ListItem\",\"position\":1,\"name\":\"In\u00edcio\",\"item\":\"https:\/\/psol50.org.br\/\"},{\"@type\":\"ListItem\",\"position\":2,\"name\":\"S\u00e2mia Bomfim solicita arquivamento do PL da Anistia\"}]},{\"@type\":\"WebSite\",\"@id\":\"https:\/\/psol50.org.br\/#website\",\"url\":\"https:\/\/psol50.org.br\/\",\"name\":\"PSOL 50\",\"description\":\"Site oficial do Partido Socialismo e Liberdade\",\"publisher\":{\"@id\":\"https:\/\/psol50.org.br\/#organization\"},\"alternateName\":\"PSOL50\",\"potentialAction\":[{\"@type\":\"SearchAction\",\"target\":{\"@type\":\"EntryPoint\",\"urlTemplate\":\"https:\/\/psol50.org.br\/?s={search_term_string}\"},\"query-input\":{\"@type\":\"PropertyValueSpecification\",\"valueRequired\":true,\"valueName\":\"search_term_string\"}}],\"inLanguage\":\"pt-BR\"},{\"@type\":\"Organization\",\"@id\":\"https:\/\/psol50.org.br\/#organization\",\"name\":\"PSOL 50\",\"alternateName\":\"PSOL 50\",\"url\":\"https:\/\/psol50.org.br\/\",\"logo\":{\"@type\":\"ImageObject\",\"inLanguage\":\"pt-BR\",\"@id\":\"https:\/\/psol50.org.br\/#\/schema\/logo\/image\/\",\"url\":\"https:\/\/psol50.org.br\/inc\/uploads\/2018\/07\/capa.png\",\"contentUrl\":\"https:\/\/psol50.org.br\/inc\/uploads\/2018\/07\/capa.png\",\"width\":1350,\"height\":900,\"caption\":\"PSOL 50\"},\"image\":{\"@id\":\"https:\/\/psol50.org.br\/#\/schema\/logo\/image\/\"},\"sameAs\":[\"https:\/\/www.facebook.com\/psol50\",\"https:\/\/x.com\/psol50\",\"https:\/\/www.instagram.com\/psol50\/\",\"https:\/\/www.youtube.com\/channel\/UC7SnJS5o1os7a6CaiNabzcg\"]},{\"@type\":\"Person\",\"@id\":\"https:\/\/psol50.org.br\/#\/schema\/person\/475dfa57d0b815993c714c2e96491fcd\",\"name\":\"Comunica\u00e7\u00e3o PSOL\",\"image\":{\"@type\":\"ImageObject\",\"inLanguage\":\"pt-BR\",\"@id\":\"https:\/\/psol50.org.br\/#\/schema\/person\/image\/\",\"url\":\"https:\/\/secure.gravatar.com\/avatar\/b34fc4f4e468a4e51785917065a3db57b841f5c95dba6ad8c73aaf8f66f8f9bf?s=96&d=mm&r=g\",\"contentUrl\":\"https:\/\/secure.gravatar.com\/avatar\/b34fc4f4e468a4e51785917065a3db57b841f5c95dba6ad8c73aaf8f66f8f9bf?s=96&d=mm&r=g\",\"caption\":\"Comunica\u00e7\u00e3o PSOL\"}}]}<\/script>\n<!-- \/ Yoast SEO plugin. -->","yoast_head_json":{"title":"S\u00e2mia Bomfim solicita arquivamento do PL da Anistia - PSOL 50","description":"A a\u00e7\u00e3o de S\u00e2mia Bomfim impede que os respons\u00e1veis pelos ataques de 8 de janeiro sigam impunes ap\u00f3s atentar contra a democracia. Entenda.","robots":{"index":"index","follow":"follow","max-snippet":"max-snippet:-1","max-image-preview":"max-image-preview:large","max-video-preview":"max-video-preview:-1"},"canonical":"https:\/\/psol50.org.br\/samia-bomfim-solicita-arquivamento-do-pl-da-anistia\/","og_locale":"pt_BR","og_type":"article","og_title":"S\u00e2mia Bomfim solicita arquivamento do PL da Anistia - PSOL 50","og_description":"A a\u00e7\u00e3o de S\u00e2mia Bomfim impede que os respons\u00e1veis pelos ataques de 8 de janeiro sigam impunes ap\u00f3s atentar contra a democracia. Entenda.","og_url":"https:\/\/psol50.org.br\/samia-bomfim-solicita-arquivamento-do-pl-da-anistia\/","og_site_name":"PSOL 50","article_publisher":"https:\/\/www.facebook.com\/psol50","article_published_time":"2025-02-18T17:52:37+00:00","article_modified_time":"2025-02-21T17:51:37+00:00","og_image":[{"width":1984,"height":1223,"url":"https:\/\/psol50.org.br\/inc\/uploads\/2024\/04\/img20240228114757286.jpg","type":"image\/jpeg"}],"author":"Comunica\u00e7\u00e3o PSOL","twitter_card":"summary_large_image","twitter_creator":"@psol50","twitter_site":"@psol50","twitter_misc":{"Escrito por":"Comunica\u00e7\u00e3o PSOL","Est. tempo de leitura":"1 minuto"},"schema":{"@context":"https:\/\/schema.org","@graph":[{"@type":"Article","@id":"https:\/\/psol50.org.br\/samia-bomfim-solicita-arquivamento-do-pl-da-anistia\/#article","isPartOf":{"@id":"https:\/\/psol50.org.br\/samia-bomfim-solicita-arquivamento-do-pl-da-anistia\/"},"author":{"name":"Comunica\u00e7\u00e3o PSOL","@id":"https:\/\/psol50.org.br\/#\/schema\/person\/475dfa57d0b815993c714c2e96491fcd"},"headline":"S\u00e2mia Bomfim solicita arquivamento do PL da Anistia","datePublished":"2025-02-18T17:52:37+00:00","dateModified":"2025-02-21T17:51:37+00:00","mainEntityOfPage":{"@id":"https:\/\/psol50.org.br\/samia-bomfim-solicita-arquivamento-do-pl-da-anistia\/"},"wordCount":240,"publisher":{"@id":"https:\/\/psol50.org.br\/#organization"},"image":{"@id":"https:\/\/psol50.org.br\/samia-bomfim-solicita-arquivamento-do-pl-da-anistia\/#primaryimage"},"thumbnailUrl":"https:\/\/psol50.org.br\/inc\/uploads\/2024\/04\/img20240228114757286.jpg","keywords":["Not\u00edcias"],"articleSection":["A\u00e7\u00e3o Parlamentar"],"inLanguage":"pt-BR"},{"@type":"WebPage","@id":"https:\/\/psol50.org.br\/samia-bomfim-solicita-arquivamento-do-pl-da-anistia\/","url":"https:\/\/psol50.org.br\/samia-bomfim-solicita-arquivamento-do-pl-da-anistia\/","name":"S\u00e2mia Bomfim solicita arquivamento do PL da Anistia - PSOL 50","isPartOf":{"@id":"https:\/\/psol50.org.br\/#website"},"primaryImageOfPage":{"@id":"https:\/\/psol50.org.br\/samia-bomfim-solicita-arquivamento-do-pl-da-anistia\/#primaryimage"},"image":{"@id":"https:\/\/psol50.org.br\/samia-bomfim-solicita-arquivamento-do-pl-da-anistia\/#primaryimage"},"thumbnailUrl":"https:\/\/psol50.org.br\/inc\/uploads\/2024\/04\/img20240228114757286.jpg","datePublished":"2025-02-18T17:52:37+00:00","dateModified":"2025-02-21T17:51:37+00:00","description":"A a\u00e7\u00e3o de S\u00e2mia Bomfim impede que os respons\u00e1veis pelos ataques de 8 de janeiro sigam impunes ap\u00f3s atentar contra a democracia. Entenda.","breadcrumb":{"@id":"https:\/\/psol50.org.br\/samia-bomfim-solicita-arquivamento-do-pl-da-anistia\/#breadcrumb"},"inLanguage":"pt-BR","potentialAction":[{"@type":"ReadAction","target":["https:\/\/psol50.org.br\/samia-bomfim-solicita-arquivamento-do-pl-da-anistia\/"]}]},{"@type":"ImageObject","inLanguage":"pt-BR","@id":"https:\/\/psol50.org.br\/samia-bomfim-solicita-arquivamento-do-pl-da-anistia\/#primaryimage","url":"https:\/\/psol50.org.br\/inc\/uploads\/2024\/04\/img20240228114757286.jpg","contentUrl":"https:\/\/psol50.org.br\/inc\/uploads\/2024\/04\/img20240228114757286.jpg","width":1984,"height":1223,"caption":"Foto: Zeca Ribeiro \/ C\u00e2mara dos Deputados"},{"@type":"BreadcrumbList","@id":"https:\/\/psol50.org.br\/samia-bomfim-solicita-arquivamento-do-pl-da-anistia\/#breadcrumb","itemListElement":[{"@type":"ListItem","position":1,"name":"In\u00edcio","item":"https:\/\/psol50.org.br\/"},{"@type":"ListItem","position":2,"name":"S\u00e2mia Bomfim solicita arquivamento do PL da Anistia"}]},{"@type":"WebSite","@id":"https:\/\/psol50.org.br\/#website","url":"https:\/\/psol50.org.br\/","name":"PSOL 50","description":"Site oficial do Partido Socialismo e Liberdade","publisher":{"@id":"https:\/\/psol50.org.br\/#organization"},"alternateName":"PSOL50","potentialAction":[{"@type":"SearchAction","target":{"@type":"EntryPoint","urlTemplate":"https:\/\/psol50.org.br\/?s={search_term_string}"},"query-input":{"@type":"PropertyValueSpecification","valueRequired":true,"valueName":"search_term_string"}}],"inLanguage":"pt-BR"},{"@type":"Organization","@id":"https:\/\/psol50.org.br\/#organization","name":"PSOL 50","alternateName":"PSOL 50","url":"https:\/\/psol50.org.br\/","logo":{"@type":"ImageObject","inLanguage":"pt-BR","@id":"https:\/\/psol50.org.br\/#\/schema\/logo\/image\/","url":"https:\/\/psol50.org.br\/inc\/uploads\/2018\/07\/capa.png","contentUrl":"https:\/\/psol50.org.br\/inc\/uploads\/2018\/07\/capa.png","width":1350,"height":900,"caption":"PSOL 50"},"image":{"@id":"https:\/\/psol50.org.br\/#\/schema\/logo\/image\/"},"sameAs":["https:\/\/www.facebook.com\/psol50","https:\/\/x.com\/psol50","https:\/\/www.instagram.com\/psol50\/","https:\/\/www.youtube.com\/channel\/UC7SnJS5o1os7a6CaiNabzcg"]},{"@type":"Person","@id":"https:\/\/psol50.org.br\/#\/schema\/person\/475dfa57d0b815993c714c2e96491fcd","name":"Comunica\u00e7\u00e3o PSOL","image":{"@type":"ImageObject","inLanguage":"pt-BR","@id":"https:\/\/psol50.org.br\/#\/schema\/person\/image\/","url":"https:\/\/secure.gravatar.com\/avatar\/b34fc4f4e468a4e51785917065a3db57b841f5c95dba6ad8c73aaf8f66f8f9bf?s=96&d=mm&r=g","contentUrl":"https:\/\/secure.gravatar.com\/avatar\/b34fc4f4e468a4e51785917065a3db57b841f5c95dba6ad8c73aaf8f66f8f9bf?s=96&d=mm&r=g","caption":"Comunica\u00e7\u00e3o PSOL"}}]}},"_links":{"self":[{"href":"https:\/\/psol50.org.br\/rest\/wp\/v2\/posts\/40742","targetHints":{"allow":["GET"]}}],"collection":[{"href":"https:\/\/psol50.org.br\/rest\/wp\/v2\/posts"}],"about":[{"href":"https:\/\/psol50.org.br\/rest\/wp\/v2\/types\/post"}],"author":[{"embeddable":true,"href":"https:\/\/psol50.org.br\/rest\/wp\/v2\/users\/2"}],"replies":[{"embeddable":true,"href":"https:\/\/psol50.org.br\/rest\/wp\/v2\/comments?post=40742"}],"version-history":[{"count":1,"href":"https:\/\/psol50.org.br\/rest\/wp\/v2\/posts\/40742\/revisions"}],"predecessor-version":[{"id":40743,"href":"https:\/\/psol50.org.br\/rest\/wp\/v2\/posts\/40742\/revisions\/40743"}],"wp:featuredmedia":[{"embeddable":true,"href":"https:\/\/psol50.org.br\/rest\/wp\/v2\/media\/39498"}],"wp:attachment":[{"href":"https:\/\/psol50.org.br\/rest\/wp\/v2\/media?parent=40742"}],"wp:term":[{"taxonomy":"category","embeddable":true,"href":"https:\/\/psol50.org.br\/rest\/wp\/v2\/categories?post=40742"},{"taxonomy":"post_tag","embeddable":true,"href":"https:\/\/psol50.org.br\/rest\/wp\/v2\/tags?post=40742"}],"curies":[{"name":"wp","href":"https:\/\/api.w.org\/{rel}","templated":true}]}}