{"id":40751,"date":"2025-02-20T17:50:22","date_gmt":"2025-02-20T20:50:22","guid":{"rendered":"https:\/\/psol50.org.br\/?p=40751"},"modified":"2025-02-27T15:40:29","modified_gmt":"2025-02-27T18:40:29","slug":"psol-cobra-medidas-urgentes-para-adaptacao-das-escolas-para-crise-climatica","status":"publish","type":"post","link":"https:\/\/psol50.org.br\/psol-cobra-medidas-urgentes-para-adaptacao-das-escolas-para-crise-climatica\/","title":{"rendered":"PSOL cobra medidas urgentes para adapta\u00e7\u00e3o das escolas diante da crise clim\u00e1tica"},"content":{"rendered":"<p>O calor extremo tem tornado as salas de aula insuport\u00e1veis para alunos e profissionais da educa\u00e7\u00e3o. Com temperaturas que chegam a ser at\u00e9 4\u00b0C mais altas dentro das escolas e a falta de estrutura adequada, estudantes e professores enfrentam condi\u00e7\u00f5es insalubres, agravadas pela crise clim\u00e1tica. Muitas unidades sequer t\u00eam acesso a \u00e1gua pot\u00e1vel.<\/p>\n<p>Diante dessa situa\u00e7\u00e3o, Luciene Cavalcante (PSOL\/SP), Carlos e Celso Gianazzi (PSOL\/SP) acionaram a Justi\u00e7a para que o governador de S\u00e3o Paulo, Tarc\u00edsio de Freitas, e o prefeito da capital, Ricardo Nunes, apresentem um plano emergencial de climatiza\u00e7\u00e3o nas escolas da rede p\u00fablica. O juiz respons\u00e1vel pelo caso os convocou para se explicarem e encaminhou a den\u00fancia ao Minist\u00e9rio P\u00fablico.<\/p>\n<p>No Congresso Nacional, o deputado Glauber Braga (PSOL\/RJ) tamb\u00e9m se mobilizou para pressionar o governo federal a garantir investimentos em infraestrutura t\u00e9rmica para escolas em todo o pa\u00eds.<br \/>\nA falta de climatiza\u00e7\u00e3o adequada prejudica diretamente o aprendizado e compromete a sa\u00fade dos estudantes e trabalhadores da educa\u00e7\u00e3o.<\/p>\n<p>O impacto da crise clim\u00e1tica na educa\u00e7\u00e3o j\u00e1 se faz sentir de forma brutal. Em 2024, mais de 1,17 milh\u00e3o de crian\u00e7as e adolescentes tiveram suas aulas interrompidas por eventos clim\u00e1ticos extremos, como enchentes e secas. O problema n\u00e3o \u00e9 exclusivo do Brasil: no mundo todo, mais de 242 milh\u00f5es de estudantes sofreram consequ\u00eancias diretas de desastres ambientais.<\/p>\n<p>A crise clim\u00e1tica j\u00e1 afeta o presente e compromete o futuro. Garantir escolas climatizadas e estruturadas n\u00e3o \u00e9 um luxo, mas uma necessidade urgente. O PSOL segue mobilizado para que o poder p\u00fablico tome medidas concretas e n\u00e3o deixe alunos e profissionais da educa\u00e7\u00e3o \u00e0 merc\u00ea do calor e do descaso.<\/p>\n","protected":false},"excerpt":{"rendered":"<p>O calor extremo tem tornado as salas de aula insuport\u00e1veis para alunos e profissionais da educa\u00e7\u00e3o. Com temperaturas que chegam a ser at\u00e9 4\u00b0C mais altas dentro das escolas e a falta de estrutura adequada, estudantes e professores enfrentam condi\u00e7\u00f5es insalubres, agravadas pela crise clim\u00e1tica. Muitas unidades sequer t\u00eam acesso a \u00e1gua pot\u00e1vel. Diante dessa [&hellip;]<\/p>\n","protected":false},"author":2,"featured_media":40753,"comment_status":"closed","ping_status":"open","sticky":false,"template":"","format":"standard","meta":{"_acf_changed":false,"footnotes":""},"categories":[10],"tags":[4825],"class_list":{"0":"post-40751","1":"post","2":"type-post","3":"status-publish","4":"format-standard","5":"has-post-thumbnail","7":"category-acao-parlamentares","8":"tag-noticias"},"acf":[],"yoast_head":"<!-- This site is optimized with the Yoast SEO plugin v26.5 - https:\/\/yoast.com\/wordpress\/plugins\/seo\/ -->\n<title>PSOL cobra medidas urgentes para adapta\u00e7\u00e3o das escolas diante da crise clim\u00e1tica - PSOL 50<\/title>\n<meta name=\"description\" content=\"Parlamentares do PSOL acionam a Justi\u00e7a e pressionam governos para garantir infraestrutura t\u00e9rmica nas escolas, protegendo alunos e professores dos impactos do calor extremo. Entenda.\" \/>\n<meta name=\"robots\" content=\"index, follow, max-snippet:-1, max-image-preview:large, max-video-preview:-1\" \/>\n<link rel=\"canonical\" href=\"https:\/\/psol50.org.br\/psol-cobra-medidas-urgentes-para-adaptacao-das-escolas-para-crise-climatica\/\" \/>\n<meta property=\"og:locale\" content=\"pt_BR\" \/>\n<meta property=\"og:type\" content=\"article\" \/>\n<meta property=\"og:title\" content=\"PSOL cobra medidas urgentes para adapta\u00e7\u00e3o das escolas diante da crise clim\u00e1tica - PSOL 50\" \/>\n<meta property=\"og:description\" content=\"Parlamentares do PSOL acionam a Justi\u00e7a e pressionam governos para garantir infraestrutura t\u00e9rmica nas escolas, protegendo alunos e professores dos impactos do calor extremo. Entenda.\" \/>\n<meta property=\"og:url\" content=\"https:\/\/psol50.org.br\/psol-cobra-medidas-urgentes-para-adaptacao-das-escolas-para-crise-climatica\/\" \/>\n<meta property=\"og:site_name\" content=\"PSOL 50\" \/>\n<meta property=\"article:publisher\" content=\"https:\/\/www.facebook.com\/psol50\" \/>\n<meta property=\"article:published_time\" content=\"2025-02-20T20:50:22+00:00\" \/>\n<meta property=\"article:modified_time\" content=\"2025-02-27T18:40:29+00:00\" \/>\n<meta property=\"og:image\" content=\"https:\/\/psol50.org.br\/inc\/uploads\/2025\/02\/Design-sem-nome-4.png\" \/>\n\t<meta property=\"og:image:width\" content=\"1280\" \/>\n\t<meta property=\"og:image:height\" content=\"720\" \/>\n\t<meta property=\"og:image:type\" content=\"image\/png\" \/>\n<meta name=\"author\" content=\"Comunica\u00e7\u00e3o PSOL\" \/>\n<meta name=\"twitter:card\" content=\"summary_large_image\" \/>\n<meta name=\"twitter:creator\" content=\"@psol50\" \/>\n<meta name=\"twitter:site\" content=\"@psol50\" \/>\n<meta name=\"twitter:label1\" content=\"Escrito por\" \/>\n\t<meta name=\"twitter:data1\" content=\"Comunica\u00e7\u00e3o PSOL\" \/>\n\t<meta name=\"twitter:label2\" content=\"Est. tempo de leitura\" \/>\n\t<meta name=\"twitter:data2\" content=\"2 minutos\" \/>\n<script type=\"application\/ld+json\" class=\"yoast-schema-graph\">{\"@context\":\"https:\/\/schema.org\",\"@graph\":[{\"@type\":\"Article\",\"@id\":\"https:\/\/psol50.org.br\/psol-cobra-medidas-urgentes-para-adaptacao-das-escolas-para-crise-climatica\/#article\",\"isPartOf\":{\"@id\":\"https:\/\/psol50.org.br\/psol-cobra-medidas-urgentes-para-adaptacao-das-escolas-para-crise-climatica\/\"},\"author\":{\"name\":\"Comunica\u00e7\u00e3o PSOL\",\"@id\":\"https:\/\/psol50.org.br\/#\/schema\/person\/475dfa57d0b815993c714c2e96491fcd\"},\"headline\":\"PSOL cobra medidas urgentes para adapta\u00e7\u00e3o das escolas diante da crise clim\u00e1tica\",\"datePublished\":\"2025-02-20T20:50:22+00:00\",\"dateModified\":\"2025-02-27T18:40:29+00:00\",\"mainEntityOfPage\":{\"@id\":\"https:\/\/psol50.org.br\/psol-cobra-medidas-urgentes-para-adaptacao-das-escolas-para-crise-climatica\/\"},\"wordCount\":314,\"publisher\":{\"@id\":\"https:\/\/psol50.org.br\/#organization\"},\"image\":{\"@id\":\"https:\/\/psol50.org.br\/psol-cobra-medidas-urgentes-para-adaptacao-das-escolas-para-crise-climatica\/#primaryimage\"},\"thumbnailUrl\":\"https:\/\/psol50.org.br\/inc\/uploads\/2025\/02\/Design-sem-nome-4.png\",\"keywords\":[\"Not\u00edcias\"],\"articleSection\":[\"A\u00e7\u00e3o Parlamentar\"],\"inLanguage\":\"pt-BR\"},{\"@type\":\"WebPage\",\"@id\":\"https:\/\/psol50.org.br\/psol-cobra-medidas-urgentes-para-adaptacao-das-escolas-para-crise-climatica\/\",\"url\":\"https:\/\/psol50.org.br\/psol-cobra-medidas-urgentes-para-adaptacao-das-escolas-para-crise-climatica\/\",\"name\":\"PSOL cobra medidas urgentes para adapta\u00e7\u00e3o das escolas diante da crise clim\u00e1tica - PSOL 50\",\"isPartOf\":{\"@id\":\"https:\/\/psol50.org.br\/#website\"},\"primaryImageOfPage\":{\"@id\":\"https:\/\/psol50.org.br\/psol-cobra-medidas-urgentes-para-adaptacao-das-escolas-para-crise-climatica\/#primaryimage\"},\"image\":{\"@id\":\"https:\/\/psol50.org.br\/psol-cobra-medidas-urgentes-para-adaptacao-das-escolas-para-crise-climatica\/#primaryimage\"},\"thumbnailUrl\":\"https:\/\/psol50.org.br\/inc\/uploads\/2025\/02\/Design-sem-nome-4.png\",\"datePublished\":\"2025-02-20T20:50:22+00:00\",\"dateModified\":\"2025-02-27T18:40:29+00:00\",\"description\":\"Parlamentares do PSOL acionam a Justi\u00e7a e pressionam governos para garantir infraestrutura t\u00e9rmica nas escolas, protegendo alunos e professores dos impactos do calor extremo. Entenda.\",\"breadcrumb\":{\"@id\":\"https:\/\/psol50.org.br\/psol-cobra-medidas-urgentes-para-adaptacao-das-escolas-para-crise-climatica\/#breadcrumb\"},\"inLanguage\":\"pt-BR\",\"potentialAction\":[{\"@type\":\"ReadAction\",\"target\":[\"https:\/\/psol50.org.br\/psol-cobra-medidas-urgentes-para-adaptacao-das-escolas-para-crise-climatica\/\"]}]},{\"@type\":\"ImageObject\",\"inLanguage\":\"pt-BR\",\"@id\":\"https:\/\/psol50.org.br\/psol-cobra-medidas-urgentes-para-adaptacao-das-escolas-para-crise-climatica\/#primaryimage\",\"url\":\"https:\/\/psol50.org.br\/inc\/uploads\/2025\/02\/Design-sem-nome-4.png\",\"contentUrl\":\"https:\/\/psol50.org.br\/inc\/uploads\/2025\/02\/Design-sem-nome-4.png\",\"width\":1280,\"height\":720,\"caption\":\"Kayo Magalh\u00e3es \/ C\u00e2mara dos Deputados\"},{\"@type\":\"BreadcrumbList\",\"@id\":\"https:\/\/psol50.org.br\/psol-cobra-medidas-urgentes-para-adaptacao-das-escolas-para-crise-climatica\/#breadcrumb\",\"itemListElement\":[{\"@type\":\"ListItem\",\"position\":1,\"name\":\"In\u00edcio\",\"item\":\"https:\/\/psol50.org.br\/\"},{\"@type\":\"ListItem\",\"position\":2,\"name\":\"PSOL cobra medidas urgentes para adapta\u00e7\u00e3o das escolas diante da crise clim\u00e1tica\"}]},{\"@type\":\"WebSite\",\"@id\":\"https:\/\/psol50.org.br\/#website\",\"url\":\"https:\/\/psol50.org.br\/\",\"name\":\"PSOL 50\",\"description\":\"Site oficial do Partido Socialismo e Liberdade\",\"publisher\":{\"@id\":\"https:\/\/psol50.org.br\/#organization\"},\"alternateName\":\"PSOL50\",\"potentialAction\":[{\"@type\":\"SearchAction\",\"target\":{\"@type\":\"EntryPoint\",\"urlTemplate\":\"https:\/\/psol50.org.br\/?s={search_term_string}\"},\"query-input\":{\"@type\":\"PropertyValueSpecification\",\"valueRequired\":true,\"valueName\":\"search_term_string\"}}],\"inLanguage\":\"pt-BR\"},{\"@type\":\"Organization\",\"@id\":\"https:\/\/psol50.org.br\/#organization\",\"name\":\"PSOL 50\",\"alternateName\":\"PSOL 50\",\"url\":\"https:\/\/psol50.org.br\/\",\"logo\":{\"@type\":\"ImageObject\",\"inLanguage\":\"pt-BR\",\"@id\":\"https:\/\/psol50.org.br\/#\/schema\/logo\/image\/\",\"url\":\"https:\/\/psol50.org.br\/inc\/uploads\/2018\/07\/capa.png\",\"contentUrl\":\"https:\/\/psol50.org.br\/inc\/uploads\/2018\/07\/capa.png\",\"width\":1350,\"height\":900,\"caption\":\"PSOL 50\"},\"image\":{\"@id\":\"https:\/\/psol50.org.br\/#\/schema\/logo\/image\/\"},\"sameAs\":[\"https:\/\/www.facebook.com\/psol50\",\"https:\/\/x.com\/psol50\",\"https:\/\/www.instagram.com\/psol50\/\",\"https:\/\/www.youtube.com\/channel\/UC7SnJS5o1os7a6CaiNabzcg\"]},{\"@type\":\"Person\",\"@id\":\"https:\/\/psol50.org.br\/#\/schema\/person\/475dfa57d0b815993c714c2e96491fcd\",\"name\":\"Comunica\u00e7\u00e3o PSOL\",\"image\":{\"@type\":\"ImageObject\",\"inLanguage\":\"pt-BR\",\"@id\":\"https:\/\/psol50.org.br\/#\/schema\/person\/image\/\",\"url\":\"https:\/\/secure.gravatar.com\/avatar\/b34fc4f4e468a4e51785917065a3db57b841f5c95dba6ad8c73aaf8f66f8f9bf?s=96&d=mm&r=g\",\"contentUrl\":\"https:\/\/secure.gravatar.com\/avatar\/b34fc4f4e468a4e51785917065a3db57b841f5c95dba6ad8c73aaf8f66f8f9bf?s=96&d=mm&r=g\",\"caption\":\"Comunica\u00e7\u00e3o PSOL\"}}]}<\/script>\n<!-- \/ Yoast SEO plugin. -->","yoast_head_json":{"title":"PSOL cobra medidas urgentes para adapta\u00e7\u00e3o das escolas diante da crise clim\u00e1tica - PSOL 50","description":"Parlamentares do PSOL acionam a Justi\u00e7a e pressionam governos para garantir infraestrutura t\u00e9rmica nas escolas, protegendo alunos e professores dos impactos do calor extremo. Entenda.","robots":{"index":"index","follow":"follow","max-snippet":"max-snippet:-1","max-image-preview":"max-image-preview:large","max-video-preview":"max-video-preview:-1"},"canonical":"https:\/\/psol50.org.br\/psol-cobra-medidas-urgentes-para-adaptacao-das-escolas-para-crise-climatica\/","og_locale":"pt_BR","og_type":"article","og_title":"PSOL cobra medidas urgentes para adapta\u00e7\u00e3o das escolas diante da crise clim\u00e1tica - PSOL 50","og_description":"Parlamentares do PSOL acionam a Justi\u00e7a e pressionam governos para garantir infraestrutura t\u00e9rmica nas escolas, protegendo alunos e professores dos impactos do calor extremo. Entenda.","og_url":"https:\/\/psol50.org.br\/psol-cobra-medidas-urgentes-para-adaptacao-das-escolas-para-crise-climatica\/","og_site_name":"PSOL 50","article_publisher":"https:\/\/www.facebook.com\/psol50","article_published_time":"2025-02-20T20:50:22+00:00","article_modified_time":"2025-02-27T18:40:29+00:00","og_image":[{"width":1280,"height":720,"url":"https:\/\/psol50.org.br\/inc\/uploads\/2025\/02\/Design-sem-nome-4.png","type":"image\/png"}],"author":"Comunica\u00e7\u00e3o PSOL","twitter_card":"summary_large_image","twitter_creator":"@psol50","twitter_site":"@psol50","twitter_misc":{"Escrito por":"Comunica\u00e7\u00e3o PSOL","Est. tempo de leitura":"2 minutos"},"schema":{"@context":"https:\/\/schema.org","@graph":[{"@type":"Article","@id":"https:\/\/psol50.org.br\/psol-cobra-medidas-urgentes-para-adaptacao-das-escolas-para-crise-climatica\/#article","isPartOf":{"@id":"https:\/\/psol50.org.br\/psol-cobra-medidas-urgentes-para-adaptacao-das-escolas-para-crise-climatica\/"},"author":{"name":"Comunica\u00e7\u00e3o PSOL","@id":"https:\/\/psol50.org.br\/#\/schema\/person\/475dfa57d0b815993c714c2e96491fcd"},"headline":"PSOL cobra medidas urgentes para adapta\u00e7\u00e3o das escolas diante da crise clim\u00e1tica","datePublished":"2025-02-20T20:50:22+00:00","dateModified":"2025-02-27T18:40:29+00:00","mainEntityOfPage":{"@id":"https:\/\/psol50.org.br\/psol-cobra-medidas-urgentes-para-adaptacao-das-escolas-para-crise-climatica\/"},"wordCount":314,"publisher":{"@id":"https:\/\/psol50.org.br\/#organization"},"image":{"@id":"https:\/\/psol50.org.br\/psol-cobra-medidas-urgentes-para-adaptacao-das-escolas-para-crise-climatica\/#primaryimage"},"thumbnailUrl":"https:\/\/psol50.org.br\/inc\/uploads\/2025\/02\/Design-sem-nome-4.png","keywords":["Not\u00edcias"],"articleSection":["A\u00e7\u00e3o Parlamentar"],"inLanguage":"pt-BR"},{"@type":"WebPage","@id":"https:\/\/psol50.org.br\/psol-cobra-medidas-urgentes-para-adaptacao-das-escolas-para-crise-climatica\/","url":"https:\/\/psol50.org.br\/psol-cobra-medidas-urgentes-para-adaptacao-das-escolas-para-crise-climatica\/","name":"PSOL cobra medidas urgentes para adapta\u00e7\u00e3o das escolas diante da crise clim\u00e1tica - PSOL 50","isPartOf":{"@id":"https:\/\/psol50.org.br\/#website"},"primaryImageOfPage":{"@id":"https:\/\/psol50.org.br\/psol-cobra-medidas-urgentes-para-adaptacao-das-escolas-para-crise-climatica\/#primaryimage"},"image":{"@id":"https:\/\/psol50.org.br\/psol-cobra-medidas-urgentes-para-adaptacao-das-escolas-para-crise-climatica\/#primaryimage"},"thumbnailUrl":"https:\/\/psol50.org.br\/inc\/uploads\/2025\/02\/Design-sem-nome-4.png","datePublished":"2025-02-20T20:50:22+00:00","dateModified":"2025-02-27T18:40:29+00:00","description":"Parlamentares do PSOL acionam a Justi\u00e7a e pressionam governos para garantir infraestrutura t\u00e9rmica nas escolas, protegendo alunos e professores dos impactos do calor extremo. Entenda.","breadcrumb":{"@id":"https:\/\/psol50.org.br\/psol-cobra-medidas-urgentes-para-adaptacao-das-escolas-para-crise-climatica\/#breadcrumb"},"inLanguage":"pt-BR","potentialAction":[{"@type":"ReadAction","target":["https:\/\/psol50.org.br\/psol-cobra-medidas-urgentes-para-adaptacao-das-escolas-para-crise-climatica\/"]}]},{"@type":"ImageObject","inLanguage":"pt-BR","@id":"https:\/\/psol50.org.br\/psol-cobra-medidas-urgentes-para-adaptacao-das-escolas-para-crise-climatica\/#primaryimage","url":"https:\/\/psol50.org.br\/inc\/uploads\/2025\/02\/Design-sem-nome-4.png","contentUrl":"https:\/\/psol50.org.br\/inc\/uploads\/2025\/02\/Design-sem-nome-4.png","width":1280,"height":720,"caption":"Kayo Magalh\u00e3es \/ C\u00e2mara dos Deputados"},{"@type":"BreadcrumbList","@id":"https:\/\/psol50.org.br\/psol-cobra-medidas-urgentes-para-adaptacao-das-escolas-para-crise-climatica\/#breadcrumb","itemListElement":[{"@type":"ListItem","position":1,"name":"In\u00edcio","item":"https:\/\/psol50.org.br\/"},{"@type":"ListItem","position":2,"name":"PSOL cobra medidas urgentes para adapta\u00e7\u00e3o das escolas diante da crise clim\u00e1tica"}]},{"@type":"WebSite","@id":"https:\/\/psol50.org.br\/#website","url":"https:\/\/psol50.org.br\/","name":"PSOL 50","description":"Site oficial do Partido Socialismo e Liberdade","publisher":{"@id":"https:\/\/psol50.org.br\/#organization"},"alternateName":"PSOL50","potentialAction":[{"@type":"SearchAction","target":{"@type":"EntryPoint","urlTemplate":"https:\/\/psol50.org.br\/?s={search_term_string}"},"query-input":{"@type":"PropertyValueSpecification","valueRequired":true,"valueName":"search_term_string"}}],"inLanguage":"pt-BR"},{"@type":"Organization","@id":"https:\/\/psol50.org.br\/#organization","name":"PSOL 50","alternateName":"PSOL 50","url":"https:\/\/psol50.org.br\/","logo":{"@type":"ImageObject","inLanguage":"pt-BR","@id":"https:\/\/psol50.org.br\/#\/schema\/logo\/image\/","url":"https:\/\/psol50.org.br\/inc\/uploads\/2018\/07\/capa.png","contentUrl":"https:\/\/psol50.org.br\/inc\/uploads\/2018\/07\/capa.png","width":1350,"height":900,"caption":"PSOL 50"},"image":{"@id":"https:\/\/psol50.org.br\/#\/schema\/logo\/image\/"},"sameAs":["https:\/\/www.facebook.com\/psol50","https:\/\/x.com\/psol50","https:\/\/www.instagram.com\/psol50\/","https:\/\/www.youtube.com\/channel\/UC7SnJS5o1os7a6CaiNabzcg"]},{"@type":"Person","@id":"https:\/\/psol50.org.br\/#\/schema\/person\/475dfa57d0b815993c714c2e96491fcd","name":"Comunica\u00e7\u00e3o PSOL","image":{"@type":"ImageObject","inLanguage":"pt-BR","@id":"https:\/\/psol50.org.br\/#\/schema\/person\/image\/","url":"https:\/\/secure.gravatar.com\/avatar\/b34fc4f4e468a4e51785917065a3db57b841f5c95dba6ad8c73aaf8f66f8f9bf?s=96&d=mm&r=g","contentUrl":"https:\/\/secure.gravatar.com\/avatar\/b34fc4f4e468a4e51785917065a3db57b841f5c95dba6ad8c73aaf8f66f8f9bf?s=96&d=mm&r=g","caption":"Comunica\u00e7\u00e3o PSOL"}}]}},"_links":{"self":[{"href":"https:\/\/psol50.org.br\/rest\/wp\/v2\/posts\/40751","targetHints":{"allow":["GET"]}}],"collection":[{"href":"https:\/\/psol50.org.br\/rest\/wp\/v2\/posts"}],"about":[{"href":"https:\/\/psol50.org.br\/rest\/wp\/v2\/types\/post"}],"author":[{"embeddable":true,"href":"https:\/\/psol50.org.br\/rest\/wp\/v2\/users\/2"}],"replies":[{"embeddable":true,"href":"https:\/\/psol50.org.br\/rest\/wp\/v2\/comments?post=40751"}],"version-history":[{"count":1,"href":"https:\/\/psol50.org.br\/rest\/wp\/v2\/posts\/40751\/revisions"}],"predecessor-version":[{"id":40754,"href":"https:\/\/psol50.org.br\/rest\/wp\/v2\/posts\/40751\/revisions\/40754"}],"wp:featuredmedia":[{"embeddable":true,"href":"https:\/\/psol50.org.br\/rest\/wp\/v2\/media\/40753"}],"wp:attachment":[{"href":"https:\/\/psol50.org.br\/rest\/wp\/v2\/media?parent=40751"}],"wp:term":[{"taxonomy":"category","embeddable":true,"href":"https:\/\/psol50.org.br\/rest\/wp\/v2\/categories?post=40751"},{"taxonomy":"post_tag","embeddable":true,"href":"https:\/\/psol50.org.br\/rest\/wp\/v2\/tags?post=40751"}],"curies":[{"name":"wp","href":"https:\/\/api.w.org\/{rel}","templated":true}]}}