{"id":4076,"date":"2013-04-29T16:57:33","date_gmt":"2013-04-29T16:57:33","guid":{"rendered":"http:\/\/179.190.55.146\/~psol5185\/?p=4076"},"modified":"2013-04-29T16:57:33","modified_gmt":"2013-04-29T16:57:33","slug":"diretorio-nacional-do-psol-aprova-resolucao-de-apoio-a-luta-em-defesa-dos-diretos-humanos-e-ao-mandato-de-jean-wyllys","status":"publish","type":"post","link":"https:\/\/psol50.org.br\/diretorio-nacional-do-psol-aprova-resolucao-de-apoio-a-luta-em-defesa-dos-diretos-humanos-e-ao-mandato-de-jean-wyllys\/","title":{"rendered":"Diret\u00f3rio Nacional do PSOL aprova resolu\u00e7\u00e3o de apoio \u00e0 luta em defesa dos diretos humanos e ao mandato de Jean Wyllys"},"content":{"rendered":"<div id=\"blocoDadosPrint\"><span id=\"Data\" class=\"dataPrint\"><\/span><em>Do site do PSOL Nacional &#8211; Leonor Costa<\/em><\/p>\n<p>O Diret\u00f3rio Nacional do PSOL, reunido no \u00faltimo final de semana, em S\u00e3o Paulo, aprovou, por unanimidade, uma resolu\u00e7\u00e3o que defende do mandato do deputado Jean Wyllys (RJ) e a luta pela toler\u00e2ncia e em defesa dos direitos humanos. A resolu\u00e7\u00e3o reflete a preocupa\u00e7\u00e3o dos membros do Diret\u00f3rio, com a campanha promovida por setores conservadores, especialmente ligados aos deputados Marco Feliciano e Jair Bolsonaro, de ataques ao deputado Jean Wyllys, pela sua atua\u00e7\u00e3o em defesa dos direitos humanos.<\/p>\n<p>Desde que o deputado e pastor Marco Feliciano foi eleito presidente da Comiss\u00e3o de Direitos Humanos e Minorias da C\u00e2mara, no in\u00edcio do m\u00eas de mar\u00e7o, os deputados do PSOL t\u00eam sido protagonistas de a\u00e7\u00f5es que questionam as atitudes e as declara\u00e7\u00f5es, consideradas racistas, homof\u00f3bicas e preconceituosas, feitas pelo referido pastor. Para eles, a postura de Feliciano \u00e9 incompat\u00edvel com o seu cargo de presidente da comiss\u00e3o que \u00e9 respons\u00e1vel por tratar dos casos de viola\u00e7\u00e3o dos direitos humanos e combater toda forma de preconceito contra mulheres, negros, \u00edndios, crian\u00e7as, homoafetivos, seguidores das religi\u00f5es de matrizes africanas, entre outros que s\u00e3o v\u00edtimas da opress\u00e3o imposta pelo capitalismo.<\/p>\n<p>Desde ent\u00e3o, o deputado Jean Wyllys vem sofrendo ataques de setores ligados ao mandato do pastor, o que tem sido refor\u00e7ado pelo tamb\u00e9m deputado Jair Bolsonaro. V\u00eddeos e imagens manipuladas que circulam na internet trazem falsas declara\u00e7\u00f5es apontadas como sendo do deputado do PSOL. Tais atitudes v\u00eam, inclusive, colocando em risco a vida de Jean Wyllys.<\/p>\n<p>Na resolu\u00e7\u00e3o aprovada, o PSOL considera que a elei\u00e7\u00e3o de Marco Feliciano evidencia as consequ\u00eancias perversas da governabilidade conservadora do governo petista, que articula em sua base de apoio setores reacion\u00e1rios. \u201cDemonstrou o poder dos fundamentalistas, que congregam n\u00e3o apenas bancadas parlamentares, como tamb\u00e9m meios de comunica\u00e7\u00e3o, empresas, comunidades terap\u00eauticas e um enorme influencia popular\u201d, afirma.<\/p>\n<p>O texto, al\u00e9m de apoiar o mandato de Jean Wyllys, orienta, ainda, que os militantes do PSOL se incorporem \u00e0s atividades da campanha Forafeliciano, buscando articular uma frente de movimentos sociais, lideran\u00e7as religiosas, artistas e parlamentares em defesa do Estado Laico. Pela resolu\u00e7\u00e3o as regionais do partido tamb\u00e9m devem promover debates sobre a liberdade sexual, religiosa e laicidade do Estado.<\/p>\n<p>Confira abaixo a resolu\u00e7\u00e3o, aprovada por unanimidade pelos membros do Diret\u00f3rio Nacional do PSOL no \u00faltimo dominho (28).<\/p>\n<p>Considerando que:<\/p>\n<p>1) O PSOL \u00e9 forte aliado dos grupos sociais que sofrem discrimina\u00e7\u00f5es e s\u00e3o oprimidos por suas identidades de g\u00eanero e orienta\u00e7\u00e3o sexual, religiosa e racial, n\u00e3o se eximindo de hastear com orgulho as bandeiras da luta feminista, anti-racista e da liberdade sexual;<\/p>\n<p>2) Avan\u00e7a no Brasil a atua\u00e7\u00e3o de parlamentares e partidos que defendem pautas conservadoras e reacion\u00e1rias, geralmente articulados pela bancada fundamentalista e associados a parlamentares que reivindicam per\u00edodo nefasto da hist\u00f3ria brasileira, a Ditadura Civil-Militar;<\/p>\n<p>3) A Comiss\u00e3o de Direitos Humanos e Minoria (CDHM) da C\u00e2mara dos Deputados \u00e9 hoje presidida pelo deputado federal Pastor Marcos Feliciano (PSC-SP), consequ\u00eancia das articula\u00e7\u00f5es governistas, da omiss\u00e3o petista e da a\u00e7\u00e3o consciente do PSDB e outros partidos que indicaram parlamentares fundamentalistas para compor a comiss\u00e3o. \u00a0Este deputado j\u00e1 se manifestou diversas vezes de forma machista, racista e LGBTf\u00f3bica e declaradamente est\u00e1 comprometido com um projeto pol\u00edtico retr\u00f3grado e preconceituoso;<\/p>\n<p>4) A n\u00e3o-ren\u00fancia do deputado Pastor Marcos Feliciano \u00e0 presid\u00eancia da CDHM gerou uma mobiliza\u00e7\u00e3o em diversas cidades do pa\u00eds, colocando ombro a ombro, negros e negras, mulheres, LGBTs, religiosos e outros grupos na luta pela destitui\u00e7\u00e3o de Feliciano de seu cargo. Os atos e campanhas do #forafeliciano t\u00eam tido participa\u00e7\u00e3o e protagonismo dos militantes do PSOL e uma a\u00e7\u00e3o contundente de nossa bancada parlamentar, em especial nosso deputado federal Jean Wyllys (PSOL-RJ).<\/p>\n<p>5) A elei\u00e7\u00e3o de Feliciano evidencia as consequ\u00eancias perversas da governabilidade conservadora do governo petista, que articula em sua base de apoio setores reacion\u00e1rios. Demonstrou o poder dos fundamentalistas, que congregam n\u00e3o apenas bancadas parlamentares, como tamb\u00e9m meios de comunica\u00e7\u00e3o, empresas, comunidades terap\u00eauticas e um enorme influencia popular. Revela ainda a\u00a0disposi\u00e7\u00e3o dos fundamentalistas em radicalizar sua agenda de retirada de direitos de grupos oprimidos, que j\u00e1 vem se expressando em projetos que amea\u00e7am a laicidade do Estado, na pol\u00edtica de drogas, na rela\u00e7\u00e3o entre os poderes, nos direitos LGBTs, na emancipa\u00e7\u00e3o feminina, nos direitos ind\u00edgenas e na interven\u00e7\u00e3o em uma entidade de classe &#8211; o Conselho Federal de Psicologia.<\/p>\n<p>6) As mobiliza\u00e7\u00f5es pela derrubada de Marco Feliciano s\u00e3o um exemplo a ser seguido pela sociedade no questionamento da composi\u00e7\u00e3o de outras comiss\u00f5es do Congresso, em especial a presid\u00eancia da Comiss\u00e3o de Meio Ambiente do Senado &#8211; presidida por um dos maiores desmatadores do pais \u2013 e a composi\u00e7\u00e3o da CCJ.<\/p>\n<p>O Diret\u00f3rio Nacional do PSOL resolve:<\/p>\n<p>1) Apoiar e defender o mandato do deputado federal Jean Wyllys, que tem sido atacado por uma campanha caluniosa nas redes sociais pelos deputados Jair Bolsonaro e Marco Feliciano;<\/p>\n<p>2) Defender o(a)s professores Tatiana Lion\u00e7o, Cristiano Lucas e todo(a)s o(a)s ativistas atacados por campanhas de \u00f3dio organizadas pelos deputados Jair Bolsonaro e Marco Feliciano;<\/p>\n<p>3) Defender uma nova composi\u00e7\u00e3o para a CDHM, com a elei\u00e7\u00e3o de um\/uma novo\/nova presidente comprometido com a defesa dos direitos humanos e sintonizado com as pautas e lutas dos movimentos sociais;<\/p>\n<p>4)\u00a0Indicar que os militantes do PSOL se incorporem \u00e0s atividades do #forafeliciano, buscando articular uma frente de movimentos sociais, lideran\u00e7as religiosas, artistas e parlamentares em defesa do Estado Laico;<\/p>\n<p>5) Orientar que as regionais do partido realizem debates sobre a liberdade sexual, religiosa e laicidade do Estado;<\/p>\n<p>6) Fortalecer a Frente Parlamentar de Direitos Humanos da C\u00e2mara dos Deputados como espa\u00e7o leg\u00edtimo de defesa de grupos oprimidos e dos Direitos Humanos.<\/p><\/div>\n<div class=\"txtPrint\"><\/div>\n","protected":false},"excerpt":{"rendered":"<p>Do site do PSOL Nacional &#8211; Leonor Costa O Diret\u00f3rio Nacional do PSOL, reunido no \u00faltimo final de semana, em S\u00e3o Paulo, aprovou, por unanimidade, uma resolu\u00e7\u00e3o que defende do mandato do deputado Jean Wyllys (RJ) e a luta pela toler\u00e2ncia e em defesa dos direitos humanos. A resolu\u00e7\u00e3o reflete a preocupa\u00e7\u00e3o dos membros do [&hellip;]<\/p>\n","protected":false},"author":2,"featured_media":0,"comment_status":"open","ping_status":"open","sticky":false,"template":"","format":"standard","meta":{"_acf_changed":false,"footnotes":""},"categories":[72],"tags":[22],"class_list":{"0":"post-4076","1":"post","2":"type-post","3":"status-publish","4":"format-standard","6":"category-resolucoes","7":"tag-psol"},"acf":[],"yoast_head":"<!-- This site is optimized with the Yoast SEO plugin v26.5 - https:\/\/yoast.com\/wordpress\/plugins\/seo\/ -->\n<title>Diret\u00f3rio Nacional do PSOL aprova resolu\u00e7\u00e3o de apoio \u00e0 luta em defesa dos diretos humanos e ao mandato de Jean Wyllys - PSOL 50<\/title>\n<meta name=\"robots\" content=\"index, follow, max-snippet:-1, max-image-preview:large, max-video-preview:-1\" \/>\n<link rel=\"canonical\" href=\"https:\/\/psol50.org.br\/diretorio-nacional-do-psol-aprova-resolucao-de-apoio-a-luta-em-defesa-dos-diretos-humanos-e-ao-mandato-de-jean-wyllys\/\" \/>\n<meta property=\"og:locale\" content=\"pt_BR\" \/>\n<meta property=\"og:type\" content=\"article\" \/>\n<meta property=\"og:title\" content=\"Diret\u00f3rio Nacional do PSOL aprova resolu\u00e7\u00e3o de apoio \u00e0 luta em defesa dos diretos humanos e ao mandato de Jean Wyllys - PSOL 50\" \/>\n<meta property=\"og:description\" content=\"Do site do PSOL Nacional &#8211; Leonor Costa O Diret\u00f3rio Nacional do PSOL, reunido no \u00faltimo final de semana, em S\u00e3o Paulo, aprovou, por unanimidade, uma resolu\u00e7\u00e3o que defende do mandato do deputado Jean Wyllys (RJ) e a luta pela toler\u00e2ncia e em defesa dos direitos humanos. A resolu\u00e7\u00e3o reflete a preocupa\u00e7\u00e3o dos membros do [&hellip;]\" \/>\n<meta property=\"og:url\" content=\"https:\/\/psol50.org.br\/diretorio-nacional-do-psol-aprova-resolucao-de-apoio-a-luta-em-defesa-dos-diretos-humanos-e-ao-mandato-de-jean-wyllys\/\" \/>\n<meta property=\"og:site_name\" content=\"PSOL 50\" \/>\n<meta property=\"article:publisher\" content=\"https:\/\/www.facebook.com\/psol50\" \/>\n<meta property=\"article:published_time\" content=\"2013-04-29T16:57:33+00:00\" \/>\n<meta property=\"og:image\" content=\"https:\/\/psol50.org.br\/inc\/uploads\/2018\/07\/capa.png\" \/>\n\t<meta property=\"og:image:width\" content=\"1350\" \/>\n\t<meta property=\"og:image:height\" content=\"900\" \/>\n\t<meta property=\"og:image:type\" content=\"image\/png\" \/>\n<meta name=\"author\" content=\"Comunica\u00e7\u00e3o PSOL\" \/>\n<meta name=\"twitter:card\" content=\"summary_large_image\" \/>\n<meta name=\"twitter:creator\" content=\"@psol50\" \/>\n<meta name=\"twitter:site\" content=\"@psol50\" \/>\n<meta name=\"twitter:label1\" content=\"Escrito por\" \/>\n\t<meta name=\"twitter:data1\" content=\"Comunica\u00e7\u00e3o PSOL\" \/>\n\t<meta name=\"twitter:label2\" content=\"Est. tempo de leitura\" \/>\n\t<meta name=\"twitter:data2\" content=\"5 minutos\" \/>\n<script type=\"application\/ld+json\" class=\"yoast-schema-graph\">{\"@context\":\"https:\/\/schema.org\",\"@graph\":[{\"@type\":\"Article\",\"@id\":\"https:\/\/psol50.org.br\/diretorio-nacional-do-psol-aprova-resolucao-de-apoio-a-luta-em-defesa-dos-diretos-humanos-e-ao-mandato-de-jean-wyllys\/#article\",\"isPartOf\":{\"@id\":\"https:\/\/psol50.org.br\/diretorio-nacional-do-psol-aprova-resolucao-de-apoio-a-luta-em-defesa-dos-diretos-humanos-e-ao-mandato-de-jean-wyllys\/\"},\"author\":{\"name\":\"Comunica\u00e7\u00e3o PSOL\",\"@id\":\"https:\/\/psol50.org.br\/#\/schema\/person\/475dfa57d0b815993c714c2e96491fcd\"},\"headline\":\"Diret\u00f3rio Nacional do PSOL aprova resolu\u00e7\u00e3o de apoio \u00e0 luta em defesa dos diretos humanos e ao mandato de Jean Wyllys\",\"datePublished\":\"2013-04-29T16:57:33+00:00\",\"mainEntityOfPage\":{\"@id\":\"https:\/\/psol50.org.br\/diretorio-nacional-do-psol-aprova-resolucao-de-apoio-a-luta-em-defesa-dos-diretos-humanos-e-ao-mandato-de-jean-wyllys\/\"},\"wordCount\":1047,\"commentCount\":0,\"publisher\":{\"@id\":\"https:\/\/psol50.org.br\/#organization\"},\"keywords\":[\"PSOL\"],\"articleSection\":[\"Resolu\u00e7\u00f5es\"],\"inLanguage\":\"pt-BR\",\"potentialAction\":[{\"@type\":\"CommentAction\",\"name\":\"Comment\",\"target\":[\"https:\/\/psol50.org.br\/diretorio-nacional-do-psol-aprova-resolucao-de-apoio-a-luta-em-defesa-dos-diretos-humanos-e-ao-mandato-de-jean-wyllys\/#respond\"]}]},{\"@type\":\"WebPage\",\"@id\":\"https:\/\/psol50.org.br\/diretorio-nacional-do-psol-aprova-resolucao-de-apoio-a-luta-em-defesa-dos-diretos-humanos-e-ao-mandato-de-jean-wyllys\/\",\"url\":\"https:\/\/psol50.org.br\/diretorio-nacional-do-psol-aprova-resolucao-de-apoio-a-luta-em-defesa-dos-diretos-humanos-e-ao-mandato-de-jean-wyllys\/\",\"name\":\"Diret\u00f3rio Nacional do PSOL aprova resolu\u00e7\u00e3o de apoio \u00e0 luta em defesa dos diretos humanos e ao mandato de Jean Wyllys - PSOL 50\",\"isPartOf\":{\"@id\":\"https:\/\/psol50.org.br\/#website\"},\"datePublished\":\"2013-04-29T16:57:33+00:00\",\"breadcrumb\":{\"@id\":\"https:\/\/psol50.org.br\/diretorio-nacional-do-psol-aprova-resolucao-de-apoio-a-luta-em-defesa-dos-diretos-humanos-e-ao-mandato-de-jean-wyllys\/#breadcrumb\"},\"inLanguage\":\"pt-BR\",\"potentialAction\":[{\"@type\":\"ReadAction\",\"target\":[\"https:\/\/psol50.org.br\/diretorio-nacional-do-psol-aprova-resolucao-de-apoio-a-luta-em-defesa-dos-diretos-humanos-e-ao-mandato-de-jean-wyllys\/\"]}]},{\"@type\":\"BreadcrumbList\",\"@id\":\"https:\/\/psol50.org.br\/diretorio-nacional-do-psol-aprova-resolucao-de-apoio-a-luta-em-defesa-dos-diretos-humanos-e-ao-mandato-de-jean-wyllys\/#breadcrumb\",\"itemListElement\":[{\"@type\":\"ListItem\",\"position\":1,\"name\":\"In\u00edcio\",\"item\":\"https:\/\/psol50.org.br\/\"},{\"@type\":\"ListItem\",\"position\":2,\"name\":\"Diret\u00f3rio Nacional do PSOL aprova resolu\u00e7\u00e3o de apoio \u00e0 luta em defesa dos diretos humanos e ao mandato de Jean Wyllys\"}]},{\"@type\":\"WebSite\",\"@id\":\"https:\/\/psol50.org.br\/#website\",\"url\":\"https:\/\/psol50.org.br\/\",\"name\":\"PSOL 50\",\"description\":\"Site oficial do Partido Socialismo e Liberdade\",\"publisher\":{\"@id\":\"https:\/\/psol50.org.br\/#organization\"},\"alternateName\":\"PSOL50\",\"potentialAction\":[{\"@type\":\"SearchAction\",\"target\":{\"@type\":\"EntryPoint\",\"urlTemplate\":\"https:\/\/psol50.org.br\/?s={search_term_string}\"},\"query-input\":{\"@type\":\"PropertyValueSpecification\",\"valueRequired\":true,\"valueName\":\"search_term_string\"}}],\"inLanguage\":\"pt-BR\"},{\"@type\":\"Organization\",\"@id\":\"https:\/\/psol50.org.br\/#organization\",\"name\":\"PSOL 50\",\"alternateName\":\"PSOL 50\",\"url\":\"https:\/\/psol50.org.br\/\",\"logo\":{\"@type\":\"ImageObject\",\"inLanguage\":\"pt-BR\",\"@id\":\"https:\/\/psol50.org.br\/#\/schema\/logo\/image\/\",\"url\":\"https:\/\/psol50.org.br\/inc\/uploads\/2018\/07\/capa.png\",\"contentUrl\":\"https:\/\/psol50.org.br\/inc\/uploads\/2018\/07\/capa.png\",\"width\":1350,\"height\":900,\"caption\":\"PSOL 50\"},\"image\":{\"@id\":\"https:\/\/psol50.org.br\/#\/schema\/logo\/image\/\"},\"sameAs\":[\"https:\/\/www.facebook.com\/psol50\",\"https:\/\/x.com\/psol50\",\"https:\/\/www.instagram.com\/psol50\/\",\"https:\/\/www.youtube.com\/channel\/UC7SnJS5o1os7a6CaiNabzcg\"]},{\"@type\":\"Person\",\"@id\":\"https:\/\/psol50.org.br\/#\/schema\/person\/475dfa57d0b815993c714c2e96491fcd\",\"name\":\"Comunica\u00e7\u00e3o PSOL\",\"image\":{\"@type\":\"ImageObject\",\"inLanguage\":\"pt-BR\",\"@id\":\"https:\/\/psol50.org.br\/#\/schema\/person\/image\/\",\"url\":\"https:\/\/secure.gravatar.com\/avatar\/b34fc4f4e468a4e51785917065a3db57b841f5c95dba6ad8c73aaf8f66f8f9bf?s=96&d=mm&r=g\",\"contentUrl\":\"https:\/\/secure.gravatar.com\/avatar\/b34fc4f4e468a4e51785917065a3db57b841f5c95dba6ad8c73aaf8f66f8f9bf?s=96&d=mm&r=g\",\"caption\":\"Comunica\u00e7\u00e3o PSOL\"}}]}<\/script>\n<!-- \/ Yoast SEO plugin. -->","yoast_head_json":{"title":"Diret\u00f3rio Nacional do PSOL aprova resolu\u00e7\u00e3o de apoio \u00e0 luta em defesa dos diretos humanos e ao mandato de Jean Wyllys - PSOL 50","robots":{"index":"index","follow":"follow","max-snippet":"max-snippet:-1","max-image-preview":"max-image-preview:large","max-video-preview":"max-video-preview:-1"},"canonical":"https:\/\/psol50.org.br\/diretorio-nacional-do-psol-aprova-resolucao-de-apoio-a-luta-em-defesa-dos-diretos-humanos-e-ao-mandato-de-jean-wyllys\/","og_locale":"pt_BR","og_type":"article","og_title":"Diret\u00f3rio Nacional do PSOL aprova resolu\u00e7\u00e3o de apoio \u00e0 luta em defesa dos diretos humanos e ao mandato de Jean Wyllys - PSOL 50","og_description":"Do site do PSOL Nacional &#8211; Leonor Costa O Diret\u00f3rio Nacional do PSOL, reunido no \u00faltimo final de semana, em S\u00e3o Paulo, aprovou, por unanimidade, uma resolu\u00e7\u00e3o que defende do mandato do deputado Jean Wyllys (RJ) e a luta pela toler\u00e2ncia e em defesa dos direitos humanos. A resolu\u00e7\u00e3o reflete a preocupa\u00e7\u00e3o dos membros do [&hellip;]","og_url":"https:\/\/psol50.org.br\/diretorio-nacional-do-psol-aprova-resolucao-de-apoio-a-luta-em-defesa-dos-diretos-humanos-e-ao-mandato-de-jean-wyllys\/","og_site_name":"PSOL 50","article_publisher":"https:\/\/www.facebook.com\/psol50","article_published_time":"2013-04-29T16:57:33+00:00","og_image":[{"width":1350,"height":900,"url":"https:\/\/psol50.org.br\/inc\/uploads\/2018\/07\/capa.png","type":"image\/png"}],"author":"Comunica\u00e7\u00e3o PSOL","twitter_card":"summary_large_image","twitter_creator":"@psol50","twitter_site":"@psol50","twitter_misc":{"Escrito por":"Comunica\u00e7\u00e3o PSOL","Est. tempo de leitura":"5 minutos"},"schema":{"@context":"https:\/\/schema.org","@graph":[{"@type":"Article","@id":"https:\/\/psol50.org.br\/diretorio-nacional-do-psol-aprova-resolucao-de-apoio-a-luta-em-defesa-dos-diretos-humanos-e-ao-mandato-de-jean-wyllys\/#article","isPartOf":{"@id":"https:\/\/psol50.org.br\/diretorio-nacional-do-psol-aprova-resolucao-de-apoio-a-luta-em-defesa-dos-diretos-humanos-e-ao-mandato-de-jean-wyllys\/"},"author":{"name":"Comunica\u00e7\u00e3o PSOL","@id":"https:\/\/psol50.org.br\/#\/schema\/person\/475dfa57d0b815993c714c2e96491fcd"},"headline":"Diret\u00f3rio Nacional do PSOL aprova resolu\u00e7\u00e3o de apoio \u00e0 luta em defesa dos diretos humanos e ao mandato de Jean Wyllys","datePublished":"2013-04-29T16:57:33+00:00","mainEntityOfPage":{"@id":"https:\/\/psol50.org.br\/diretorio-nacional-do-psol-aprova-resolucao-de-apoio-a-luta-em-defesa-dos-diretos-humanos-e-ao-mandato-de-jean-wyllys\/"},"wordCount":1047,"commentCount":0,"publisher":{"@id":"https:\/\/psol50.org.br\/#organization"},"keywords":["PSOL"],"articleSection":["Resolu\u00e7\u00f5es"],"inLanguage":"pt-BR","potentialAction":[{"@type":"CommentAction","name":"Comment","target":["https:\/\/psol50.org.br\/diretorio-nacional-do-psol-aprova-resolucao-de-apoio-a-luta-em-defesa-dos-diretos-humanos-e-ao-mandato-de-jean-wyllys\/#respond"]}]},{"@type":"WebPage","@id":"https:\/\/psol50.org.br\/diretorio-nacional-do-psol-aprova-resolucao-de-apoio-a-luta-em-defesa-dos-diretos-humanos-e-ao-mandato-de-jean-wyllys\/","url":"https:\/\/psol50.org.br\/diretorio-nacional-do-psol-aprova-resolucao-de-apoio-a-luta-em-defesa-dos-diretos-humanos-e-ao-mandato-de-jean-wyllys\/","name":"Diret\u00f3rio Nacional do PSOL aprova resolu\u00e7\u00e3o de apoio \u00e0 luta em defesa dos diretos humanos e ao mandato de Jean Wyllys - PSOL 50","isPartOf":{"@id":"https:\/\/psol50.org.br\/#website"},"datePublished":"2013-04-29T16:57:33+00:00","breadcrumb":{"@id":"https:\/\/psol50.org.br\/diretorio-nacional-do-psol-aprova-resolucao-de-apoio-a-luta-em-defesa-dos-diretos-humanos-e-ao-mandato-de-jean-wyllys\/#breadcrumb"},"inLanguage":"pt-BR","potentialAction":[{"@type":"ReadAction","target":["https:\/\/psol50.org.br\/diretorio-nacional-do-psol-aprova-resolucao-de-apoio-a-luta-em-defesa-dos-diretos-humanos-e-ao-mandato-de-jean-wyllys\/"]}]},{"@type":"BreadcrumbList","@id":"https:\/\/psol50.org.br\/diretorio-nacional-do-psol-aprova-resolucao-de-apoio-a-luta-em-defesa-dos-diretos-humanos-e-ao-mandato-de-jean-wyllys\/#breadcrumb","itemListElement":[{"@type":"ListItem","position":1,"name":"In\u00edcio","item":"https:\/\/psol50.org.br\/"},{"@type":"ListItem","position":2,"name":"Diret\u00f3rio Nacional do PSOL aprova resolu\u00e7\u00e3o de apoio \u00e0 luta em defesa dos diretos humanos e ao mandato de Jean Wyllys"}]},{"@type":"WebSite","@id":"https:\/\/psol50.org.br\/#website","url":"https:\/\/psol50.org.br\/","name":"PSOL 50","description":"Site oficial do Partido Socialismo e Liberdade","publisher":{"@id":"https:\/\/psol50.org.br\/#organization"},"alternateName":"PSOL50","potentialAction":[{"@type":"SearchAction","target":{"@type":"EntryPoint","urlTemplate":"https:\/\/psol50.org.br\/?s={search_term_string}"},"query-input":{"@type":"PropertyValueSpecification","valueRequired":true,"valueName":"search_term_string"}}],"inLanguage":"pt-BR"},{"@type":"Organization","@id":"https:\/\/psol50.org.br\/#organization","name":"PSOL 50","alternateName":"PSOL 50","url":"https:\/\/psol50.org.br\/","logo":{"@type":"ImageObject","inLanguage":"pt-BR","@id":"https:\/\/psol50.org.br\/#\/schema\/logo\/image\/","url":"https:\/\/psol50.org.br\/inc\/uploads\/2018\/07\/capa.png","contentUrl":"https:\/\/psol50.org.br\/inc\/uploads\/2018\/07\/capa.png","width":1350,"height":900,"caption":"PSOL 50"},"image":{"@id":"https:\/\/psol50.org.br\/#\/schema\/logo\/image\/"},"sameAs":["https:\/\/www.facebook.com\/psol50","https:\/\/x.com\/psol50","https:\/\/www.instagram.com\/psol50\/","https:\/\/www.youtube.com\/channel\/UC7SnJS5o1os7a6CaiNabzcg"]},{"@type":"Person","@id":"https:\/\/psol50.org.br\/#\/schema\/person\/475dfa57d0b815993c714c2e96491fcd","name":"Comunica\u00e7\u00e3o PSOL","image":{"@type":"ImageObject","inLanguage":"pt-BR","@id":"https:\/\/psol50.org.br\/#\/schema\/person\/image\/","url":"https:\/\/secure.gravatar.com\/avatar\/b34fc4f4e468a4e51785917065a3db57b841f5c95dba6ad8c73aaf8f66f8f9bf?s=96&d=mm&r=g","contentUrl":"https:\/\/secure.gravatar.com\/avatar\/b34fc4f4e468a4e51785917065a3db57b841f5c95dba6ad8c73aaf8f66f8f9bf?s=96&d=mm&r=g","caption":"Comunica\u00e7\u00e3o PSOL"}}]}},"_links":{"self":[{"href":"https:\/\/psol50.org.br\/rest\/wp\/v2\/posts\/4076","targetHints":{"allow":["GET"]}}],"collection":[{"href":"https:\/\/psol50.org.br\/rest\/wp\/v2\/posts"}],"about":[{"href":"https:\/\/psol50.org.br\/rest\/wp\/v2\/types\/post"}],"author":[{"embeddable":true,"href":"https:\/\/psol50.org.br\/rest\/wp\/v2\/users\/2"}],"replies":[{"embeddable":true,"href":"https:\/\/psol50.org.br\/rest\/wp\/v2\/comments?post=4076"}],"version-history":[{"count":0,"href":"https:\/\/psol50.org.br\/rest\/wp\/v2\/posts\/4076\/revisions"}],"wp:attachment":[{"href":"https:\/\/psol50.org.br\/rest\/wp\/v2\/media?parent=4076"}],"wp:term":[{"taxonomy":"category","embeddable":true,"href":"https:\/\/psol50.org.br\/rest\/wp\/v2\/categories?post=4076"},{"taxonomy":"post_tag","embeddable":true,"href":"https:\/\/psol50.org.br\/rest\/wp\/v2\/tags?post=4076"}],"curies":[{"name":"wp","href":"https:\/\/api.w.org\/{rel}","templated":true}]}}