{"id":40774,"date":"2025-02-27T14:08:54","date_gmt":"2025-02-27T17:08:54","guid":{"rendered":"https:\/\/psol50.org.br\/?p=40774"},"modified":"2025-03-06T14:06:14","modified_gmt":"2025-03-06T17:06:14","slug":"setorial-da-negritude-do-psol-lanca-campanha-carnaval-sem-racismo","status":"publish","type":"post","link":"https:\/\/psol50.org.br\/setorial-da-negritude-do-psol-lanca-campanha-carnaval-sem-racismo\/","title":{"rendered":"Setorial da Negritude do PSOL lan\u00e7a campanha Carnaval Sem Racismo"},"content":{"rendered":"<p>A Setorial Nacional da Negritude do PSOL promove nos pr\u00f3ximos dias a campanha\u00a0<b data-stringify-type=\"bold\">Carnaval Sem Racismo,<\/b>\u00a0que acontecer\u00e1 nas ruas e nas redes sociais para denunciar as viol\u00eancias racistas e celebrar a presen\u00e7a fundamental do povo negro na maior festa popular do Brasil.<\/p>\n<p>A iniciativa busca sensibilizar a sociedade sobre as diversas formas de discrimina\u00e7\u00e3o que atingem a popula\u00e7\u00e3o negra durante o Carnaval, reafirmando a luta por uma festa livre de racismo e opress\u00e3o.<\/p>\n<p>Com os motes\u00a0<b data-stringify-type=\"bold\">\u201cMeu Corpo N\u00e3o \u00e9 Alvo\u201d<\/b>,\u00a0<b data-stringify-type=\"bold\">\u201cCarnaval \u00e9 Coisa de Negro\u201d<\/b>\u00a0e\u00a0<b data-stringify-type=\"bold\">\u201cCarnaval Sem Racismo\u201d<\/b>, a campanha destaca a import\u00e2ncia de combater a viol\u00eancia f\u00edsica, simb\u00f3lica e verbal que afeta especialmente pessoas negras. Os lemas refor\u00e7am a necessidade de denunciar o racismo, valorizar as contribui\u00e7\u00f5es da popula\u00e7\u00e3o negra na constru\u00e7\u00e3o do Carnaval e reivindicar o direito ao livre acesso e \u00e0 participa\u00e7\u00e3o segura nas celebra\u00e7\u00f5es.<\/p>\n<p>O Carnaval brasileiro carrega em sua ess\u00eancia a marca da cultura negra, desde os ritmos, dan\u00e7as e express\u00f5es religiosas at\u00e9 os blocos e escolas de samba. S\u00e3o as pessoas negras as que constroem o carnaval e que majoritariamente trabalham para fazer a festa acontecer. Apesar disso, a popula\u00e7\u00e3o negra enfrenta in\u00fameras formas de exclus\u00e3o, apropria\u00e7\u00e3o cultural e viol\u00eancia durante o per\u00edodo carnavalesco.<\/p>\n<p>A campanha do PSOL se prop\u00f5e a evidenciar essa contradi\u00e7\u00e3o e a lutar por um Carnaval onde a negritude seja reconhecida e respeitada.<\/p>\n<p>Al\u00e9m da apropria\u00e7\u00e3o cultural, com a crescente presen\u00e7a de pessoas brancas ocupando espa\u00e7os centrais nas festividades e lucrando com s\u00edmbolos da cultura negra, a viol\u00eancia policial e o racismo institucionalizado se intensificam durante o Carnaval, com o aumento de assassinatos, pris\u00f5es e abordagens ilegais contra pessoas negras.<\/p>\n<p>O PSOL convoca todo mundo a se somar na luta por um Carnaval que reconhe\u00e7a o protagonismo da popula\u00e7\u00e3o negra, enfrente o racismo e afirme a liberdade como direito fundamental. Participe da campanha, compartilhe as mensagens nas redes sociais e ajude a construir um Carnaval sem racismo, onde a cultura negra seja celebrada e protegida.<\/p>\n","protected":false},"excerpt":{"rendered":"<p>A Setorial Nacional da Negritude do PSOL promove nos pr\u00f3ximos dias a campanha\u00a0Carnaval Sem Racismo,\u00a0que acontecer\u00e1 nas ruas e nas redes sociais para denunciar as viol\u00eancias racistas e celebrar a presen\u00e7a fundamental do povo negro na maior festa popular do Brasil. A iniciativa busca sensibilizar a sociedade sobre as diversas formas de discrimina\u00e7\u00e3o que atingem [&hellip;]<\/p>\n","protected":false},"author":2,"featured_media":39470,"comment_status":"closed","ping_status":"open","sticky":false,"template":"","format":"standard","meta":{"_acf_changed":false,"footnotes":""},"categories":[14],"tags":[4825],"class_list":{"0":"post-40774","1":"post","2":"type-post","3":"status-publish","4":"format-standard","5":"has-post-thumbnail","7":"category-partido","8":"tag-noticias"},"acf":[],"yoast_head":"<!-- This site is optimized with the Yoast SEO plugin v26.5 - https:\/\/yoast.com\/wordpress\/plugins\/seo\/ -->\n<title>Setorial da Negritude do PSOL lan\u00e7a campanha Carnaval Sem Racismo<\/title>\n<meta name=\"description\" content=\"Setorial da Negritude do PSOL lan\u00e7a a campanha Carnaval Sem Racismo para denunciar a viol\u00eancia racista, combater a apropria\u00e7\u00e3o cultural e valorizar o protagonismo da popula\u00e7\u00e3o negra na maior festa popular do Brasil.\" \/>\n<meta name=\"robots\" content=\"index, follow, max-snippet:-1, max-image-preview:large, max-video-preview:-1\" \/>\n<link rel=\"canonical\" href=\"https:\/\/psol50.org.br\/setorial-da-negritude-do-psol-lanca-campanha-carnaval-sem-racismo\/\" \/>\n<meta property=\"og:locale\" content=\"pt_BR\" \/>\n<meta property=\"og:type\" content=\"article\" \/>\n<meta property=\"og:title\" content=\"Setorial da Negritude do PSOL lan\u00e7a campanha Carnaval Sem Racismo\" \/>\n<meta property=\"og:description\" content=\"Setorial da Negritude do PSOL lan\u00e7a a campanha Carnaval Sem Racismo para denunciar a viol\u00eancia racista, combater a apropria\u00e7\u00e3o cultural e valorizar o protagonismo da popula\u00e7\u00e3o negra na maior festa popular do Brasil.\" \/>\n<meta property=\"og:url\" content=\"https:\/\/psol50.org.br\/setorial-da-negritude-do-psol-lanca-campanha-carnaval-sem-racismo\/\" \/>\n<meta property=\"og:site_name\" content=\"PSOL 50\" \/>\n<meta property=\"article:publisher\" content=\"https:\/\/www.facebook.com\/psol50\" \/>\n<meta property=\"article:published_time\" content=\"2025-02-27T17:08:54+00:00\" \/>\n<meta property=\"article:modified_time\" content=\"2025-03-06T17:06:14+00:00\" \/>\n<meta property=\"og:image\" content=\"https:\/\/psol50.org.br\/inc\/uploads\/2024\/04\/IMG_2401-scaled.jpg\" \/>\n\t<meta property=\"og:image:width\" content=\"2560\" \/>\n\t<meta property=\"og:image:height\" content=\"1707\" \/>\n\t<meta property=\"og:image:type\" content=\"image\/jpeg\" \/>\n<meta name=\"author\" content=\"Comunica\u00e7\u00e3o PSOL\" \/>\n<meta name=\"twitter:card\" content=\"summary_large_image\" \/>\n<meta name=\"twitter:creator\" content=\"@psol50\" \/>\n<meta name=\"twitter:site\" content=\"@psol50\" \/>\n<meta name=\"twitter:label1\" content=\"Escrito por\" \/>\n\t<meta name=\"twitter:data1\" content=\"Comunica\u00e7\u00e3o PSOL\" \/>\n\t<meta name=\"twitter:label2\" content=\"Est. tempo de leitura\" \/>\n\t<meta name=\"twitter:data2\" content=\"2 minutos\" \/>\n<script type=\"application\/ld+json\" class=\"yoast-schema-graph\">{\"@context\":\"https:\/\/schema.org\",\"@graph\":[{\"@type\":\"Article\",\"@id\":\"https:\/\/psol50.org.br\/setorial-da-negritude-do-psol-lanca-campanha-carnaval-sem-racismo\/#article\",\"isPartOf\":{\"@id\":\"https:\/\/psol50.org.br\/setorial-da-negritude-do-psol-lanca-campanha-carnaval-sem-racismo\/\"},\"author\":{\"name\":\"Comunica\u00e7\u00e3o PSOL\",\"@id\":\"https:\/\/psol50.org.br\/#\/schema\/person\/475dfa57d0b815993c714c2e96491fcd\"},\"headline\":\"Setorial da Negritude do PSOL lan\u00e7a campanha Carnaval Sem Racismo\",\"datePublished\":\"2025-02-27T17:08:54+00:00\",\"dateModified\":\"2025-03-06T17:06:14+00:00\",\"mainEntityOfPage\":{\"@id\":\"https:\/\/psol50.org.br\/setorial-da-negritude-do-psol-lanca-campanha-carnaval-sem-racismo\/\"},\"wordCount\":374,\"publisher\":{\"@id\":\"https:\/\/psol50.org.br\/#organization\"},\"image\":{\"@id\":\"https:\/\/psol50.org.br\/setorial-da-negritude-do-psol-lanca-campanha-carnaval-sem-racismo\/#primaryimage\"},\"thumbnailUrl\":\"https:\/\/psol50.org.br\/inc\/uploads\/2024\/04\/IMG_2401-scaled.jpg\",\"keywords\":[\"Not\u00edcias\"],\"articleSection\":[\"Partido\"],\"inLanguage\":\"pt-BR\"},{\"@type\":\"WebPage\",\"@id\":\"https:\/\/psol50.org.br\/setorial-da-negritude-do-psol-lanca-campanha-carnaval-sem-racismo\/\",\"url\":\"https:\/\/psol50.org.br\/setorial-da-negritude-do-psol-lanca-campanha-carnaval-sem-racismo\/\",\"name\":\"Setorial da Negritude do PSOL lan\u00e7a campanha Carnaval Sem Racismo\",\"isPartOf\":{\"@id\":\"https:\/\/psol50.org.br\/#website\"},\"primaryImageOfPage\":{\"@id\":\"https:\/\/psol50.org.br\/setorial-da-negritude-do-psol-lanca-campanha-carnaval-sem-racismo\/#primaryimage\"},\"image\":{\"@id\":\"https:\/\/psol50.org.br\/setorial-da-negritude-do-psol-lanca-campanha-carnaval-sem-racismo\/#primaryimage\"},\"thumbnailUrl\":\"https:\/\/psol50.org.br\/inc\/uploads\/2024\/04\/IMG_2401-scaled.jpg\",\"datePublished\":\"2025-02-27T17:08:54+00:00\",\"dateModified\":\"2025-03-06T17:06:14+00:00\",\"description\":\"Setorial da Negritude do PSOL lan\u00e7a a campanha Carnaval Sem Racismo para denunciar a viol\u00eancia racista, combater a apropria\u00e7\u00e3o cultural e valorizar o protagonismo da popula\u00e7\u00e3o negra na maior festa popular do Brasil.\",\"breadcrumb\":{\"@id\":\"https:\/\/psol50.org.br\/setorial-da-negritude-do-psol-lanca-campanha-carnaval-sem-racismo\/#breadcrumb\"},\"inLanguage\":\"pt-BR\",\"potentialAction\":[{\"@type\":\"ReadAction\",\"target\":[\"https:\/\/psol50.org.br\/setorial-da-negritude-do-psol-lanca-campanha-carnaval-sem-racismo\/\"]}]},{\"@type\":\"ImageObject\",\"inLanguage\":\"pt-BR\",\"@id\":\"https:\/\/psol50.org.br\/setorial-da-negritude-do-psol-lanca-campanha-carnaval-sem-racismo\/#primaryimage\",\"url\":\"https:\/\/psol50.org.br\/inc\/uploads\/2024\/04\/IMG_2401-scaled.jpg\",\"contentUrl\":\"https:\/\/psol50.org.br\/inc\/uploads\/2024\/04\/IMG_2401-scaled.jpg\",\"width\":2560,\"height\":1707,\"caption\":\"Foto: Rafaela Ara\u00fajo\"},{\"@type\":\"BreadcrumbList\",\"@id\":\"https:\/\/psol50.org.br\/setorial-da-negritude-do-psol-lanca-campanha-carnaval-sem-racismo\/#breadcrumb\",\"itemListElement\":[{\"@type\":\"ListItem\",\"position\":1,\"name\":\"In\u00edcio\",\"item\":\"https:\/\/psol50.org.br\/\"},{\"@type\":\"ListItem\",\"position\":2,\"name\":\"Setorial da Negritude do PSOL lan\u00e7a campanha Carnaval Sem Racismo\"}]},{\"@type\":\"WebSite\",\"@id\":\"https:\/\/psol50.org.br\/#website\",\"url\":\"https:\/\/psol50.org.br\/\",\"name\":\"PSOL 50\",\"description\":\"Site oficial do Partido Socialismo e Liberdade\",\"publisher\":{\"@id\":\"https:\/\/psol50.org.br\/#organization\"},\"alternateName\":\"PSOL50\",\"potentialAction\":[{\"@type\":\"SearchAction\",\"target\":{\"@type\":\"EntryPoint\",\"urlTemplate\":\"https:\/\/psol50.org.br\/?s={search_term_string}\"},\"query-input\":{\"@type\":\"PropertyValueSpecification\",\"valueRequired\":true,\"valueName\":\"search_term_string\"}}],\"inLanguage\":\"pt-BR\"},{\"@type\":\"Organization\",\"@id\":\"https:\/\/psol50.org.br\/#organization\",\"name\":\"PSOL 50\",\"alternateName\":\"PSOL 50\",\"url\":\"https:\/\/psol50.org.br\/\",\"logo\":{\"@type\":\"ImageObject\",\"inLanguage\":\"pt-BR\",\"@id\":\"https:\/\/psol50.org.br\/#\/schema\/logo\/image\/\",\"url\":\"https:\/\/psol50.org.br\/inc\/uploads\/2018\/07\/capa.png\",\"contentUrl\":\"https:\/\/psol50.org.br\/inc\/uploads\/2018\/07\/capa.png\",\"width\":1350,\"height\":900,\"caption\":\"PSOL 50\"},\"image\":{\"@id\":\"https:\/\/psol50.org.br\/#\/schema\/logo\/image\/\"},\"sameAs\":[\"https:\/\/www.facebook.com\/psol50\",\"https:\/\/x.com\/psol50\",\"https:\/\/www.instagram.com\/psol50\/\",\"https:\/\/www.youtube.com\/channel\/UC7SnJS5o1os7a6CaiNabzcg\"]},{\"@type\":\"Person\",\"@id\":\"https:\/\/psol50.org.br\/#\/schema\/person\/475dfa57d0b815993c714c2e96491fcd\",\"name\":\"Comunica\u00e7\u00e3o PSOL\",\"image\":{\"@type\":\"ImageObject\",\"inLanguage\":\"pt-BR\",\"@id\":\"https:\/\/psol50.org.br\/#\/schema\/person\/image\/\",\"url\":\"https:\/\/secure.gravatar.com\/avatar\/b34fc4f4e468a4e51785917065a3db57b841f5c95dba6ad8c73aaf8f66f8f9bf?s=96&d=mm&r=g\",\"contentUrl\":\"https:\/\/secure.gravatar.com\/avatar\/b34fc4f4e468a4e51785917065a3db57b841f5c95dba6ad8c73aaf8f66f8f9bf?s=96&d=mm&r=g\",\"caption\":\"Comunica\u00e7\u00e3o PSOL\"}}]}<\/script>\n<!-- \/ Yoast SEO plugin. -->","yoast_head_json":{"title":"Setorial da Negritude do PSOL lan\u00e7a campanha Carnaval Sem Racismo","description":"Setorial da Negritude do PSOL lan\u00e7a a campanha Carnaval Sem Racismo para denunciar a viol\u00eancia racista, combater a apropria\u00e7\u00e3o cultural e valorizar o protagonismo da popula\u00e7\u00e3o negra na maior festa popular do Brasil.","robots":{"index":"index","follow":"follow","max-snippet":"max-snippet:-1","max-image-preview":"max-image-preview:large","max-video-preview":"max-video-preview:-1"},"canonical":"https:\/\/psol50.org.br\/setorial-da-negritude-do-psol-lanca-campanha-carnaval-sem-racismo\/","og_locale":"pt_BR","og_type":"article","og_title":"Setorial da Negritude do PSOL lan\u00e7a campanha Carnaval Sem Racismo","og_description":"Setorial da Negritude do PSOL lan\u00e7a a campanha Carnaval Sem Racismo para denunciar a viol\u00eancia racista, combater a apropria\u00e7\u00e3o cultural e valorizar o protagonismo da popula\u00e7\u00e3o negra na maior festa popular do Brasil.","og_url":"https:\/\/psol50.org.br\/setorial-da-negritude-do-psol-lanca-campanha-carnaval-sem-racismo\/","og_site_name":"PSOL 50","article_publisher":"https:\/\/www.facebook.com\/psol50","article_published_time":"2025-02-27T17:08:54+00:00","article_modified_time":"2025-03-06T17:06:14+00:00","og_image":[{"width":2560,"height":1707,"url":"https:\/\/psol50.org.br\/inc\/uploads\/2024\/04\/IMG_2401-scaled.jpg","type":"image\/jpeg"}],"author":"Comunica\u00e7\u00e3o PSOL","twitter_card":"summary_large_image","twitter_creator":"@psol50","twitter_site":"@psol50","twitter_misc":{"Escrito por":"Comunica\u00e7\u00e3o PSOL","Est. tempo de leitura":"2 minutos"},"schema":{"@context":"https:\/\/schema.org","@graph":[{"@type":"Article","@id":"https:\/\/psol50.org.br\/setorial-da-negritude-do-psol-lanca-campanha-carnaval-sem-racismo\/#article","isPartOf":{"@id":"https:\/\/psol50.org.br\/setorial-da-negritude-do-psol-lanca-campanha-carnaval-sem-racismo\/"},"author":{"name":"Comunica\u00e7\u00e3o PSOL","@id":"https:\/\/psol50.org.br\/#\/schema\/person\/475dfa57d0b815993c714c2e96491fcd"},"headline":"Setorial da Negritude do PSOL lan\u00e7a campanha Carnaval Sem Racismo","datePublished":"2025-02-27T17:08:54+00:00","dateModified":"2025-03-06T17:06:14+00:00","mainEntityOfPage":{"@id":"https:\/\/psol50.org.br\/setorial-da-negritude-do-psol-lanca-campanha-carnaval-sem-racismo\/"},"wordCount":374,"publisher":{"@id":"https:\/\/psol50.org.br\/#organization"},"image":{"@id":"https:\/\/psol50.org.br\/setorial-da-negritude-do-psol-lanca-campanha-carnaval-sem-racismo\/#primaryimage"},"thumbnailUrl":"https:\/\/psol50.org.br\/inc\/uploads\/2024\/04\/IMG_2401-scaled.jpg","keywords":["Not\u00edcias"],"articleSection":["Partido"],"inLanguage":"pt-BR"},{"@type":"WebPage","@id":"https:\/\/psol50.org.br\/setorial-da-negritude-do-psol-lanca-campanha-carnaval-sem-racismo\/","url":"https:\/\/psol50.org.br\/setorial-da-negritude-do-psol-lanca-campanha-carnaval-sem-racismo\/","name":"Setorial da Negritude do PSOL lan\u00e7a campanha Carnaval Sem Racismo","isPartOf":{"@id":"https:\/\/psol50.org.br\/#website"},"primaryImageOfPage":{"@id":"https:\/\/psol50.org.br\/setorial-da-negritude-do-psol-lanca-campanha-carnaval-sem-racismo\/#primaryimage"},"image":{"@id":"https:\/\/psol50.org.br\/setorial-da-negritude-do-psol-lanca-campanha-carnaval-sem-racismo\/#primaryimage"},"thumbnailUrl":"https:\/\/psol50.org.br\/inc\/uploads\/2024\/04\/IMG_2401-scaled.jpg","datePublished":"2025-02-27T17:08:54+00:00","dateModified":"2025-03-06T17:06:14+00:00","description":"Setorial da Negritude do PSOL lan\u00e7a a campanha Carnaval Sem Racismo para denunciar a viol\u00eancia racista, combater a apropria\u00e7\u00e3o cultural e valorizar o protagonismo da popula\u00e7\u00e3o negra na maior festa popular do Brasil.","breadcrumb":{"@id":"https:\/\/psol50.org.br\/setorial-da-negritude-do-psol-lanca-campanha-carnaval-sem-racismo\/#breadcrumb"},"inLanguage":"pt-BR","potentialAction":[{"@type":"ReadAction","target":["https:\/\/psol50.org.br\/setorial-da-negritude-do-psol-lanca-campanha-carnaval-sem-racismo\/"]}]},{"@type":"ImageObject","inLanguage":"pt-BR","@id":"https:\/\/psol50.org.br\/setorial-da-negritude-do-psol-lanca-campanha-carnaval-sem-racismo\/#primaryimage","url":"https:\/\/psol50.org.br\/inc\/uploads\/2024\/04\/IMG_2401-scaled.jpg","contentUrl":"https:\/\/psol50.org.br\/inc\/uploads\/2024\/04\/IMG_2401-scaled.jpg","width":2560,"height":1707,"caption":"Foto: Rafaela Ara\u00fajo"},{"@type":"BreadcrumbList","@id":"https:\/\/psol50.org.br\/setorial-da-negritude-do-psol-lanca-campanha-carnaval-sem-racismo\/#breadcrumb","itemListElement":[{"@type":"ListItem","position":1,"name":"In\u00edcio","item":"https:\/\/psol50.org.br\/"},{"@type":"ListItem","position":2,"name":"Setorial da Negritude do PSOL lan\u00e7a campanha Carnaval Sem Racismo"}]},{"@type":"WebSite","@id":"https:\/\/psol50.org.br\/#website","url":"https:\/\/psol50.org.br\/","name":"PSOL 50","description":"Site oficial do Partido Socialismo e Liberdade","publisher":{"@id":"https:\/\/psol50.org.br\/#organization"},"alternateName":"PSOL50","potentialAction":[{"@type":"SearchAction","target":{"@type":"EntryPoint","urlTemplate":"https:\/\/psol50.org.br\/?s={search_term_string}"},"query-input":{"@type":"PropertyValueSpecification","valueRequired":true,"valueName":"search_term_string"}}],"inLanguage":"pt-BR"},{"@type":"Organization","@id":"https:\/\/psol50.org.br\/#organization","name":"PSOL 50","alternateName":"PSOL 50","url":"https:\/\/psol50.org.br\/","logo":{"@type":"ImageObject","inLanguage":"pt-BR","@id":"https:\/\/psol50.org.br\/#\/schema\/logo\/image\/","url":"https:\/\/psol50.org.br\/inc\/uploads\/2018\/07\/capa.png","contentUrl":"https:\/\/psol50.org.br\/inc\/uploads\/2018\/07\/capa.png","width":1350,"height":900,"caption":"PSOL 50"},"image":{"@id":"https:\/\/psol50.org.br\/#\/schema\/logo\/image\/"},"sameAs":["https:\/\/www.facebook.com\/psol50","https:\/\/x.com\/psol50","https:\/\/www.instagram.com\/psol50\/","https:\/\/www.youtube.com\/channel\/UC7SnJS5o1os7a6CaiNabzcg"]},{"@type":"Person","@id":"https:\/\/psol50.org.br\/#\/schema\/person\/475dfa57d0b815993c714c2e96491fcd","name":"Comunica\u00e7\u00e3o PSOL","image":{"@type":"ImageObject","inLanguage":"pt-BR","@id":"https:\/\/psol50.org.br\/#\/schema\/person\/image\/","url":"https:\/\/secure.gravatar.com\/avatar\/b34fc4f4e468a4e51785917065a3db57b841f5c95dba6ad8c73aaf8f66f8f9bf?s=96&d=mm&r=g","contentUrl":"https:\/\/secure.gravatar.com\/avatar\/b34fc4f4e468a4e51785917065a3db57b841f5c95dba6ad8c73aaf8f66f8f9bf?s=96&d=mm&r=g","caption":"Comunica\u00e7\u00e3o PSOL"}}]}},"_links":{"self":[{"href":"https:\/\/psol50.org.br\/rest\/wp\/v2\/posts\/40774","targetHints":{"allow":["GET"]}}],"collection":[{"href":"https:\/\/psol50.org.br\/rest\/wp\/v2\/posts"}],"about":[{"href":"https:\/\/psol50.org.br\/rest\/wp\/v2\/types\/post"}],"author":[{"embeddable":true,"href":"https:\/\/psol50.org.br\/rest\/wp\/v2\/users\/2"}],"replies":[{"embeddable":true,"href":"https:\/\/psol50.org.br\/rest\/wp\/v2\/comments?post=40774"}],"version-history":[{"count":2,"href":"https:\/\/psol50.org.br\/rest\/wp\/v2\/posts\/40774\/revisions"}],"predecessor-version":[{"id":40776,"href":"https:\/\/psol50.org.br\/rest\/wp\/v2\/posts\/40774\/revisions\/40776"}],"wp:featuredmedia":[{"embeddable":true,"href":"https:\/\/psol50.org.br\/rest\/wp\/v2\/media\/39470"}],"wp:attachment":[{"href":"https:\/\/psol50.org.br\/rest\/wp\/v2\/media?parent=40774"}],"wp:term":[{"taxonomy":"category","embeddable":true,"href":"https:\/\/psol50.org.br\/rest\/wp\/v2\/categories?post=40774"},{"taxonomy":"post_tag","embeddable":true,"href":"https:\/\/psol50.org.br\/rest\/wp\/v2\/tags?post=40774"}],"curies":[{"name":"wp","href":"https:\/\/api.w.org\/{rel}","templated":true}]}}