{"id":4078,"date":"2013-03-07T16:58:24","date_gmt":"2013-03-07T16:58:24","guid":{"rendered":"http:\/\/179.190.55.146\/~psol5185\/?p=4078"},"modified":"2013-03-07T16:58:24","modified_gmt":"2013-03-07T16:58:24","slug":"reuniao-da-executiva-aprova-resolucao-com-plano-de-lutas-para-as-proximas-acoes-do-psol","status":"publish","type":"post","link":"https:\/\/psol50.org.br\/reuniao-da-executiva-aprova-resolucao-com-plano-de-lutas-para-as-proximas-acoes-do-psol\/","title":{"rendered":"Reuni\u00e3o da Executiva aprova resolu\u00e7\u00e3o com plano de lutas para as pr\u00f3ximas a\u00e7\u00f5es do PSOL"},"content":{"rendered":"<div id=\"blocoDadosPrint\"><span id=\"Data\" class=\"dataPrint\"><\/span>Os integrantes da Executiva Nacional do PSOL que participaram da reuni\u00e3o na \u00faltima segunda-feira (04) tamb\u00e9m aprovaram uma resolu\u00e7\u00e3o que fala sobre as a\u00e7\u00f5es do partido nos pr\u00f3ximos meses. O documento do plano de lutas, aprovado por unanimidade, faz um balan\u00e7o amplo da conjuntura, afirmando que \u201ca crise econ\u00f4mica mundial tamb\u00e9m atinge o Brasil, como demonstra a estagna\u00e7\u00e3o econ\u00f4mica de 2002 e a retra\u00e7\u00e3o da produ\u00e7\u00e3o industrial e que as medidas do governo contra a crise est\u00e3o centradas nas privatiza\u00e7\u00f5es dos portos, aeroportos, ferrovias, arrocho salarial dos servidores p\u00fablicos, das pens\u00f5es e aposentadorias e a continuidade da aus\u00eancia de investimentos em sa\u00fade e educa\u00e7\u00e3o p\u00fablicas\u201d.<\/p>\n<p>Em rela\u00e7\u00e3o ao cen\u00e1rio pol\u00edtico envolvendo o governo federal, o texto critica o aprofundamento das alian\u00e7as firmadas pelo PT. \u201cO PT e o PMDB renovaram sua alian\u00e7a, inclusive com a elei\u00e7\u00e3o de Renan Calheiros para presid\u00eancia do Senado, o que tem levado \u00e0 continuidade do rep\u00fadio a esta escolha, por parte de amplos setores da sociedade atual\u201d.<\/p>\n<p>Para enfrentar esse cen\u00e1rio de ataques contra os trabalhadores, a resolu\u00e7\u00e3o aprovada afirma que o PSOL deve realizar uma campanha com a\u00e7\u00f5es concretas de apoio \u00e0s lutas de resist\u00eancia dos trabalhadores, \u00e0s greves que ocorrerem e tamb\u00e9m \u00e0 marcha prevista para a \u00faltima semana de abril. Al\u00e9m disso, \u00e9 preciso fazer um movimento nacional contra as privatiza\u00e7\u00f5es, denunciando que o governo Dilma d\u00e1 continuidade \u00e0 pol\u00edtica do PSDB e de FHC de apoio aos grandes monop\u00f3lios privados. \u201cImpulsionar a campanha Fora Renan, com permanente denuncia deste pol\u00edtico corrupto por nossos parlamentares. O PSOL deve fazer uma intensa campanha de publicidade pelo Fora Renan, com cartazes, panfletos, adesivos, e no programa nacional do partido que ser\u00e1 veiculado em abril\u201d, afirma a resolu\u00e7\u00e3o de Plano de lutas.<\/p>\n<p>Confira abaixo a resolu\u00e7\u00e3o completa.<\/p>\n<p><strong>Resolu\u00e7\u00e3o DE Plano de lutas<\/strong><\/p>\n<p>Foi aprovado por unanimidade o seguinte texto:<\/p>\n<p>Considerando<br \/>\n1)\u00a0\u00a0\u00a0\u00a0\u00a0\u00a0\u00a0\u00a0 Que a crise econ\u00f4mica mundial tamb\u00e9m atinge o Brasil, como demonstra a estagna\u00e7\u00e3o econ\u00f4mica de 2002 e a retra\u00e7\u00e3o da produ\u00e7\u00e3o industrial.<\/p>\n<p>2)\u00a0\u00a0\u00a0\u00a0\u00a0\u00a0\u00a0\u00a0 Que as medidas do governo contra a crise est\u00e3o centradas nas privatiza\u00e7\u00f5es dos portos, aeroportos, ferrovias, arrocho salarial dos servidores p\u00fablicos, das pens\u00f5es e aposentadorias e a continuidade da aus\u00eancia de investimentos em sa\u00fade e educa\u00e7\u00e3o p\u00fablicas.<\/p>\n<p>3)\u00a0\u00a0\u00a0\u00a0\u00a0\u00a0\u00a0\u00a0 Que a patronal segue com sua pol\u00edtica de arrocho salarial e ataque aos direitos dos trabalhadores para reduzir seus custos de produ\u00e7\u00e3o.<\/p>\n<p>4)\u00a0\u00a0\u00a0\u00a0\u00a0\u00a0\u00a0\u00a0 Que o governo federal, articula, junto com governos estaduais e municipais da burguesia aumento de tarifas publicas, em especial das tarifas de transporte coletivo.<\/p>\n<p>5)\u00a0\u00a0\u00a0\u00a0\u00a0\u00a0\u00a0\u00a0 Que o PT e o PMDB renovaram sua alian\u00e7a, inclusive com a elei\u00e7\u00e3o de Renan Calheiros para presid\u00eancia do Senado, o que tem levado \u00e0 continuidade do rep\u00fadio a esta escolha, por parte de amplos setores da sociedade atual.<\/p>\n<p>A Executiva do PSOL resolve:<\/p>\n<p>1)\u00a0\u00a0\u00a0\u00a0\u00a0\u00a0\u00a0\u00a0 Realizar uma campanha com a\u00e7\u00f5es concretas de apoio \u00e0s lutas de resist\u00eancia dos trabalhadores, \u00e0s greves que ocorrem e a marcha do dia 24<strong>\u00a0e\u00a0<\/strong>25 de abril<br \/>\n2)\u00a0\u00a0\u00a0\u00a0\u00a0\u00a0\u00a0\u00a0 Fazer um movimento nacional contra as privatiza\u00e7\u00f5es, denunciando que o governo Dilma est\u00e1 dando continuidade \u00e0 pol\u00edtica do PSDB e de FHC de apoio aos grandes monop\u00f3lios privados.<br \/>\n3)\u00a0\u00a0\u00a0\u00a0\u00a0\u00a0\u00a0\u00a0 Realizar uma campanha contra a pol\u00edtica de retirada de direitos trabalhistas que hoje se expressa no Acordo Coletivo Especial, tendo essa quest\u00e3o como uma das centrais no 1\u00ba de Maio.<br \/>\n4)\u00a0\u00a0\u00a0\u00a0\u00a0\u00a0\u00a0\u00a0 Intensificar a campanha pela anula\u00e7\u00e3o da reforma da previd\u00eancia.<br \/>\n5)\u00a0\u00a0\u00a0\u00a0\u00a0\u00a0\u00a0\u00a0 Incentivar e contribuir na organiza\u00e7\u00e3o de protestos e manifesta\u00e7\u00f5es contra o aumento das tarifas publicas<br \/>\n6)\u00a0\u00a0\u00a0\u00a0\u00a0\u00a0\u00a0\u00a0 Impulsionar a campanha Fora Renan, com permanente denuncia deste pol\u00edtico corrupto por nossos parlamentares. O PSOL deve fazer uma intensa campanha de publicidade pelo Fora Renan, com cartazes, panfletos, adesivos, e no programa nacional do partido que ser\u00e1 veiculado em abril.<\/div>\n<div class=\"txtPrint\"><span id=\"Texto\"><br \/>\n<\/span><\/p>\n<p><span id=\"Fonte\"><strong>Fonte: Site do PSOL &#8211; Leonor Costa<\/strong><\/span><\/div>\n","protected":false},"excerpt":{"rendered":"<p>Os integrantes da Executiva Nacional do PSOL que participaram da reuni\u00e3o na \u00faltima segunda-feira (04) tamb\u00e9m aprovaram uma resolu\u00e7\u00e3o que fala sobre as a\u00e7\u00f5es do partido nos pr\u00f3ximos meses. O documento do plano de lutas, aprovado por unanimidade, faz um balan\u00e7o amplo da conjuntura, afirmando que \u201ca crise econ\u00f4mica mundial tamb\u00e9m atinge o Brasil, como [&hellip;]<\/p>\n","protected":false},"author":2,"featured_media":0,"comment_status":"open","ping_status":"open","sticky":false,"template":"","format":"standard","meta":{"_acf_changed":false,"footnotes":""},"categories":[72],"tags":[22],"class_list":{"0":"post-4078","1":"post","2":"type-post","3":"status-publish","4":"format-standard","6":"category-resolucoes","7":"tag-psol"},"acf":[],"yoast_head":"<!-- This site is optimized with the Yoast SEO plugin v26.5 - https:\/\/yoast.com\/wordpress\/plugins\/seo\/ -->\n<title>Reuni\u00e3o da Executiva aprova resolu\u00e7\u00e3o com plano de lutas para as pr\u00f3ximas a\u00e7\u00f5es do PSOL - PSOL 50<\/title>\n<meta name=\"robots\" content=\"index, follow, max-snippet:-1, max-image-preview:large, max-video-preview:-1\" \/>\n<link rel=\"canonical\" href=\"https:\/\/psol50.org.br\/reuniao-da-executiva-aprova-resolucao-com-plano-de-lutas-para-as-proximas-acoes-do-psol\/\" \/>\n<meta property=\"og:locale\" content=\"pt_BR\" \/>\n<meta property=\"og:type\" content=\"article\" \/>\n<meta property=\"og:title\" content=\"Reuni\u00e3o da Executiva aprova resolu\u00e7\u00e3o com plano de lutas para as pr\u00f3ximas a\u00e7\u00f5es do PSOL - PSOL 50\" \/>\n<meta property=\"og:description\" content=\"Os integrantes da Executiva Nacional do PSOL que participaram da reuni\u00e3o na \u00faltima segunda-feira (04) tamb\u00e9m aprovaram uma resolu\u00e7\u00e3o que fala sobre as a\u00e7\u00f5es do partido nos pr\u00f3ximos meses. O documento do plano de lutas, aprovado por unanimidade, faz um balan\u00e7o amplo da conjuntura, afirmando que \u201ca crise econ\u00f4mica mundial tamb\u00e9m atinge o Brasil, como [&hellip;]\" \/>\n<meta property=\"og:url\" content=\"https:\/\/psol50.org.br\/reuniao-da-executiva-aprova-resolucao-com-plano-de-lutas-para-as-proximas-acoes-do-psol\/\" \/>\n<meta property=\"og:site_name\" content=\"PSOL 50\" \/>\n<meta property=\"article:publisher\" content=\"https:\/\/www.facebook.com\/psol50\" \/>\n<meta property=\"article:published_time\" content=\"2013-03-07T16:58:24+00:00\" \/>\n<meta property=\"og:image\" content=\"https:\/\/psol50.org.br\/inc\/uploads\/2018\/07\/capa.png\" \/>\n\t<meta property=\"og:image:width\" content=\"1350\" \/>\n\t<meta property=\"og:image:height\" content=\"900\" \/>\n\t<meta property=\"og:image:type\" content=\"image\/png\" \/>\n<meta name=\"author\" content=\"Comunica\u00e7\u00e3o PSOL\" \/>\n<meta name=\"twitter:card\" content=\"summary_large_image\" \/>\n<meta name=\"twitter:creator\" content=\"@psol50\" \/>\n<meta name=\"twitter:site\" content=\"@psol50\" \/>\n<meta name=\"twitter:label1\" content=\"Escrito por\" \/>\n\t<meta name=\"twitter:data1\" content=\"Comunica\u00e7\u00e3o PSOL\" \/>\n\t<meta name=\"twitter:label2\" content=\"Est. tempo de leitura\" \/>\n\t<meta name=\"twitter:data2\" content=\"3 minutos\" \/>\n<script type=\"application\/ld+json\" class=\"yoast-schema-graph\">{\"@context\":\"https:\/\/schema.org\",\"@graph\":[{\"@type\":\"Article\",\"@id\":\"https:\/\/psol50.org.br\/reuniao-da-executiva-aprova-resolucao-com-plano-de-lutas-para-as-proximas-acoes-do-psol\/#article\",\"isPartOf\":{\"@id\":\"https:\/\/psol50.org.br\/reuniao-da-executiva-aprova-resolucao-com-plano-de-lutas-para-as-proximas-acoes-do-psol\/\"},\"author\":{\"name\":\"Comunica\u00e7\u00e3o PSOL\",\"@id\":\"https:\/\/psol50.org.br\/#\/schema\/person\/475dfa57d0b815993c714c2e96491fcd\"},\"headline\":\"Reuni\u00e3o da Executiva aprova resolu\u00e7\u00e3o com plano de lutas para as pr\u00f3ximas a\u00e7\u00f5es do PSOL\",\"datePublished\":\"2013-03-07T16:58:24+00:00\",\"mainEntityOfPage\":{\"@id\":\"https:\/\/psol50.org.br\/reuniao-da-executiva-aprova-resolucao-com-plano-de-lutas-para-as-proximas-acoes-do-psol\/\"},\"wordCount\":692,\"commentCount\":0,\"publisher\":{\"@id\":\"https:\/\/psol50.org.br\/#organization\"},\"keywords\":[\"PSOL\"],\"articleSection\":[\"Resolu\u00e7\u00f5es\"],\"inLanguage\":\"pt-BR\",\"potentialAction\":[{\"@type\":\"CommentAction\",\"name\":\"Comment\",\"target\":[\"https:\/\/psol50.org.br\/reuniao-da-executiva-aprova-resolucao-com-plano-de-lutas-para-as-proximas-acoes-do-psol\/#respond\"]}]},{\"@type\":\"WebPage\",\"@id\":\"https:\/\/psol50.org.br\/reuniao-da-executiva-aprova-resolucao-com-plano-de-lutas-para-as-proximas-acoes-do-psol\/\",\"url\":\"https:\/\/psol50.org.br\/reuniao-da-executiva-aprova-resolucao-com-plano-de-lutas-para-as-proximas-acoes-do-psol\/\",\"name\":\"Reuni\u00e3o da Executiva aprova resolu\u00e7\u00e3o com plano de lutas para as pr\u00f3ximas a\u00e7\u00f5es do PSOL - PSOL 50\",\"isPartOf\":{\"@id\":\"https:\/\/psol50.org.br\/#website\"},\"datePublished\":\"2013-03-07T16:58:24+00:00\",\"breadcrumb\":{\"@id\":\"https:\/\/psol50.org.br\/reuniao-da-executiva-aprova-resolucao-com-plano-de-lutas-para-as-proximas-acoes-do-psol\/#breadcrumb\"},\"inLanguage\":\"pt-BR\",\"potentialAction\":[{\"@type\":\"ReadAction\",\"target\":[\"https:\/\/psol50.org.br\/reuniao-da-executiva-aprova-resolucao-com-plano-de-lutas-para-as-proximas-acoes-do-psol\/\"]}]},{\"@type\":\"BreadcrumbList\",\"@id\":\"https:\/\/psol50.org.br\/reuniao-da-executiva-aprova-resolucao-com-plano-de-lutas-para-as-proximas-acoes-do-psol\/#breadcrumb\",\"itemListElement\":[{\"@type\":\"ListItem\",\"position\":1,\"name\":\"In\u00edcio\",\"item\":\"https:\/\/psol50.org.br\/\"},{\"@type\":\"ListItem\",\"position\":2,\"name\":\"Reuni\u00e3o da Executiva aprova resolu\u00e7\u00e3o com plano de lutas para as pr\u00f3ximas a\u00e7\u00f5es do PSOL\"}]},{\"@type\":\"WebSite\",\"@id\":\"https:\/\/psol50.org.br\/#website\",\"url\":\"https:\/\/psol50.org.br\/\",\"name\":\"PSOL 50\",\"description\":\"Site oficial do Partido Socialismo e Liberdade\",\"publisher\":{\"@id\":\"https:\/\/psol50.org.br\/#organization\"},\"alternateName\":\"PSOL50\",\"potentialAction\":[{\"@type\":\"SearchAction\",\"target\":{\"@type\":\"EntryPoint\",\"urlTemplate\":\"https:\/\/psol50.org.br\/?s={search_term_string}\"},\"query-input\":{\"@type\":\"PropertyValueSpecification\",\"valueRequired\":true,\"valueName\":\"search_term_string\"}}],\"inLanguage\":\"pt-BR\"},{\"@type\":\"Organization\",\"@id\":\"https:\/\/psol50.org.br\/#organization\",\"name\":\"PSOL 50\",\"alternateName\":\"PSOL 50\",\"url\":\"https:\/\/psol50.org.br\/\",\"logo\":{\"@type\":\"ImageObject\",\"inLanguage\":\"pt-BR\",\"@id\":\"https:\/\/psol50.org.br\/#\/schema\/logo\/image\/\",\"url\":\"https:\/\/psol50.org.br\/inc\/uploads\/2018\/07\/capa.png\",\"contentUrl\":\"https:\/\/psol50.org.br\/inc\/uploads\/2018\/07\/capa.png\",\"width\":1350,\"height\":900,\"caption\":\"PSOL 50\"},\"image\":{\"@id\":\"https:\/\/psol50.org.br\/#\/schema\/logo\/image\/\"},\"sameAs\":[\"https:\/\/www.facebook.com\/psol50\",\"https:\/\/x.com\/psol50\",\"https:\/\/www.instagram.com\/psol50\/\",\"https:\/\/www.youtube.com\/channel\/UC7SnJS5o1os7a6CaiNabzcg\"]},{\"@type\":\"Person\",\"@id\":\"https:\/\/psol50.org.br\/#\/schema\/person\/475dfa57d0b815993c714c2e96491fcd\",\"name\":\"Comunica\u00e7\u00e3o PSOL\",\"image\":{\"@type\":\"ImageObject\",\"inLanguage\":\"pt-BR\",\"@id\":\"https:\/\/psol50.org.br\/#\/schema\/person\/image\/\",\"url\":\"https:\/\/secure.gravatar.com\/avatar\/b34fc4f4e468a4e51785917065a3db57b841f5c95dba6ad8c73aaf8f66f8f9bf?s=96&d=mm&r=g\",\"contentUrl\":\"https:\/\/secure.gravatar.com\/avatar\/b34fc4f4e468a4e51785917065a3db57b841f5c95dba6ad8c73aaf8f66f8f9bf?s=96&d=mm&r=g\",\"caption\":\"Comunica\u00e7\u00e3o PSOL\"}}]}<\/script>\n<!-- \/ Yoast SEO plugin. -->","yoast_head_json":{"title":"Reuni\u00e3o da Executiva aprova resolu\u00e7\u00e3o com plano de lutas para as pr\u00f3ximas a\u00e7\u00f5es do PSOL - PSOL 50","robots":{"index":"index","follow":"follow","max-snippet":"max-snippet:-1","max-image-preview":"max-image-preview:large","max-video-preview":"max-video-preview:-1"},"canonical":"https:\/\/psol50.org.br\/reuniao-da-executiva-aprova-resolucao-com-plano-de-lutas-para-as-proximas-acoes-do-psol\/","og_locale":"pt_BR","og_type":"article","og_title":"Reuni\u00e3o da Executiva aprova resolu\u00e7\u00e3o com plano de lutas para as pr\u00f3ximas a\u00e7\u00f5es do PSOL - PSOL 50","og_description":"Os integrantes da Executiva Nacional do PSOL que participaram da reuni\u00e3o na \u00faltima segunda-feira (04) tamb\u00e9m aprovaram uma resolu\u00e7\u00e3o que fala sobre as a\u00e7\u00f5es do partido nos pr\u00f3ximos meses. O documento do plano de lutas, aprovado por unanimidade, faz um balan\u00e7o amplo da conjuntura, afirmando que \u201ca crise econ\u00f4mica mundial tamb\u00e9m atinge o Brasil, como [&hellip;]","og_url":"https:\/\/psol50.org.br\/reuniao-da-executiva-aprova-resolucao-com-plano-de-lutas-para-as-proximas-acoes-do-psol\/","og_site_name":"PSOL 50","article_publisher":"https:\/\/www.facebook.com\/psol50","article_published_time":"2013-03-07T16:58:24+00:00","og_image":[{"width":1350,"height":900,"url":"https:\/\/psol50.org.br\/inc\/uploads\/2018\/07\/capa.png","type":"image\/png"}],"author":"Comunica\u00e7\u00e3o PSOL","twitter_card":"summary_large_image","twitter_creator":"@psol50","twitter_site":"@psol50","twitter_misc":{"Escrito por":"Comunica\u00e7\u00e3o PSOL","Est. tempo de leitura":"3 minutos"},"schema":{"@context":"https:\/\/schema.org","@graph":[{"@type":"Article","@id":"https:\/\/psol50.org.br\/reuniao-da-executiva-aprova-resolucao-com-plano-de-lutas-para-as-proximas-acoes-do-psol\/#article","isPartOf":{"@id":"https:\/\/psol50.org.br\/reuniao-da-executiva-aprova-resolucao-com-plano-de-lutas-para-as-proximas-acoes-do-psol\/"},"author":{"name":"Comunica\u00e7\u00e3o PSOL","@id":"https:\/\/psol50.org.br\/#\/schema\/person\/475dfa57d0b815993c714c2e96491fcd"},"headline":"Reuni\u00e3o da Executiva aprova resolu\u00e7\u00e3o com plano de lutas para as pr\u00f3ximas a\u00e7\u00f5es do PSOL","datePublished":"2013-03-07T16:58:24+00:00","mainEntityOfPage":{"@id":"https:\/\/psol50.org.br\/reuniao-da-executiva-aprova-resolucao-com-plano-de-lutas-para-as-proximas-acoes-do-psol\/"},"wordCount":692,"commentCount":0,"publisher":{"@id":"https:\/\/psol50.org.br\/#organization"},"keywords":["PSOL"],"articleSection":["Resolu\u00e7\u00f5es"],"inLanguage":"pt-BR","potentialAction":[{"@type":"CommentAction","name":"Comment","target":["https:\/\/psol50.org.br\/reuniao-da-executiva-aprova-resolucao-com-plano-de-lutas-para-as-proximas-acoes-do-psol\/#respond"]}]},{"@type":"WebPage","@id":"https:\/\/psol50.org.br\/reuniao-da-executiva-aprova-resolucao-com-plano-de-lutas-para-as-proximas-acoes-do-psol\/","url":"https:\/\/psol50.org.br\/reuniao-da-executiva-aprova-resolucao-com-plano-de-lutas-para-as-proximas-acoes-do-psol\/","name":"Reuni\u00e3o da Executiva aprova resolu\u00e7\u00e3o com plano de lutas para as pr\u00f3ximas a\u00e7\u00f5es do PSOL - PSOL 50","isPartOf":{"@id":"https:\/\/psol50.org.br\/#website"},"datePublished":"2013-03-07T16:58:24+00:00","breadcrumb":{"@id":"https:\/\/psol50.org.br\/reuniao-da-executiva-aprova-resolucao-com-plano-de-lutas-para-as-proximas-acoes-do-psol\/#breadcrumb"},"inLanguage":"pt-BR","potentialAction":[{"@type":"ReadAction","target":["https:\/\/psol50.org.br\/reuniao-da-executiva-aprova-resolucao-com-plano-de-lutas-para-as-proximas-acoes-do-psol\/"]}]},{"@type":"BreadcrumbList","@id":"https:\/\/psol50.org.br\/reuniao-da-executiva-aprova-resolucao-com-plano-de-lutas-para-as-proximas-acoes-do-psol\/#breadcrumb","itemListElement":[{"@type":"ListItem","position":1,"name":"In\u00edcio","item":"https:\/\/psol50.org.br\/"},{"@type":"ListItem","position":2,"name":"Reuni\u00e3o da Executiva aprova resolu\u00e7\u00e3o com plano de lutas para as pr\u00f3ximas a\u00e7\u00f5es do PSOL"}]},{"@type":"WebSite","@id":"https:\/\/psol50.org.br\/#website","url":"https:\/\/psol50.org.br\/","name":"PSOL 50","description":"Site oficial do Partido Socialismo e Liberdade","publisher":{"@id":"https:\/\/psol50.org.br\/#organization"},"alternateName":"PSOL50","potentialAction":[{"@type":"SearchAction","target":{"@type":"EntryPoint","urlTemplate":"https:\/\/psol50.org.br\/?s={search_term_string}"},"query-input":{"@type":"PropertyValueSpecification","valueRequired":true,"valueName":"search_term_string"}}],"inLanguage":"pt-BR"},{"@type":"Organization","@id":"https:\/\/psol50.org.br\/#organization","name":"PSOL 50","alternateName":"PSOL 50","url":"https:\/\/psol50.org.br\/","logo":{"@type":"ImageObject","inLanguage":"pt-BR","@id":"https:\/\/psol50.org.br\/#\/schema\/logo\/image\/","url":"https:\/\/psol50.org.br\/inc\/uploads\/2018\/07\/capa.png","contentUrl":"https:\/\/psol50.org.br\/inc\/uploads\/2018\/07\/capa.png","width":1350,"height":900,"caption":"PSOL 50"},"image":{"@id":"https:\/\/psol50.org.br\/#\/schema\/logo\/image\/"},"sameAs":["https:\/\/www.facebook.com\/psol50","https:\/\/x.com\/psol50","https:\/\/www.instagram.com\/psol50\/","https:\/\/www.youtube.com\/channel\/UC7SnJS5o1os7a6CaiNabzcg"]},{"@type":"Person","@id":"https:\/\/psol50.org.br\/#\/schema\/person\/475dfa57d0b815993c714c2e96491fcd","name":"Comunica\u00e7\u00e3o PSOL","image":{"@type":"ImageObject","inLanguage":"pt-BR","@id":"https:\/\/psol50.org.br\/#\/schema\/person\/image\/","url":"https:\/\/secure.gravatar.com\/avatar\/b34fc4f4e468a4e51785917065a3db57b841f5c95dba6ad8c73aaf8f66f8f9bf?s=96&d=mm&r=g","contentUrl":"https:\/\/secure.gravatar.com\/avatar\/b34fc4f4e468a4e51785917065a3db57b841f5c95dba6ad8c73aaf8f66f8f9bf?s=96&d=mm&r=g","caption":"Comunica\u00e7\u00e3o PSOL"}}]}},"_links":{"self":[{"href":"https:\/\/psol50.org.br\/rest\/wp\/v2\/posts\/4078","targetHints":{"allow":["GET"]}}],"collection":[{"href":"https:\/\/psol50.org.br\/rest\/wp\/v2\/posts"}],"about":[{"href":"https:\/\/psol50.org.br\/rest\/wp\/v2\/types\/post"}],"author":[{"embeddable":true,"href":"https:\/\/psol50.org.br\/rest\/wp\/v2\/users\/2"}],"replies":[{"embeddable":true,"href":"https:\/\/psol50.org.br\/rest\/wp\/v2\/comments?post=4078"}],"version-history":[{"count":0,"href":"https:\/\/psol50.org.br\/rest\/wp\/v2\/posts\/4078\/revisions"}],"wp:attachment":[{"href":"https:\/\/psol50.org.br\/rest\/wp\/v2\/media?parent=4078"}],"wp:term":[{"taxonomy":"category","embeddable":true,"href":"https:\/\/psol50.org.br\/rest\/wp\/v2\/categories?post=4078"},{"taxonomy":"post_tag","embeddable":true,"href":"https:\/\/psol50.org.br\/rest\/wp\/v2\/tags?post=4078"}],"curies":[{"name":"wp","href":"https:\/\/api.w.org\/{rel}","templated":true}]}}