{"id":40794,"date":"2025-03-07T15:56:00","date_gmt":"2025-03-07T18:56:00","guid":{"rendered":"https:\/\/psol50.org.br\/?p=40794"},"modified":"2025-03-10T15:19:12","modified_gmt":"2025-03-10T18:19:12","slug":"psol-saunas-de-aula","status":"publish","type":"post","link":"https:\/\/psol50.org.br\/psol-saunas-de-aula\/","title":{"rendered":"Parlamentares do PSOL prop\u00f5em medidas para combater o calor extremo nas escolas"},"content":{"rendered":"<p>Parlamentares do PSOL das tr\u00eas esferas de governo (municipal, estadual e federal) t\u00eam proposto nos \u00faltimos dias uma s\u00e9rie de medidas para enfrentar os efeitos do calor extremo nas salas de aula por todo o pa\u00eds. De forma geral, os vereadores e deputados do partido t\u00eam trabalhado pela constru\u00e7\u00e3o de planos de adapta\u00e7\u00e3o clim\u00e1tica para as escolas e creches.<\/p>\n<p>Os deputados federais do PSOL que tomaram a dianteira da iniciativa foram a Professora Luciene Cavalcante e Glauber Braga. Os deputados estaduais L\u00edvia Duarte (Par\u00e1), Fl\u00e1vio Serafini (Rio de Janeiro) e Carlos Giannazi (S\u00e3o Paulo), assim como os vereadores Fernanda Souto (Campinas-SP), Amanda Paschoal e Celso Giannazi (S\u00e3o Paulo), tamb\u00e9m apresentaram propostas e cobran\u00e7as ao Poder Executivo para que as escolas sejam preparadas para os extremos clim\u00e1ticos.<\/p>\n<p>Luciene Cavalcante, Carlos e Celso Giannazi acionaram a Justi\u00e7a para que o governador de S\u00e3o Paulo, Tarc\u00edsio de Freitas, e o prefeito da capital, Ricardo Nunes, apresentem um plano emergencial de climatiza\u00e7\u00e3o nas escolas da rede p\u00fablica.<\/p>\n<p>Glauber Braga tem atuado para que o governo federal promova investimentos em infraestrutura t\u00e9rmica para escolas em todo o pa\u00eds.<\/p>\n<p>L\u00edvia Duarte e Fl\u00e1vio Serafini apresentaram projetos para que os governos do Par\u00e1 e do Rio de Janeiro sejam obrigados a instalar ar condicionado nas salas de aula das escolas do Estado.<\/p>\n<p>Amanda Paschoal apresentou o Projeto de Lei que institui o Plano Emergencial de Adapta\u00e7\u00e3o Clim\u00e1tica nas unidades de ensino do Munic\u00edpio de S\u00e3o Paulo. O projeto prev\u00ea a instala\u00e7\u00e3o obrigat\u00f3ria de sistemas de climatiza\u00e7\u00e3o em todas as salas de aula, disponibiliza\u00e7\u00e3o de \u00e1gua refrigerada durante ondas de calor e amplia\u00e7\u00e3o de \u00e1reas verdes nas unidades de ensino. Al\u00e9m disso, a proposta tamb\u00e9m exige adequa\u00e7\u00e3o estrutural para reduzir os impactos de enchentes e deslizamentos, frequentes em regi\u00f5es perif\u00e9ricas da cidade.<\/p>\n<p>J\u00e1 Fernanda Souto questionou o prefeito de Campinas (SP) sobre quais s\u00e3o as a\u00e7\u00f5es emergenciais que est\u00e3o sendo realizadas para minimizar o calor nas unidades escolares e de sa\u00fade.<\/p>\n","protected":false},"excerpt":{"rendered":"<p>Parlamentares do PSOL das tr\u00eas esferas de governo (municipal, estadual e federal) t\u00eam proposto nos \u00faltimos dias uma s\u00e9rie de medidas para enfrentar os efeitos do calor extremo nas salas de aula por todo o pa\u00eds. De forma geral, os vereadores e deputados do partido t\u00eam trabalhado pela constru\u00e7\u00e3o de planos de adapta\u00e7\u00e3o clim\u00e1tica para [&hellip;]<\/p>\n","protected":false},"author":2,"featured_media":40798,"comment_status":"closed","ping_status":"open","sticky":false,"template":"","format":"standard","meta":{"_acf_changed":false,"footnotes":""},"categories":[10],"tags":[4825],"class_list":{"0":"post-40794","1":"post","2":"type-post","3":"status-publish","4":"format-standard","5":"has-post-thumbnail","7":"category-acao-parlamentares","8":"tag-noticias"},"acf":[],"yoast_head":"<!-- This site is optimized with the Yoast SEO plugin v26.5 - https:\/\/yoast.com\/wordpress\/plugins\/seo\/ -->\n<title>Parlamentares do PSOL prop\u00f5em medidas para combater o calor extremo nas escolas<\/title>\n<meta name=\"robots\" content=\"index, follow, max-snippet:-1, max-image-preview:large, max-video-preview:-1\" \/>\n<link rel=\"canonical\" href=\"https:\/\/psol50.org.br\/psol-saunas-de-aula\/\" \/>\n<meta property=\"og:locale\" content=\"pt_BR\" \/>\n<meta property=\"og:type\" content=\"article\" \/>\n<meta property=\"og:title\" content=\"Parlamentares do PSOL prop\u00f5em medidas para combater o calor extremo nas escolas\" \/>\n<meta property=\"og:description\" content=\"Parlamentares do PSOL das tr\u00eas esferas de governo (municipal, estadual e federal) t\u00eam proposto nos \u00faltimos dias uma s\u00e9rie de medidas para enfrentar os efeitos do calor extremo nas salas de aula por todo o pa\u00eds. De forma geral, os vereadores e deputados do partido t\u00eam trabalhado pela constru\u00e7\u00e3o de planos de adapta\u00e7\u00e3o clim\u00e1tica para [&hellip;]\" \/>\n<meta property=\"og:url\" content=\"https:\/\/psol50.org.br\/psol-saunas-de-aula\/\" \/>\n<meta property=\"og:site_name\" content=\"PSOL 50\" \/>\n<meta property=\"article:publisher\" content=\"https:\/\/www.facebook.com\/psol50\" \/>\n<meta property=\"article:published_time\" content=\"2025-03-07T18:56:00+00:00\" \/>\n<meta property=\"article:modified_time\" content=\"2025-03-10T18:19:12+00:00\" \/>\n<meta property=\"og:image\" content=\"https:\/\/psol50.org.br\/inc\/uploads\/2025\/03\/Snapinst.app_481583094_18499209925016643_2006914928534034727_n_1080-e1741373736865.jpg\" \/>\n\t<meta property=\"og:image:width\" content=\"1078\" \/>\n\t<meta property=\"og:image:height\" content=\"850\" \/>\n\t<meta property=\"og:image:type\" content=\"image\/jpeg\" \/>\n<meta name=\"author\" content=\"Comunica\u00e7\u00e3o PSOL\" \/>\n<meta name=\"twitter:card\" content=\"summary_large_image\" \/>\n<meta name=\"twitter:creator\" content=\"@psol50\" \/>\n<meta name=\"twitter:site\" content=\"@psol50\" \/>\n<meta name=\"twitter:label1\" content=\"Escrito por\" \/>\n\t<meta name=\"twitter:data1\" content=\"Comunica\u00e7\u00e3o PSOL\" \/>\n\t<meta name=\"twitter:label2\" content=\"Est. tempo de leitura\" \/>\n\t<meta name=\"twitter:data2\" content=\"2 minutos\" \/>\n<script type=\"application\/ld+json\" class=\"yoast-schema-graph\">{\"@context\":\"https:\/\/schema.org\",\"@graph\":[{\"@type\":\"Article\",\"@id\":\"https:\/\/psol50.org.br\/psol-saunas-de-aula\/#article\",\"isPartOf\":{\"@id\":\"https:\/\/psol50.org.br\/psol-saunas-de-aula\/\"},\"author\":{\"name\":\"Comunica\u00e7\u00e3o PSOL\",\"@id\":\"https:\/\/psol50.org.br\/#\/schema\/person\/475dfa57d0b815993c714c2e96491fcd\"},\"headline\":\"Parlamentares do PSOL prop\u00f5em medidas para combater o calor extremo nas escolas\",\"datePublished\":\"2025-03-07T18:56:00+00:00\",\"dateModified\":\"2025-03-10T18:19:12+00:00\",\"mainEntityOfPage\":{\"@id\":\"https:\/\/psol50.org.br\/psol-saunas-de-aula\/\"},\"wordCount\":378,\"publisher\":{\"@id\":\"https:\/\/psol50.org.br\/#organization\"},\"image\":{\"@id\":\"https:\/\/psol50.org.br\/psol-saunas-de-aula\/#primaryimage\"},\"thumbnailUrl\":\"https:\/\/psol50.org.br\/inc\/uploads\/2025\/03\/Snapinst.app_481583094_18499209925016643_2006914928534034727_n_1080-e1741373736865.jpg\",\"keywords\":[\"Not\u00edcias\"],\"articleSection\":[\"A\u00e7\u00e3o Parlamentar\"],\"inLanguage\":\"pt-BR\"},{\"@type\":\"WebPage\",\"@id\":\"https:\/\/psol50.org.br\/psol-saunas-de-aula\/\",\"url\":\"https:\/\/psol50.org.br\/psol-saunas-de-aula\/\",\"name\":\"Parlamentares do PSOL prop\u00f5em medidas para combater o calor extremo nas escolas\",\"isPartOf\":{\"@id\":\"https:\/\/psol50.org.br\/#website\"},\"primaryImageOfPage\":{\"@id\":\"https:\/\/psol50.org.br\/psol-saunas-de-aula\/#primaryimage\"},\"image\":{\"@id\":\"https:\/\/psol50.org.br\/psol-saunas-de-aula\/#primaryimage\"},\"thumbnailUrl\":\"https:\/\/psol50.org.br\/inc\/uploads\/2025\/03\/Snapinst.app_481583094_18499209925016643_2006914928534034727_n_1080-e1741373736865.jpg\",\"datePublished\":\"2025-03-07T18:56:00+00:00\",\"dateModified\":\"2025-03-10T18:19:12+00:00\",\"breadcrumb\":{\"@id\":\"https:\/\/psol50.org.br\/psol-saunas-de-aula\/#breadcrumb\"},\"inLanguage\":\"pt-BR\",\"potentialAction\":[{\"@type\":\"ReadAction\",\"target\":[\"https:\/\/psol50.org.br\/psol-saunas-de-aula\/\"]}]},{\"@type\":\"ImageObject\",\"inLanguage\":\"pt-BR\",\"@id\":\"https:\/\/psol50.org.br\/psol-saunas-de-aula\/#primaryimage\",\"url\":\"https:\/\/psol50.org.br\/inc\/uploads\/2025\/03\/Snapinst.app_481583094_18499209925016643_2006914928534034727_n_1080-e1741373736865.jpg\",\"contentUrl\":\"https:\/\/psol50.org.br\/inc\/uploads\/2025\/03\/Snapinst.app_481583094_18499209925016643_2006914928534034727_n_1080-e1741373736865.jpg\",\"width\":1078,\"height\":850},{\"@type\":\"BreadcrumbList\",\"@id\":\"https:\/\/psol50.org.br\/psol-saunas-de-aula\/#breadcrumb\",\"itemListElement\":[{\"@type\":\"ListItem\",\"position\":1,\"name\":\"In\u00edcio\",\"item\":\"https:\/\/psol50.org.br\/\"},{\"@type\":\"ListItem\",\"position\":2,\"name\":\"Parlamentares do PSOL prop\u00f5em medidas para combater o calor extremo nas escolas\"}]},{\"@type\":\"WebSite\",\"@id\":\"https:\/\/psol50.org.br\/#website\",\"url\":\"https:\/\/psol50.org.br\/\",\"name\":\"PSOL 50\",\"description\":\"Site oficial do Partido Socialismo e Liberdade\",\"publisher\":{\"@id\":\"https:\/\/psol50.org.br\/#organization\"},\"alternateName\":\"PSOL50\",\"potentialAction\":[{\"@type\":\"SearchAction\",\"target\":{\"@type\":\"EntryPoint\",\"urlTemplate\":\"https:\/\/psol50.org.br\/?s={search_term_string}\"},\"query-input\":{\"@type\":\"PropertyValueSpecification\",\"valueRequired\":true,\"valueName\":\"search_term_string\"}}],\"inLanguage\":\"pt-BR\"},{\"@type\":\"Organization\",\"@id\":\"https:\/\/psol50.org.br\/#organization\",\"name\":\"PSOL 50\",\"alternateName\":\"PSOL 50\",\"url\":\"https:\/\/psol50.org.br\/\",\"logo\":{\"@type\":\"ImageObject\",\"inLanguage\":\"pt-BR\",\"@id\":\"https:\/\/psol50.org.br\/#\/schema\/logo\/image\/\",\"url\":\"https:\/\/psol50.org.br\/inc\/uploads\/2018\/07\/capa.png\",\"contentUrl\":\"https:\/\/psol50.org.br\/inc\/uploads\/2018\/07\/capa.png\",\"width\":1350,\"height\":900,\"caption\":\"PSOL 50\"},\"image\":{\"@id\":\"https:\/\/psol50.org.br\/#\/schema\/logo\/image\/\"},\"sameAs\":[\"https:\/\/www.facebook.com\/psol50\",\"https:\/\/x.com\/psol50\",\"https:\/\/www.instagram.com\/psol50\/\",\"https:\/\/www.youtube.com\/channel\/UC7SnJS5o1os7a6CaiNabzcg\"]},{\"@type\":\"Person\",\"@id\":\"https:\/\/psol50.org.br\/#\/schema\/person\/475dfa57d0b815993c714c2e96491fcd\",\"name\":\"Comunica\u00e7\u00e3o PSOL\",\"image\":{\"@type\":\"ImageObject\",\"inLanguage\":\"pt-BR\",\"@id\":\"https:\/\/psol50.org.br\/#\/schema\/person\/image\/\",\"url\":\"https:\/\/secure.gravatar.com\/avatar\/b34fc4f4e468a4e51785917065a3db57b841f5c95dba6ad8c73aaf8f66f8f9bf?s=96&d=mm&r=g\",\"contentUrl\":\"https:\/\/secure.gravatar.com\/avatar\/b34fc4f4e468a4e51785917065a3db57b841f5c95dba6ad8c73aaf8f66f8f9bf?s=96&d=mm&r=g\",\"caption\":\"Comunica\u00e7\u00e3o PSOL\"}}]}<\/script>\n<!-- \/ Yoast SEO plugin. -->","yoast_head_json":{"title":"Parlamentares do PSOL prop\u00f5em medidas para combater o calor extremo nas escolas","robots":{"index":"index","follow":"follow","max-snippet":"max-snippet:-1","max-image-preview":"max-image-preview:large","max-video-preview":"max-video-preview:-1"},"canonical":"https:\/\/psol50.org.br\/psol-saunas-de-aula\/","og_locale":"pt_BR","og_type":"article","og_title":"Parlamentares do PSOL prop\u00f5em medidas para combater o calor extremo nas escolas","og_description":"Parlamentares do PSOL das tr\u00eas esferas de governo (municipal, estadual e federal) t\u00eam proposto nos \u00faltimos dias uma s\u00e9rie de medidas para enfrentar os efeitos do calor extremo nas salas de aula por todo o pa\u00eds. De forma geral, os vereadores e deputados do partido t\u00eam trabalhado pela constru\u00e7\u00e3o de planos de adapta\u00e7\u00e3o clim\u00e1tica para [&hellip;]","og_url":"https:\/\/psol50.org.br\/psol-saunas-de-aula\/","og_site_name":"PSOL 50","article_publisher":"https:\/\/www.facebook.com\/psol50","article_published_time":"2025-03-07T18:56:00+00:00","article_modified_time":"2025-03-10T18:19:12+00:00","og_image":[{"width":1078,"height":850,"url":"https:\/\/psol50.org.br\/inc\/uploads\/2025\/03\/Snapinst.app_481583094_18499209925016643_2006914928534034727_n_1080-e1741373736865.jpg","type":"image\/jpeg"}],"author":"Comunica\u00e7\u00e3o PSOL","twitter_card":"summary_large_image","twitter_creator":"@psol50","twitter_site":"@psol50","twitter_misc":{"Escrito por":"Comunica\u00e7\u00e3o PSOL","Est. tempo de leitura":"2 minutos"},"schema":{"@context":"https:\/\/schema.org","@graph":[{"@type":"Article","@id":"https:\/\/psol50.org.br\/psol-saunas-de-aula\/#article","isPartOf":{"@id":"https:\/\/psol50.org.br\/psol-saunas-de-aula\/"},"author":{"name":"Comunica\u00e7\u00e3o PSOL","@id":"https:\/\/psol50.org.br\/#\/schema\/person\/475dfa57d0b815993c714c2e96491fcd"},"headline":"Parlamentares do PSOL prop\u00f5em medidas para combater o calor extremo nas escolas","datePublished":"2025-03-07T18:56:00+00:00","dateModified":"2025-03-10T18:19:12+00:00","mainEntityOfPage":{"@id":"https:\/\/psol50.org.br\/psol-saunas-de-aula\/"},"wordCount":378,"publisher":{"@id":"https:\/\/psol50.org.br\/#organization"},"image":{"@id":"https:\/\/psol50.org.br\/psol-saunas-de-aula\/#primaryimage"},"thumbnailUrl":"https:\/\/psol50.org.br\/inc\/uploads\/2025\/03\/Snapinst.app_481583094_18499209925016643_2006914928534034727_n_1080-e1741373736865.jpg","keywords":["Not\u00edcias"],"articleSection":["A\u00e7\u00e3o Parlamentar"],"inLanguage":"pt-BR"},{"@type":"WebPage","@id":"https:\/\/psol50.org.br\/psol-saunas-de-aula\/","url":"https:\/\/psol50.org.br\/psol-saunas-de-aula\/","name":"Parlamentares do PSOL prop\u00f5em medidas para combater o calor extremo nas escolas","isPartOf":{"@id":"https:\/\/psol50.org.br\/#website"},"primaryImageOfPage":{"@id":"https:\/\/psol50.org.br\/psol-saunas-de-aula\/#primaryimage"},"image":{"@id":"https:\/\/psol50.org.br\/psol-saunas-de-aula\/#primaryimage"},"thumbnailUrl":"https:\/\/psol50.org.br\/inc\/uploads\/2025\/03\/Snapinst.app_481583094_18499209925016643_2006914928534034727_n_1080-e1741373736865.jpg","datePublished":"2025-03-07T18:56:00+00:00","dateModified":"2025-03-10T18:19:12+00:00","breadcrumb":{"@id":"https:\/\/psol50.org.br\/psol-saunas-de-aula\/#breadcrumb"},"inLanguage":"pt-BR","potentialAction":[{"@type":"ReadAction","target":["https:\/\/psol50.org.br\/psol-saunas-de-aula\/"]}]},{"@type":"ImageObject","inLanguage":"pt-BR","@id":"https:\/\/psol50.org.br\/psol-saunas-de-aula\/#primaryimage","url":"https:\/\/psol50.org.br\/inc\/uploads\/2025\/03\/Snapinst.app_481583094_18499209925016643_2006914928534034727_n_1080-e1741373736865.jpg","contentUrl":"https:\/\/psol50.org.br\/inc\/uploads\/2025\/03\/Snapinst.app_481583094_18499209925016643_2006914928534034727_n_1080-e1741373736865.jpg","width":1078,"height":850},{"@type":"BreadcrumbList","@id":"https:\/\/psol50.org.br\/psol-saunas-de-aula\/#breadcrumb","itemListElement":[{"@type":"ListItem","position":1,"name":"In\u00edcio","item":"https:\/\/psol50.org.br\/"},{"@type":"ListItem","position":2,"name":"Parlamentares do PSOL prop\u00f5em medidas para combater o calor extremo nas escolas"}]},{"@type":"WebSite","@id":"https:\/\/psol50.org.br\/#website","url":"https:\/\/psol50.org.br\/","name":"PSOL 50","description":"Site oficial do Partido Socialismo e Liberdade","publisher":{"@id":"https:\/\/psol50.org.br\/#organization"},"alternateName":"PSOL50","potentialAction":[{"@type":"SearchAction","target":{"@type":"EntryPoint","urlTemplate":"https:\/\/psol50.org.br\/?s={search_term_string}"},"query-input":{"@type":"PropertyValueSpecification","valueRequired":true,"valueName":"search_term_string"}}],"inLanguage":"pt-BR"},{"@type":"Organization","@id":"https:\/\/psol50.org.br\/#organization","name":"PSOL 50","alternateName":"PSOL 50","url":"https:\/\/psol50.org.br\/","logo":{"@type":"ImageObject","inLanguage":"pt-BR","@id":"https:\/\/psol50.org.br\/#\/schema\/logo\/image\/","url":"https:\/\/psol50.org.br\/inc\/uploads\/2018\/07\/capa.png","contentUrl":"https:\/\/psol50.org.br\/inc\/uploads\/2018\/07\/capa.png","width":1350,"height":900,"caption":"PSOL 50"},"image":{"@id":"https:\/\/psol50.org.br\/#\/schema\/logo\/image\/"},"sameAs":["https:\/\/www.facebook.com\/psol50","https:\/\/x.com\/psol50","https:\/\/www.instagram.com\/psol50\/","https:\/\/www.youtube.com\/channel\/UC7SnJS5o1os7a6CaiNabzcg"]},{"@type":"Person","@id":"https:\/\/psol50.org.br\/#\/schema\/person\/475dfa57d0b815993c714c2e96491fcd","name":"Comunica\u00e7\u00e3o PSOL","image":{"@type":"ImageObject","inLanguage":"pt-BR","@id":"https:\/\/psol50.org.br\/#\/schema\/person\/image\/","url":"https:\/\/secure.gravatar.com\/avatar\/b34fc4f4e468a4e51785917065a3db57b841f5c95dba6ad8c73aaf8f66f8f9bf?s=96&d=mm&r=g","contentUrl":"https:\/\/secure.gravatar.com\/avatar\/b34fc4f4e468a4e51785917065a3db57b841f5c95dba6ad8c73aaf8f66f8f9bf?s=96&d=mm&r=g","caption":"Comunica\u00e7\u00e3o PSOL"}}]}},"_links":{"self":[{"href":"https:\/\/psol50.org.br\/rest\/wp\/v2\/posts\/40794","targetHints":{"allow":["GET"]}}],"collection":[{"href":"https:\/\/psol50.org.br\/rest\/wp\/v2\/posts"}],"about":[{"href":"https:\/\/psol50.org.br\/rest\/wp\/v2\/types\/post"}],"author":[{"embeddable":true,"href":"https:\/\/psol50.org.br\/rest\/wp\/v2\/users\/2"}],"replies":[{"embeddable":true,"href":"https:\/\/psol50.org.br\/rest\/wp\/v2\/comments?post=40794"}],"version-history":[{"count":3,"href":"https:\/\/psol50.org.br\/rest\/wp\/v2\/posts\/40794\/revisions"}],"predecessor-version":[{"id":40797,"href":"https:\/\/psol50.org.br\/rest\/wp\/v2\/posts\/40794\/revisions\/40797"}],"wp:featuredmedia":[{"embeddable":true,"href":"https:\/\/psol50.org.br\/rest\/wp\/v2\/media\/40798"}],"wp:attachment":[{"href":"https:\/\/psol50.org.br\/rest\/wp\/v2\/media?parent=40794"}],"wp:term":[{"taxonomy":"category","embeddable":true,"href":"https:\/\/psol50.org.br\/rest\/wp\/v2\/categories?post=40794"},{"taxonomy":"post_tag","embeddable":true,"href":"https:\/\/psol50.org.br\/rest\/wp\/v2\/tags?post=40794"}],"curies":[{"name":"wp","href":"https:\/\/api.w.org\/{rel}","templated":true}]}}