{"id":40799,"date":"2025-03-07T16:55:08","date_gmt":"2025-03-07T19:55:08","guid":{"rendered":"https:\/\/psol50.org.br\/?p=40799"},"modified":"2025-05-21T15:59:04","modified_gmt":"2025-05-21T18:59:04","slug":"acao-do-psol-retoma-na-justica-servico-de-aborto-legal-no-hospital-vila-nova-cachoeirinha","status":"publish","type":"post","link":"https:\/\/psol50.org.br\/acao-do-psol-retoma-na-justica-servico-de-aborto-legal-no-hospital-vila-nova-cachoeirinha\/","title":{"rendered":"A\u00e7\u00e3o do PSOL retoma na Justi\u00e7a servi\u00e7o de aborto legal no Hospital Vila Nova Cachoeirinha"},"content":{"rendered":"<p>A Justi\u00e7a de\u00a0S\u00e3o Paulo acatou nesta semana uma a\u00e7\u00e3o apresentada por parlamentares do PSOL e determinou que a Prefeitura da capital paulista volte a oferecer o servi\u00e7o de aborto legal no Hospital Municipal e Maternidade da Vila Nova Cachoeirinha, na zona norte da cidade.<\/p>\n<p>A decis\u00e3o, da ju\u00edza Simone Gomes Rodrigues Casoretti, da 9\u00aa Vara de Fazenda P\u00fablica do Tribunal de Justi\u00e7a de S\u00e3o Paulo (TJ-SP), foi tomada em resposta \u00e0 a\u00e7\u00e3o protocolada pela deputada federal Luciene Cavalcante, pelo deputado estadual Carlos Giannazi e pelo vereador Celso Giannazi, todos do PSOL. A a\u00e7\u00e3o teve como base of\u00edcios elaborados pela Defensoria P\u00fablica de S\u00e3o Paulo e pela ONG Projeto Vivas.<\/p>\n<p>Os documentos detalham ao menos 15 casos de meninas e mulheres estupradas que ouviram negativas de hospitais indicados pela prefeitura e procuraram o \u00f3rg\u00e3o ou a ONG em busca de ajuda.<\/p>\n<p>O servi\u00e7o no Vila Nova Cachoeirinha foi suspenso em dezembro de 2023 \u2014institui\u00e7\u00e3o era a \u00fanica do servi\u00e7o municipal que realizava abortos legais em idades gestacionais mais avan\u00e7adas, acima de 22 semanas.<\/p>\n<p>&#8220;O Hospital Municipal Vila Nova Cachoeirinha, que h\u00e1 mais de tr\u00eas d\u00e9cadas prestava o servi\u00e7o com qualidade e sem limites para a idade gestacional, era uma refer\u00eancia na \u00e1rea&#8221;, segue a decis\u00e3o.<\/p>\n<p>A magistrada diz ainda que a Prefeitura de S\u00e3o Paulo n\u00e3o apresentou nenhum documento que comprovasse a necessidade de amplia\u00e7\u00e3o de procedimentos relacionados \u00e0 sa\u00fade da mulher no Vila Nova Cachoeirinha em detrimento do servi\u00e7o de aborto legal.<\/p>\n<p>&#8220;Nada impediria a implanta\u00e7\u00e3o de outros atendimentos ginecol\u00f3gicos no Hospital Vila Nova Cachoeirinha sem que fosse suspensa a presta\u00e7\u00e3o do servi\u00e7o de aborto legal, que n\u00e3o foi implementado em outros hospitais municipais da forma como vinha sendo prestado&#8221;, disse a ju\u00edza em sua decis\u00e3o.<\/p>\n","protected":false},"excerpt":{"rendered":"<p>A Justi\u00e7a de\u00a0S\u00e3o Paulo acatou nesta semana uma a\u00e7\u00e3o apresentada por parlamentares do PSOL e determinou que a Prefeitura da capital paulista volte a oferecer o servi\u00e7o de aborto legal no Hospital Municipal e Maternidade da Vila Nova Cachoeirinha, na zona norte da cidade. A decis\u00e3o, da ju\u00edza Simone Gomes Rodrigues Casoretti, da 9\u00aa Vara [&hellip;]<\/p>\n","protected":false},"author":2,"featured_media":38337,"comment_status":"closed","ping_status":"open","sticky":false,"template":"","format":"standard","meta":{"_acf_changed":false,"footnotes":""},"categories":[10,6530],"tags":[6531,4825],"class_list":{"0":"post-40799","1":"post","2":"type-post","3":"status-publish","4":"format-standard","5":"has-post-thumbnail","7":"category-acao-parlamentares","8":"category-acoes-juridicas","9":"tag-acoes-juridicas","10":"tag-noticias"},"acf":[],"yoast_head":"<!-- This site is optimized with the Yoast SEO plugin v26.5 - https:\/\/yoast.com\/wordpress\/plugins\/seo\/ -->\n<title>A\u00e7\u00e3o do PSOL retoma na Justi\u00e7a servi\u00e7o de aborto legal no Hospital Vila Nova Cachoeirinha<\/title>\n<meta name=\"description\" content=\"A\u00e7\u00e3o havia sido protocolada pela deputada federal Luciene Cavalcante, deputado estadual Carlos Giannazi e vereador Celso Giannazi, todos do PSOL.\" \/>\n<meta name=\"robots\" content=\"index, follow, max-snippet:-1, max-image-preview:large, max-video-preview:-1\" \/>\n<link rel=\"canonical\" href=\"https:\/\/psol50.org.br\/acao-do-psol-retoma-na-justica-servico-de-aborto-legal-no-hospital-vila-nova-cachoeirinha\/\" \/>\n<meta property=\"og:locale\" content=\"pt_BR\" \/>\n<meta property=\"og:type\" content=\"article\" \/>\n<meta property=\"og:title\" content=\"A\u00e7\u00e3o do PSOL retoma na Justi\u00e7a servi\u00e7o de aborto legal no Hospital Vila Nova Cachoeirinha\" \/>\n<meta property=\"og:description\" content=\"A\u00e7\u00e3o havia sido protocolada pela deputada federal Luciene Cavalcante, deputado estadual Carlos Giannazi e vereador Celso Giannazi, todos do PSOL.\" \/>\n<meta property=\"og:url\" content=\"https:\/\/psol50.org.br\/acao-do-psol-retoma-na-justica-servico-de-aborto-legal-no-hospital-vila-nova-cachoeirinha\/\" \/>\n<meta property=\"og:site_name\" content=\"PSOL 50\" \/>\n<meta property=\"article:publisher\" content=\"https:\/\/www.facebook.com\/psol50\" \/>\n<meta property=\"article:published_time\" content=\"2025-03-07T19:55:08+00:00\" \/>\n<meta property=\"article:modified_time\" content=\"2025-05-21T18:59:04+00:00\" \/>\n<meta property=\"og:image\" content=\"https:\/\/psol50.org.br\/inc\/uploads\/2023\/08\/52678348237_7e504aaf83_c.jpg\" \/>\n\t<meta property=\"og:image:width\" content=\"799\" \/>\n\t<meta property=\"og:image:height\" content=\"533\" \/>\n\t<meta property=\"og:image:type\" content=\"image\/jpeg\" \/>\n<meta name=\"author\" content=\"Comunica\u00e7\u00e3o PSOL\" \/>\n<meta name=\"twitter:card\" content=\"summary_large_image\" \/>\n<meta name=\"twitter:creator\" content=\"@psol50\" \/>\n<meta name=\"twitter:site\" content=\"@psol50\" \/>\n<meta name=\"twitter:label1\" content=\"Escrito por\" \/>\n\t<meta name=\"twitter:data1\" content=\"Comunica\u00e7\u00e3o PSOL\" \/>\n\t<meta name=\"twitter:label2\" content=\"Est. tempo de leitura\" \/>\n\t<meta name=\"twitter:data2\" content=\"2 minutos\" \/>\n<script type=\"application\/ld+json\" class=\"yoast-schema-graph\">{\"@context\":\"https:\/\/schema.org\",\"@graph\":[{\"@type\":\"Article\",\"@id\":\"https:\/\/psol50.org.br\/acao-do-psol-retoma-na-justica-servico-de-aborto-legal-no-hospital-vila-nova-cachoeirinha\/#article\",\"isPartOf\":{\"@id\":\"https:\/\/psol50.org.br\/acao-do-psol-retoma-na-justica-servico-de-aborto-legal-no-hospital-vila-nova-cachoeirinha\/\"},\"author\":{\"name\":\"Comunica\u00e7\u00e3o PSOL\",\"@id\":\"https:\/\/psol50.org.br\/#\/schema\/person\/475dfa57d0b815993c714c2e96491fcd\"},\"headline\":\"A\u00e7\u00e3o do PSOL retoma na Justi\u00e7a servi\u00e7o de aborto legal no Hospital Vila Nova Cachoeirinha\",\"datePublished\":\"2025-03-07T19:55:08+00:00\",\"dateModified\":\"2025-05-21T18:59:04+00:00\",\"mainEntityOfPage\":{\"@id\":\"https:\/\/psol50.org.br\/acao-do-psol-retoma-na-justica-servico-de-aborto-legal-no-hospital-vila-nova-cachoeirinha\/\"},\"wordCount\":335,\"publisher\":{\"@id\":\"https:\/\/psol50.org.br\/#organization\"},\"image\":{\"@id\":\"https:\/\/psol50.org.br\/acao-do-psol-retoma-na-justica-servico-de-aborto-legal-no-hospital-vila-nova-cachoeirinha\/#primaryimage\"},\"thumbnailUrl\":\"https:\/\/psol50.org.br\/inc\/uploads\/2023\/08\/52678348237_7e504aaf83_c.jpg\",\"keywords\":[\"A\u00e7\u00f5es Jur\u00eddicas\",\"Not\u00edcias\"],\"articleSection\":[\"A\u00e7\u00e3o Parlamentar\",\"A\u00e7\u00f5es Jur\u00eddicas\"],\"inLanguage\":\"pt-BR\"},{\"@type\":\"WebPage\",\"@id\":\"https:\/\/psol50.org.br\/acao-do-psol-retoma-na-justica-servico-de-aborto-legal-no-hospital-vila-nova-cachoeirinha\/\",\"url\":\"https:\/\/psol50.org.br\/acao-do-psol-retoma-na-justica-servico-de-aborto-legal-no-hospital-vila-nova-cachoeirinha\/\",\"name\":\"A\u00e7\u00e3o do PSOL retoma na Justi\u00e7a servi\u00e7o de aborto legal no Hospital Vila Nova Cachoeirinha\",\"isPartOf\":{\"@id\":\"https:\/\/psol50.org.br\/#website\"},\"primaryImageOfPage\":{\"@id\":\"https:\/\/psol50.org.br\/acao-do-psol-retoma-na-justica-servico-de-aborto-legal-no-hospital-vila-nova-cachoeirinha\/#primaryimage\"},\"image\":{\"@id\":\"https:\/\/psol50.org.br\/acao-do-psol-retoma-na-justica-servico-de-aborto-legal-no-hospital-vila-nova-cachoeirinha\/#primaryimage\"},\"thumbnailUrl\":\"https:\/\/psol50.org.br\/inc\/uploads\/2023\/08\/52678348237_7e504aaf83_c.jpg\",\"datePublished\":\"2025-03-07T19:55:08+00:00\",\"dateModified\":\"2025-05-21T18:59:04+00:00\",\"description\":\"A\u00e7\u00e3o havia sido protocolada pela deputada federal Luciene Cavalcante, deputado estadual Carlos Giannazi e vereador Celso Giannazi, todos do PSOL.\",\"breadcrumb\":{\"@id\":\"https:\/\/psol50.org.br\/acao-do-psol-retoma-na-justica-servico-de-aborto-legal-no-hospital-vila-nova-cachoeirinha\/#breadcrumb\"},\"inLanguage\":\"pt-BR\",\"potentialAction\":[{\"@type\":\"ReadAction\",\"target\":[\"https:\/\/psol50.org.br\/acao-do-psol-retoma-na-justica-servico-de-aborto-legal-no-hospital-vila-nova-cachoeirinha\/\"]}]},{\"@type\":\"ImageObject\",\"inLanguage\":\"pt-BR\",\"@id\":\"https:\/\/psol50.org.br\/acao-do-psol-retoma-na-justica-servico-de-aborto-legal-no-hospital-vila-nova-cachoeirinha\/#primaryimage\",\"url\":\"https:\/\/psol50.org.br\/inc\/uploads\/2023\/08\/52678348237_7e504aaf83_c.jpg\",\"contentUrl\":\"https:\/\/psol50.org.br\/inc\/uploads\/2023\/08\/52678348237_7e504aaf83_c.jpg\",\"width\":799,\"height\":533,\"caption\":\"Foto: Reprodu\u00e7\u00e3o\"},{\"@type\":\"BreadcrumbList\",\"@id\":\"https:\/\/psol50.org.br\/acao-do-psol-retoma-na-justica-servico-de-aborto-legal-no-hospital-vila-nova-cachoeirinha\/#breadcrumb\",\"itemListElement\":[{\"@type\":\"ListItem\",\"position\":1,\"name\":\"In\u00edcio\",\"item\":\"https:\/\/psol50.org.br\/\"},{\"@type\":\"ListItem\",\"position\":2,\"name\":\"A\u00e7\u00e3o do PSOL retoma na Justi\u00e7a servi\u00e7o de aborto legal no Hospital Vila Nova Cachoeirinha\"}]},{\"@type\":\"WebSite\",\"@id\":\"https:\/\/psol50.org.br\/#website\",\"url\":\"https:\/\/psol50.org.br\/\",\"name\":\"PSOL 50\",\"description\":\"Site oficial do Partido Socialismo e Liberdade\",\"publisher\":{\"@id\":\"https:\/\/psol50.org.br\/#organization\"},\"alternateName\":\"PSOL50\",\"potentialAction\":[{\"@type\":\"SearchAction\",\"target\":{\"@type\":\"EntryPoint\",\"urlTemplate\":\"https:\/\/psol50.org.br\/?s={search_term_string}\"},\"query-input\":{\"@type\":\"PropertyValueSpecification\",\"valueRequired\":true,\"valueName\":\"search_term_string\"}}],\"inLanguage\":\"pt-BR\"},{\"@type\":\"Organization\",\"@id\":\"https:\/\/psol50.org.br\/#organization\",\"name\":\"PSOL 50\",\"alternateName\":\"PSOL 50\",\"url\":\"https:\/\/psol50.org.br\/\",\"logo\":{\"@type\":\"ImageObject\",\"inLanguage\":\"pt-BR\",\"@id\":\"https:\/\/psol50.org.br\/#\/schema\/logo\/image\/\",\"url\":\"https:\/\/psol50.org.br\/inc\/uploads\/2018\/07\/capa.png\",\"contentUrl\":\"https:\/\/psol50.org.br\/inc\/uploads\/2018\/07\/capa.png\",\"width\":1350,\"height\":900,\"caption\":\"PSOL 50\"},\"image\":{\"@id\":\"https:\/\/psol50.org.br\/#\/schema\/logo\/image\/\"},\"sameAs\":[\"https:\/\/www.facebook.com\/psol50\",\"https:\/\/x.com\/psol50\",\"https:\/\/www.instagram.com\/psol50\/\",\"https:\/\/www.youtube.com\/channel\/UC7SnJS5o1os7a6CaiNabzcg\"]},{\"@type\":\"Person\",\"@id\":\"https:\/\/psol50.org.br\/#\/schema\/person\/475dfa57d0b815993c714c2e96491fcd\",\"name\":\"Comunica\u00e7\u00e3o PSOL\",\"image\":{\"@type\":\"ImageObject\",\"inLanguage\":\"pt-BR\",\"@id\":\"https:\/\/psol50.org.br\/#\/schema\/person\/image\/\",\"url\":\"https:\/\/secure.gravatar.com\/avatar\/b34fc4f4e468a4e51785917065a3db57b841f5c95dba6ad8c73aaf8f66f8f9bf?s=96&d=mm&r=g\",\"contentUrl\":\"https:\/\/secure.gravatar.com\/avatar\/b34fc4f4e468a4e51785917065a3db57b841f5c95dba6ad8c73aaf8f66f8f9bf?s=96&d=mm&r=g\",\"caption\":\"Comunica\u00e7\u00e3o PSOL\"}}]}<\/script>\n<!-- \/ Yoast SEO plugin. -->","yoast_head_json":{"title":"A\u00e7\u00e3o do PSOL retoma na Justi\u00e7a servi\u00e7o de aborto legal no Hospital Vila Nova Cachoeirinha","description":"A\u00e7\u00e3o havia sido protocolada pela deputada federal Luciene Cavalcante, deputado estadual Carlos Giannazi e vereador Celso Giannazi, todos do PSOL.","robots":{"index":"index","follow":"follow","max-snippet":"max-snippet:-1","max-image-preview":"max-image-preview:large","max-video-preview":"max-video-preview:-1"},"canonical":"https:\/\/psol50.org.br\/acao-do-psol-retoma-na-justica-servico-de-aborto-legal-no-hospital-vila-nova-cachoeirinha\/","og_locale":"pt_BR","og_type":"article","og_title":"A\u00e7\u00e3o do PSOL retoma na Justi\u00e7a servi\u00e7o de aborto legal no Hospital Vila Nova Cachoeirinha","og_description":"A\u00e7\u00e3o havia sido protocolada pela deputada federal Luciene Cavalcante, deputado estadual Carlos Giannazi e vereador Celso Giannazi, todos do PSOL.","og_url":"https:\/\/psol50.org.br\/acao-do-psol-retoma-na-justica-servico-de-aborto-legal-no-hospital-vila-nova-cachoeirinha\/","og_site_name":"PSOL 50","article_publisher":"https:\/\/www.facebook.com\/psol50","article_published_time":"2025-03-07T19:55:08+00:00","article_modified_time":"2025-05-21T18:59:04+00:00","og_image":[{"width":799,"height":533,"url":"https:\/\/psol50.org.br\/inc\/uploads\/2023\/08\/52678348237_7e504aaf83_c.jpg","type":"image\/jpeg"}],"author":"Comunica\u00e7\u00e3o PSOL","twitter_card":"summary_large_image","twitter_creator":"@psol50","twitter_site":"@psol50","twitter_misc":{"Escrito por":"Comunica\u00e7\u00e3o PSOL","Est. tempo de leitura":"2 minutos"},"schema":{"@context":"https:\/\/schema.org","@graph":[{"@type":"Article","@id":"https:\/\/psol50.org.br\/acao-do-psol-retoma-na-justica-servico-de-aborto-legal-no-hospital-vila-nova-cachoeirinha\/#article","isPartOf":{"@id":"https:\/\/psol50.org.br\/acao-do-psol-retoma-na-justica-servico-de-aborto-legal-no-hospital-vila-nova-cachoeirinha\/"},"author":{"name":"Comunica\u00e7\u00e3o PSOL","@id":"https:\/\/psol50.org.br\/#\/schema\/person\/475dfa57d0b815993c714c2e96491fcd"},"headline":"A\u00e7\u00e3o do PSOL retoma na Justi\u00e7a servi\u00e7o de aborto legal no Hospital Vila Nova Cachoeirinha","datePublished":"2025-03-07T19:55:08+00:00","dateModified":"2025-05-21T18:59:04+00:00","mainEntityOfPage":{"@id":"https:\/\/psol50.org.br\/acao-do-psol-retoma-na-justica-servico-de-aborto-legal-no-hospital-vila-nova-cachoeirinha\/"},"wordCount":335,"publisher":{"@id":"https:\/\/psol50.org.br\/#organization"},"image":{"@id":"https:\/\/psol50.org.br\/acao-do-psol-retoma-na-justica-servico-de-aborto-legal-no-hospital-vila-nova-cachoeirinha\/#primaryimage"},"thumbnailUrl":"https:\/\/psol50.org.br\/inc\/uploads\/2023\/08\/52678348237_7e504aaf83_c.jpg","keywords":["A\u00e7\u00f5es Jur\u00eddicas","Not\u00edcias"],"articleSection":["A\u00e7\u00e3o Parlamentar","A\u00e7\u00f5es Jur\u00eddicas"],"inLanguage":"pt-BR"},{"@type":"WebPage","@id":"https:\/\/psol50.org.br\/acao-do-psol-retoma-na-justica-servico-de-aborto-legal-no-hospital-vila-nova-cachoeirinha\/","url":"https:\/\/psol50.org.br\/acao-do-psol-retoma-na-justica-servico-de-aborto-legal-no-hospital-vila-nova-cachoeirinha\/","name":"A\u00e7\u00e3o do PSOL retoma na Justi\u00e7a servi\u00e7o de aborto legal no Hospital Vila Nova Cachoeirinha","isPartOf":{"@id":"https:\/\/psol50.org.br\/#website"},"primaryImageOfPage":{"@id":"https:\/\/psol50.org.br\/acao-do-psol-retoma-na-justica-servico-de-aborto-legal-no-hospital-vila-nova-cachoeirinha\/#primaryimage"},"image":{"@id":"https:\/\/psol50.org.br\/acao-do-psol-retoma-na-justica-servico-de-aborto-legal-no-hospital-vila-nova-cachoeirinha\/#primaryimage"},"thumbnailUrl":"https:\/\/psol50.org.br\/inc\/uploads\/2023\/08\/52678348237_7e504aaf83_c.jpg","datePublished":"2025-03-07T19:55:08+00:00","dateModified":"2025-05-21T18:59:04+00:00","description":"A\u00e7\u00e3o havia sido protocolada pela deputada federal Luciene Cavalcante, deputado estadual Carlos Giannazi e vereador Celso Giannazi, todos do PSOL.","breadcrumb":{"@id":"https:\/\/psol50.org.br\/acao-do-psol-retoma-na-justica-servico-de-aborto-legal-no-hospital-vila-nova-cachoeirinha\/#breadcrumb"},"inLanguage":"pt-BR","potentialAction":[{"@type":"ReadAction","target":["https:\/\/psol50.org.br\/acao-do-psol-retoma-na-justica-servico-de-aborto-legal-no-hospital-vila-nova-cachoeirinha\/"]}]},{"@type":"ImageObject","inLanguage":"pt-BR","@id":"https:\/\/psol50.org.br\/acao-do-psol-retoma-na-justica-servico-de-aborto-legal-no-hospital-vila-nova-cachoeirinha\/#primaryimage","url":"https:\/\/psol50.org.br\/inc\/uploads\/2023\/08\/52678348237_7e504aaf83_c.jpg","contentUrl":"https:\/\/psol50.org.br\/inc\/uploads\/2023\/08\/52678348237_7e504aaf83_c.jpg","width":799,"height":533,"caption":"Foto: Reprodu\u00e7\u00e3o"},{"@type":"BreadcrumbList","@id":"https:\/\/psol50.org.br\/acao-do-psol-retoma-na-justica-servico-de-aborto-legal-no-hospital-vila-nova-cachoeirinha\/#breadcrumb","itemListElement":[{"@type":"ListItem","position":1,"name":"In\u00edcio","item":"https:\/\/psol50.org.br\/"},{"@type":"ListItem","position":2,"name":"A\u00e7\u00e3o do PSOL retoma na Justi\u00e7a servi\u00e7o de aborto legal no Hospital Vila Nova Cachoeirinha"}]},{"@type":"WebSite","@id":"https:\/\/psol50.org.br\/#website","url":"https:\/\/psol50.org.br\/","name":"PSOL 50","description":"Site oficial do Partido Socialismo e Liberdade","publisher":{"@id":"https:\/\/psol50.org.br\/#organization"},"alternateName":"PSOL50","potentialAction":[{"@type":"SearchAction","target":{"@type":"EntryPoint","urlTemplate":"https:\/\/psol50.org.br\/?s={search_term_string}"},"query-input":{"@type":"PropertyValueSpecification","valueRequired":true,"valueName":"search_term_string"}}],"inLanguage":"pt-BR"},{"@type":"Organization","@id":"https:\/\/psol50.org.br\/#organization","name":"PSOL 50","alternateName":"PSOL 50","url":"https:\/\/psol50.org.br\/","logo":{"@type":"ImageObject","inLanguage":"pt-BR","@id":"https:\/\/psol50.org.br\/#\/schema\/logo\/image\/","url":"https:\/\/psol50.org.br\/inc\/uploads\/2018\/07\/capa.png","contentUrl":"https:\/\/psol50.org.br\/inc\/uploads\/2018\/07\/capa.png","width":1350,"height":900,"caption":"PSOL 50"},"image":{"@id":"https:\/\/psol50.org.br\/#\/schema\/logo\/image\/"},"sameAs":["https:\/\/www.facebook.com\/psol50","https:\/\/x.com\/psol50","https:\/\/www.instagram.com\/psol50\/","https:\/\/www.youtube.com\/channel\/UC7SnJS5o1os7a6CaiNabzcg"]},{"@type":"Person","@id":"https:\/\/psol50.org.br\/#\/schema\/person\/475dfa57d0b815993c714c2e96491fcd","name":"Comunica\u00e7\u00e3o PSOL","image":{"@type":"ImageObject","inLanguage":"pt-BR","@id":"https:\/\/psol50.org.br\/#\/schema\/person\/image\/","url":"https:\/\/secure.gravatar.com\/avatar\/b34fc4f4e468a4e51785917065a3db57b841f5c95dba6ad8c73aaf8f66f8f9bf?s=96&d=mm&r=g","contentUrl":"https:\/\/secure.gravatar.com\/avatar\/b34fc4f4e468a4e51785917065a3db57b841f5c95dba6ad8c73aaf8f66f8f9bf?s=96&d=mm&r=g","caption":"Comunica\u00e7\u00e3o PSOL"}}]}},"_links":{"self":[{"href":"https:\/\/psol50.org.br\/rest\/wp\/v2\/posts\/40799","targetHints":{"allow":["GET"]}}],"collection":[{"href":"https:\/\/psol50.org.br\/rest\/wp\/v2\/posts"}],"about":[{"href":"https:\/\/psol50.org.br\/rest\/wp\/v2\/types\/post"}],"author":[{"embeddable":true,"href":"https:\/\/psol50.org.br\/rest\/wp\/v2\/users\/2"}],"replies":[{"embeddable":true,"href":"https:\/\/psol50.org.br\/rest\/wp\/v2\/comments?post=40799"}],"version-history":[{"count":2,"href":"https:\/\/psol50.org.br\/rest\/wp\/v2\/posts\/40799\/revisions"}],"predecessor-version":[{"id":40801,"href":"https:\/\/psol50.org.br\/rest\/wp\/v2\/posts\/40799\/revisions\/40801"}],"wp:featuredmedia":[{"embeddable":true,"href":"https:\/\/psol50.org.br\/rest\/wp\/v2\/media\/38337"}],"wp:attachment":[{"href":"https:\/\/psol50.org.br\/rest\/wp\/v2\/media?parent=40799"}],"wp:term":[{"taxonomy":"category","embeddable":true,"href":"https:\/\/psol50.org.br\/rest\/wp\/v2\/categories?post=40799"},{"taxonomy":"post_tag","embeddable":true,"href":"https:\/\/psol50.org.br\/rest\/wp\/v2\/tags?post=40799"}],"curies":[{"name":"wp","href":"https:\/\/api.w.org\/{rel}","templated":true}]}}