{"id":408,"date":"2011-04-29T00:00:00","date_gmt":"2011-04-29T00:00:00","guid":{"rendered":"http:\/\/psol50.org.br\/arquivo\/2011\/04\/29\/por-que-somos-pino-solanas-nas-eleicoes-argentinas\/"},"modified":"2011-04-29T00:00:00","modified_gmt":"2011-04-29T00:00:00","slug":"por-que-somos-pino-solanas-nas-eleicoes-argentinas","status":"publish","type":"post","link":"https:\/\/psol50.org.br\/por-que-somos-pino-solanas-nas-eleicoes-argentinas\/","title":{"rendered":"Por que somos Pino Solanas nas elei\u00e7\u00f5es argentinas?"},"content":{"rendered":"<div>\n<p><strong><em><a rel=\"attachment wp-att-7929\" href=\"http:\/\/psol50.org.br\/blog\/2011\/04\/29\/por-que-somos-pino-solanas-nas-eleicoes-argentinas\/alejandrobodart\/\"><img loading=\"lazy\" decoding=\"async\" class=\"alignleft size-full wp-image-7929\" src=\"http:\/\/psol50.org.br\/files\/2011\/04\/AlejandroBodart.jpg\" alt=\"\" width=\"135\" height=\"149\" \/><\/a>Por Alejandro Bodart*<\/em><\/strong><\/p>\n<p><strong> <\/strong><\/p>\n<p>O surgimento do <em>Proyecto Sur<\/em> representa uma oportunidade  imensa para o povo argentino, pois logramos empalmar, com amplo espa\u00e7o  pol\u00edtico, um dirigente com peso e simpatia de um setor muito importante  do movimento de massas. Nossa corrente (MST) sempre buscou confluir com  outras organiza\u00e7\u00f5es de esquerda e especialmente com os setores que vem  do peronismo. O peronismo \u00e9 uma das tradi\u00e7\u00f5es mais arraigadas de nosso  povo e diversas vezes avan\u00e7ou em posi\u00e7\u00f5es progressistas. Por exemplo, em  1985 com a <em>Frente del Pueblo,<\/em> formada por diversos setores da  esquerda marxista e peronista. Sem embargo, todas as tentativas  anteriores de unidade apresentaram limites. Talvez porque os velhos  partidos e o regime pol\u00edtico n\u00e3o atravessavam a crise terminal na qual  se encontram hoje, fruto da luta do <em>argentinazo<\/em> e da nova etapa mundial aberta com a crise econ\u00f4mica.<\/p>\n<p><strong> <\/strong><\/p>\n<p><strong>Ventos de mudan\u00e7a<\/strong><\/p>\n<p><a href=\"http:\/\/internacionalpsol.files.wordpress.com\/2011\/04\/pino-solanas.jpg\"><img loading=\"lazy\" decoding=\"async\" src=\"http:\/\/internacionalpsol.files.wordpress.com\/2011\/04\/pino-solanas.jpg?w=385&amp;h=281\" alt=\"\" width=\"385\" height=\"281\" \/><\/a><\/p>\n<p>Atualmente,  as enormes mudan\u00e7as que ocorreram aqui permitem aos socialistas do MST a  perspectiva certeira de atual como parte integrada de um movimento  pol\u00edtico com peso eleitoral e no movimento de massas. Para al\u00e9m desse  peso, \u00e9 poss\u00edvel se desenvolver como for\u00e7a org\u00e2nica para a\u00e7\u00e3o  anti-imperialista e emancipat\u00f3ria em todos os cantos do pa\u00eds. Um mundo  que atravessa a crise de regimes tradicionais e ventos de mudan\u00e7a\u2026<\/p>\n<p>Nos \u00faltimos anos, buscamos avan\u00e7ar na elabora\u00e7\u00e3o te\u00f3rica e pol\u00edtica  com a mente aberta \u00e0s enormes mudan\u00e7as que se produziram. \u00c9 necess\u00e1rio  compreender melhor o per\u00edodo hist\u00f3rico da luta de classes mundial,  analisar suas particularidades e criar as propostas e programas  alternativos com tonalidade revolucion\u00e1ria e proje\u00e7\u00e3o nas massas.  Estamos diante de uma nova etapa mundial, que fecha o momento hist\u00f3rico  que come\u00e7ou com a queda do muro de Berlim em 1989. Essa nova etapa  hist\u00f3rica se caracteriza pela crise econ\u00f4mica do capitalismo, a maior  crise sofrida pelo sistema em todos os seus aspectos: pol\u00edtico,  econ\u00f4mico, cultural, ideol\u00f3gico, militar, moral. Essa crise intensificou  mudan\u00e7as de todo tipo, e permitiu novos fen\u00f4menos pol\u00edticos  diversificados em todos os pa\u00edses do mundo. O levante das massas \u00e1rabes  do norte da \u00c1frica \u00e9 uma das express\u00f5es desta nova realidade e provocou  uma mudan\u00e7a geopol\u00edtica de magnitude equivalente \u00e0 da queda do  stalinismo na Europa oriental.<\/p>\n<p>A Am\u00e9rica Latina, por sua vez, \u00e9 um p\u00f3lo de vanguarda da nova  situa\u00e7\u00e3o mundial. A decomposi\u00e7\u00e3o de regimes e velhas dire\u00e7\u00f5es pol\u00edticas \u00e9  uma marca do continente, bem como o surgimento de correntes  nacionalistas de esquerda com influ\u00eancia de massas. Em nosso pa\u00eds,  Argentina, as jornadas revolucion\u00e1rias de dezembro de 2011 nos  sintonizaram com os processos de luta mais avan\u00e7ados. Sem embargo, as  debilidades objetivas do processo da luta social e a falta de uma  alternativa revolucion\u00e1ria com influ\u00eancia de massas para aproveitar a  crise e resolv\u00ea-la a favor da classe trabalhadora, impediram que a  oportunidade hist\u00f3rica fosse plenamente aproveitada. Al\u00e9m disso, as  contradi\u00e7\u00f5es da situa\u00e7\u00e3o argentina nos levaram \u00e0 auto-cr\u00edtica, e dela  tiramos conclus\u00f5es que nos armaram melhor para a disputa pol\u00edtica ampla  na sociedade.<\/p>\n<p><strong>Surge uma alternativa de massas na Argentina<\/strong><\/p>\n<p>Os Kirchner, mais que todos, souberam aproveitar as fraquezas do  processo da luta de classes na crise de 2001, com um projeto neoliberal  cheio de disfarces e duplos discursos. Por\u00e9m, ainda h\u00e1 um enorme espa\u00e7o \u00e0  esquerda na super-estrutura burguesa. Com o surgimento do <em>Proyecto Sur<\/em>, abriu-se uma conjuntura mais favor\u00e1vel para o povo. O MST se incorporou plenamente a esse movimento liderado por Pino Solanas<a href=\"http:\/\/internacionalpsol.wordpress.com\/2011\/04\/22\/por-que-somos-pino-solanas-nas-eleicoes-argentinas\/#_ftn1\">[1]<\/a>.<\/p>\n<div><a href=\"http:\/\/internacionalpsol.files.wordpress.com\/2011\/04\/kirchner-barrik-gold.jpg\"><img loading=\"lazy\" decoding=\"async\" src=\"http:\/\/internacionalpsol.files.wordpress.com\/2011\/04\/kirchner-barrik-gold.jpg?w=300&amp;h=216\" alt=\"\" width=\"300\" height=\"216\" \/><\/a><\/div>\n<div><em><strong>Kirchner entregando patrim\u00f4nio natural argentino \u00e0 mineradora Barrick Gold canadense<\/strong><\/em><\/div>\n<p>Apesar de obterem sucesso pol\u00edtico consider\u00e1vel, os Kichner n\u00e3o  puderam reverter o quadro estrutural de crise do regime e descr\u00e9dito das  principais dire\u00e7\u00f5es da burguesia. O desgaste sofrido pelo oficialismo  permanece latente e a atual situa\u00e7\u00e3o pol\u00edtica o acelera.<\/p>\n<p>A simpatia nacional de Solanas e a vitalidade do movimento <em>Proyecto Sur <\/em>s\u00e3o  a express\u00e3o nacional do novo momento. A curva descendente que vive o  kichnerismo, n\u00e3o s\u00f3 N\u00c3O fortalece a direita (como o governo pretende  divulgar), mas sim ao contr\u00e1rio, abre espa\u00e7o \u00e0 esquerda, ocupado por  n\u00f3s. Essa potencialidade faz com que o <em>Proyecto Sur<\/em> possa se  transformar num dos fen\u00f4menos mais avan\u00e7ados do continente, um salto de  qualidade para a esquerda revolucion\u00e1ria latino-americana.<\/p>\n<p>Ainda que a oportunidade se inaugure na luta eleitoral, este projeto  pol\u00edtico pode transcender a elei\u00e7\u00e3o e se tornar um movimento social  ativo e plural que d\u00ea respostas aos problemas sociais, econ\u00f4micos e  ambientais mais graves do pa\u00eds. Necessitamos construir uma ferramenta  revolucion\u00e1ria ampla, com influ\u00eancia de massas, que possa se sustentar  ao longo do tempo e manter vivas as reivindica\u00e7\u00f5es populares. Essa  tarefa j\u00e1 foi iniciada com o <em>Proyecto Sur<\/em>.<\/p>\n<p>A esquerda sect\u00e1ria, que n\u00e3o se uniu ao nosso movimento, est\u00e1 fadada \u00e0  marginalidade pol\u00edtica e ao oportunismo. N\u00e3o h\u00e1 nenhuma possibilidade  de disputar a influ\u00eancia de massas sem concretizar alternativas amplas  de organiza\u00e7\u00f5es pol\u00edticas. Esta conclus\u00e3o \u00e9 baseada na nossa hist\u00f3ria  recente: crises revolucion\u00e1rias como em 2001 (<em>argentinazo<\/em>)  nunca poder\u00e3o gerar rupturas se n\u00e3o houver um partido plural da  esquerda, que unifique marxistas, nacionalistas, peronistas,  anti-imperialistas. A crise revolucion\u00e1ria sem dire\u00e7\u00e3o pol\u00edtica se  dissolve nos projetos t\u00edpicos da classe dominante. Os pequenos  agrupamentos auto-proclamat\u00f3rios n\u00e3o contribuem para a luta de classes.<\/p>\n<p>Por isso, estamos nos preparando para chegarmos ao \u201cpr\u00f3ximo <em>argentinazo<\/em>\u201d com uma ferramenta revolucion\u00e1ria mais preparada para dirigir a ruptura do regime. Com o <em>Proyecto Sur<\/em> poderemos nos referenciar junto \u00e0s massas, e preparar uma coluna de  quadros qualificados e prontos para assumir as tarefas da transforma\u00e7\u00e3o  revolucion\u00e1ria.<\/p>\n<p><strong>O que \u00e9 o Movimento <em>Proyecto Sur<\/em><\/strong><strong>?<\/strong><\/p>\n<p><strong> <\/strong><\/p>\n<p>Em  primeiro lugar, \u00e9 um movimento amplo que contempla um setor importante  da vanguarda pol\u00edtica da esquerda argentina e possui consider\u00e1vel  influ\u00eancia de massas. Nesse sentido, \u00e9 a vers\u00e3o \u201ca la argentina\u201d de uma  organiza\u00e7\u00e3o de novo tipo como o PSOL no Brasil e o NPA na Fran\u00e7a. Tem  algo em comum com o que foi a Frente Ampla e o PT (brasileiro) em suas  origens. \u00c9 uma organiza\u00e7\u00e3o anti-imperialista e inimiga dos grandes  grupos econ\u00f4micos, com apelo forte democr\u00e1tico. O MST \u00e9 a ala esquerda  do movimento: \u00e9 a ala diretamente anti-capitalista, e que luta pelo  socialismo. Para abarcar as diferen\u00e7as interiores da esquerda, \u00e9 preciso  que o <em>Proyecto Sur<\/em> garanta vigorosa democracia interna e isso lhe d\u00e1 vitalidade. Solanas \u00e9 a s\u00edntese do <em>Proyecto Sur<\/em>, e \u00e9 uma das pontes que liga o programa transformador com o setores populares das massas.<em> <\/em>Solanas  incide sobre distintos setores do povo, a partir de sua identidade com a  defesa dos recursos naturais e do patrim\u00f4nio p\u00fablico.<\/p>\n<p>Atualmente existem 5 for\u00e7as nacionais que comp\u00f5em o movimento <em>Proyecto Sur<\/em>: o partido <em>Proyecto Sur<\/em>,  o espa\u00e7o fundador da candidatura de Pino Solanas, com intelectuais e  militantes nacionalistas populares; o Partido Socialista Aut\u00eantico  (PSA), que veio do velho Partido Socialista, no qual j\u00e1 foi filiado  Solanas; uma corrente da Central de Trabalhadores da Argentina (CTA),  cuja figuras mais proeminentes s\u00e3o Claudio Lozano (na Capital) e Victor  De Gennaro (na prov\u00edncia de Buenos Aires); o Libres del Sur, que  realizou sua experi\u00eancia com o kirchnerismo e rompeu;\u00a0 e o MST. Est\u00e1 em  processo de integra\u00e7\u00e3o no <em>Proyecto Sur<\/em>, o Partido Comunista Revolucion\u00e1rio, de orienta\u00e7\u00e3o mao\u00edsta e grupos locais muito qualificados.<\/p>\n<p>A principal pol\u00eamica interna do <em>Proyecto Sur <\/em>\u00e9 sobre as  alianzas: devemos permanecer irreconcili\u00e1veis ao bipartidarismo, o que  n\u00f3s defendemos, ou n\u00e3o. A segunda pol\u00eamica \u00e9 se constru\u00edmos o <em>Proyecto Sur <\/em>como  ferramenta estrat\u00e9gica de longo prazo ou somente como uma frente  eleitoral t\u00e1tica. Nestes debates, o MST se aproximou das posi\u00e7\u00f5es de  Pino Solanas, do Partido <em>Proyecto Sur<\/em> e do PSA. Um terceiro  debate \u00e9 sobre a melhor localiza\u00e7\u00e3o estrat\u00e9gica de Solanas, ou seja, se  disputamos a prefeitura da Capital com grandes chances de ganharmos, ou  se o localizamos como figura nacional para disputar um projeto mais  global de sociedade.<\/p>\n<p><strong>Programa anti-imperialista e anti-capitalista<\/strong><\/p>\n<p><em> <\/em>O <em>Proyecto Sur<\/em> defende um programa b\u00e1sico sintetizado em 5 pontos:<\/p>\n<ol>\n<li>Igualdade, justi\u00e7a social e fim da pobreza.<\/li>\n<li>Recupera\u00e7\u00e3o dos recursos naturais e da soberania nacional, pela  defesa do patrim\u00f4nio e meio ambiente. Isso integra a estatiza\u00e7\u00e3o do  petr\u00f3leo, das mineradoras, do patrim\u00f4nio metal\u00edfero, do sistema de  transporte naval e aeron\u00e1uticos p\u00fablicos.<\/li>\n<li>A radicaliza\u00e7\u00e3o da democracia, por meio de plebiscitos de controle  social, incluindo o plebiscito revogat\u00f3rio, e inaugura\u00e7\u00e3o de uma  Assembl\u00e9ia Constituinte para refunda\u00e7\u00e3o do pa\u00eds.<\/li>\n<li>A causa da cultura e da educa\u00e7\u00e3o, baseadas em \u00e9tica de solidariedade, respeito, toler\u00e2ncia e dignidade humana.<\/li>\n<li>A reconstru\u00e7\u00e3o das ind\u00fastrias e servi\u00e7os p\u00fablicos, o desenvolvimento  t\u00e9cnico-cient\u00edfico e a integra\u00e7\u00e3o soberana da Am\u00e9rica Latina.<\/li>\n<\/ol>\n<p>Cada uma destas causas expressam propostas espec\u00edficas de um  anti-imperialismo radical e propositivo, que ocupa importante papel nos  pa\u00edses dependentes ou semi-coloniais como o nosso. Ainda mais no  contexto de mudan\u00e7as do nosso continente.<\/p>\n<p>N\u00f3s, como corrente anti-capitalista, assimilamos como ponto de partida o programa do <em>Movimiento<\/em> <em>Proyecto Sur<\/em> e o integramos \u00e0s propostas de transi\u00e7\u00e3o ao socialismo, nossa  estrat\u00e9gia hist\u00f3rica. Estrat\u00e9gia que conquista horizontes, \u00e0 medida que  se fortalece essa nova organiza\u00e7\u00e3o pol\u00edtica ampla.<\/p>\n<p><em><strong>* Alejandro Bodart \u00e9 Secret\u00e1rio Geral do <\/strong><strong><a href=\"http:\/\/www.mst.org.ar\/\">MST<\/a> e membro da dire\u00e7\u00e3o nacional do <\/strong><strong><a href=\"http:\/\/www.proyecto-sur.com.ar\/\">Movimiento Proyecto Sur<\/a><\/strong><\/em><\/p>\n<div>\n<hr size=\"1\" \/>\n<div>\n<p><a href=\"http:\/\/internacionalpsol.wordpress.com\/2011\/04\/22\/por-que-somos-pino-solanas-nas-eleicoes-argentinas\/#_ftnref1\">[1]<\/a> Fernando \u201cPino\u201d Solanas: exitoso diretor cinematogr\u00e1fico, refer\u00eancia  cultural e pol\u00edtica de longa trajet\u00f3ria no pa\u00eds. Atualmente \u00e9 deputado  federal.\u00a0 Foi a surpresa das elei\u00e7\u00f5es de 2009 e esteve a poucos votos de  ganhar na Capital.<\/p>\n<p><a href=\"http:\/\/internacionalpsol.wordpress.com\/\"><em><strong>Fonte: PSOL Internacional<\/strong><\/em><\/a><\/p>\n<\/div>\n<\/div>\n<\/div>\n","protected":false},"excerpt":{"rendered":"<p>Por Alejandro Bodart* O surgimento do Proyecto Sur representa uma oportunidade imensa para o povo argentino, pois logramos empalmar, com amplo espa\u00e7o pol\u00edtico, um dirigente com peso e simpatia de um setor muito importante do movimento de massas. Nossa corrente (MST) sempre buscou confluir com outras organiza\u00e7\u00f5es de esquerda e especialmente com os setores que [&hellip;]<\/p>\n","protected":false},"author":2,"featured_media":0,"comment_status":"open","ping_status":"open","sticky":false,"template":"","format":"standard","meta":{"_acf_changed":false,"footnotes":""},"categories":[4766],"tags":[],"class_list":{"0":"post-408","1":"post","2":"type-post","3":"status-publish","4":"format-standard","6":"category-arquivo"},"acf":[],"yoast_head":"<!-- This site is optimized with the Yoast SEO plugin v26.5 - https:\/\/yoast.com\/wordpress\/plugins\/seo\/ -->\n<title>Por que somos Pino Solanas nas elei\u00e7\u00f5es argentinas? - PSOL 50<\/title>\n<meta name=\"robots\" content=\"index, follow, max-snippet:-1, max-image-preview:large, max-video-preview:-1\" \/>\n<link rel=\"canonical\" href=\"https:\/\/psol50.org.br\/por-que-somos-pino-solanas-nas-eleicoes-argentinas\/\" \/>\n<meta property=\"og:locale\" content=\"pt_BR\" \/>\n<meta property=\"og:type\" content=\"article\" \/>\n<meta property=\"og:title\" content=\"Por que somos Pino Solanas nas elei\u00e7\u00f5es argentinas? - PSOL 50\" \/>\n<meta property=\"og:description\" content=\"Por Alejandro Bodart* O surgimento do Proyecto Sur representa uma oportunidade imensa para o povo argentino, pois logramos empalmar, com amplo espa\u00e7o pol\u00edtico, um dirigente com peso e simpatia de um setor muito importante do movimento de massas. Nossa corrente (MST) sempre buscou confluir com outras organiza\u00e7\u00f5es de esquerda e especialmente com os setores que [&hellip;]\" \/>\n<meta property=\"og:url\" content=\"https:\/\/psol50.org.br\/por-que-somos-pino-solanas-nas-eleicoes-argentinas\/\" \/>\n<meta property=\"og:site_name\" content=\"PSOL 50\" \/>\n<meta property=\"article:publisher\" content=\"https:\/\/www.facebook.com\/psol50\" \/>\n<meta property=\"article:published_time\" content=\"2011-04-29T00:00:00+00:00\" \/>\n<meta property=\"og:image\" content=\"http:\/\/psol50.org.br\/files\/2011\/04\/AlejandroBodart.jpg\" \/>\n<meta name=\"author\" content=\"Comunica\u00e7\u00e3o PSOL\" \/>\n<meta name=\"twitter:card\" content=\"summary_large_image\" \/>\n<meta name=\"twitter:creator\" content=\"@psol50\" \/>\n<meta name=\"twitter:site\" content=\"@psol50\" \/>\n<meta name=\"twitter:label1\" content=\"Escrito por\" \/>\n\t<meta name=\"twitter:data1\" content=\"Comunica\u00e7\u00e3o PSOL\" \/>\n\t<meta name=\"twitter:label2\" content=\"Est. tempo de leitura\" \/>\n\t<meta name=\"twitter:data2\" content=\"8 minutos\" \/>\n<script type=\"application\/ld+json\" class=\"yoast-schema-graph\">{\"@context\":\"https:\/\/schema.org\",\"@graph\":[{\"@type\":\"Article\",\"@id\":\"https:\/\/psol50.org.br\/por-que-somos-pino-solanas-nas-eleicoes-argentinas\/#article\",\"isPartOf\":{\"@id\":\"https:\/\/psol50.org.br\/por-que-somos-pino-solanas-nas-eleicoes-argentinas\/\"},\"author\":{\"name\":\"Comunica\u00e7\u00e3o PSOL\",\"@id\":\"https:\/\/psol50.org.br\/#\/schema\/person\/475dfa57d0b815993c714c2e96491fcd\"},\"headline\":\"Por que somos Pino Solanas nas elei\u00e7\u00f5es argentinas?\",\"datePublished\":\"2011-04-29T00:00:00+00:00\",\"mainEntityOfPage\":{\"@id\":\"https:\/\/psol50.org.br\/por-que-somos-pino-solanas-nas-eleicoes-argentinas\/\"},\"wordCount\":1686,\"commentCount\":0,\"publisher\":{\"@id\":\"https:\/\/psol50.org.br\/#organization\"},\"image\":{\"@id\":\"https:\/\/psol50.org.br\/por-que-somos-pino-solanas-nas-eleicoes-argentinas\/#primaryimage\"},\"thumbnailUrl\":\"http:\/\/psol50.org.br\/files\/2011\/04\/AlejandroBodart.jpg\",\"articleSection\":[\"Arquivo\"],\"inLanguage\":\"pt-BR\",\"potentialAction\":[{\"@type\":\"CommentAction\",\"name\":\"Comment\",\"target\":[\"https:\/\/psol50.org.br\/por-que-somos-pino-solanas-nas-eleicoes-argentinas\/#respond\"]}]},{\"@type\":\"WebPage\",\"@id\":\"https:\/\/psol50.org.br\/por-que-somos-pino-solanas-nas-eleicoes-argentinas\/\",\"url\":\"https:\/\/psol50.org.br\/por-que-somos-pino-solanas-nas-eleicoes-argentinas\/\",\"name\":\"Por que somos Pino Solanas nas elei\u00e7\u00f5es argentinas? - PSOL 50\",\"isPartOf\":{\"@id\":\"https:\/\/psol50.org.br\/#website\"},\"primaryImageOfPage\":{\"@id\":\"https:\/\/psol50.org.br\/por-que-somos-pino-solanas-nas-eleicoes-argentinas\/#primaryimage\"},\"image\":{\"@id\":\"https:\/\/psol50.org.br\/por-que-somos-pino-solanas-nas-eleicoes-argentinas\/#primaryimage\"},\"thumbnailUrl\":\"http:\/\/psol50.org.br\/files\/2011\/04\/AlejandroBodart.jpg\",\"datePublished\":\"2011-04-29T00:00:00+00:00\",\"breadcrumb\":{\"@id\":\"https:\/\/psol50.org.br\/por-que-somos-pino-solanas-nas-eleicoes-argentinas\/#breadcrumb\"},\"inLanguage\":\"pt-BR\",\"potentialAction\":[{\"@type\":\"ReadAction\",\"target\":[\"https:\/\/psol50.org.br\/por-que-somos-pino-solanas-nas-eleicoes-argentinas\/\"]}]},{\"@type\":\"ImageObject\",\"inLanguage\":\"pt-BR\",\"@id\":\"https:\/\/psol50.org.br\/por-que-somos-pino-solanas-nas-eleicoes-argentinas\/#primaryimage\",\"url\":\"http:\/\/psol50.org.br\/files\/2011\/04\/AlejandroBodart.jpg\",\"contentUrl\":\"http:\/\/psol50.org.br\/files\/2011\/04\/AlejandroBodart.jpg\"},{\"@type\":\"BreadcrumbList\",\"@id\":\"https:\/\/psol50.org.br\/por-que-somos-pino-solanas-nas-eleicoes-argentinas\/#breadcrumb\",\"itemListElement\":[{\"@type\":\"ListItem\",\"position\":1,\"name\":\"In\u00edcio\",\"item\":\"https:\/\/psol50.org.br\/\"},{\"@type\":\"ListItem\",\"position\":2,\"name\":\"Por que somos Pino Solanas nas elei\u00e7\u00f5es argentinas?\"}]},{\"@type\":\"WebSite\",\"@id\":\"https:\/\/psol50.org.br\/#website\",\"url\":\"https:\/\/psol50.org.br\/\",\"name\":\"PSOL 50\",\"description\":\"Site oficial do Partido Socialismo e Liberdade\",\"publisher\":{\"@id\":\"https:\/\/psol50.org.br\/#organization\"},\"alternateName\":\"PSOL50\",\"potentialAction\":[{\"@type\":\"SearchAction\",\"target\":{\"@type\":\"EntryPoint\",\"urlTemplate\":\"https:\/\/psol50.org.br\/?s={search_term_string}\"},\"query-input\":{\"@type\":\"PropertyValueSpecification\",\"valueRequired\":true,\"valueName\":\"search_term_string\"}}],\"inLanguage\":\"pt-BR\"},{\"@type\":\"Organization\",\"@id\":\"https:\/\/psol50.org.br\/#organization\",\"name\":\"PSOL 50\",\"alternateName\":\"PSOL 50\",\"url\":\"https:\/\/psol50.org.br\/\",\"logo\":{\"@type\":\"ImageObject\",\"inLanguage\":\"pt-BR\",\"@id\":\"https:\/\/psol50.org.br\/#\/schema\/logo\/image\/\",\"url\":\"https:\/\/psol50.org.br\/inc\/uploads\/2018\/07\/capa.png\",\"contentUrl\":\"https:\/\/psol50.org.br\/inc\/uploads\/2018\/07\/capa.png\",\"width\":1350,\"height\":900,\"caption\":\"PSOL 50\"},\"image\":{\"@id\":\"https:\/\/psol50.org.br\/#\/schema\/logo\/image\/\"},\"sameAs\":[\"https:\/\/www.facebook.com\/psol50\",\"https:\/\/x.com\/psol50\",\"https:\/\/www.instagram.com\/psol50\/\",\"https:\/\/www.youtube.com\/channel\/UC7SnJS5o1os7a6CaiNabzcg\"]},{\"@type\":\"Person\",\"@id\":\"https:\/\/psol50.org.br\/#\/schema\/person\/475dfa57d0b815993c714c2e96491fcd\",\"name\":\"Comunica\u00e7\u00e3o PSOL\",\"image\":{\"@type\":\"ImageObject\",\"inLanguage\":\"pt-BR\",\"@id\":\"https:\/\/psol50.org.br\/#\/schema\/person\/image\/\",\"url\":\"https:\/\/secure.gravatar.com\/avatar\/b34fc4f4e468a4e51785917065a3db57b841f5c95dba6ad8c73aaf8f66f8f9bf?s=96&d=mm&r=g\",\"contentUrl\":\"https:\/\/secure.gravatar.com\/avatar\/b34fc4f4e468a4e51785917065a3db57b841f5c95dba6ad8c73aaf8f66f8f9bf?s=96&d=mm&r=g\",\"caption\":\"Comunica\u00e7\u00e3o PSOL\"}}]}<\/script>\n<!-- \/ Yoast SEO plugin. -->","yoast_head_json":{"title":"Por que somos Pino Solanas nas elei\u00e7\u00f5es argentinas? - PSOL 50","robots":{"index":"index","follow":"follow","max-snippet":"max-snippet:-1","max-image-preview":"max-image-preview:large","max-video-preview":"max-video-preview:-1"},"canonical":"https:\/\/psol50.org.br\/por-que-somos-pino-solanas-nas-eleicoes-argentinas\/","og_locale":"pt_BR","og_type":"article","og_title":"Por que somos Pino Solanas nas elei\u00e7\u00f5es argentinas? - PSOL 50","og_description":"Por Alejandro Bodart* O surgimento do Proyecto Sur representa uma oportunidade imensa para o povo argentino, pois logramos empalmar, com amplo espa\u00e7o pol\u00edtico, um dirigente com peso e simpatia de um setor muito importante do movimento de massas. Nossa corrente (MST) sempre buscou confluir com outras organiza\u00e7\u00f5es de esquerda e especialmente com os setores que [&hellip;]","og_url":"https:\/\/psol50.org.br\/por-que-somos-pino-solanas-nas-eleicoes-argentinas\/","og_site_name":"PSOL 50","article_publisher":"https:\/\/www.facebook.com\/psol50","article_published_time":"2011-04-29T00:00:00+00:00","og_image":[{"url":"http:\/\/psol50.org.br\/files\/2011\/04\/AlejandroBodart.jpg","type":"","width":"","height":""}],"author":"Comunica\u00e7\u00e3o PSOL","twitter_card":"summary_large_image","twitter_creator":"@psol50","twitter_site":"@psol50","twitter_misc":{"Escrito por":"Comunica\u00e7\u00e3o PSOL","Est. tempo de leitura":"8 minutos"},"schema":{"@context":"https:\/\/schema.org","@graph":[{"@type":"Article","@id":"https:\/\/psol50.org.br\/por-que-somos-pino-solanas-nas-eleicoes-argentinas\/#article","isPartOf":{"@id":"https:\/\/psol50.org.br\/por-que-somos-pino-solanas-nas-eleicoes-argentinas\/"},"author":{"name":"Comunica\u00e7\u00e3o PSOL","@id":"https:\/\/psol50.org.br\/#\/schema\/person\/475dfa57d0b815993c714c2e96491fcd"},"headline":"Por que somos Pino Solanas nas elei\u00e7\u00f5es argentinas?","datePublished":"2011-04-29T00:00:00+00:00","mainEntityOfPage":{"@id":"https:\/\/psol50.org.br\/por-que-somos-pino-solanas-nas-eleicoes-argentinas\/"},"wordCount":1686,"commentCount":0,"publisher":{"@id":"https:\/\/psol50.org.br\/#organization"},"image":{"@id":"https:\/\/psol50.org.br\/por-que-somos-pino-solanas-nas-eleicoes-argentinas\/#primaryimage"},"thumbnailUrl":"http:\/\/psol50.org.br\/files\/2011\/04\/AlejandroBodart.jpg","articleSection":["Arquivo"],"inLanguage":"pt-BR","potentialAction":[{"@type":"CommentAction","name":"Comment","target":["https:\/\/psol50.org.br\/por-que-somos-pino-solanas-nas-eleicoes-argentinas\/#respond"]}]},{"@type":"WebPage","@id":"https:\/\/psol50.org.br\/por-que-somos-pino-solanas-nas-eleicoes-argentinas\/","url":"https:\/\/psol50.org.br\/por-que-somos-pino-solanas-nas-eleicoes-argentinas\/","name":"Por que somos Pino Solanas nas elei\u00e7\u00f5es argentinas? - PSOL 50","isPartOf":{"@id":"https:\/\/psol50.org.br\/#website"},"primaryImageOfPage":{"@id":"https:\/\/psol50.org.br\/por-que-somos-pino-solanas-nas-eleicoes-argentinas\/#primaryimage"},"image":{"@id":"https:\/\/psol50.org.br\/por-que-somos-pino-solanas-nas-eleicoes-argentinas\/#primaryimage"},"thumbnailUrl":"http:\/\/psol50.org.br\/files\/2011\/04\/AlejandroBodart.jpg","datePublished":"2011-04-29T00:00:00+00:00","breadcrumb":{"@id":"https:\/\/psol50.org.br\/por-que-somos-pino-solanas-nas-eleicoes-argentinas\/#breadcrumb"},"inLanguage":"pt-BR","potentialAction":[{"@type":"ReadAction","target":["https:\/\/psol50.org.br\/por-que-somos-pino-solanas-nas-eleicoes-argentinas\/"]}]},{"@type":"ImageObject","inLanguage":"pt-BR","@id":"https:\/\/psol50.org.br\/por-que-somos-pino-solanas-nas-eleicoes-argentinas\/#primaryimage","url":"http:\/\/psol50.org.br\/files\/2011\/04\/AlejandroBodart.jpg","contentUrl":"http:\/\/psol50.org.br\/files\/2011\/04\/AlejandroBodart.jpg"},{"@type":"BreadcrumbList","@id":"https:\/\/psol50.org.br\/por-que-somos-pino-solanas-nas-eleicoes-argentinas\/#breadcrumb","itemListElement":[{"@type":"ListItem","position":1,"name":"In\u00edcio","item":"https:\/\/psol50.org.br\/"},{"@type":"ListItem","position":2,"name":"Por que somos Pino Solanas nas elei\u00e7\u00f5es argentinas?"}]},{"@type":"WebSite","@id":"https:\/\/psol50.org.br\/#website","url":"https:\/\/psol50.org.br\/","name":"PSOL 50","description":"Site oficial do Partido Socialismo e Liberdade","publisher":{"@id":"https:\/\/psol50.org.br\/#organization"},"alternateName":"PSOL50","potentialAction":[{"@type":"SearchAction","target":{"@type":"EntryPoint","urlTemplate":"https:\/\/psol50.org.br\/?s={search_term_string}"},"query-input":{"@type":"PropertyValueSpecification","valueRequired":true,"valueName":"search_term_string"}}],"inLanguage":"pt-BR"},{"@type":"Organization","@id":"https:\/\/psol50.org.br\/#organization","name":"PSOL 50","alternateName":"PSOL 50","url":"https:\/\/psol50.org.br\/","logo":{"@type":"ImageObject","inLanguage":"pt-BR","@id":"https:\/\/psol50.org.br\/#\/schema\/logo\/image\/","url":"https:\/\/psol50.org.br\/inc\/uploads\/2018\/07\/capa.png","contentUrl":"https:\/\/psol50.org.br\/inc\/uploads\/2018\/07\/capa.png","width":1350,"height":900,"caption":"PSOL 50"},"image":{"@id":"https:\/\/psol50.org.br\/#\/schema\/logo\/image\/"},"sameAs":["https:\/\/www.facebook.com\/psol50","https:\/\/x.com\/psol50","https:\/\/www.instagram.com\/psol50\/","https:\/\/www.youtube.com\/channel\/UC7SnJS5o1os7a6CaiNabzcg"]},{"@type":"Person","@id":"https:\/\/psol50.org.br\/#\/schema\/person\/475dfa57d0b815993c714c2e96491fcd","name":"Comunica\u00e7\u00e3o PSOL","image":{"@type":"ImageObject","inLanguage":"pt-BR","@id":"https:\/\/psol50.org.br\/#\/schema\/person\/image\/","url":"https:\/\/secure.gravatar.com\/avatar\/b34fc4f4e468a4e51785917065a3db57b841f5c95dba6ad8c73aaf8f66f8f9bf?s=96&d=mm&r=g","contentUrl":"https:\/\/secure.gravatar.com\/avatar\/b34fc4f4e468a4e51785917065a3db57b841f5c95dba6ad8c73aaf8f66f8f9bf?s=96&d=mm&r=g","caption":"Comunica\u00e7\u00e3o PSOL"}}]}},"_links":{"self":[{"href":"https:\/\/psol50.org.br\/rest\/wp\/v2\/posts\/408","targetHints":{"allow":["GET"]}}],"collection":[{"href":"https:\/\/psol50.org.br\/rest\/wp\/v2\/posts"}],"about":[{"href":"https:\/\/psol50.org.br\/rest\/wp\/v2\/types\/post"}],"author":[{"embeddable":true,"href":"https:\/\/psol50.org.br\/rest\/wp\/v2\/users\/2"}],"replies":[{"embeddable":true,"href":"https:\/\/psol50.org.br\/rest\/wp\/v2\/comments?post=408"}],"version-history":[{"count":0,"href":"https:\/\/psol50.org.br\/rest\/wp\/v2\/posts\/408\/revisions"}],"wp:attachment":[{"href":"https:\/\/psol50.org.br\/rest\/wp\/v2\/media?parent=408"}],"wp:term":[{"taxonomy":"category","embeddable":true,"href":"https:\/\/psol50.org.br\/rest\/wp\/v2\/categories?post=408"},{"taxonomy":"post_tag","embeddable":true,"href":"https:\/\/psol50.org.br\/rest\/wp\/v2\/tags?post=408"}],"curies":[{"name":"wp","href":"https:\/\/api.w.org\/{rel}","templated":true}]}}