{"id":40802,"date":"2025-03-10T10:20:37","date_gmt":"2025-03-10T13:20:37","guid":{"rendered":"https:\/\/psol50.org.br\/?p=40802"},"modified":"2025-03-10T10:20:37","modified_gmt":"2025-03-10T13:20:37","slug":"fundacao-lauro-campos-e-marielle-campos-lanca-curso-gratuito-sobre-frantz-fanon-em-seu-centenario","status":"publish","type":"post","link":"https:\/\/psol50.org.br\/fundacao-lauro-campos-e-marielle-campos-lanca-curso-gratuito-sobre-frantz-fanon-em-seu-centenario\/","title":{"rendered":"Funda\u00e7\u00e3o Lauro Campos e Marielle Campos lan\u00e7a curso gratuito sobre Frantz Fanon em seu centen\u00e1rio"},"content":{"rendered":"<p>A Funda\u00e7\u00e3o Lauro Campos e Marielle Franco (FLCMF), \u00f3rg\u00e3o de forma\u00e7\u00e3o pol\u00edtica e elabora\u00e7\u00e3o program\u00e1tica do PSOL, lan\u00e7a nesta segunda-feira (10) um curso gratuito sobre o pensamento de Frantz Fanon no marco dos 100 anos de seu nascimento. As aulas ser\u00e3o ministradas pelo soci\u00f3logo Gilvandro Antunes, fundador do movimento Vidas Negras Importam no Rio Grande do Sul.<\/p>\n<p>Presidida pela deputada estadual Luciana Genro (PSOL-RS), a FLCMF tem no curso sobre Fanon sua primeira iniciativa de forma\u00e7\u00e3o pol\u00edtica de 2025. \u201cEm uma conjuntura mundial marcada por guerras, pelo recrudescimento do projeto colonialista de Israel na Palestina e pela ascens\u00e3o da extrema direita racista nos Estados Unidos, \u00e9 fundamental estudar a obra de Frantz Fanon, que deixou um legado revolucion\u00e1rio de luta antirracista e anticolonial\u201d, avalia Luciana.<\/p>\n<p>O revolucion\u00e1rio martinicano Frantz Fanon nasceu em 20 de julho de 1925 e neste ano \u00e9 comemorado o seu centen\u00e1rio. O curso da Funda\u00e7\u00e3o Lauro Campos e Marielle Franco acontecer\u00e1 em tr\u00eas aulas. A primeira aula abordar\u00e1 o livro \u201cPele Negra, M\u00e1scaras Brancas\u201d, onde Fanon analisa a estrutura psicossocial do racismo na sociedade francesa e seus impactos nas popula\u00e7\u00f5es negras. O segundo encontro tratar\u00e1 do tema do racismo e da decoloniza\u00e7\u00e3o no pensamento de Fanon, englobando o per\u00edodo em que ele se une \u00e0 revolu\u00e7\u00e3o na Arg\u00e9lia. J\u00e1 a terceira e \u00faltima aula trabalhar\u00e1 os conceitos de aliena\u00e7\u00e3o, despersonifica\u00e7\u00e3o e atomiza\u00e7\u00e3o na obra de Frantz Fanon, demonstrando como esses elementos s\u00e3o essenciais para compreender e combater o racismo e a coloniza\u00e7\u00e3o.<\/p>\n<p>As aulas ser\u00e3o disponibilizadas na plataforma de forma\u00e7\u00e3o pol\u00edtica da FLCMF, atrav\u00e9s do site\u00a0<a href=\"http:\/\/plataforma.flcmf.org.br\/\">plataforma.flcmf.org.br<\/a>, a partir do dia 10 de mar\u00e7o, seguindo um cronograma semanal de estudos. A inscri\u00e7\u00e3o \u00e9 gratuita e, ao final do curso, ser\u00e1 emitido certificado de participa\u00e7\u00e3o.<\/p>\n","protected":false},"excerpt":{"rendered":"<p>A Funda\u00e7\u00e3o Lauro Campos e Marielle Franco (FLCMF), \u00f3rg\u00e3o de forma\u00e7\u00e3o pol\u00edtica e elabora\u00e7\u00e3o program\u00e1tica do PSOL, lan\u00e7a nesta segunda-feira (10) um curso gratuito sobre o pensamento de Frantz Fanon no marco dos 100 anos de seu nascimento. As aulas ser\u00e3o ministradas pelo soci\u00f3logo Gilvandro Antunes, fundador do movimento Vidas Negras Importam no Rio Grande [&hellip;]<\/p>\n","protected":false},"author":2,"featured_media":40804,"comment_status":"closed","ping_status":"open","sticky":false,"template":"","format":"standard","meta":{"_acf_changed":false,"footnotes":""},"categories":[14],"tags":[4825],"class_list":{"0":"post-40802","1":"post","2":"type-post","3":"status-publish","4":"format-standard","5":"has-post-thumbnail","7":"category-partido","8":"tag-noticias"},"acf":[],"yoast_head":"<!-- This site is optimized with the Yoast SEO plugin v26.5 - https:\/\/yoast.com\/wordpress\/plugins\/seo\/ -->\n<title>Funda\u00e7\u00e3o Lauro Campos e Marielle Campos lan\u00e7a curso gratuito sobre Frantz Fanon em seu centen\u00e1rio<\/title>\n<meta name=\"description\" content=\"Neste ano \u00e9 comemorado o centen\u00e1rio do revolucion\u00e1rio martinicano Frantz Fanon, que deixou um legado revolucion\u00e1rio de luta antirracista e anticolonial.\" \/>\n<meta name=\"robots\" content=\"index, follow, max-snippet:-1, max-image-preview:large, max-video-preview:-1\" \/>\n<link rel=\"canonical\" href=\"https:\/\/psol50.org.br\/fundacao-lauro-campos-e-marielle-campos-lanca-curso-gratuito-sobre-frantz-fanon-em-seu-centenario\/\" \/>\n<meta property=\"og:locale\" content=\"pt_BR\" \/>\n<meta property=\"og:type\" content=\"article\" \/>\n<meta property=\"og:title\" content=\"Funda\u00e7\u00e3o Lauro Campos e Marielle Campos lan\u00e7a curso gratuito sobre Frantz Fanon em seu centen\u00e1rio\" \/>\n<meta property=\"og:description\" content=\"Neste ano \u00e9 comemorado o centen\u00e1rio do revolucion\u00e1rio martinicano Frantz Fanon, que deixou um legado revolucion\u00e1rio de luta antirracista e anticolonial.\" \/>\n<meta property=\"og:url\" content=\"https:\/\/psol50.org.br\/fundacao-lauro-campos-e-marielle-campos-lanca-curso-gratuito-sobre-frantz-fanon-em-seu-centenario\/\" \/>\n<meta property=\"og:site_name\" content=\"PSOL 50\" \/>\n<meta property=\"article:publisher\" content=\"https:\/\/www.facebook.com\/psol50\" \/>\n<meta property=\"article:published_time\" content=\"2025-03-10T13:20:37+00:00\" \/>\n<meta property=\"og:image\" content=\"https:\/\/psol50.org.br\/inc\/uploads\/2025\/03\/Fanon.jpeg\" \/>\n\t<meta property=\"og:image:width\" content=\"1300\" \/>\n\t<meta property=\"og:image:height\" content=\"700\" \/>\n\t<meta property=\"og:image:type\" content=\"image\/jpeg\" \/>\n<meta name=\"author\" content=\"Comunica\u00e7\u00e3o PSOL\" \/>\n<meta name=\"twitter:card\" content=\"summary_large_image\" \/>\n<meta name=\"twitter:creator\" content=\"@psol50\" \/>\n<meta name=\"twitter:site\" content=\"@psol50\" \/>\n<meta name=\"twitter:label1\" content=\"Escrito por\" \/>\n\t<meta name=\"twitter:data1\" content=\"Comunica\u00e7\u00e3o PSOL\" \/>\n\t<meta name=\"twitter:label2\" content=\"Est. tempo de leitura\" \/>\n\t<meta name=\"twitter:data2\" content=\"2 minutos\" \/>\n<script type=\"application\/ld+json\" class=\"yoast-schema-graph\">{\"@context\":\"https:\/\/schema.org\",\"@graph\":[{\"@type\":\"Article\",\"@id\":\"https:\/\/psol50.org.br\/fundacao-lauro-campos-e-marielle-campos-lanca-curso-gratuito-sobre-frantz-fanon-em-seu-centenario\/#article\",\"isPartOf\":{\"@id\":\"https:\/\/psol50.org.br\/fundacao-lauro-campos-e-marielle-campos-lanca-curso-gratuito-sobre-frantz-fanon-em-seu-centenario\/\"},\"author\":{\"name\":\"Comunica\u00e7\u00e3o PSOL\",\"@id\":\"https:\/\/psol50.org.br\/#\/schema\/person\/475dfa57d0b815993c714c2e96491fcd\"},\"headline\":\"Funda\u00e7\u00e3o Lauro Campos e Marielle Campos lan\u00e7a curso gratuito sobre Frantz Fanon em seu centen\u00e1rio\",\"datePublished\":\"2025-03-10T13:20:37+00:00\",\"mainEntityOfPage\":{\"@id\":\"https:\/\/psol50.org.br\/fundacao-lauro-campos-e-marielle-campos-lanca-curso-gratuito-sobre-frantz-fanon-em-seu-centenario\/\"},\"wordCount\":334,\"publisher\":{\"@id\":\"https:\/\/psol50.org.br\/#organization\"},\"image\":{\"@id\":\"https:\/\/psol50.org.br\/fundacao-lauro-campos-e-marielle-campos-lanca-curso-gratuito-sobre-frantz-fanon-em-seu-centenario\/#primaryimage\"},\"thumbnailUrl\":\"https:\/\/psol50.org.br\/inc\/uploads\/2025\/03\/Fanon.jpeg\",\"keywords\":[\"Not\u00edcias\"],\"articleSection\":[\"Partido\"],\"inLanguage\":\"pt-BR\"},{\"@type\":\"WebPage\",\"@id\":\"https:\/\/psol50.org.br\/fundacao-lauro-campos-e-marielle-campos-lanca-curso-gratuito-sobre-frantz-fanon-em-seu-centenario\/\",\"url\":\"https:\/\/psol50.org.br\/fundacao-lauro-campos-e-marielle-campos-lanca-curso-gratuito-sobre-frantz-fanon-em-seu-centenario\/\",\"name\":\"Funda\u00e7\u00e3o Lauro Campos e Marielle Campos lan\u00e7a curso gratuito sobre Frantz Fanon em seu centen\u00e1rio\",\"isPartOf\":{\"@id\":\"https:\/\/psol50.org.br\/#website\"},\"primaryImageOfPage\":{\"@id\":\"https:\/\/psol50.org.br\/fundacao-lauro-campos-e-marielle-campos-lanca-curso-gratuito-sobre-frantz-fanon-em-seu-centenario\/#primaryimage\"},\"image\":{\"@id\":\"https:\/\/psol50.org.br\/fundacao-lauro-campos-e-marielle-campos-lanca-curso-gratuito-sobre-frantz-fanon-em-seu-centenario\/#primaryimage\"},\"thumbnailUrl\":\"https:\/\/psol50.org.br\/inc\/uploads\/2025\/03\/Fanon.jpeg\",\"datePublished\":\"2025-03-10T13:20:37+00:00\",\"description\":\"Neste ano \u00e9 comemorado o centen\u00e1rio do revolucion\u00e1rio martinicano Frantz Fanon, que deixou um legado revolucion\u00e1rio de luta antirracista e anticolonial.\",\"breadcrumb\":{\"@id\":\"https:\/\/psol50.org.br\/fundacao-lauro-campos-e-marielle-campos-lanca-curso-gratuito-sobre-frantz-fanon-em-seu-centenario\/#breadcrumb\"},\"inLanguage\":\"pt-BR\",\"potentialAction\":[{\"@type\":\"ReadAction\",\"target\":[\"https:\/\/psol50.org.br\/fundacao-lauro-campos-e-marielle-campos-lanca-curso-gratuito-sobre-frantz-fanon-em-seu-centenario\/\"]}]},{\"@type\":\"ImageObject\",\"inLanguage\":\"pt-BR\",\"@id\":\"https:\/\/psol50.org.br\/fundacao-lauro-campos-e-marielle-campos-lanca-curso-gratuito-sobre-frantz-fanon-em-seu-centenario\/#primaryimage\",\"url\":\"https:\/\/psol50.org.br\/inc\/uploads\/2025\/03\/Fanon.jpeg\",\"contentUrl\":\"https:\/\/psol50.org.br\/inc\/uploads\/2025\/03\/Fanon.jpeg\",\"width\":1300,\"height\":700},{\"@type\":\"BreadcrumbList\",\"@id\":\"https:\/\/psol50.org.br\/fundacao-lauro-campos-e-marielle-campos-lanca-curso-gratuito-sobre-frantz-fanon-em-seu-centenario\/#breadcrumb\",\"itemListElement\":[{\"@type\":\"ListItem\",\"position\":1,\"name\":\"In\u00edcio\",\"item\":\"https:\/\/psol50.org.br\/\"},{\"@type\":\"ListItem\",\"position\":2,\"name\":\"Funda\u00e7\u00e3o Lauro Campos e Marielle Campos lan\u00e7a curso gratuito sobre Frantz Fanon em seu centen\u00e1rio\"}]},{\"@type\":\"WebSite\",\"@id\":\"https:\/\/psol50.org.br\/#website\",\"url\":\"https:\/\/psol50.org.br\/\",\"name\":\"PSOL 50\",\"description\":\"Site oficial do Partido Socialismo e Liberdade\",\"publisher\":{\"@id\":\"https:\/\/psol50.org.br\/#organization\"},\"alternateName\":\"PSOL50\",\"potentialAction\":[{\"@type\":\"SearchAction\",\"target\":{\"@type\":\"EntryPoint\",\"urlTemplate\":\"https:\/\/psol50.org.br\/?s={search_term_string}\"},\"query-input\":{\"@type\":\"PropertyValueSpecification\",\"valueRequired\":true,\"valueName\":\"search_term_string\"}}],\"inLanguage\":\"pt-BR\"},{\"@type\":\"Organization\",\"@id\":\"https:\/\/psol50.org.br\/#organization\",\"name\":\"PSOL 50\",\"alternateName\":\"PSOL 50\",\"url\":\"https:\/\/psol50.org.br\/\",\"logo\":{\"@type\":\"ImageObject\",\"inLanguage\":\"pt-BR\",\"@id\":\"https:\/\/psol50.org.br\/#\/schema\/logo\/image\/\",\"url\":\"https:\/\/psol50.org.br\/inc\/uploads\/2018\/07\/capa.png\",\"contentUrl\":\"https:\/\/psol50.org.br\/inc\/uploads\/2018\/07\/capa.png\",\"width\":1350,\"height\":900,\"caption\":\"PSOL 50\"},\"image\":{\"@id\":\"https:\/\/psol50.org.br\/#\/schema\/logo\/image\/\"},\"sameAs\":[\"https:\/\/www.facebook.com\/psol50\",\"https:\/\/x.com\/psol50\",\"https:\/\/www.instagram.com\/psol50\/\",\"https:\/\/www.youtube.com\/channel\/UC7SnJS5o1os7a6CaiNabzcg\"]},{\"@type\":\"Person\",\"@id\":\"https:\/\/psol50.org.br\/#\/schema\/person\/475dfa57d0b815993c714c2e96491fcd\",\"name\":\"Comunica\u00e7\u00e3o PSOL\",\"image\":{\"@type\":\"ImageObject\",\"inLanguage\":\"pt-BR\",\"@id\":\"https:\/\/psol50.org.br\/#\/schema\/person\/image\/\",\"url\":\"https:\/\/secure.gravatar.com\/avatar\/b34fc4f4e468a4e51785917065a3db57b841f5c95dba6ad8c73aaf8f66f8f9bf?s=96&d=mm&r=g\",\"contentUrl\":\"https:\/\/secure.gravatar.com\/avatar\/b34fc4f4e468a4e51785917065a3db57b841f5c95dba6ad8c73aaf8f66f8f9bf?s=96&d=mm&r=g\",\"caption\":\"Comunica\u00e7\u00e3o PSOL\"}}]}<\/script>\n<!-- \/ Yoast SEO plugin. -->","yoast_head_json":{"title":"Funda\u00e7\u00e3o Lauro Campos e Marielle Campos lan\u00e7a curso gratuito sobre Frantz Fanon em seu centen\u00e1rio","description":"Neste ano \u00e9 comemorado o centen\u00e1rio do revolucion\u00e1rio martinicano Frantz Fanon, que deixou um legado revolucion\u00e1rio de luta antirracista e anticolonial.","robots":{"index":"index","follow":"follow","max-snippet":"max-snippet:-1","max-image-preview":"max-image-preview:large","max-video-preview":"max-video-preview:-1"},"canonical":"https:\/\/psol50.org.br\/fundacao-lauro-campos-e-marielle-campos-lanca-curso-gratuito-sobre-frantz-fanon-em-seu-centenario\/","og_locale":"pt_BR","og_type":"article","og_title":"Funda\u00e7\u00e3o Lauro Campos e Marielle Campos lan\u00e7a curso gratuito sobre Frantz Fanon em seu centen\u00e1rio","og_description":"Neste ano \u00e9 comemorado o centen\u00e1rio do revolucion\u00e1rio martinicano Frantz Fanon, que deixou um legado revolucion\u00e1rio de luta antirracista e anticolonial.","og_url":"https:\/\/psol50.org.br\/fundacao-lauro-campos-e-marielle-campos-lanca-curso-gratuito-sobre-frantz-fanon-em-seu-centenario\/","og_site_name":"PSOL 50","article_publisher":"https:\/\/www.facebook.com\/psol50","article_published_time":"2025-03-10T13:20:37+00:00","og_image":[{"width":1300,"height":700,"url":"https:\/\/psol50.org.br\/inc\/uploads\/2025\/03\/Fanon.jpeg","type":"image\/jpeg"}],"author":"Comunica\u00e7\u00e3o PSOL","twitter_card":"summary_large_image","twitter_creator":"@psol50","twitter_site":"@psol50","twitter_misc":{"Escrito por":"Comunica\u00e7\u00e3o PSOL","Est. tempo de leitura":"2 minutos"},"schema":{"@context":"https:\/\/schema.org","@graph":[{"@type":"Article","@id":"https:\/\/psol50.org.br\/fundacao-lauro-campos-e-marielle-campos-lanca-curso-gratuito-sobre-frantz-fanon-em-seu-centenario\/#article","isPartOf":{"@id":"https:\/\/psol50.org.br\/fundacao-lauro-campos-e-marielle-campos-lanca-curso-gratuito-sobre-frantz-fanon-em-seu-centenario\/"},"author":{"name":"Comunica\u00e7\u00e3o PSOL","@id":"https:\/\/psol50.org.br\/#\/schema\/person\/475dfa57d0b815993c714c2e96491fcd"},"headline":"Funda\u00e7\u00e3o Lauro Campos e Marielle Campos lan\u00e7a curso gratuito sobre Frantz Fanon em seu centen\u00e1rio","datePublished":"2025-03-10T13:20:37+00:00","mainEntityOfPage":{"@id":"https:\/\/psol50.org.br\/fundacao-lauro-campos-e-marielle-campos-lanca-curso-gratuito-sobre-frantz-fanon-em-seu-centenario\/"},"wordCount":334,"publisher":{"@id":"https:\/\/psol50.org.br\/#organization"},"image":{"@id":"https:\/\/psol50.org.br\/fundacao-lauro-campos-e-marielle-campos-lanca-curso-gratuito-sobre-frantz-fanon-em-seu-centenario\/#primaryimage"},"thumbnailUrl":"https:\/\/psol50.org.br\/inc\/uploads\/2025\/03\/Fanon.jpeg","keywords":["Not\u00edcias"],"articleSection":["Partido"],"inLanguage":"pt-BR"},{"@type":"WebPage","@id":"https:\/\/psol50.org.br\/fundacao-lauro-campos-e-marielle-campos-lanca-curso-gratuito-sobre-frantz-fanon-em-seu-centenario\/","url":"https:\/\/psol50.org.br\/fundacao-lauro-campos-e-marielle-campos-lanca-curso-gratuito-sobre-frantz-fanon-em-seu-centenario\/","name":"Funda\u00e7\u00e3o Lauro Campos e Marielle Campos lan\u00e7a curso gratuito sobre Frantz Fanon em seu centen\u00e1rio","isPartOf":{"@id":"https:\/\/psol50.org.br\/#website"},"primaryImageOfPage":{"@id":"https:\/\/psol50.org.br\/fundacao-lauro-campos-e-marielle-campos-lanca-curso-gratuito-sobre-frantz-fanon-em-seu-centenario\/#primaryimage"},"image":{"@id":"https:\/\/psol50.org.br\/fundacao-lauro-campos-e-marielle-campos-lanca-curso-gratuito-sobre-frantz-fanon-em-seu-centenario\/#primaryimage"},"thumbnailUrl":"https:\/\/psol50.org.br\/inc\/uploads\/2025\/03\/Fanon.jpeg","datePublished":"2025-03-10T13:20:37+00:00","description":"Neste ano \u00e9 comemorado o centen\u00e1rio do revolucion\u00e1rio martinicano Frantz Fanon, que deixou um legado revolucion\u00e1rio de luta antirracista e anticolonial.","breadcrumb":{"@id":"https:\/\/psol50.org.br\/fundacao-lauro-campos-e-marielle-campos-lanca-curso-gratuito-sobre-frantz-fanon-em-seu-centenario\/#breadcrumb"},"inLanguage":"pt-BR","potentialAction":[{"@type":"ReadAction","target":["https:\/\/psol50.org.br\/fundacao-lauro-campos-e-marielle-campos-lanca-curso-gratuito-sobre-frantz-fanon-em-seu-centenario\/"]}]},{"@type":"ImageObject","inLanguage":"pt-BR","@id":"https:\/\/psol50.org.br\/fundacao-lauro-campos-e-marielle-campos-lanca-curso-gratuito-sobre-frantz-fanon-em-seu-centenario\/#primaryimage","url":"https:\/\/psol50.org.br\/inc\/uploads\/2025\/03\/Fanon.jpeg","contentUrl":"https:\/\/psol50.org.br\/inc\/uploads\/2025\/03\/Fanon.jpeg","width":1300,"height":700},{"@type":"BreadcrumbList","@id":"https:\/\/psol50.org.br\/fundacao-lauro-campos-e-marielle-campos-lanca-curso-gratuito-sobre-frantz-fanon-em-seu-centenario\/#breadcrumb","itemListElement":[{"@type":"ListItem","position":1,"name":"In\u00edcio","item":"https:\/\/psol50.org.br\/"},{"@type":"ListItem","position":2,"name":"Funda\u00e7\u00e3o Lauro Campos e Marielle Campos lan\u00e7a curso gratuito sobre Frantz Fanon em seu centen\u00e1rio"}]},{"@type":"WebSite","@id":"https:\/\/psol50.org.br\/#website","url":"https:\/\/psol50.org.br\/","name":"PSOL 50","description":"Site oficial do Partido Socialismo e Liberdade","publisher":{"@id":"https:\/\/psol50.org.br\/#organization"},"alternateName":"PSOL50","potentialAction":[{"@type":"SearchAction","target":{"@type":"EntryPoint","urlTemplate":"https:\/\/psol50.org.br\/?s={search_term_string}"},"query-input":{"@type":"PropertyValueSpecification","valueRequired":true,"valueName":"search_term_string"}}],"inLanguage":"pt-BR"},{"@type":"Organization","@id":"https:\/\/psol50.org.br\/#organization","name":"PSOL 50","alternateName":"PSOL 50","url":"https:\/\/psol50.org.br\/","logo":{"@type":"ImageObject","inLanguage":"pt-BR","@id":"https:\/\/psol50.org.br\/#\/schema\/logo\/image\/","url":"https:\/\/psol50.org.br\/inc\/uploads\/2018\/07\/capa.png","contentUrl":"https:\/\/psol50.org.br\/inc\/uploads\/2018\/07\/capa.png","width":1350,"height":900,"caption":"PSOL 50"},"image":{"@id":"https:\/\/psol50.org.br\/#\/schema\/logo\/image\/"},"sameAs":["https:\/\/www.facebook.com\/psol50","https:\/\/x.com\/psol50","https:\/\/www.instagram.com\/psol50\/","https:\/\/www.youtube.com\/channel\/UC7SnJS5o1os7a6CaiNabzcg"]},{"@type":"Person","@id":"https:\/\/psol50.org.br\/#\/schema\/person\/475dfa57d0b815993c714c2e96491fcd","name":"Comunica\u00e7\u00e3o PSOL","image":{"@type":"ImageObject","inLanguage":"pt-BR","@id":"https:\/\/psol50.org.br\/#\/schema\/person\/image\/","url":"https:\/\/secure.gravatar.com\/avatar\/b34fc4f4e468a4e51785917065a3db57b841f5c95dba6ad8c73aaf8f66f8f9bf?s=96&d=mm&r=g","contentUrl":"https:\/\/secure.gravatar.com\/avatar\/b34fc4f4e468a4e51785917065a3db57b841f5c95dba6ad8c73aaf8f66f8f9bf?s=96&d=mm&r=g","caption":"Comunica\u00e7\u00e3o PSOL"}}]}},"_links":{"self":[{"href":"https:\/\/psol50.org.br\/rest\/wp\/v2\/posts\/40802","targetHints":{"allow":["GET"]}}],"collection":[{"href":"https:\/\/psol50.org.br\/rest\/wp\/v2\/posts"}],"about":[{"href":"https:\/\/psol50.org.br\/rest\/wp\/v2\/types\/post"}],"author":[{"embeddable":true,"href":"https:\/\/psol50.org.br\/rest\/wp\/v2\/users\/2"}],"replies":[{"embeddable":true,"href":"https:\/\/psol50.org.br\/rest\/wp\/v2\/comments?post=40802"}],"version-history":[{"count":1,"href":"https:\/\/psol50.org.br\/rest\/wp\/v2\/posts\/40802\/revisions"}],"predecessor-version":[{"id":40803,"href":"https:\/\/psol50.org.br\/rest\/wp\/v2\/posts\/40802\/revisions\/40803"}],"wp:featuredmedia":[{"embeddable":true,"href":"https:\/\/psol50.org.br\/rest\/wp\/v2\/media\/40804"}],"wp:attachment":[{"href":"https:\/\/psol50.org.br\/rest\/wp\/v2\/media?parent=40802"}],"wp:term":[{"taxonomy":"category","embeddable":true,"href":"https:\/\/psol50.org.br\/rest\/wp\/v2\/categories?post=40802"},{"taxonomy":"post_tag","embeddable":true,"href":"https:\/\/psol50.org.br\/rest\/wp\/v2\/tags?post=40802"}],"curies":[{"name":"wp","href":"https:\/\/api.w.org\/{rel}","templated":true}]}}