{"id":40816,"date":"2025-03-11T14:25:04","date_gmt":"2025-03-11T17:25:04","guid":{"rendered":"https:\/\/psol50.org.br\/?p=40816"},"modified":"2025-03-13T13:51:57","modified_gmt":"2025-03-13T16:51:57","slug":"ediane-denuncia-uso-indevido-verba-publica","status":"publish","type":"post","link":"https:\/\/psol50.org.br\/ediane-denuncia-uso-indevido-verba-publica\/","title":{"rendered":"Ediane Maria (PSOL\/SP) denuncia uso indevido de verba p\u00fablica para autopromo\u00e7\u00e3o na Alesp"},"content":{"rendered":"<p>A deputada estadual Ediane Maria (PSOL\/SP) protocolou uma representa\u00e7\u00e3o no Minist\u00e9rio P\u00fablico de S\u00e3o Paulo contra o deputado Guto Zacarias (Uni\u00e3o Brasil), por uso indevido de emenda parlamentar. O caso envolve a destina\u00e7\u00e3o de R$300 mil em recursos p\u00fablicos para a produ\u00e7\u00e3o de um gibi e um jogo da mem\u00f3ria com conte\u00fado de autopromo\u00e7\u00e3o.<\/p>\n<p>As publica\u00e7\u00f5es, voltadas para crian\u00e7as, contam com personagens inspirados no pr\u00f3prio Guto Zacarias e em outros membros do MBL, como Kim Kataguiri, Amanda Vettorazzo e Arthur do Val.<\/p>\n<p>Ediane afirma que \u201cO uso de verbas p\u00fablicas para a produ\u00e7\u00e3o de materiais como esse, que autopromove o pol\u00edtico, n\u00e3o \u00e9 s\u00f3 uma imoralidade. \u00c9 tamb\u00e9m um ato il\u00edcito, criminoso\u201d.<\/p>\n<p>A revista foi lan\u00e7ada com tiragem de pelo menos mil exemplares e teve sua distribui\u00e7\u00e3o associada a atividades como visitas guiadas ao Obelisco do Ibirapuera, oficinas e exposi\u00e7\u00f5es.<\/p>\n<p>Para a deputada, esse caso revela mais uma tentativa de usar recursos p\u00fablicos com fins pessoais, mascarados sob o pretexto de a\u00e7\u00f5es educativas. A a\u00e7\u00e3o no Minist\u00e9rio P\u00fablico busca responsabilizar o deputado com base na Lei de Improbidade Administrativa, que pro\u00edbe o uso de recursos p\u00fablicos para promo\u00e7\u00e3o pessoal.<\/p>\n","protected":false},"excerpt":{"rendered":"<p>A deputada estadual Ediane Maria (PSOL\/SP) protocolou uma representa\u00e7\u00e3o no Minist\u00e9rio P\u00fablico de S\u00e3o Paulo contra o deputado Guto Zacarias (Uni\u00e3o Brasil), por uso indevido de emenda parlamentar. O caso envolve a destina\u00e7\u00e3o de R$300 mil em recursos p\u00fablicos para a produ\u00e7\u00e3o de um gibi e um jogo da mem\u00f3ria com conte\u00fado de autopromo\u00e7\u00e3o. As [&hellip;]<\/p>\n","protected":false},"author":2,"featured_media":40818,"comment_status":"closed","ping_status":"open","sticky":false,"template":"","format":"standard","meta":{"_acf_changed":false,"footnotes":""},"categories":[10],"tags":[4825],"class_list":{"0":"post-40816","1":"post","2":"type-post","3":"status-publish","4":"format-standard","5":"has-post-thumbnail","7":"category-acao-parlamentares","8":"tag-noticias"},"acf":[],"yoast_head":"<!-- This site is optimized with the Yoast SEO plugin v26.5 - https:\/\/yoast.com\/wordpress\/plugins\/seo\/ -->\n<title>Ediane Maria (PSOL\/SP) denuncia uso indevido de verba p\u00fablica para autopromo\u00e7\u00e3o na Alesp - PSOL 50<\/title>\n<meta name=\"description\" content=\"Ediane Maria (PSOL\/SP) denuncia Guto Zacarias (MBL) no Minist\u00e9rio P\u00fablico por uso indevido de dinheiro p\u00fablico na Alesp. Entenda.\" \/>\n<meta name=\"robots\" content=\"index, follow, max-snippet:-1, max-image-preview:large, max-video-preview:-1\" \/>\n<link rel=\"canonical\" href=\"https:\/\/psol50.org.br\/ediane-denuncia-uso-indevido-verba-publica\/\" \/>\n<meta property=\"og:locale\" content=\"pt_BR\" \/>\n<meta property=\"og:type\" content=\"article\" \/>\n<meta property=\"og:title\" content=\"Ediane Maria (PSOL\/SP) denuncia uso indevido de verba p\u00fablica para autopromo\u00e7\u00e3o na Alesp - PSOL 50\" \/>\n<meta property=\"og:description\" content=\"Ediane Maria (PSOL\/SP) denuncia Guto Zacarias (MBL) no Minist\u00e9rio P\u00fablico por uso indevido de dinheiro p\u00fablico na Alesp. Entenda.\" \/>\n<meta property=\"og:url\" content=\"https:\/\/psol50.org.br\/ediane-denuncia-uso-indevido-verba-publica\/\" \/>\n<meta property=\"og:site_name\" content=\"PSOL 50\" \/>\n<meta property=\"article:publisher\" content=\"https:\/\/www.facebook.com\/psol50\" \/>\n<meta property=\"article:published_time\" content=\"2025-03-11T17:25:04+00:00\" \/>\n<meta property=\"article:modified_time\" content=\"2025-03-13T16:51:57+00:00\" \/>\n<meta property=\"og:image\" content=\"https:\/\/psol50.org.br\/inc\/uploads\/2025\/03\/Ediane-Maria.jpg\" \/>\n\t<meta property=\"og:image:width\" content=\"2048\" \/>\n\t<meta property=\"og:image:height\" content=\"1365\" \/>\n\t<meta property=\"og:image:type\" content=\"image\/jpeg\" \/>\n<meta name=\"author\" content=\"Comunica\u00e7\u00e3o PSOL\" \/>\n<meta name=\"twitter:card\" content=\"summary_large_image\" \/>\n<meta name=\"twitter:creator\" content=\"@psol50\" \/>\n<meta name=\"twitter:site\" content=\"@psol50\" \/>\n<meta name=\"twitter:label1\" content=\"Escrito por\" \/>\n\t<meta name=\"twitter:data1\" content=\"Comunica\u00e7\u00e3o PSOL\" \/>\n\t<meta name=\"twitter:label2\" content=\"Est. tempo de leitura\" \/>\n\t<meta name=\"twitter:data2\" content=\"1 minuto\" \/>\n<script type=\"application\/ld+json\" class=\"yoast-schema-graph\">{\"@context\":\"https:\/\/schema.org\",\"@graph\":[{\"@type\":\"Article\",\"@id\":\"https:\/\/psol50.org.br\/ediane-denuncia-uso-indevido-verba-publica\/#article\",\"isPartOf\":{\"@id\":\"https:\/\/psol50.org.br\/ediane-denuncia-uso-indevido-verba-publica\/\"},\"author\":{\"name\":\"Comunica\u00e7\u00e3o PSOL\",\"@id\":\"https:\/\/psol50.org.br\/#\/schema\/person\/475dfa57d0b815993c714c2e96491fcd\"},\"headline\":\"Ediane Maria (PSOL\/SP) denuncia uso indevido de verba p\u00fablica para autopromo\u00e7\u00e3o na Alesp\",\"datePublished\":\"2025-03-11T17:25:04+00:00\",\"dateModified\":\"2025-03-13T16:51:57+00:00\",\"mainEntityOfPage\":{\"@id\":\"https:\/\/psol50.org.br\/ediane-denuncia-uso-indevido-verba-publica\/\"},\"wordCount\":235,\"publisher\":{\"@id\":\"https:\/\/psol50.org.br\/#organization\"},\"image\":{\"@id\":\"https:\/\/psol50.org.br\/ediane-denuncia-uso-indevido-verba-publica\/#primaryimage\"},\"thumbnailUrl\":\"https:\/\/psol50.org.br\/inc\/uploads\/2025\/03\/Ediane-Maria.jpg\",\"keywords\":[\"Not\u00edcias\"],\"articleSection\":[\"A\u00e7\u00e3o Parlamentar\"],\"inLanguage\":\"pt-BR\"},{\"@type\":\"WebPage\",\"@id\":\"https:\/\/psol50.org.br\/ediane-denuncia-uso-indevido-verba-publica\/\",\"url\":\"https:\/\/psol50.org.br\/ediane-denuncia-uso-indevido-verba-publica\/\",\"name\":\"Ediane Maria (PSOL\/SP) denuncia uso indevido de verba p\u00fablica para autopromo\u00e7\u00e3o na Alesp - PSOL 50\",\"isPartOf\":{\"@id\":\"https:\/\/psol50.org.br\/#website\"},\"primaryImageOfPage\":{\"@id\":\"https:\/\/psol50.org.br\/ediane-denuncia-uso-indevido-verba-publica\/#primaryimage\"},\"image\":{\"@id\":\"https:\/\/psol50.org.br\/ediane-denuncia-uso-indevido-verba-publica\/#primaryimage\"},\"thumbnailUrl\":\"https:\/\/psol50.org.br\/inc\/uploads\/2025\/03\/Ediane-Maria.jpg\",\"datePublished\":\"2025-03-11T17:25:04+00:00\",\"dateModified\":\"2025-03-13T16:51:57+00:00\",\"description\":\"Ediane Maria (PSOL\/SP) denuncia Guto Zacarias (MBL) no Minist\u00e9rio P\u00fablico por uso indevido de dinheiro p\u00fablico na Alesp. Entenda.\",\"breadcrumb\":{\"@id\":\"https:\/\/psol50.org.br\/ediane-denuncia-uso-indevido-verba-publica\/#breadcrumb\"},\"inLanguage\":\"pt-BR\",\"potentialAction\":[{\"@type\":\"ReadAction\",\"target\":[\"https:\/\/psol50.org.br\/ediane-denuncia-uso-indevido-verba-publica\/\"]}]},{\"@type\":\"ImageObject\",\"inLanguage\":\"pt-BR\",\"@id\":\"https:\/\/psol50.org.br\/ediane-denuncia-uso-indevido-verba-publica\/#primaryimage\",\"url\":\"https:\/\/psol50.org.br\/inc\/uploads\/2025\/03\/Ediane-Maria.jpg\",\"contentUrl\":\"https:\/\/psol50.org.br\/inc\/uploads\/2025\/03\/Ediane-Maria.jpg\",\"width\":2048,\"height\":1365,\"caption\":\"Foto: Bruna Sampaio \/ Alesp\"},{\"@type\":\"BreadcrumbList\",\"@id\":\"https:\/\/psol50.org.br\/ediane-denuncia-uso-indevido-verba-publica\/#breadcrumb\",\"itemListElement\":[{\"@type\":\"ListItem\",\"position\":1,\"name\":\"In\u00edcio\",\"item\":\"https:\/\/psol50.org.br\/\"},{\"@type\":\"ListItem\",\"position\":2,\"name\":\"Ediane Maria (PSOL\/SP) denuncia uso indevido de verba p\u00fablica para autopromo\u00e7\u00e3o na Alesp\"}]},{\"@type\":\"WebSite\",\"@id\":\"https:\/\/psol50.org.br\/#website\",\"url\":\"https:\/\/psol50.org.br\/\",\"name\":\"PSOL 50\",\"description\":\"Site oficial do Partido Socialismo e Liberdade\",\"publisher\":{\"@id\":\"https:\/\/psol50.org.br\/#organization\"},\"alternateName\":\"PSOL50\",\"potentialAction\":[{\"@type\":\"SearchAction\",\"target\":{\"@type\":\"EntryPoint\",\"urlTemplate\":\"https:\/\/psol50.org.br\/?s={search_term_string}\"},\"query-input\":{\"@type\":\"PropertyValueSpecification\",\"valueRequired\":true,\"valueName\":\"search_term_string\"}}],\"inLanguage\":\"pt-BR\"},{\"@type\":\"Organization\",\"@id\":\"https:\/\/psol50.org.br\/#organization\",\"name\":\"PSOL 50\",\"alternateName\":\"PSOL 50\",\"url\":\"https:\/\/psol50.org.br\/\",\"logo\":{\"@type\":\"ImageObject\",\"inLanguage\":\"pt-BR\",\"@id\":\"https:\/\/psol50.org.br\/#\/schema\/logo\/image\/\",\"url\":\"https:\/\/psol50.org.br\/inc\/uploads\/2018\/07\/capa.png\",\"contentUrl\":\"https:\/\/psol50.org.br\/inc\/uploads\/2018\/07\/capa.png\",\"width\":1350,\"height\":900,\"caption\":\"PSOL 50\"},\"image\":{\"@id\":\"https:\/\/psol50.org.br\/#\/schema\/logo\/image\/\"},\"sameAs\":[\"https:\/\/www.facebook.com\/psol50\",\"https:\/\/x.com\/psol50\",\"https:\/\/www.instagram.com\/psol50\/\",\"https:\/\/www.youtube.com\/channel\/UC7SnJS5o1os7a6CaiNabzcg\"]},{\"@type\":\"Person\",\"@id\":\"https:\/\/psol50.org.br\/#\/schema\/person\/475dfa57d0b815993c714c2e96491fcd\",\"name\":\"Comunica\u00e7\u00e3o PSOL\",\"image\":{\"@type\":\"ImageObject\",\"inLanguage\":\"pt-BR\",\"@id\":\"https:\/\/psol50.org.br\/#\/schema\/person\/image\/\",\"url\":\"https:\/\/secure.gravatar.com\/avatar\/b34fc4f4e468a4e51785917065a3db57b841f5c95dba6ad8c73aaf8f66f8f9bf?s=96&d=mm&r=g\",\"contentUrl\":\"https:\/\/secure.gravatar.com\/avatar\/b34fc4f4e468a4e51785917065a3db57b841f5c95dba6ad8c73aaf8f66f8f9bf?s=96&d=mm&r=g\",\"caption\":\"Comunica\u00e7\u00e3o PSOL\"}}]}<\/script>\n<!-- \/ Yoast SEO plugin. -->","yoast_head_json":{"title":"Ediane Maria (PSOL\/SP) denuncia uso indevido de verba p\u00fablica para autopromo\u00e7\u00e3o na Alesp - PSOL 50","description":"Ediane Maria (PSOL\/SP) denuncia Guto Zacarias (MBL) no Minist\u00e9rio P\u00fablico por uso indevido de dinheiro p\u00fablico na Alesp. Entenda.","robots":{"index":"index","follow":"follow","max-snippet":"max-snippet:-1","max-image-preview":"max-image-preview:large","max-video-preview":"max-video-preview:-1"},"canonical":"https:\/\/psol50.org.br\/ediane-denuncia-uso-indevido-verba-publica\/","og_locale":"pt_BR","og_type":"article","og_title":"Ediane Maria (PSOL\/SP) denuncia uso indevido de verba p\u00fablica para autopromo\u00e7\u00e3o na Alesp - PSOL 50","og_description":"Ediane Maria (PSOL\/SP) denuncia Guto Zacarias (MBL) no Minist\u00e9rio P\u00fablico por uso indevido de dinheiro p\u00fablico na Alesp. Entenda.","og_url":"https:\/\/psol50.org.br\/ediane-denuncia-uso-indevido-verba-publica\/","og_site_name":"PSOL 50","article_publisher":"https:\/\/www.facebook.com\/psol50","article_published_time":"2025-03-11T17:25:04+00:00","article_modified_time":"2025-03-13T16:51:57+00:00","og_image":[{"width":2048,"height":1365,"url":"https:\/\/psol50.org.br\/inc\/uploads\/2025\/03\/Ediane-Maria.jpg","type":"image\/jpeg"}],"author":"Comunica\u00e7\u00e3o PSOL","twitter_card":"summary_large_image","twitter_creator":"@psol50","twitter_site":"@psol50","twitter_misc":{"Escrito por":"Comunica\u00e7\u00e3o PSOL","Est. tempo de leitura":"1 minuto"},"schema":{"@context":"https:\/\/schema.org","@graph":[{"@type":"Article","@id":"https:\/\/psol50.org.br\/ediane-denuncia-uso-indevido-verba-publica\/#article","isPartOf":{"@id":"https:\/\/psol50.org.br\/ediane-denuncia-uso-indevido-verba-publica\/"},"author":{"name":"Comunica\u00e7\u00e3o PSOL","@id":"https:\/\/psol50.org.br\/#\/schema\/person\/475dfa57d0b815993c714c2e96491fcd"},"headline":"Ediane Maria (PSOL\/SP) denuncia uso indevido de verba p\u00fablica para autopromo\u00e7\u00e3o na Alesp","datePublished":"2025-03-11T17:25:04+00:00","dateModified":"2025-03-13T16:51:57+00:00","mainEntityOfPage":{"@id":"https:\/\/psol50.org.br\/ediane-denuncia-uso-indevido-verba-publica\/"},"wordCount":235,"publisher":{"@id":"https:\/\/psol50.org.br\/#organization"},"image":{"@id":"https:\/\/psol50.org.br\/ediane-denuncia-uso-indevido-verba-publica\/#primaryimage"},"thumbnailUrl":"https:\/\/psol50.org.br\/inc\/uploads\/2025\/03\/Ediane-Maria.jpg","keywords":["Not\u00edcias"],"articleSection":["A\u00e7\u00e3o Parlamentar"],"inLanguage":"pt-BR"},{"@type":"WebPage","@id":"https:\/\/psol50.org.br\/ediane-denuncia-uso-indevido-verba-publica\/","url":"https:\/\/psol50.org.br\/ediane-denuncia-uso-indevido-verba-publica\/","name":"Ediane Maria (PSOL\/SP) denuncia uso indevido de verba p\u00fablica para autopromo\u00e7\u00e3o na Alesp - PSOL 50","isPartOf":{"@id":"https:\/\/psol50.org.br\/#website"},"primaryImageOfPage":{"@id":"https:\/\/psol50.org.br\/ediane-denuncia-uso-indevido-verba-publica\/#primaryimage"},"image":{"@id":"https:\/\/psol50.org.br\/ediane-denuncia-uso-indevido-verba-publica\/#primaryimage"},"thumbnailUrl":"https:\/\/psol50.org.br\/inc\/uploads\/2025\/03\/Ediane-Maria.jpg","datePublished":"2025-03-11T17:25:04+00:00","dateModified":"2025-03-13T16:51:57+00:00","description":"Ediane Maria (PSOL\/SP) denuncia Guto Zacarias (MBL) no Minist\u00e9rio P\u00fablico por uso indevido de dinheiro p\u00fablico na Alesp. Entenda.","breadcrumb":{"@id":"https:\/\/psol50.org.br\/ediane-denuncia-uso-indevido-verba-publica\/#breadcrumb"},"inLanguage":"pt-BR","potentialAction":[{"@type":"ReadAction","target":["https:\/\/psol50.org.br\/ediane-denuncia-uso-indevido-verba-publica\/"]}]},{"@type":"ImageObject","inLanguage":"pt-BR","@id":"https:\/\/psol50.org.br\/ediane-denuncia-uso-indevido-verba-publica\/#primaryimage","url":"https:\/\/psol50.org.br\/inc\/uploads\/2025\/03\/Ediane-Maria.jpg","contentUrl":"https:\/\/psol50.org.br\/inc\/uploads\/2025\/03\/Ediane-Maria.jpg","width":2048,"height":1365,"caption":"Foto: Bruna Sampaio \/ Alesp"},{"@type":"BreadcrumbList","@id":"https:\/\/psol50.org.br\/ediane-denuncia-uso-indevido-verba-publica\/#breadcrumb","itemListElement":[{"@type":"ListItem","position":1,"name":"In\u00edcio","item":"https:\/\/psol50.org.br\/"},{"@type":"ListItem","position":2,"name":"Ediane Maria (PSOL\/SP) denuncia uso indevido de verba p\u00fablica para autopromo\u00e7\u00e3o na Alesp"}]},{"@type":"WebSite","@id":"https:\/\/psol50.org.br\/#website","url":"https:\/\/psol50.org.br\/","name":"PSOL 50","description":"Site oficial do Partido Socialismo e Liberdade","publisher":{"@id":"https:\/\/psol50.org.br\/#organization"},"alternateName":"PSOL50","potentialAction":[{"@type":"SearchAction","target":{"@type":"EntryPoint","urlTemplate":"https:\/\/psol50.org.br\/?s={search_term_string}"},"query-input":{"@type":"PropertyValueSpecification","valueRequired":true,"valueName":"search_term_string"}}],"inLanguage":"pt-BR"},{"@type":"Organization","@id":"https:\/\/psol50.org.br\/#organization","name":"PSOL 50","alternateName":"PSOL 50","url":"https:\/\/psol50.org.br\/","logo":{"@type":"ImageObject","inLanguage":"pt-BR","@id":"https:\/\/psol50.org.br\/#\/schema\/logo\/image\/","url":"https:\/\/psol50.org.br\/inc\/uploads\/2018\/07\/capa.png","contentUrl":"https:\/\/psol50.org.br\/inc\/uploads\/2018\/07\/capa.png","width":1350,"height":900,"caption":"PSOL 50"},"image":{"@id":"https:\/\/psol50.org.br\/#\/schema\/logo\/image\/"},"sameAs":["https:\/\/www.facebook.com\/psol50","https:\/\/x.com\/psol50","https:\/\/www.instagram.com\/psol50\/","https:\/\/www.youtube.com\/channel\/UC7SnJS5o1os7a6CaiNabzcg"]},{"@type":"Person","@id":"https:\/\/psol50.org.br\/#\/schema\/person\/475dfa57d0b815993c714c2e96491fcd","name":"Comunica\u00e7\u00e3o PSOL","image":{"@type":"ImageObject","inLanguage":"pt-BR","@id":"https:\/\/psol50.org.br\/#\/schema\/person\/image\/","url":"https:\/\/secure.gravatar.com\/avatar\/b34fc4f4e468a4e51785917065a3db57b841f5c95dba6ad8c73aaf8f66f8f9bf?s=96&d=mm&r=g","contentUrl":"https:\/\/secure.gravatar.com\/avatar\/b34fc4f4e468a4e51785917065a3db57b841f5c95dba6ad8c73aaf8f66f8f9bf?s=96&d=mm&r=g","caption":"Comunica\u00e7\u00e3o PSOL"}}]}},"_links":{"self":[{"href":"https:\/\/psol50.org.br\/rest\/wp\/v2\/posts\/40816","targetHints":{"allow":["GET"]}}],"collection":[{"href":"https:\/\/psol50.org.br\/rest\/wp\/v2\/posts"}],"about":[{"href":"https:\/\/psol50.org.br\/rest\/wp\/v2\/types\/post"}],"author":[{"embeddable":true,"href":"https:\/\/psol50.org.br\/rest\/wp\/v2\/users\/2"}],"replies":[{"embeddable":true,"href":"https:\/\/psol50.org.br\/rest\/wp\/v2\/comments?post=40816"}],"version-history":[{"count":2,"href":"https:\/\/psol50.org.br\/rest\/wp\/v2\/posts\/40816\/revisions"}],"predecessor-version":[{"id":40819,"href":"https:\/\/psol50.org.br\/rest\/wp\/v2\/posts\/40816\/revisions\/40819"}],"wp:featuredmedia":[{"embeddable":true,"href":"https:\/\/psol50.org.br\/rest\/wp\/v2\/media\/40818"}],"wp:attachment":[{"href":"https:\/\/psol50.org.br\/rest\/wp\/v2\/media?parent=40816"}],"wp:term":[{"taxonomy":"category","embeddable":true,"href":"https:\/\/psol50.org.br\/rest\/wp\/v2\/categories?post=40816"},{"taxonomy":"post_tag","embeddable":true,"href":"https:\/\/psol50.org.br\/rest\/wp\/v2\/tags?post=40816"}],"curies":[{"name":"wp","href":"https:\/\/api.w.org\/{rel}","templated":true}]}}