{"id":40824,"date":"2025-03-13T13:51:02","date_gmt":"2025-03-13T16:51:02","guid":{"rendered":"https:\/\/psol50.org.br\/?p=40824"},"modified":"2025-03-18T16:35:31","modified_gmt":"2025-03-18T19:35:31","slug":"samia-bomfim-psol-aciona-mp-sp-contra-baby-do-brasil-apos-fala-sobre-vitimas-de-abusos-sexuais","status":"publish","type":"post","link":"https:\/\/psol50.org.br\/samia-bomfim-psol-aciona-mp-sp-contra-baby-do-brasil-apos-fala-sobre-vitimas-de-abusos-sexuais\/","title":{"rendered":"S\u00e2mia Bomfim (PSOL) aciona MP-SP contra Baby do Brasil ap\u00f3s fala sobre v\u00edtimas de abusos sexuais"},"content":{"rendered":"<p>A deputada federal S\u00e2mia Bomfim (PSOL) entrou com uma a\u00e7\u00e3o no Minist\u00e9rio P\u00fablico de S\u00e3o Paulo (MP-SP) contra Baby do Brasil ap\u00f3s a cantora pedir, durante um culto que realizava em uma balada na capital paulista,\u00a0para que as v\u00edtimas de viol\u00eancia sexual perdoem seus abusadores.<\/p>\n<p>&#8220;Perdoa tudo o que voc\u00ea tiver no seu cora\u00e7\u00e3o aqui, hoje, nesse lugar. Perdoa. Se teve\u00a0abuso sexual, perdoa. Se foi da fam\u00edlia, perdoa&#8221;, disse a ex-vocalista dos Novos Baianos no evento realizado na \u00faltima segunda-feira (10).<\/p>\n<p>S\u00e2mia denuncia que o discurso de Baby ultrapassa os limites da liberdade religiosa e de express\u00e3o, &#8220;favorecendo abusadores e desconsiderando o impacto psicol\u00f3gico e f\u00edsico das viol\u00eancias sofridas pelas v\u00edtimas&#8221;.<\/p>\n<p>A den\u00fancia aponta tamb\u00e9m que a fala \u00e9 &#8220;uma clara incita\u00e7\u00e3o ao perd\u00e3o incondicional de crimes sexuais, que pode resultar no desencorajamento de v\u00edtimas a denunciar seus agressores&#8221;.<\/p>\n<p>S\u00e2mia pede que a artista seja investigada por incita\u00e7\u00e3o ao crime e por condescend\u00eancia criminosa e o empres\u00e1rio e DJ Renato Ratier, dono da casa, por omiss\u00e3o.<\/p>\n<blockquote class=\"instagram-media\" style=\"background: #FFF; border: 0; border-radius: 3px; box-shadow: 0 0 1px 0 rgba(0,0,0,0.5),0 1px 10px 0 rgba(0,0,0,0.15); margin: 1px; max-width: 540px; min-width: 326px; padding: 0; width: calc(100% - 2px);\" data-instgrm-captioned=\"\" data-instgrm-permalink=\"https:\/\/www.instagram.com\/p\/DHHSLDxJNIp\/?utm_source=ig_embed&amp;utm_campaign=loading\" data-instgrm-version=\"14\">\n<div style=\"padding: 16px;\">\n<p>&nbsp;<\/p>\n<div style=\"display: flex; flex-direction: row; align-items: center;\">\n<div style=\"background-color: #f4f4f4; border-radius: 50%; flex-grow: 0; height: 40px; margin-right: 14px; width: 40px;\"><\/div>\n<div style=\"display: flex; flex-direction: column; flex-grow: 1; justify-content: center;\">\n<div style=\"background-color: #f4f4f4; border-radius: 4px; flex-grow: 0; height: 14px; margin-bottom: 6px; width: 100px;\"><\/div>\n<div style=\"background-color: #f4f4f4; border-radius: 4px; flex-grow: 0; height: 14px; width: 60px;\"><\/div>\n<\/div>\n<\/div>\n<div style=\"padding: 19% 0;\"><\/div>\n<div style=\"display: block; height: 50px; margin: 0 auto 12px; width: 50px;\"><\/div>\n<div style=\"padding-top: 8px;\">\n<div style=\"color: #3897f0; font-family: Arial,sans-serif; font-size: 14px; font-style: normal; font-weight: 550; line-height: 18px;\">Ver essa foto no Instagram<\/div>\n<\/div>\n<div style=\"padding: 12.5% 0;\"><\/div>\n<div style=\"display: flex; flex-direction: row; margin-bottom: 14px; align-items: center;\">\n<div>\n<div style=\"background-color: #f4f4f4; border-radius: 50%; height: 12.5px; width: 12.5px; transform: translateX(0px) translateY(7px);\"><\/div>\n<div style=\"background-color: #f4f4f4; height: 12.5px; transform: rotate(-45deg) translateX(3px) translateY(1px); width: 12.5px; flex-grow: 0; margin-right: 14px; margin-left: 2px;\"><\/div>\n<div style=\"background-color: #f4f4f4; border-radius: 50%; height: 12.5px; width: 12.5px; transform: translateX(9px) translateY(-18px);\"><\/div>\n<\/div>\n<div style=\"margin-left: 8px;\">\n<div style=\"background-color: #f4f4f4; border-radius: 50%; flex-grow: 0; height: 20px; width: 20px;\"><\/div>\n<div style=\"width: 0; height: 0; border-top: 2px solid transparent; border-left: 6px solid #f4f4f4; border-bottom: 2px solid transparent; transform: translateX(16px) translateY(-4px) rotate(30deg);\"><\/div>\n<\/div>\n<div style=\"margin-left: auto;\">\n<div style=\"width: 0px; border-top: 8px solid #F4F4F4; border-right: 8px solid transparent; transform: translateY(16px);\"><\/div>\n<div style=\"background-color: #f4f4f4; flex-grow: 0; height: 12px; width: 16px; transform: translateY(-4px);\"><\/div>\n<div style=\"width: 0; height: 0; border-top: 8px solid #F4F4F4; border-left: 8px solid transparent; transform: translateY(-4px) translateX(8px);\"><\/div>\n<\/div>\n<\/div>\n<div style=\"display: flex; flex-direction: column; flex-grow: 1; justify-content: center; margin-bottom: 24px;\">\n<div style=\"background-color: #f4f4f4; border-radius: 4px; flex-grow: 0; height: 14px; margin-bottom: 6px; width: 224px;\"><\/div>\n<div style=\"background-color: #f4f4f4; border-radius: 4px; flex-grow: 0; height: 14px; width: 144px;\"><\/div>\n<\/div>\n<p>&nbsp;<\/p>\n<p style=\"color: #c9c8cd; font-family: Arial,sans-serif; font-size: 14px; line-height: 17px; margin-bottom: 0; margin-top: 8px; overflow: hidden; padding: 8px 0 7px; text-align: center; text-overflow: ellipsis; white-space: nowrap;\"><a style=\"color: #c9c8cd; font-family: Arial,sans-serif; font-size: 14px; font-style: normal; font-weight: normal; line-height: 17px; text-decoration: none;\" href=\"https:\/\/www.instagram.com\/p\/DHHSLDxJNIp\/?utm_source=ig_embed&amp;utm_campaign=loading\" target=\"_blank\" rel=\"noopener\">Uma publica\u00e7\u00e3o compartilhada por Sa\u0302mia Bomfim (@samiabomfim)<\/a><\/p>\n<\/div>\n<\/blockquote>\n<p><script async src=\"\/\/www.instagram.com\/embed.js\"><\/script><\/p>\n","protected":false},"excerpt":{"rendered":"<p>A deputada federal S\u00e2mia Bomfim (PSOL) entrou com uma a\u00e7\u00e3o no Minist\u00e9rio P\u00fablico de S\u00e3o Paulo (MP-SP) contra Baby do Brasil ap\u00f3s a cantora pedir, durante um culto que realizava em uma balada na capital paulista,\u00a0para que as v\u00edtimas de viol\u00eancia sexual perdoem seus abusadores. &#8220;Perdoa tudo o que voc\u00ea tiver no seu cora\u00e7\u00e3o aqui, [&hellip;]<\/p>\n","protected":false},"author":2,"featured_media":40829,"comment_status":"closed","ping_status":"open","sticky":false,"template":"","format":"standard","meta":{"_acf_changed":false,"footnotes":""},"categories":[10],"tags":[4825],"class_list":{"0":"post-40824","1":"post","2":"type-post","3":"status-publish","4":"format-standard","5":"has-post-thumbnail","7":"category-acao-parlamentares","8":"tag-noticias"},"acf":[],"yoast_head":"<!-- This site is optimized with the Yoast SEO plugin v26.5 - https:\/\/yoast.com\/wordpress\/plugins\/seo\/ -->\n<title>S\u00e2mia Bomfim (PSOL) aciona MP-SP contra Baby do Brasil ap\u00f3s fala sobre v\u00edtimas de abusos sexuais<\/title>\n<meta name=\"description\" content=\"Cantora realizou culto em uma casa noturna de SP e pediu para que as v\u00edtimas de viol\u00eancia sexual perdoem seus abusadores.\" \/>\n<meta name=\"robots\" content=\"index, follow, max-snippet:-1, max-image-preview:large, max-video-preview:-1\" \/>\n<link rel=\"canonical\" href=\"https:\/\/psol50.org.br\/samia-bomfim-psol-aciona-mp-sp-contra-baby-do-brasil-apos-fala-sobre-vitimas-de-abusos-sexuais\/\" \/>\n<meta property=\"og:locale\" content=\"pt_BR\" \/>\n<meta property=\"og:type\" content=\"article\" \/>\n<meta property=\"og:title\" content=\"S\u00e2mia Bomfim (PSOL) aciona MP-SP contra Baby do Brasil ap\u00f3s fala sobre v\u00edtimas de abusos sexuais\" \/>\n<meta property=\"og:description\" content=\"Cantora realizou culto em uma casa noturna de SP e pediu para que as v\u00edtimas de viol\u00eancia sexual perdoem seus abusadores.\" \/>\n<meta property=\"og:url\" content=\"https:\/\/psol50.org.br\/samia-bomfim-psol-aciona-mp-sp-contra-baby-do-brasil-apos-fala-sobre-vitimas-de-abusos-sexuais\/\" \/>\n<meta property=\"og:site_name\" content=\"PSOL 50\" \/>\n<meta property=\"article:publisher\" content=\"https:\/\/www.facebook.com\/psol50\" \/>\n<meta property=\"article:published_time\" content=\"2025-03-13T16:51:02+00:00\" \/>\n<meta property=\"article:modified_time\" content=\"2025-03-18T19:35:31+00:00\" \/>\n<meta property=\"og:image\" content=\"https:\/\/psol50.org.br\/inc\/uploads\/2025\/03\/img20250312140511878-1.jpg\" \/>\n\t<meta property=\"og:image:width\" content=\"1984\" \/>\n\t<meta property=\"og:image:height\" content=\"1223\" \/>\n\t<meta property=\"og:image:type\" content=\"image\/jpeg\" \/>\n<meta name=\"author\" content=\"Comunica\u00e7\u00e3o PSOL\" \/>\n<meta name=\"twitter:card\" content=\"summary_large_image\" \/>\n<meta name=\"twitter:creator\" content=\"@psol50\" \/>\n<meta name=\"twitter:site\" content=\"@psol50\" \/>\n<meta name=\"twitter:label1\" content=\"Escrito por\" \/>\n\t<meta name=\"twitter:data1\" content=\"Comunica\u00e7\u00e3o PSOL\" \/>\n\t<meta name=\"twitter:label2\" content=\"Est. tempo de leitura\" \/>\n\t<meta name=\"twitter:data2\" content=\"1 minuto\" \/>\n<script type=\"application\/ld+json\" class=\"yoast-schema-graph\">{\"@context\":\"https:\/\/schema.org\",\"@graph\":[{\"@type\":\"Article\",\"@id\":\"https:\/\/psol50.org.br\/samia-bomfim-psol-aciona-mp-sp-contra-baby-do-brasil-apos-fala-sobre-vitimas-de-abusos-sexuais\/#article\",\"isPartOf\":{\"@id\":\"https:\/\/psol50.org.br\/samia-bomfim-psol-aciona-mp-sp-contra-baby-do-brasil-apos-fala-sobre-vitimas-de-abusos-sexuais\/\"},\"author\":{\"name\":\"Comunica\u00e7\u00e3o PSOL\",\"@id\":\"https:\/\/psol50.org.br\/#\/schema\/person\/475dfa57d0b815993c714c2e96491fcd\"},\"headline\":\"S\u00e2mia Bomfim (PSOL) aciona MP-SP contra Baby do Brasil ap\u00f3s fala sobre v\u00edtimas de abusos sexuais\",\"datePublished\":\"2025-03-13T16:51:02+00:00\",\"dateModified\":\"2025-03-18T19:35:31+00:00\",\"mainEntityOfPage\":{\"@id\":\"https:\/\/psol50.org.br\/samia-bomfim-psol-aciona-mp-sp-contra-baby-do-brasil-apos-fala-sobre-vitimas-de-abusos-sexuais\/\"},\"wordCount\":227,\"publisher\":{\"@id\":\"https:\/\/psol50.org.br\/#organization\"},\"image\":{\"@id\":\"https:\/\/psol50.org.br\/samia-bomfim-psol-aciona-mp-sp-contra-baby-do-brasil-apos-fala-sobre-vitimas-de-abusos-sexuais\/#primaryimage\"},\"thumbnailUrl\":\"https:\/\/psol50.org.br\/inc\/uploads\/2025\/03\/img20250312140511878-1.jpg\",\"keywords\":[\"Not\u00edcias\"],\"articleSection\":[\"A\u00e7\u00e3o Parlamentar\"],\"inLanguage\":\"pt-BR\"},{\"@type\":\"WebPage\",\"@id\":\"https:\/\/psol50.org.br\/samia-bomfim-psol-aciona-mp-sp-contra-baby-do-brasil-apos-fala-sobre-vitimas-de-abusos-sexuais\/\",\"url\":\"https:\/\/psol50.org.br\/samia-bomfim-psol-aciona-mp-sp-contra-baby-do-brasil-apos-fala-sobre-vitimas-de-abusos-sexuais\/\",\"name\":\"S\u00e2mia Bomfim (PSOL) aciona MP-SP contra Baby do Brasil ap\u00f3s fala sobre v\u00edtimas de abusos sexuais\",\"isPartOf\":{\"@id\":\"https:\/\/psol50.org.br\/#website\"},\"primaryImageOfPage\":{\"@id\":\"https:\/\/psol50.org.br\/samia-bomfim-psol-aciona-mp-sp-contra-baby-do-brasil-apos-fala-sobre-vitimas-de-abusos-sexuais\/#primaryimage\"},\"image\":{\"@id\":\"https:\/\/psol50.org.br\/samia-bomfim-psol-aciona-mp-sp-contra-baby-do-brasil-apos-fala-sobre-vitimas-de-abusos-sexuais\/#primaryimage\"},\"thumbnailUrl\":\"https:\/\/psol50.org.br\/inc\/uploads\/2025\/03\/img20250312140511878-1.jpg\",\"datePublished\":\"2025-03-13T16:51:02+00:00\",\"dateModified\":\"2025-03-18T19:35:31+00:00\",\"description\":\"Cantora realizou culto em uma casa noturna de SP e pediu para que as v\u00edtimas de viol\u00eancia sexual perdoem seus abusadores.\",\"breadcrumb\":{\"@id\":\"https:\/\/psol50.org.br\/samia-bomfim-psol-aciona-mp-sp-contra-baby-do-brasil-apos-fala-sobre-vitimas-de-abusos-sexuais\/#breadcrumb\"},\"inLanguage\":\"pt-BR\",\"potentialAction\":[{\"@type\":\"ReadAction\",\"target\":[\"https:\/\/psol50.org.br\/samia-bomfim-psol-aciona-mp-sp-contra-baby-do-brasil-apos-fala-sobre-vitimas-de-abusos-sexuais\/\"]}]},{\"@type\":\"ImageObject\",\"inLanguage\":\"pt-BR\",\"@id\":\"https:\/\/psol50.org.br\/samia-bomfim-psol-aciona-mp-sp-contra-baby-do-brasil-apos-fala-sobre-vitimas-de-abusos-sexuais\/#primaryimage\",\"url\":\"https:\/\/psol50.org.br\/inc\/uploads\/2025\/03\/img20250312140511878-1.jpg\",\"contentUrl\":\"https:\/\/psol50.org.br\/inc\/uploads\/2025\/03\/img20250312140511878-1.jpg\",\"width\":1984,\"height\":1223,\"caption\":\"Foto: Kayo Magalh\u00e3es \/ C\u00e2mara dos Deputados\"},{\"@type\":\"BreadcrumbList\",\"@id\":\"https:\/\/psol50.org.br\/samia-bomfim-psol-aciona-mp-sp-contra-baby-do-brasil-apos-fala-sobre-vitimas-de-abusos-sexuais\/#breadcrumb\",\"itemListElement\":[{\"@type\":\"ListItem\",\"position\":1,\"name\":\"In\u00edcio\",\"item\":\"https:\/\/psol50.org.br\/\"},{\"@type\":\"ListItem\",\"position\":2,\"name\":\"S\u00e2mia Bomfim (PSOL) aciona MP-SP contra Baby do Brasil ap\u00f3s fala sobre v\u00edtimas de abusos sexuais\"}]},{\"@type\":\"WebSite\",\"@id\":\"https:\/\/psol50.org.br\/#website\",\"url\":\"https:\/\/psol50.org.br\/\",\"name\":\"PSOL 50\",\"description\":\"Site oficial do Partido Socialismo e Liberdade\",\"publisher\":{\"@id\":\"https:\/\/psol50.org.br\/#organization\"},\"alternateName\":\"PSOL50\",\"potentialAction\":[{\"@type\":\"SearchAction\",\"target\":{\"@type\":\"EntryPoint\",\"urlTemplate\":\"https:\/\/psol50.org.br\/?s={search_term_string}\"},\"query-input\":{\"@type\":\"PropertyValueSpecification\",\"valueRequired\":true,\"valueName\":\"search_term_string\"}}],\"inLanguage\":\"pt-BR\"},{\"@type\":\"Organization\",\"@id\":\"https:\/\/psol50.org.br\/#organization\",\"name\":\"PSOL 50\",\"alternateName\":\"PSOL 50\",\"url\":\"https:\/\/psol50.org.br\/\",\"logo\":{\"@type\":\"ImageObject\",\"inLanguage\":\"pt-BR\",\"@id\":\"https:\/\/psol50.org.br\/#\/schema\/logo\/image\/\",\"url\":\"https:\/\/psol50.org.br\/inc\/uploads\/2018\/07\/capa.png\",\"contentUrl\":\"https:\/\/psol50.org.br\/inc\/uploads\/2018\/07\/capa.png\",\"width\":1350,\"height\":900,\"caption\":\"PSOL 50\"},\"image\":{\"@id\":\"https:\/\/psol50.org.br\/#\/schema\/logo\/image\/\"},\"sameAs\":[\"https:\/\/www.facebook.com\/psol50\",\"https:\/\/x.com\/psol50\",\"https:\/\/www.instagram.com\/psol50\/\",\"https:\/\/www.youtube.com\/channel\/UC7SnJS5o1os7a6CaiNabzcg\"]},{\"@type\":\"Person\",\"@id\":\"https:\/\/psol50.org.br\/#\/schema\/person\/475dfa57d0b815993c714c2e96491fcd\",\"name\":\"Comunica\u00e7\u00e3o PSOL\",\"image\":{\"@type\":\"ImageObject\",\"inLanguage\":\"pt-BR\",\"@id\":\"https:\/\/psol50.org.br\/#\/schema\/person\/image\/\",\"url\":\"https:\/\/secure.gravatar.com\/avatar\/b34fc4f4e468a4e51785917065a3db57b841f5c95dba6ad8c73aaf8f66f8f9bf?s=96&d=mm&r=g\",\"contentUrl\":\"https:\/\/secure.gravatar.com\/avatar\/b34fc4f4e468a4e51785917065a3db57b841f5c95dba6ad8c73aaf8f66f8f9bf?s=96&d=mm&r=g\",\"caption\":\"Comunica\u00e7\u00e3o PSOL\"}}]}<\/script>\n<!-- \/ Yoast SEO plugin. -->","yoast_head_json":{"title":"S\u00e2mia Bomfim (PSOL) aciona MP-SP contra Baby do Brasil ap\u00f3s fala sobre v\u00edtimas de abusos sexuais","description":"Cantora realizou culto em uma casa noturna de SP e pediu para que as v\u00edtimas de viol\u00eancia sexual perdoem seus abusadores.","robots":{"index":"index","follow":"follow","max-snippet":"max-snippet:-1","max-image-preview":"max-image-preview:large","max-video-preview":"max-video-preview:-1"},"canonical":"https:\/\/psol50.org.br\/samia-bomfim-psol-aciona-mp-sp-contra-baby-do-brasil-apos-fala-sobre-vitimas-de-abusos-sexuais\/","og_locale":"pt_BR","og_type":"article","og_title":"S\u00e2mia Bomfim (PSOL) aciona MP-SP contra Baby do Brasil ap\u00f3s fala sobre v\u00edtimas de abusos sexuais","og_description":"Cantora realizou culto em uma casa noturna de SP e pediu para que as v\u00edtimas de viol\u00eancia sexual perdoem seus abusadores.","og_url":"https:\/\/psol50.org.br\/samia-bomfim-psol-aciona-mp-sp-contra-baby-do-brasil-apos-fala-sobre-vitimas-de-abusos-sexuais\/","og_site_name":"PSOL 50","article_publisher":"https:\/\/www.facebook.com\/psol50","article_published_time":"2025-03-13T16:51:02+00:00","article_modified_time":"2025-03-18T19:35:31+00:00","og_image":[{"width":1984,"height":1223,"url":"https:\/\/psol50.org.br\/inc\/uploads\/2025\/03\/img20250312140511878-1.jpg","type":"image\/jpeg"}],"author":"Comunica\u00e7\u00e3o PSOL","twitter_card":"summary_large_image","twitter_creator":"@psol50","twitter_site":"@psol50","twitter_misc":{"Escrito por":"Comunica\u00e7\u00e3o PSOL","Est. tempo de leitura":"1 minuto"},"schema":{"@context":"https:\/\/schema.org","@graph":[{"@type":"Article","@id":"https:\/\/psol50.org.br\/samia-bomfim-psol-aciona-mp-sp-contra-baby-do-brasil-apos-fala-sobre-vitimas-de-abusos-sexuais\/#article","isPartOf":{"@id":"https:\/\/psol50.org.br\/samia-bomfim-psol-aciona-mp-sp-contra-baby-do-brasil-apos-fala-sobre-vitimas-de-abusos-sexuais\/"},"author":{"name":"Comunica\u00e7\u00e3o PSOL","@id":"https:\/\/psol50.org.br\/#\/schema\/person\/475dfa57d0b815993c714c2e96491fcd"},"headline":"S\u00e2mia Bomfim (PSOL) aciona MP-SP contra Baby do Brasil ap\u00f3s fala sobre v\u00edtimas de abusos sexuais","datePublished":"2025-03-13T16:51:02+00:00","dateModified":"2025-03-18T19:35:31+00:00","mainEntityOfPage":{"@id":"https:\/\/psol50.org.br\/samia-bomfim-psol-aciona-mp-sp-contra-baby-do-brasil-apos-fala-sobre-vitimas-de-abusos-sexuais\/"},"wordCount":227,"publisher":{"@id":"https:\/\/psol50.org.br\/#organization"},"image":{"@id":"https:\/\/psol50.org.br\/samia-bomfim-psol-aciona-mp-sp-contra-baby-do-brasil-apos-fala-sobre-vitimas-de-abusos-sexuais\/#primaryimage"},"thumbnailUrl":"https:\/\/psol50.org.br\/inc\/uploads\/2025\/03\/img20250312140511878-1.jpg","keywords":["Not\u00edcias"],"articleSection":["A\u00e7\u00e3o Parlamentar"],"inLanguage":"pt-BR"},{"@type":"WebPage","@id":"https:\/\/psol50.org.br\/samia-bomfim-psol-aciona-mp-sp-contra-baby-do-brasil-apos-fala-sobre-vitimas-de-abusos-sexuais\/","url":"https:\/\/psol50.org.br\/samia-bomfim-psol-aciona-mp-sp-contra-baby-do-brasil-apos-fala-sobre-vitimas-de-abusos-sexuais\/","name":"S\u00e2mia Bomfim (PSOL) aciona MP-SP contra Baby do Brasil ap\u00f3s fala sobre v\u00edtimas de abusos sexuais","isPartOf":{"@id":"https:\/\/psol50.org.br\/#website"},"primaryImageOfPage":{"@id":"https:\/\/psol50.org.br\/samia-bomfim-psol-aciona-mp-sp-contra-baby-do-brasil-apos-fala-sobre-vitimas-de-abusos-sexuais\/#primaryimage"},"image":{"@id":"https:\/\/psol50.org.br\/samia-bomfim-psol-aciona-mp-sp-contra-baby-do-brasil-apos-fala-sobre-vitimas-de-abusos-sexuais\/#primaryimage"},"thumbnailUrl":"https:\/\/psol50.org.br\/inc\/uploads\/2025\/03\/img20250312140511878-1.jpg","datePublished":"2025-03-13T16:51:02+00:00","dateModified":"2025-03-18T19:35:31+00:00","description":"Cantora realizou culto em uma casa noturna de SP e pediu para que as v\u00edtimas de viol\u00eancia sexual perdoem seus abusadores.","breadcrumb":{"@id":"https:\/\/psol50.org.br\/samia-bomfim-psol-aciona-mp-sp-contra-baby-do-brasil-apos-fala-sobre-vitimas-de-abusos-sexuais\/#breadcrumb"},"inLanguage":"pt-BR","potentialAction":[{"@type":"ReadAction","target":["https:\/\/psol50.org.br\/samia-bomfim-psol-aciona-mp-sp-contra-baby-do-brasil-apos-fala-sobre-vitimas-de-abusos-sexuais\/"]}]},{"@type":"ImageObject","inLanguage":"pt-BR","@id":"https:\/\/psol50.org.br\/samia-bomfim-psol-aciona-mp-sp-contra-baby-do-brasil-apos-fala-sobre-vitimas-de-abusos-sexuais\/#primaryimage","url":"https:\/\/psol50.org.br\/inc\/uploads\/2025\/03\/img20250312140511878-1.jpg","contentUrl":"https:\/\/psol50.org.br\/inc\/uploads\/2025\/03\/img20250312140511878-1.jpg","width":1984,"height":1223,"caption":"Foto: Kayo Magalh\u00e3es \/ C\u00e2mara dos Deputados"},{"@type":"BreadcrumbList","@id":"https:\/\/psol50.org.br\/samia-bomfim-psol-aciona-mp-sp-contra-baby-do-brasil-apos-fala-sobre-vitimas-de-abusos-sexuais\/#breadcrumb","itemListElement":[{"@type":"ListItem","position":1,"name":"In\u00edcio","item":"https:\/\/psol50.org.br\/"},{"@type":"ListItem","position":2,"name":"S\u00e2mia Bomfim (PSOL) aciona MP-SP contra Baby do Brasil ap\u00f3s fala sobre v\u00edtimas de abusos sexuais"}]},{"@type":"WebSite","@id":"https:\/\/psol50.org.br\/#website","url":"https:\/\/psol50.org.br\/","name":"PSOL 50","description":"Site oficial do Partido Socialismo e Liberdade","publisher":{"@id":"https:\/\/psol50.org.br\/#organization"},"alternateName":"PSOL50","potentialAction":[{"@type":"SearchAction","target":{"@type":"EntryPoint","urlTemplate":"https:\/\/psol50.org.br\/?s={search_term_string}"},"query-input":{"@type":"PropertyValueSpecification","valueRequired":true,"valueName":"search_term_string"}}],"inLanguage":"pt-BR"},{"@type":"Organization","@id":"https:\/\/psol50.org.br\/#organization","name":"PSOL 50","alternateName":"PSOL 50","url":"https:\/\/psol50.org.br\/","logo":{"@type":"ImageObject","inLanguage":"pt-BR","@id":"https:\/\/psol50.org.br\/#\/schema\/logo\/image\/","url":"https:\/\/psol50.org.br\/inc\/uploads\/2018\/07\/capa.png","contentUrl":"https:\/\/psol50.org.br\/inc\/uploads\/2018\/07\/capa.png","width":1350,"height":900,"caption":"PSOL 50"},"image":{"@id":"https:\/\/psol50.org.br\/#\/schema\/logo\/image\/"},"sameAs":["https:\/\/www.facebook.com\/psol50","https:\/\/x.com\/psol50","https:\/\/www.instagram.com\/psol50\/","https:\/\/www.youtube.com\/channel\/UC7SnJS5o1os7a6CaiNabzcg"]},{"@type":"Person","@id":"https:\/\/psol50.org.br\/#\/schema\/person\/475dfa57d0b815993c714c2e96491fcd","name":"Comunica\u00e7\u00e3o PSOL","image":{"@type":"ImageObject","inLanguage":"pt-BR","@id":"https:\/\/psol50.org.br\/#\/schema\/person\/image\/","url":"https:\/\/secure.gravatar.com\/avatar\/b34fc4f4e468a4e51785917065a3db57b841f5c95dba6ad8c73aaf8f66f8f9bf?s=96&d=mm&r=g","contentUrl":"https:\/\/secure.gravatar.com\/avatar\/b34fc4f4e468a4e51785917065a3db57b841f5c95dba6ad8c73aaf8f66f8f9bf?s=96&d=mm&r=g","caption":"Comunica\u00e7\u00e3o PSOL"}}]}},"_links":{"self":[{"href":"https:\/\/psol50.org.br\/rest\/wp\/v2\/posts\/40824","targetHints":{"allow":["GET"]}}],"collection":[{"href":"https:\/\/psol50.org.br\/rest\/wp\/v2\/posts"}],"about":[{"href":"https:\/\/psol50.org.br\/rest\/wp\/v2\/types\/post"}],"author":[{"embeddable":true,"href":"https:\/\/psol50.org.br\/rest\/wp\/v2\/users\/2"}],"replies":[{"embeddable":true,"href":"https:\/\/psol50.org.br\/rest\/wp\/v2\/comments?post=40824"}],"version-history":[{"count":7,"href":"https:\/\/psol50.org.br\/rest\/wp\/v2\/posts\/40824\/revisions"}],"predecessor-version":[{"id":40832,"href":"https:\/\/psol50.org.br\/rest\/wp\/v2\/posts\/40824\/revisions\/40832"}],"wp:featuredmedia":[{"embeddable":true,"href":"https:\/\/psol50.org.br\/rest\/wp\/v2\/media\/40829"}],"wp:attachment":[{"href":"https:\/\/psol50.org.br\/rest\/wp\/v2\/media?parent=40824"}],"wp:term":[{"taxonomy":"category","embeddable":true,"href":"https:\/\/psol50.org.br\/rest\/wp\/v2\/categories?post=40824"},{"taxonomy":"post_tag","embeddable":true,"href":"https:\/\/psol50.org.br\/rest\/wp\/v2\/tags?post=40824"}],"curies":[{"name":"wp","href":"https:\/\/api.w.org\/{rel}","templated":true}]}}