{"id":40862,"date":"2025-03-19T16:51:20","date_gmt":"2025-03-19T19:51:20","guid":{"rendered":"https:\/\/psol50.org.br\/?p=40862"},"modified":"2025-03-19T16:52:14","modified_gmt":"2025-03-19T19:52:14","slug":"ivan-valente-psol-pede-afastamento-de-guilherme-derrite-e-responsabilizacao-de-tarcisio-de-freitas-apos-novo-assassinato-da-pm-em-sp","status":"publish","type":"post","link":"https:\/\/psol50.org.br\/ivan-valente-psol-pede-afastamento-de-guilherme-derrite-e-responsabilizacao-de-tarcisio-de-freitas-apos-novo-assassinato-da-pm-em-sp\/","title":{"rendered":"Ivan Valente (PSOL) pede afastamento de Guilherme Derrite e responsabiliza\u00e7\u00e3o de Tarc\u00edsio de Freitas ap\u00f3s novo assassinato da PM"},"content":{"rendered":"<p>O deputado federal Ivan Valente (PSOL-SP) acionou o Minist\u00e9rio P\u00fablico de S\u00e3o Paulo (MP-SP) contra o governador do estado, Tarc\u00edsio de Freitas (Republicanos), e seu secret\u00e1rio de Seguran\u00e7a P\u00fablica, Guilherme Derrite. A medida foi tomada ap\u00f3s a Pol\u00edcia Militar assassinar mais um jovem na Grande S\u00e3o Paulo no \u00faltimo fim de semana.<\/p>\n<p>Lucas Almeida de Lima, de 26 anos, levou socos e um golpe com o joelho ao ser abordado em Barueri (SP). Depois foi alvejado com um tiro, em a\u00e7\u00e3o gravada por um celular, mesmo sem oferecer qualquer risco aos policiais.<\/p>\n<p>&#8220;Resta incontroverso o despreparo dos policiais militares durante a abordagem pautada em abuso de autoridade contra Lucas Almeida, que conforme imagens registradas, em momento algum ofertou perigo a vida ou integridade f\u00edsica dos policiais militares envolvidos no caso&#8221;, diz a representa\u00e7\u00e3o, que pede que a conduta seja investigada.<\/p>\n<p>&#8220;O assassinato de Lucas n\u00e3o \u00e9 um incidente isolado, mas sim consequ\u00eancia de um modo de atua\u00e7\u00e3o pautado pelo conflito e uso da for\u00e7a desmedida, que promove mortes e a viola\u00e7\u00e3o de direitos fundamentais&#8221;, concluiu Valente.<\/p>\n","protected":false},"excerpt":{"rendered":"<p>O deputado federal Ivan Valente (PSOL-SP) acionou o Minist\u00e9rio P\u00fablico de S\u00e3o Paulo (MP-SP) contra o governador do estado, Tarc\u00edsio de Freitas (Republicanos), e seu secret\u00e1rio de Seguran\u00e7a P\u00fablica, Guilherme Derrite. A medida foi tomada ap\u00f3s a Pol\u00edcia Militar assassinar mais um jovem na Grande S\u00e3o Paulo no \u00faltimo fim de semana. Lucas Almeida de [&hellip;]<\/p>\n","protected":false},"author":2,"featured_media":40869,"comment_status":"closed","ping_status":"open","sticky":false,"template":"","format":"standard","meta":{"_acf_changed":false,"footnotes":""},"categories":[10],"tags":[4825],"class_list":{"0":"post-40862","1":"post","2":"type-post","3":"status-publish","4":"format-standard","5":"has-post-thumbnail","7":"category-acao-parlamentares","8":"tag-noticias"},"acf":[],"yoast_head":"<!-- This site is optimized with the Yoast SEO plugin v26.5 - https:\/\/yoast.com\/wordpress\/plugins\/seo\/ -->\n<title>Ivan Valente (PSOL) pede afastamento de Guilherme Derrite e responsabiliza\u00e7\u00e3o de Tarc\u00edsio de Freitas ap\u00f3s novo assassinato da PM - PSOL 50<\/title>\n<meta name=\"description\" content=\"Lucas Almeida de Lima, de 26 anos, levou socos e um golpe com o joelho ao ser abordado. Depois foi alvejado com um tiro, em a\u00e7\u00e3o gravada por um celular.\" \/>\n<meta name=\"robots\" content=\"index, follow, max-snippet:-1, max-image-preview:large, max-video-preview:-1\" \/>\n<link rel=\"canonical\" href=\"https:\/\/psol50.org.br\/ivan-valente-psol-pede-afastamento-de-guilherme-derrite-e-responsabilizacao-de-tarcisio-de-freitas-apos-novo-assassinato-da-pm-em-sp\/\" \/>\n<meta property=\"og:locale\" content=\"pt_BR\" \/>\n<meta property=\"og:type\" content=\"article\" \/>\n<meta property=\"og:title\" content=\"Ivan Valente (PSOL) pede afastamento de Guilherme Derrite e responsabiliza\u00e7\u00e3o de Tarc\u00edsio de Freitas ap\u00f3s novo assassinato da PM - PSOL 50\" \/>\n<meta property=\"og:description\" content=\"Lucas Almeida de Lima, de 26 anos, levou socos e um golpe com o joelho ao ser abordado. Depois foi alvejado com um tiro, em a\u00e7\u00e3o gravada por um celular.\" \/>\n<meta property=\"og:url\" content=\"https:\/\/psol50.org.br\/ivan-valente-psol-pede-afastamento-de-guilherme-derrite-e-responsabilizacao-de-tarcisio-de-freitas-apos-novo-assassinato-da-pm-em-sp\/\" \/>\n<meta property=\"og:site_name\" content=\"PSOL 50\" \/>\n<meta property=\"article:publisher\" content=\"https:\/\/www.facebook.com\/psol50\" \/>\n<meta property=\"article:published_time\" content=\"2025-03-19T19:51:20+00:00\" \/>\n<meta property=\"article:modified_time\" content=\"2025-03-19T19:52:14+00:00\" \/>\n<meta property=\"og:image\" content=\"https:\/\/psol50.org.br\/inc\/uploads\/2025\/03\/img20250312135925726-1.jpg\" \/>\n\t<meta property=\"og:image:width\" content=\"1984\" \/>\n\t<meta property=\"og:image:height\" content=\"1223\" \/>\n\t<meta property=\"og:image:type\" content=\"image\/jpeg\" \/>\n<meta name=\"author\" content=\"Comunica\u00e7\u00e3o PSOL\" \/>\n<meta name=\"twitter:card\" content=\"summary_large_image\" \/>\n<meta name=\"twitter:creator\" content=\"@psol50\" \/>\n<meta name=\"twitter:site\" content=\"@psol50\" \/>\n<meta name=\"twitter:label1\" content=\"Escrito por\" \/>\n\t<meta name=\"twitter:data1\" content=\"Comunica\u00e7\u00e3o PSOL\" \/>\n\t<meta name=\"twitter:label2\" content=\"Est. tempo de leitura\" \/>\n\t<meta name=\"twitter:data2\" content=\"1 minuto\" \/>\n<script type=\"application\/ld+json\" class=\"yoast-schema-graph\">{\"@context\":\"https:\/\/schema.org\",\"@graph\":[{\"@type\":\"Article\",\"@id\":\"https:\/\/psol50.org.br\/ivan-valente-psol-pede-afastamento-de-guilherme-derrite-e-responsabilizacao-de-tarcisio-de-freitas-apos-novo-assassinato-da-pm-em-sp\/#article\",\"isPartOf\":{\"@id\":\"https:\/\/psol50.org.br\/ivan-valente-psol-pede-afastamento-de-guilherme-derrite-e-responsabilizacao-de-tarcisio-de-freitas-apos-novo-assassinato-da-pm-em-sp\/\"},\"author\":{\"name\":\"Comunica\u00e7\u00e3o PSOL\",\"@id\":\"https:\/\/psol50.org.br\/#\/schema\/person\/475dfa57d0b815993c714c2e96491fcd\"},\"headline\":\"Ivan Valente (PSOL) pede afastamento de Guilherme Derrite e responsabiliza\u00e7\u00e3o de Tarc\u00edsio de Freitas ap\u00f3s novo assassinato da PM\",\"datePublished\":\"2025-03-19T19:51:20+00:00\",\"dateModified\":\"2025-03-19T19:52:14+00:00\",\"mainEntityOfPage\":{\"@id\":\"https:\/\/psol50.org.br\/ivan-valente-psol-pede-afastamento-de-guilherme-derrite-e-responsabilizacao-de-tarcisio-de-freitas-apos-novo-assassinato-da-pm-em-sp\/\"},\"wordCount\":214,\"publisher\":{\"@id\":\"https:\/\/psol50.org.br\/#organization\"},\"image\":{\"@id\":\"https:\/\/psol50.org.br\/ivan-valente-psol-pede-afastamento-de-guilherme-derrite-e-responsabilizacao-de-tarcisio-de-freitas-apos-novo-assassinato-da-pm-em-sp\/#primaryimage\"},\"thumbnailUrl\":\"https:\/\/psol50.org.br\/inc\/uploads\/2025\/03\/img20250312135925726-1.jpg\",\"keywords\":[\"Not\u00edcias\"],\"articleSection\":[\"A\u00e7\u00e3o Parlamentar\"],\"inLanguage\":\"pt-BR\"},{\"@type\":\"WebPage\",\"@id\":\"https:\/\/psol50.org.br\/ivan-valente-psol-pede-afastamento-de-guilherme-derrite-e-responsabilizacao-de-tarcisio-de-freitas-apos-novo-assassinato-da-pm-em-sp\/\",\"url\":\"https:\/\/psol50.org.br\/ivan-valente-psol-pede-afastamento-de-guilherme-derrite-e-responsabilizacao-de-tarcisio-de-freitas-apos-novo-assassinato-da-pm-em-sp\/\",\"name\":\"Ivan Valente (PSOL) pede afastamento de Guilherme Derrite e responsabiliza\u00e7\u00e3o de Tarc\u00edsio de Freitas ap\u00f3s novo assassinato da PM - PSOL 50\",\"isPartOf\":{\"@id\":\"https:\/\/psol50.org.br\/#website\"},\"primaryImageOfPage\":{\"@id\":\"https:\/\/psol50.org.br\/ivan-valente-psol-pede-afastamento-de-guilherme-derrite-e-responsabilizacao-de-tarcisio-de-freitas-apos-novo-assassinato-da-pm-em-sp\/#primaryimage\"},\"image\":{\"@id\":\"https:\/\/psol50.org.br\/ivan-valente-psol-pede-afastamento-de-guilherme-derrite-e-responsabilizacao-de-tarcisio-de-freitas-apos-novo-assassinato-da-pm-em-sp\/#primaryimage\"},\"thumbnailUrl\":\"https:\/\/psol50.org.br\/inc\/uploads\/2025\/03\/img20250312135925726-1.jpg\",\"datePublished\":\"2025-03-19T19:51:20+00:00\",\"dateModified\":\"2025-03-19T19:52:14+00:00\",\"description\":\"Lucas Almeida de Lima, de 26 anos, levou socos e um golpe com o joelho ao ser abordado. Depois foi alvejado com um tiro, em a\u00e7\u00e3o gravada por um celular.\",\"breadcrumb\":{\"@id\":\"https:\/\/psol50.org.br\/ivan-valente-psol-pede-afastamento-de-guilherme-derrite-e-responsabilizacao-de-tarcisio-de-freitas-apos-novo-assassinato-da-pm-em-sp\/#breadcrumb\"},\"inLanguage\":\"pt-BR\",\"potentialAction\":[{\"@type\":\"ReadAction\",\"target\":[\"https:\/\/psol50.org.br\/ivan-valente-psol-pede-afastamento-de-guilherme-derrite-e-responsabilizacao-de-tarcisio-de-freitas-apos-novo-assassinato-da-pm-em-sp\/\"]}]},{\"@type\":\"ImageObject\",\"inLanguage\":\"pt-BR\",\"@id\":\"https:\/\/psol50.org.br\/ivan-valente-psol-pede-afastamento-de-guilherme-derrite-e-responsabilizacao-de-tarcisio-de-freitas-apos-novo-assassinato-da-pm-em-sp\/#primaryimage\",\"url\":\"https:\/\/psol50.org.br\/inc\/uploads\/2025\/03\/img20250312135925726-1.jpg\",\"contentUrl\":\"https:\/\/psol50.org.br\/inc\/uploads\/2025\/03\/img20250312135925726-1.jpg\",\"width\":1984,\"height\":1223,\"caption\":\"Foto: Bruno Spada \/ C\u00e2mara dos Deputados\"},{\"@type\":\"BreadcrumbList\",\"@id\":\"https:\/\/psol50.org.br\/ivan-valente-psol-pede-afastamento-de-guilherme-derrite-e-responsabilizacao-de-tarcisio-de-freitas-apos-novo-assassinato-da-pm-em-sp\/#breadcrumb\",\"itemListElement\":[{\"@type\":\"ListItem\",\"position\":1,\"name\":\"In\u00edcio\",\"item\":\"https:\/\/psol50.org.br\/\"},{\"@type\":\"ListItem\",\"position\":2,\"name\":\"Ivan Valente (PSOL) pede afastamento de Guilherme Derrite e responsabiliza\u00e7\u00e3o de Tarc\u00edsio de Freitas ap\u00f3s novo assassinato da PM\"}]},{\"@type\":\"WebSite\",\"@id\":\"https:\/\/psol50.org.br\/#website\",\"url\":\"https:\/\/psol50.org.br\/\",\"name\":\"PSOL 50\",\"description\":\"Site oficial do Partido Socialismo e Liberdade\",\"publisher\":{\"@id\":\"https:\/\/psol50.org.br\/#organization\"},\"alternateName\":\"PSOL50\",\"potentialAction\":[{\"@type\":\"SearchAction\",\"target\":{\"@type\":\"EntryPoint\",\"urlTemplate\":\"https:\/\/psol50.org.br\/?s={search_term_string}\"},\"query-input\":{\"@type\":\"PropertyValueSpecification\",\"valueRequired\":true,\"valueName\":\"search_term_string\"}}],\"inLanguage\":\"pt-BR\"},{\"@type\":\"Organization\",\"@id\":\"https:\/\/psol50.org.br\/#organization\",\"name\":\"PSOL 50\",\"alternateName\":\"PSOL 50\",\"url\":\"https:\/\/psol50.org.br\/\",\"logo\":{\"@type\":\"ImageObject\",\"inLanguage\":\"pt-BR\",\"@id\":\"https:\/\/psol50.org.br\/#\/schema\/logo\/image\/\",\"url\":\"https:\/\/psol50.org.br\/inc\/uploads\/2018\/07\/capa.png\",\"contentUrl\":\"https:\/\/psol50.org.br\/inc\/uploads\/2018\/07\/capa.png\",\"width\":1350,\"height\":900,\"caption\":\"PSOL 50\"},\"image\":{\"@id\":\"https:\/\/psol50.org.br\/#\/schema\/logo\/image\/\"},\"sameAs\":[\"https:\/\/www.facebook.com\/psol50\",\"https:\/\/x.com\/psol50\",\"https:\/\/www.instagram.com\/psol50\/\",\"https:\/\/www.youtube.com\/channel\/UC7SnJS5o1os7a6CaiNabzcg\"]},{\"@type\":\"Person\",\"@id\":\"https:\/\/psol50.org.br\/#\/schema\/person\/475dfa57d0b815993c714c2e96491fcd\",\"name\":\"Comunica\u00e7\u00e3o PSOL\",\"image\":{\"@type\":\"ImageObject\",\"inLanguage\":\"pt-BR\",\"@id\":\"https:\/\/psol50.org.br\/#\/schema\/person\/image\/\",\"url\":\"https:\/\/secure.gravatar.com\/avatar\/b34fc4f4e468a4e51785917065a3db57b841f5c95dba6ad8c73aaf8f66f8f9bf?s=96&d=mm&r=g\",\"contentUrl\":\"https:\/\/secure.gravatar.com\/avatar\/b34fc4f4e468a4e51785917065a3db57b841f5c95dba6ad8c73aaf8f66f8f9bf?s=96&d=mm&r=g\",\"caption\":\"Comunica\u00e7\u00e3o PSOL\"}}]}<\/script>\n<!-- \/ Yoast SEO plugin. -->","yoast_head_json":{"title":"Ivan Valente (PSOL) pede afastamento de Guilherme Derrite e responsabiliza\u00e7\u00e3o de Tarc\u00edsio de Freitas ap\u00f3s novo assassinato da PM - PSOL 50","description":"Lucas Almeida de Lima, de 26 anos, levou socos e um golpe com o joelho ao ser abordado. Depois foi alvejado com um tiro, em a\u00e7\u00e3o gravada por um celular.","robots":{"index":"index","follow":"follow","max-snippet":"max-snippet:-1","max-image-preview":"max-image-preview:large","max-video-preview":"max-video-preview:-1"},"canonical":"https:\/\/psol50.org.br\/ivan-valente-psol-pede-afastamento-de-guilherme-derrite-e-responsabilizacao-de-tarcisio-de-freitas-apos-novo-assassinato-da-pm-em-sp\/","og_locale":"pt_BR","og_type":"article","og_title":"Ivan Valente (PSOL) pede afastamento de Guilherme Derrite e responsabiliza\u00e7\u00e3o de Tarc\u00edsio de Freitas ap\u00f3s novo assassinato da PM - PSOL 50","og_description":"Lucas Almeida de Lima, de 26 anos, levou socos e um golpe com o joelho ao ser abordado. Depois foi alvejado com um tiro, em a\u00e7\u00e3o gravada por um celular.","og_url":"https:\/\/psol50.org.br\/ivan-valente-psol-pede-afastamento-de-guilherme-derrite-e-responsabilizacao-de-tarcisio-de-freitas-apos-novo-assassinato-da-pm-em-sp\/","og_site_name":"PSOL 50","article_publisher":"https:\/\/www.facebook.com\/psol50","article_published_time":"2025-03-19T19:51:20+00:00","article_modified_time":"2025-03-19T19:52:14+00:00","og_image":[{"width":1984,"height":1223,"url":"https:\/\/psol50.org.br\/inc\/uploads\/2025\/03\/img20250312135925726-1.jpg","type":"image\/jpeg"}],"author":"Comunica\u00e7\u00e3o PSOL","twitter_card":"summary_large_image","twitter_creator":"@psol50","twitter_site":"@psol50","twitter_misc":{"Escrito por":"Comunica\u00e7\u00e3o PSOL","Est. tempo de leitura":"1 minuto"},"schema":{"@context":"https:\/\/schema.org","@graph":[{"@type":"Article","@id":"https:\/\/psol50.org.br\/ivan-valente-psol-pede-afastamento-de-guilherme-derrite-e-responsabilizacao-de-tarcisio-de-freitas-apos-novo-assassinato-da-pm-em-sp\/#article","isPartOf":{"@id":"https:\/\/psol50.org.br\/ivan-valente-psol-pede-afastamento-de-guilherme-derrite-e-responsabilizacao-de-tarcisio-de-freitas-apos-novo-assassinato-da-pm-em-sp\/"},"author":{"name":"Comunica\u00e7\u00e3o PSOL","@id":"https:\/\/psol50.org.br\/#\/schema\/person\/475dfa57d0b815993c714c2e96491fcd"},"headline":"Ivan Valente (PSOL) pede afastamento de Guilherme Derrite e responsabiliza\u00e7\u00e3o de Tarc\u00edsio de Freitas ap\u00f3s novo assassinato da PM","datePublished":"2025-03-19T19:51:20+00:00","dateModified":"2025-03-19T19:52:14+00:00","mainEntityOfPage":{"@id":"https:\/\/psol50.org.br\/ivan-valente-psol-pede-afastamento-de-guilherme-derrite-e-responsabilizacao-de-tarcisio-de-freitas-apos-novo-assassinato-da-pm-em-sp\/"},"wordCount":214,"publisher":{"@id":"https:\/\/psol50.org.br\/#organization"},"image":{"@id":"https:\/\/psol50.org.br\/ivan-valente-psol-pede-afastamento-de-guilherme-derrite-e-responsabilizacao-de-tarcisio-de-freitas-apos-novo-assassinato-da-pm-em-sp\/#primaryimage"},"thumbnailUrl":"https:\/\/psol50.org.br\/inc\/uploads\/2025\/03\/img20250312135925726-1.jpg","keywords":["Not\u00edcias"],"articleSection":["A\u00e7\u00e3o Parlamentar"],"inLanguage":"pt-BR"},{"@type":"WebPage","@id":"https:\/\/psol50.org.br\/ivan-valente-psol-pede-afastamento-de-guilherme-derrite-e-responsabilizacao-de-tarcisio-de-freitas-apos-novo-assassinato-da-pm-em-sp\/","url":"https:\/\/psol50.org.br\/ivan-valente-psol-pede-afastamento-de-guilherme-derrite-e-responsabilizacao-de-tarcisio-de-freitas-apos-novo-assassinato-da-pm-em-sp\/","name":"Ivan Valente (PSOL) pede afastamento de Guilherme Derrite e responsabiliza\u00e7\u00e3o de Tarc\u00edsio de Freitas ap\u00f3s novo assassinato da PM - PSOL 50","isPartOf":{"@id":"https:\/\/psol50.org.br\/#website"},"primaryImageOfPage":{"@id":"https:\/\/psol50.org.br\/ivan-valente-psol-pede-afastamento-de-guilherme-derrite-e-responsabilizacao-de-tarcisio-de-freitas-apos-novo-assassinato-da-pm-em-sp\/#primaryimage"},"image":{"@id":"https:\/\/psol50.org.br\/ivan-valente-psol-pede-afastamento-de-guilherme-derrite-e-responsabilizacao-de-tarcisio-de-freitas-apos-novo-assassinato-da-pm-em-sp\/#primaryimage"},"thumbnailUrl":"https:\/\/psol50.org.br\/inc\/uploads\/2025\/03\/img20250312135925726-1.jpg","datePublished":"2025-03-19T19:51:20+00:00","dateModified":"2025-03-19T19:52:14+00:00","description":"Lucas Almeida de Lima, de 26 anos, levou socos e um golpe com o joelho ao ser abordado. Depois foi alvejado com um tiro, em a\u00e7\u00e3o gravada por um celular.","breadcrumb":{"@id":"https:\/\/psol50.org.br\/ivan-valente-psol-pede-afastamento-de-guilherme-derrite-e-responsabilizacao-de-tarcisio-de-freitas-apos-novo-assassinato-da-pm-em-sp\/#breadcrumb"},"inLanguage":"pt-BR","potentialAction":[{"@type":"ReadAction","target":["https:\/\/psol50.org.br\/ivan-valente-psol-pede-afastamento-de-guilherme-derrite-e-responsabilizacao-de-tarcisio-de-freitas-apos-novo-assassinato-da-pm-em-sp\/"]}]},{"@type":"ImageObject","inLanguage":"pt-BR","@id":"https:\/\/psol50.org.br\/ivan-valente-psol-pede-afastamento-de-guilherme-derrite-e-responsabilizacao-de-tarcisio-de-freitas-apos-novo-assassinato-da-pm-em-sp\/#primaryimage","url":"https:\/\/psol50.org.br\/inc\/uploads\/2025\/03\/img20250312135925726-1.jpg","contentUrl":"https:\/\/psol50.org.br\/inc\/uploads\/2025\/03\/img20250312135925726-1.jpg","width":1984,"height":1223,"caption":"Foto: Bruno Spada \/ C\u00e2mara dos Deputados"},{"@type":"BreadcrumbList","@id":"https:\/\/psol50.org.br\/ivan-valente-psol-pede-afastamento-de-guilherme-derrite-e-responsabilizacao-de-tarcisio-de-freitas-apos-novo-assassinato-da-pm-em-sp\/#breadcrumb","itemListElement":[{"@type":"ListItem","position":1,"name":"In\u00edcio","item":"https:\/\/psol50.org.br\/"},{"@type":"ListItem","position":2,"name":"Ivan Valente (PSOL) pede afastamento de Guilherme Derrite e responsabiliza\u00e7\u00e3o de Tarc\u00edsio de Freitas ap\u00f3s novo assassinato da PM"}]},{"@type":"WebSite","@id":"https:\/\/psol50.org.br\/#website","url":"https:\/\/psol50.org.br\/","name":"PSOL 50","description":"Site oficial do Partido Socialismo e Liberdade","publisher":{"@id":"https:\/\/psol50.org.br\/#organization"},"alternateName":"PSOL50","potentialAction":[{"@type":"SearchAction","target":{"@type":"EntryPoint","urlTemplate":"https:\/\/psol50.org.br\/?s={search_term_string}"},"query-input":{"@type":"PropertyValueSpecification","valueRequired":true,"valueName":"search_term_string"}}],"inLanguage":"pt-BR"},{"@type":"Organization","@id":"https:\/\/psol50.org.br\/#organization","name":"PSOL 50","alternateName":"PSOL 50","url":"https:\/\/psol50.org.br\/","logo":{"@type":"ImageObject","inLanguage":"pt-BR","@id":"https:\/\/psol50.org.br\/#\/schema\/logo\/image\/","url":"https:\/\/psol50.org.br\/inc\/uploads\/2018\/07\/capa.png","contentUrl":"https:\/\/psol50.org.br\/inc\/uploads\/2018\/07\/capa.png","width":1350,"height":900,"caption":"PSOL 50"},"image":{"@id":"https:\/\/psol50.org.br\/#\/schema\/logo\/image\/"},"sameAs":["https:\/\/www.facebook.com\/psol50","https:\/\/x.com\/psol50","https:\/\/www.instagram.com\/psol50\/","https:\/\/www.youtube.com\/channel\/UC7SnJS5o1os7a6CaiNabzcg"]},{"@type":"Person","@id":"https:\/\/psol50.org.br\/#\/schema\/person\/475dfa57d0b815993c714c2e96491fcd","name":"Comunica\u00e7\u00e3o PSOL","image":{"@type":"ImageObject","inLanguage":"pt-BR","@id":"https:\/\/psol50.org.br\/#\/schema\/person\/image\/","url":"https:\/\/secure.gravatar.com\/avatar\/b34fc4f4e468a4e51785917065a3db57b841f5c95dba6ad8c73aaf8f66f8f9bf?s=96&d=mm&r=g","contentUrl":"https:\/\/secure.gravatar.com\/avatar\/b34fc4f4e468a4e51785917065a3db57b841f5c95dba6ad8c73aaf8f66f8f9bf?s=96&d=mm&r=g","caption":"Comunica\u00e7\u00e3o PSOL"}}]}},"_links":{"self":[{"href":"https:\/\/psol50.org.br\/rest\/wp\/v2\/posts\/40862","targetHints":{"allow":["GET"]}}],"collection":[{"href":"https:\/\/psol50.org.br\/rest\/wp\/v2\/posts"}],"about":[{"href":"https:\/\/psol50.org.br\/rest\/wp\/v2\/types\/post"}],"author":[{"embeddable":true,"href":"https:\/\/psol50.org.br\/rest\/wp\/v2\/users\/2"}],"replies":[{"embeddable":true,"href":"https:\/\/psol50.org.br\/rest\/wp\/v2\/comments?post=40862"}],"version-history":[{"count":3,"href":"https:\/\/psol50.org.br\/rest\/wp\/v2\/posts\/40862\/revisions"}],"predecessor-version":[{"id":40870,"href":"https:\/\/psol50.org.br\/rest\/wp\/v2\/posts\/40862\/revisions\/40870"}],"wp:featuredmedia":[{"embeddable":true,"href":"https:\/\/psol50.org.br\/rest\/wp\/v2\/media\/40869"}],"wp:attachment":[{"href":"https:\/\/psol50.org.br\/rest\/wp\/v2\/media?parent=40862"}],"wp:term":[{"taxonomy":"category","embeddable":true,"href":"https:\/\/psol50.org.br\/rest\/wp\/v2\/categories?post=40862"},{"taxonomy":"post_tag","embeddable":true,"href":"https:\/\/psol50.org.br\/rest\/wp\/v2\/tags?post=40862"}],"curies":[{"name":"wp","href":"https:\/\/api.w.org\/{rel}","templated":true}]}}