{"id":40881,"date":"2025-03-20T14:56:40","date_gmt":"2025-03-20T17:56:40","guid":{"rendered":"https:\/\/psol50.org.br\/?p=40881"},"modified":"2025-03-25T14:13:06","modified_gmt":"2025-03-25T17:13:06","slug":"bancadas-feministas-denunciam-governador-sp","status":"publish","type":"post","link":"https:\/\/psol50.org.br\/bancadas-feministas-denunciam-governador-sp\/","title":{"rendered":"Bancadas Feministas do PSOL acionam Justi\u00e7a contra Tarc\u00edsio de Freitas por uso de avi\u00e3o p\u00fablico em ato bolsonarista"},"content":{"rendered":"<p>As bancadas Feministas do PSOL na Assembleia Legislativa (Alesp) e na C\u00e2mara Municipal de S\u00e3o Paulo acionaram o Tribunal de Justi\u00e7a (TJ-SP) contra o governador Tarc\u00edsio de Freitas (Republicanos) pelo uso de uma aeronave do governo estadual para comparecer na manifesta\u00e7\u00e3o bolsonarista que aconteceu no \u00faltimo domingo (18) no Rio de Janeiro.<\/p>\n<p>Na a\u00e7\u00e3o apresentada, as parlamentares pedem a anula\u00e7\u00e3o do decreto que permite esse tipo de deslocamento pessoal com bens p\u00fablicos, especialmente quando se trata de eventos pol\u00edticos de car\u00e1ter ideol\u00f3gico. As deputadas tamb\u00e9m exigem que, caso a a\u00e7\u00e3o seja acolhida, o governador ressar\u00e7a os cofres p\u00fablicos pelo gasto indevido.<\/p>\n<p>Al\u00e9m disso, o PSOL solicita que o governo apresente a lista de passageiros e todos os custos relacionados ao voo, incluindo despesas com pessoal e opera\u00e7\u00e3o da aeronave. A medida busca garantir total transpar\u00eancia sobre o uso de recursos p\u00fablicos.<\/p>\n<p>\u201cO governador utilizou aeronave do Estado para atacar o STF e a democracia brasileira em um ato pol\u00edtico. Isso \u00e9 inadmiss\u00edvel\u201d, afirmou a deputada Paula da Bancada Feminista. \u201cQueremos que ele seja responsabilizado pelo mau uso do dinheiro p\u00fablico\u201d, completou.<\/p>\n<p>O decreto estadual de 2004, citado pelo governo como justificativa, n\u00e3o pode ser utilizado como carta branca para a promo\u00e7\u00e3o pessoal ou para participa\u00e7\u00e3o em eventos pol\u00edticos financiados com dinheiro da popula\u00e7\u00e3o. <\/p>\n","protected":false},"excerpt":{"rendered":"<p>As bancadas Feministas do PSOL na Assembleia Legislativa (Alesp) e na C\u00e2mara Municipal de S\u00e3o Paulo acionaram o Tribunal de Justi\u00e7a (TJ-SP) contra o governador Tarc\u00edsio de Freitas (Republicanos) pelo uso de uma aeronave do governo estadual para comparecer na manifesta\u00e7\u00e3o bolsonarista que aconteceu no \u00faltimo domingo (18) no Rio de Janeiro. Na a\u00e7\u00e3o apresentada, [&hellip;]<\/p>\n","protected":false},"author":2,"featured_media":40883,"comment_status":"closed","ping_status":"open","sticky":false,"template":"","format":"standard","meta":{"_acf_changed":false,"footnotes":""},"categories":[10],"tags":[4825],"class_list":{"0":"post-40881","1":"post","2":"type-post","3":"status-publish","4":"format-standard","5":"has-post-thumbnail","7":"category-acao-parlamentares","8":"tag-noticias"},"acf":[],"yoast_head":"<!-- This site is optimized with the Yoast SEO plugin v26.5 - https:\/\/yoast.com\/wordpress\/plugins\/seo\/ -->\n<title>Bancadas Feministas do PSOL acionam Justi\u00e7a contra Tarc\u00edsio de Freitas por uso de avi\u00e3o p\u00fablico em ato bolsonarista - PSOL 50<\/title>\n<meta name=\"description\" content=\"A Bancada Feminista acionou a justi\u00e7a contra o governador de SP que usou recursos p\u00fablicos para defender a anistia para golpista e atacar o STF e a democracia brasileira.\" \/>\n<meta name=\"robots\" content=\"index, follow, max-snippet:-1, max-image-preview:large, max-video-preview:-1\" \/>\n<link rel=\"canonical\" href=\"https:\/\/psol50.org.br\/bancadas-feministas-denunciam-governador-sp\/\" \/>\n<meta property=\"og:locale\" content=\"pt_BR\" \/>\n<meta property=\"og:type\" content=\"article\" \/>\n<meta property=\"og:title\" content=\"Bancadas Feministas do PSOL acionam Justi\u00e7a contra Tarc\u00edsio de Freitas por uso de avi\u00e3o p\u00fablico em ato bolsonarista - PSOL 50\" \/>\n<meta property=\"og:description\" content=\"A Bancada Feminista acionou a justi\u00e7a contra o governador de SP que usou recursos p\u00fablicos para defender a anistia para golpista e atacar o STF e a democracia brasileira.\" \/>\n<meta property=\"og:url\" content=\"https:\/\/psol50.org.br\/bancadas-feministas-denunciam-governador-sp\/\" \/>\n<meta property=\"og:site_name\" content=\"PSOL 50\" \/>\n<meta property=\"article:publisher\" content=\"https:\/\/www.facebook.com\/psol50\" \/>\n<meta property=\"article:published_time\" content=\"2025-03-20T17:56:40+00:00\" \/>\n<meta property=\"article:modified_time\" content=\"2025-03-25T17:13:06+00:00\" \/>\n<meta property=\"og:image\" content=\"https:\/\/psol50.org.br\/inc\/uploads\/2025\/03\/lula-mobilidade-sp_mcamgo_abr_29112024-10.webp\" \/>\n\t<meta property=\"og:image:width\" content=\"1024\" \/>\n\t<meta property=\"og:image:height\" content=\"768\" \/>\n\t<meta property=\"og:image:type\" content=\"image\/webp\" \/>\n<meta name=\"author\" content=\"Comunica\u00e7\u00e3o PSOL\" \/>\n<meta name=\"twitter:card\" content=\"summary_large_image\" \/>\n<meta name=\"twitter:creator\" content=\"@psol50\" \/>\n<meta name=\"twitter:site\" content=\"@psol50\" \/>\n<meta name=\"twitter:label1\" content=\"Escrito por\" \/>\n\t<meta name=\"twitter:data1\" content=\"Comunica\u00e7\u00e3o PSOL\" \/>\n\t<meta name=\"twitter:label2\" content=\"Est. tempo de leitura\" \/>\n\t<meta name=\"twitter:data2\" content=\"1 minuto\" \/>\n<script type=\"application\/ld+json\" class=\"yoast-schema-graph\">{\"@context\":\"https:\/\/schema.org\",\"@graph\":[{\"@type\":\"Article\",\"@id\":\"https:\/\/psol50.org.br\/bancadas-feministas-denunciam-governador-sp\/#article\",\"isPartOf\":{\"@id\":\"https:\/\/psol50.org.br\/bancadas-feministas-denunciam-governador-sp\/\"},\"author\":{\"name\":\"Comunica\u00e7\u00e3o PSOL\",\"@id\":\"https:\/\/psol50.org.br\/#\/schema\/person\/475dfa57d0b815993c714c2e96491fcd\"},\"headline\":\"Bancadas Feministas do PSOL acionam Justi\u00e7a contra Tarc\u00edsio de Freitas por uso de avi\u00e3o p\u00fablico em ato bolsonarista\",\"datePublished\":\"2025-03-20T17:56:40+00:00\",\"dateModified\":\"2025-03-25T17:13:06+00:00\",\"mainEntityOfPage\":{\"@id\":\"https:\/\/psol50.org.br\/bancadas-feministas-denunciam-governador-sp\/\"},\"wordCount\":259,\"publisher\":{\"@id\":\"https:\/\/psol50.org.br\/#organization\"},\"image\":{\"@id\":\"https:\/\/psol50.org.br\/bancadas-feministas-denunciam-governador-sp\/#primaryimage\"},\"thumbnailUrl\":\"https:\/\/psol50.org.br\/inc\/uploads\/2025\/03\/lula-mobilidade-sp_mcamgo_abr_29112024-10.webp\",\"keywords\":[\"Not\u00edcias\"],\"articleSection\":[\"A\u00e7\u00e3o Parlamentar\"],\"inLanguage\":\"pt-BR\"},{\"@type\":\"WebPage\",\"@id\":\"https:\/\/psol50.org.br\/bancadas-feministas-denunciam-governador-sp\/\",\"url\":\"https:\/\/psol50.org.br\/bancadas-feministas-denunciam-governador-sp\/\",\"name\":\"Bancadas Feministas do PSOL acionam Justi\u00e7a contra Tarc\u00edsio de Freitas por uso de avi\u00e3o p\u00fablico em ato bolsonarista - PSOL 50\",\"isPartOf\":{\"@id\":\"https:\/\/psol50.org.br\/#website\"},\"primaryImageOfPage\":{\"@id\":\"https:\/\/psol50.org.br\/bancadas-feministas-denunciam-governador-sp\/#primaryimage\"},\"image\":{\"@id\":\"https:\/\/psol50.org.br\/bancadas-feministas-denunciam-governador-sp\/#primaryimage\"},\"thumbnailUrl\":\"https:\/\/psol50.org.br\/inc\/uploads\/2025\/03\/lula-mobilidade-sp_mcamgo_abr_29112024-10.webp\",\"datePublished\":\"2025-03-20T17:56:40+00:00\",\"dateModified\":\"2025-03-25T17:13:06+00:00\",\"description\":\"A Bancada Feminista acionou a justi\u00e7a contra o governador de SP que usou recursos p\u00fablicos para defender a anistia para golpista e atacar o STF e a democracia brasileira.\",\"breadcrumb\":{\"@id\":\"https:\/\/psol50.org.br\/bancadas-feministas-denunciam-governador-sp\/#breadcrumb\"},\"inLanguage\":\"pt-BR\",\"potentialAction\":[{\"@type\":\"ReadAction\",\"target\":[\"https:\/\/psol50.org.br\/bancadas-feministas-denunciam-governador-sp\/\"]}]},{\"@type\":\"ImageObject\",\"inLanguage\":\"pt-BR\",\"@id\":\"https:\/\/psol50.org.br\/bancadas-feministas-denunciam-governador-sp\/#primaryimage\",\"url\":\"https:\/\/psol50.org.br\/inc\/uploads\/2025\/03\/lula-mobilidade-sp_mcamgo_abr_29112024-10.webp\",\"contentUrl\":\"https:\/\/psol50.org.br\/inc\/uploads\/2025\/03\/lula-mobilidade-sp_mcamgo_abr_29112024-10.webp\",\"width\":1024,\"height\":768,\"caption\":\"Marcelo Camargo\/Ag\u00eancia Brasil\"},{\"@type\":\"BreadcrumbList\",\"@id\":\"https:\/\/psol50.org.br\/bancadas-feministas-denunciam-governador-sp\/#breadcrumb\",\"itemListElement\":[{\"@type\":\"ListItem\",\"position\":1,\"name\":\"In\u00edcio\",\"item\":\"https:\/\/psol50.org.br\/\"},{\"@type\":\"ListItem\",\"position\":2,\"name\":\"Bancadas Feministas do PSOL acionam Justi\u00e7a contra Tarc\u00edsio de Freitas por uso de avi\u00e3o p\u00fablico em ato bolsonarista\"}]},{\"@type\":\"WebSite\",\"@id\":\"https:\/\/psol50.org.br\/#website\",\"url\":\"https:\/\/psol50.org.br\/\",\"name\":\"PSOL 50\",\"description\":\"Site oficial do Partido Socialismo e Liberdade\",\"publisher\":{\"@id\":\"https:\/\/psol50.org.br\/#organization\"},\"alternateName\":\"PSOL50\",\"potentialAction\":[{\"@type\":\"SearchAction\",\"target\":{\"@type\":\"EntryPoint\",\"urlTemplate\":\"https:\/\/psol50.org.br\/?s={search_term_string}\"},\"query-input\":{\"@type\":\"PropertyValueSpecification\",\"valueRequired\":true,\"valueName\":\"search_term_string\"}}],\"inLanguage\":\"pt-BR\"},{\"@type\":\"Organization\",\"@id\":\"https:\/\/psol50.org.br\/#organization\",\"name\":\"PSOL 50\",\"alternateName\":\"PSOL 50\",\"url\":\"https:\/\/psol50.org.br\/\",\"logo\":{\"@type\":\"ImageObject\",\"inLanguage\":\"pt-BR\",\"@id\":\"https:\/\/psol50.org.br\/#\/schema\/logo\/image\/\",\"url\":\"https:\/\/psol50.org.br\/inc\/uploads\/2018\/07\/capa.png\",\"contentUrl\":\"https:\/\/psol50.org.br\/inc\/uploads\/2018\/07\/capa.png\",\"width\":1350,\"height\":900,\"caption\":\"PSOL 50\"},\"image\":{\"@id\":\"https:\/\/psol50.org.br\/#\/schema\/logo\/image\/\"},\"sameAs\":[\"https:\/\/www.facebook.com\/psol50\",\"https:\/\/x.com\/psol50\",\"https:\/\/www.instagram.com\/psol50\/\",\"https:\/\/www.youtube.com\/channel\/UC7SnJS5o1os7a6CaiNabzcg\"]},{\"@type\":\"Person\",\"@id\":\"https:\/\/psol50.org.br\/#\/schema\/person\/475dfa57d0b815993c714c2e96491fcd\",\"name\":\"Comunica\u00e7\u00e3o PSOL\",\"image\":{\"@type\":\"ImageObject\",\"inLanguage\":\"pt-BR\",\"@id\":\"https:\/\/psol50.org.br\/#\/schema\/person\/image\/\",\"url\":\"https:\/\/secure.gravatar.com\/avatar\/b34fc4f4e468a4e51785917065a3db57b841f5c95dba6ad8c73aaf8f66f8f9bf?s=96&d=mm&r=g\",\"contentUrl\":\"https:\/\/secure.gravatar.com\/avatar\/b34fc4f4e468a4e51785917065a3db57b841f5c95dba6ad8c73aaf8f66f8f9bf?s=96&d=mm&r=g\",\"caption\":\"Comunica\u00e7\u00e3o PSOL\"}}]}<\/script>\n<!-- \/ Yoast SEO plugin. -->","yoast_head_json":{"title":"Bancadas Feministas do PSOL acionam Justi\u00e7a contra Tarc\u00edsio de Freitas por uso de avi\u00e3o p\u00fablico em ato bolsonarista - PSOL 50","description":"A Bancada Feminista acionou a justi\u00e7a contra o governador de SP que usou recursos p\u00fablicos para defender a anistia para golpista e atacar o STF e a democracia brasileira.","robots":{"index":"index","follow":"follow","max-snippet":"max-snippet:-1","max-image-preview":"max-image-preview:large","max-video-preview":"max-video-preview:-1"},"canonical":"https:\/\/psol50.org.br\/bancadas-feministas-denunciam-governador-sp\/","og_locale":"pt_BR","og_type":"article","og_title":"Bancadas Feministas do PSOL acionam Justi\u00e7a contra Tarc\u00edsio de Freitas por uso de avi\u00e3o p\u00fablico em ato bolsonarista - PSOL 50","og_description":"A Bancada Feminista acionou a justi\u00e7a contra o governador de SP que usou recursos p\u00fablicos para defender a anistia para golpista e atacar o STF e a democracia brasileira.","og_url":"https:\/\/psol50.org.br\/bancadas-feministas-denunciam-governador-sp\/","og_site_name":"PSOL 50","article_publisher":"https:\/\/www.facebook.com\/psol50","article_published_time":"2025-03-20T17:56:40+00:00","article_modified_time":"2025-03-25T17:13:06+00:00","og_image":[{"width":1024,"height":768,"url":"https:\/\/psol50.org.br\/inc\/uploads\/2025\/03\/lula-mobilidade-sp_mcamgo_abr_29112024-10.webp","type":"image\/webp"}],"author":"Comunica\u00e7\u00e3o PSOL","twitter_card":"summary_large_image","twitter_creator":"@psol50","twitter_site":"@psol50","twitter_misc":{"Escrito por":"Comunica\u00e7\u00e3o PSOL","Est. tempo de leitura":"1 minuto"},"schema":{"@context":"https:\/\/schema.org","@graph":[{"@type":"Article","@id":"https:\/\/psol50.org.br\/bancadas-feministas-denunciam-governador-sp\/#article","isPartOf":{"@id":"https:\/\/psol50.org.br\/bancadas-feministas-denunciam-governador-sp\/"},"author":{"name":"Comunica\u00e7\u00e3o PSOL","@id":"https:\/\/psol50.org.br\/#\/schema\/person\/475dfa57d0b815993c714c2e96491fcd"},"headline":"Bancadas Feministas do PSOL acionam Justi\u00e7a contra Tarc\u00edsio de Freitas por uso de avi\u00e3o p\u00fablico em ato bolsonarista","datePublished":"2025-03-20T17:56:40+00:00","dateModified":"2025-03-25T17:13:06+00:00","mainEntityOfPage":{"@id":"https:\/\/psol50.org.br\/bancadas-feministas-denunciam-governador-sp\/"},"wordCount":259,"publisher":{"@id":"https:\/\/psol50.org.br\/#organization"},"image":{"@id":"https:\/\/psol50.org.br\/bancadas-feministas-denunciam-governador-sp\/#primaryimage"},"thumbnailUrl":"https:\/\/psol50.org.br\/inc\/uploads\/2025\/03\/lula-mobilidade-sp_mcamgo_abr_29112024-10.webp","keywords":["Not\u00edcias"],"articleSection":["A\u00e7\u00e3o Parlamentar"],"inLanguage":"pt-BR"},{"@type":"WebPage","@id":"https:\/\/psol50.org.br\/bancadas-feministas-denunciam-governador-sp\/","url":"https:\/\/psol50.org.br\/bancadas-feministas-denunciam-governador-sp\/","name":"Bancadas Feministas do PSOL acionam Justi\u00e7a contra Tarc\u00edsio de Freitas por uso de avi\u00e3o p\u00fablico em ato bolsonarista - PSOL 50","isPartOf":{"@id":"https:\/\/psol50.org.br\/#website"},"primaryImageOfPage":{"@id":"https:\/\/psol50.org.br\/bancadas-feministas-denunciam-governador-sp\/#primaryimage"},"image":{"@id":"https:\/\/psol50.org.br\/bancadas-feministas-denunciam-governador-sp\/#primaryimage"},"thumbnailUrl":"https:\/\/psol50.org.br\/inc\/uploads\/2025\/03\/lula-mobilidade-sp_mcamgo_abr_29112024-10.webp","datePublished":"2025-03-20T17:56:40+00:00","dateModified":"2025-03-25T17:13:06+00:00","description":"A Bancada Feminista acionou a justi\u00e7a contra o governador de SP que usou recursos p\u00fablicos para defender a anistia para golpista e atacar o STF e a democracia brasileira.","breadcrumb":{"@id":"https:\/\/psol50.org.br\/bancadas-feministas-denunciam-governador-sp\/#breadcrumb"},"inLanguage":"pt-BR","potentialAction":[{"@type":"ReadAction","target":["https:\/\/psol50.org.br\/bancadas-feministas-denunciam-governador-sp\/"]}]},{"@type":"ImageObject","inLanguage":"pt-BR","@id":"https:\/\/psol50.org.br\/bancadas-feministas-denunciam-governador-sp\/#primaryimage","url":"https:\/\/psol50.org.br\/inc\/uploads\/2025\/03\/lula-mobilidade-sp_mcamgo_abr_29112024-10.webp","contentUrl":"https:\/\/psol50.org.br\/inc\/uploads\/2025\/03\/lula-mobilidade-sp_mcamgo_abr_29112024-10.webp","width":1024,"height":768,"caption":"Marcelo Camargo\/Ag\u00eancia Brasil"},{"@type":"BreadcrumbList","@id":"https:\/\/psol50.org.br\/bancadas-feministas-denunciam-governador-sp\/#breadcrumb","itemListElement":[{"@type":"ListItem","position":1,"name":"In\u00edcio","item":"https:\/\/psol50.org.br\/"},{"@type":"ListItem","position":2,"name":"Bancadas Feministas do PSOL acionam Justi\u00e7a contra Tarc\u00edsio de Freitas por uso de avi\u00e3o p\u00fablico em ato bolsonarista"}]},{"@type":"WebSite","@id":"https:\/\/psol50.org.br\/#website","url":"https:\/\/psol50.org.br\/","name":"PSOL 50","description":"Site oficial do Partido Socialismo e Liberdade","publisher":{"@id":"https:\/\/psol50.org.br\/#organization"},"alternateName":"PSOL50","potentialAction":[{"@type":"SearchAction","target":{"@type":"EntryPoint","urlTemplate":"https:\/\/psol50.org.br\/?s={search_term_string}"},"query-input":{"@type":"PropertyValueSpecification","valueRequired":true,"valueName":"search_term_string"}}],"inLanguage":"pt-BR"},{"@type":"Organization","@id":"https:\/\/psol50.org.br\/#organization","name":"PSOL 50","alternateName":"PSOL 50","url":"https:\/\/psol50.org.br\/","logo":{"@type":"ImageObject","inLanguage":"pt-BR","@id":"https:\/\/psol50.org.br\/#\/schema\/logo\/image\/","url":"https:\/\/psol50.org.br\/inc\/uploads\/2018\/07\/capa.png","contentUrl":"https:\/\/psol50.org.br\/inc\/uploads\/2018\/07\/capa.png","width":1350,"height":900,"caption":"PSOL 50"},"image":{"@id":"https:\/\/psol50.org.br\/#\/schema\/logo\/image\/"},"sameAs":["https:\/\/www.facebook.com\/psol50","https:\/\/x.com\/psol50","https:\/\/www.instagram.com\/psol50\/","https:\/\/www.youtube.com\/channel\/UC7SnJS5o1os7a6CaiNabzcg"]},{"@type":"Person","@id":"https:\/\/psol50.org.br\/#\/schema\/person\/475dfa57d0b815993c714c2e96491fcd","name":"Comunica\u00e7\u00e3o PSOL","image":{"@type":"ImageObject","inLanguage":"pt-BR","@id":"https:\/\/psol50.org.br\/#\/schema\/person\/image\/","url":"https:\/\/secure.gravatar.com\/avatar\/b34fc4f4e468a4e51785917065a3db57b841f5c95dba6ad8c73aaf8f66f8f9bf?s=96&d=mm&r=g","contentUrl":"https:\/\/secure.gravatar.com\/avatar\/b34fc4f4e468a4e51785917065a3db57b841f5c95dba6ad8c73aaf8f66f8f9bf?s=96&d=mm&r=g","caption":"Comunica\u00e7\u00e3o PSOL"}}]}},"_links":{"self":[{"href":"https:\/\/psol50.org.br\/rest\/wp\/v2\/posts\/40881","targetHints":{"allow":["GET"]}}],"collection":[{"href":"https:\/\/psol50.org.br\/rest\/wp\/v2\/posts"}],"about":[{"href":"https:\/\/psol50.org.br\/rest\/wp\/v2\/types\/post"}],"author":[{"embeddable":true,"href":"https:\/\/psol50.org.br\/rest\/wp\/v2\/users\/2"}],"replies":[{"embeddable":true,"href":"https:\/\/psol50.org.br\/rest\/wp\/v2\/comments?post=40881"}],"version-history":[{"count":1,"href":"https:\/\/psol50.org.br\/rest\/wp\/v2\/posts\/40881\/revisions"}],"predecessor-version":[{"id":40884,"href":"https:\/\/psol50.org.br\/rest\/wp\/v2\/posts\/40881\/revisions\/40884"}],"wp:featuredmedia":[{"embeddable":true,"href":"https:\/\/psol50.org.br\/rest\/wp\/v2\/media\/40883"}],"wp:attachment":[{"href":"https:\/\/psol50.org.br\/rest\/wp\/v2\/media?parent=40881"}],"wp:term":[{"taxonomy":"category","embeddable":true,"href":"https:\/\/psol50.org.br\/rest\/wp\/v2\/categories?post=40881"},{"taxonomy":"post_tag","embeddable":true,"href":"https:\/\/psol50.org.br\/rest\/wp\/v2\/tags?post=40881"}],"curies":[{"name":"wp","href":"https:\/\/api.w.org\/{rel}","templated":true}]}}