{"id":40915,"date":"2025-03-27T12:11:55","date_gmt":"2025-03-27T15:11:55","guid":{"rendered":"https:\/\/psol50.org.br\/?p=40915"},"modified":"2025-04-03T14:23:16","modified_gmt":"2025-04-03T17:23:16","slug":"veja-em-quais-comissoes-da-camara-dos-deputados-cada-um-dos-parlamentares-do-psol-estara-em-2025","status":"publish","type":"post","link":"https:\/\/psol50.org.br\/veja-em-quais-comissoes-da-camara-dos-deputados-cada-um-dos-parlamentares-do-psol-estara-em-2025\/","title":{"rendered":"Veja em quais comiss\u00f5es da C\u00e2mara dos Deputados cada um dos parlamentares do PSOL estar\u00e1 em 2025"},"content":{"rendered":"<p>Nesta semana foram finalmente instaladas todas as comiss\u00f5es permanentes da C\u00e2mara dos Deputados para o ano legislativo de 2025.<\/p>\n<h5><strong>Veja onde est\u00e1 cada parlamentar da bancada PSOL:<\/strong><\/h5>\n<p><b data-stringify-type=\"bold\">C\u00c9LIA XAKRIAB\u00c1 (MG)<\/b><br \/>\n<b data-stringify-type=\"bold\">Presidente:<\/b><br \/>\nComiss\u00e3o da Mulher<br \/>\n<strong>Titular:<\/strong><br \/>\nComiss\u00e3o da Amaz\u00f4nia e dos Povos Origin\u00e1rios e Tradicionais<br \/>\n<strong>Suplente:<\/strong><br \/>\nComiss\u00e3o de Cultura<br \/>\nComiss\u00e3o de Defesa dos Direitos Humanos, Minorias e Igualdade Racial<\/p>\n<p><b data-stringify-type=\"bold\">CHICO ALENCAR (RJ)<\/b><br \/>\n<b data-stringify-type=\"bold\">Titular:<\/b><br \/>\nComiss\u00e3o de Legisla\u00e7\u00e3o Participativa<br \/>\nComiss\u00e3o da Amaz\u00f4nia e dos Povos Origin\u00e1rios e Tradicionais<br \/>\n<strong>Suplente:<\/strong><br \/>\nComiss\u00e3o de Meio Ambiente e Desenvolvimento Sustent\u00e1vel<\/p>\n<p><b data-stringify-type=\"bold\">ERIKA HILTON (SP)<\/b><br \/>\n<b data-stringify-type=\"bold\">Titular:<\/b><br \/>\nComiss\u00e3o da Mulher<br \/>\nComiss\u00e3o de Defesa dos Direitos Humanos, Minorias e Igualdade Racial<br \/>\n<strong>Suplente:<\/strong><br \/>\nComiss\u00e3o de Constitui\u00e7\u00e3o e Justi\u00e7a<\/p>\n<p><b data-stringify-type=\"bold\">FERNANDA MELCHIONNA (RS)<\/b><br \/>\n<b data-stringify-type=\"bold\">Titular:<\/b><br \/>\nComiss\u00e3o de Constitui\u00e7\u00e3o e Justi\u00e7a<br \/>\n<strong>Suplente:<\/strong><br \/>\nComiss\u00e3o de Educa\u00e7\u00e3o<br \/>\nComiss\u00e3o de Rela\u00e7\u00f5es Exteriores e Defesa Nacional<\/p>\n<p><b data-stringify-type=\"bold\">GLAUBER BRAGA (RJ)<\/b><br \/>\n<b data-stringify-type=\"bold\">Titular:<\/b><br \/>\nComiss\u00e3o de Legisla\u00e7\u00e3o Participativa<\/p>\n<p><b data-stringify-type=\"bold\">GUILHERME BOULOS (SP)<\/b><br \/>\n<b data-stringify-type=\"bold\">Titular:<\/b><br \/>\nComiss\u00e3o de Finan\u00e7as e Tributa\u00e7\u00e3o<br \/>\n<strong>Suplente:<\/strong><br \/>\nComiss\u00e3o de Constitui\u00e7\u00e3o e Justi\u00e7a<br \/>\nComiss\u00e3o de Agricultura, Pecu\u00e1ria, Abastecimento e Desenvolvimento Rural<br \/>\nComiss\u00e3o de Desenvolvimento Urbano<\/p>\n<p><b data-stringify-type=\"bold\">HENRIQUE VIEIRA (RJ)<\/b><br \/>\n<b data-stringify-type=\"bold\">Titular:<\/b><br \/>\nComiss\u00e3o de Seguran\u00e7a P\u00fablica e Combate ao Crime Organizado<br \/>\nComiss\u00e3o de Constitui\u00e7\u00e3o e Justi\u00e7a<br \/>\nComiss\u00e3o de Defesa dos Direitos Humanos, Minorias e Igualdade Racial<br \/>\n<strong>Suplente:<\/strong><br \/>\nComiss\u00e3o de Cultura<\/p>\n<p><b data-stringify-type=\"bold\">IVAN VALENTE (SP)<\/b><br \/>\n<b data-stringify-type=\"bold\">Titular:<\/b><br \/>\nComiss\u00e3o de Defesa dos Direitos Humanos, Minorias e Igualdade Racial<br \/>\nComiss\u00e3o de Meio Ambiente e Desenvolvimento Sustent\u00e1vel<br \/>\n<strong>Suplente:<\/strong><br \/>\nComiss\u00e3o de Educa\u00e7\u00e3o<\/p>\n<p><b data-stringify-type=\"bold\">LUCIENE CAVALCANTE (SP)<\/b><br \/>\n<b data-stringify-type=\"bold\">Titular:<\/b><br \/>\nComiss\u00e3o de Educa\u00e7\u00e3o<br \/>\nComiss\u00e3o de Rela\u00e7\u00f5es Exteriores e Defesa Nacional<br \/>\nComiss\u00e3o de Administra\u00e7\u00e3o e Servi\u00e7o P\u00fablico<\/p>\n<p><b data-stringify-type=\"bold\">LUIZA ERUNDINA (SP)<\/b><br \/>\n<strong>Titular:<\/strong><br \/>\nComiss\u00e3o de Desenvolvimento Urbano<br \/>\nComiss\u00e3o de Legisla\u00e7\u00e3o Participativa<br \/>\n<strong>Suplente:<\/strong><br \/>\nComiss\u00e3o de Defesa dos Direitos Humanos, Minorias e Igualdade Racial<\/p>\n<p><b data-stringify-type=\"bold\">TARCISIO MOTTA (RJ)<\/b><br \/>\n<b data-stringify-type=\"bold\">Titular:<\/b><br \/>\nComiss\u00e3o de Educa\u00e7\u00e3o<br \/>\nComiss\u00e3o de Cultura<br \/>\n<strong>Suplente:<\/strong><br \/>\nComiss\u00e3o de Defesa dos Direitos Humanos, Minorias e Igualdade Racial<\/p>\n<p><b data-stringify-type=\"bold\">S\u00c2MIA BOMFIM (SP)<\/b><br \/>\n<b data-stringify-type=\"bold\">Titular:<\/b><br \/>\nComiss\u00e3o de Educa\u00e7\u00e3o<br \/>\nComiss\u00e3o de Rela\u00e7\u00f5es Exteriores e Defesa Nacional<br \/>\nComiss\u00e3o de Administra\u00e7\u00e3o e Servi\u00e7o P\u00fablico<br \/>\nComiss\u00e3o de Legisla\u00e7\u00e3o Participativa<br \/>\n<strong>Suplente:<\/strong><br \/>\nComiss\u00e3o de Cultura<br \/>\nComiss\u00e3o da Mulher<br \/>\nComiss\u00e3o de Meio Ambiente e Desenvolvimento Sustent\u00e1vel<\/p>\n<p><b data-stringify-type=\"bold\">TAL\u00cdRIA PETRONE (RJ)<\/b><br \/>\n<b data-stringify-type=\"bold\">Titular:<\/b><br \/>\nComiss\u00e3o de Agricultura, Pecu\u00e1ria, Abastecimento e Desenvolvimento Rural<br \/>\n<strong>Suplente:<\/strong><br \/>\nComiss\u00e3o de Desenvolvimento Urbano<br \/>\nComiss\u00e3o de Educa\u00e7\u00e3o<br \/>\nComiss\u00e3o da Mulher<br \/>\nComiss\u00e3o de Defesa dos Direitos da Pessoa com Defici\u00eancia<br \/>\nComiss\u00e3o de Defesa dos Direitos Humanos, Minorias e Igualdade Racial<br \/>\nComiss\u00e3o de Legisla\u00e7\u00e3o Participativa<\/p>\n","protected":false},"excerpt":{"rendered":"<p>Nesta semana foram finalmente instaladas todas as comiss\u00f5es permanentes da C\u00e2mara dos Deputados para o ano legislativo de 2025. Veja onde est\u00e1 cada parlamentar da bancada PSOL: C\u00c9LIA XAKRIAB\u00c1 (MG) Presidente: Comiss\u00e3o da Mulher Titular: Comiss\u00e3o da Amaz\u00f4nia e dos Povos Origin\u00e1rios e Tradicionais Suplente: Comiss\u00e3o de Cultura Comiss\u00e3o de Defesa dos Direitos Humanos, Minorias [&hellip;]<\/p>\n","protected":false},"author":2,"featured_media":39116,"comment_status":"closed","ping_status":"open","sticky":false,"template":"","format":"standard","meta":{"_acf_changed":false,"footnotes":""},"categories":[10],"tags":[4825],"class_list":{"0":"post-40915","1":"post","2":"type-post","3":"status-publish","4":"format-standard","5":"has-post-thumbnail","7":"category-acao-parlamentares","8":"tag-noticias"},"acf":[],"yoast_head":"<!-- This site is optimized with the Yoast SEO plugin v26.5 - https:\/\/yoast.com\/wordpress\/plugins\/seo\/ -->\n<title>Veja em quais comiss\u00f5es da C\u00e2mara dos Deputados cada um dos parlamentares do PSOL estar\u00e1 em 2025<\/title>\n<meta name=\"description\" content=\"Nesta semana foram finalmente instaladas todas as comiss\u00f5es permanentes da C\u00e2mara dos Deputados para o ano legislativo de 2025.\" \/>\n<meta name=\"robots\" content=\"index, follow, max-snippet:-1, max-image-preview:large, max-video-preview:-1\" \/>\n<link rel=\"canonical\" href=\"https:\/\/psol50.org.br\/veja-em-quais-comissoes-da-camara-dos-deputados-cada-um-dos-parlamentares-do-psol-estara-em-2025\/\" \/>\n<meta property=\"og:locale\" content=\"pt_BR\" \/>\n<meta property=\"og:type\" content=\"article\" \/>\n<meta property=\"og:title\" content=\"Veja em quais comiss\u00f5es da C\u00e2mara dos Deputados cada um dos parlamentares do PSOL estar\u00e1 em 2025\" \/>\n<meta property=\"og:description\" content=\"Nesta semana foram finalmente instaladas todas as comiss\u00f5es permanentes da C\u00e2mara dos Deputados para o ano legislativo de 2025.\" \/>\n<meta property=\"og:url\" content=\"https:\/\/psol50.org.br\/veja-em-quais-comissoes-da-camara-dos-deputados-cada-um-dos-parlamentares-do-psol-estara-em-2025\/\" \/>\n<meta property=\"og:site_name\" content=\"PSOL 50\" \/>\n<meta property=\"article:publisher\" content=\"https:\/\/www.facebook.com\/psol50\" \/>\n<meta property=\"article:published_time\" content=\"2025-03-27T15:11:55+00:00\" \/>\n<meta property=\"article:modified_time\" content=\"2025-04-03T17:23:16+00:00\" \/>\n<meta property=\"og:image\" content=\"https:\/\/psol50.org.br\/inc\/uploads\/2024\/03\/ERIKA-HILTON-FEV-46-scaled.jpg\" \/>\n\t<meta property=\"og:image:width\" content=\"2560\" \/>\n\t<meta property=\"og:image:height\" content=\"1707\" \/>\n\t<meta property=\"og:image:type\" content=\"image\/jpeg\" \/>\n<meta name=\"author\" content=\"Comunica\u00e7\u00e3o PSOL\" \/>\n<meta name=\"twitter:card\" content=\"summary_large_image\" \/>\n<meta name=\"twitter:creator\" content=\"@psol50\" \/>\n<meta name=\"twitter:site\" content=\"@psol50\" \/>\n<meta name=\"twitter:label1\" content=\"Escrito por\" \/>\n\t<meta name=\"twitter:data1\" content=\"Comunica\u00e7\u00e3o PSOL\" \/>\n\t<meta name=\"twitter:label2\" content=\"Est. tempo de leitura\" \/>\n\t<meta name=\"twitter:data2\" content=\"2 minutos\" \/>\n<script type=\"application\/ld+json\" class=\"yoast-schema-graph\">{\"@context\":\"https:\/\/schema.org\",\"@graph\":[{\"@type\":\"Article\",\"@id\":\"https:\/\/psol50.org.br\/veja-em-quais-comissoes-da-camara-dos-deputados-cada-um-dos-parlamentares-do-psol-estara-em-2025\/#article\",\"isPartOf\":{\"@id\":\"https:\/\/psol50.org.br\/veja-em-quais-comissoes-da-camara-dos-deputados-cada-um-dos-parlamentares-do-psol-estara-em-2025\/\"},\"author\":{\"name\":\"Comunica\u00e7\u00e3o PSOL\",\"@id\":\"https:\/\/psol50.org.br\/#\/schema\/person\/475dfa57d0b815993c714c2e96491fcd\"},\"headline\":\"Veja em quais comiss\u00f5es da C\u00e2mara dos Deputados cada um dos parlamentares do PSOL estar\u00e1 em 2025\",\"datePublished\":\"2025-03-27T15:11:55+00:00\",\"dateModified\":\"2025-04-03T17:23:16+00:00\",\"mainEntityOfPage\":{\"@id\":\"https:\/\/psol50.org.br\/veja-em-quais-comissoes-da-camara-dos-deputados-cada-um-dos-parlamentares-do-psol-estara-em-2025\/\"},\"wordCount\":478,\"publisher\":{\"@id\":\"https:\/\/psol50.org.br\/#organization\"},\"image\":{\"@id\":\"https:\/\/psol50.org.br\/veja-em-quais-comissoes-da-camara-dos-deputados-cada-um-dos-parlamentares-do-psol-estara-em-2025\/#primaryimage\"},\"thumbnailUrl\":\"https:\/\/psol50.org.br\/inc\/uploads\/2024\/03\/ERIKA-HILTON-FEV-46-scaled.jpg\",\"keywords\":[\"Not\u00edcias\"],\"articleSection\":[\"A\u00e7\u00e3o Parlamentar\"],\"inLanguage\":\"pt-BR\"},{\"@type\":\"WebPage\",\"@id\":\"https:\/\/psol50.org.br\/veja-em-quais-comissoes-da-camara-dos-deputados-cada-um-dos-parlamentares-do-psol-estara-em-2025\/\",\"url\":\"https:\/\/psol50.org.br\/veja-em-quais-comissoes-da-camara-dos-deputados-cada-um-dos-parlamentares-do-psol-estara-em-2025\/\",\"name\":\"Veja em quais comiss\u00f5es da C\u00e2mara dos Deputados cada um dos parlamentares do PSOL estar\u00e1 em 2025\",\"isPartOf\":{\"@id\":\"https:\/\/psol50.org.br\/#website\"},\"primaryImageOfPage\":{\"@id\":\"https:\/\/psol50.org.br\/veja-em-quais-comissoes-da-camara-dos-deputados-cada-um-dos-parlamentares-do-psol-estara-em-2025\/#primaryimage\"},\"image\":{\"@id\":\"https:\/\/psol50.org.br\/veja-em-quais-comissoes-da-camara-dos-deputados-cada-um-dos-parlamentares-do-psol-estara-em-2025\/#primaryimage\"},\"thumbnailUrl\":\"https:\/\/psol50.org.br\/inc\/uploads\/2024\/03\/ERIKA-HILTON-FEV-46-scaled.jpg\",\"datePublished\":\"2025-03-27T15:11:55+00:00\",\"dateModified\":\"2025-04-03T17:23:16+00:00\",\"description\":\"Nesta semana foram finalmente instaladas todas as comiss\u00f5es permanentes da C\u00e2mara dos Deputados para o ano legislativo de 2025.\",\"breadcrumb\":{\"@id\":\"https:\/\/psol50.org.br\/veja-em-quais-comissoes-da-camara-dos-deputados-cada-um-dos-parlamentares-do-psol-estara-em-2025\/#breadcrumb\"},\"inLanguage\":\"pt-BR\",\"potentialAction\":[{\"@type\":\"ReadAction\",\"target\":[\"https:\/\/psol50.org.br\/veja-em-quais-comissoes-da-camara-dos-deputados-cada-um-dos-parlamentares-do-psol-estara-em-2025\/\"]}]},{\"@type\":\"ImageObject\",\"inLanguage\":\"pt-BR\",\"@id\":\"https:\/\/psol50.org.br\/veja-em-quais-comissoes-da-camara-dos-deputados-cada-um-dos-parlamentares-do-psol-estara-em-2025\/#primaryimage\",\"url\":\"https:\/\/psol50.org.br\/inc\/uploads\/2024\/03\/ERIKA-HILTON-FEV-46-scaled.jpg\",\"contentUrl\":\"https:\/\/psol50.org.br\/inc\/uploads\/2024\/03\/ERIKA-HILTON-FEV-46-scaled.jpg\",\"width\":2560,\"height\":1707,\"caption\":\"Foto: Mandato Erika Hilton\"},{\"@type\":\"BreadcrumbList\",\"@id\":\"https:\/\/psol50.org.br\/veja-em-quais-comissoes-da-camara-dos-deputados-cada-um-dos-parlamentares-do-psol-estara-em-2025\/#breadcrumb\",\"itemListElement\":[{\"@type\":\"ListItem\",\"position\":1,\"name\":\"In\u00edcio\",\"item\":\"https:\/\/psol50.org.br\/\"},{\"@type\":\"ListItem\",\"position\":2,\"name\":\"Veja em quais comiss\u00f5es da C\u00e2mara dos Deputados cada um dos parlamentares do PSOL estar\u00e1 em 2025\"}]},{\"@type\":\"WebSite\",\"@id\":\"https:\/\/psol50.org.br\/#website\",\"url\":\"https:\/\/psol50.org.br\/\",\"name\":\"PSOL 50\",\"description\":\"Site oficial do Partido Socialismo e Liberdade\",\"publisher\":{\"@id\":\"https:\/\/psol50.org.br\/#organization\"},\"alternateName\":\"PSOL50\",\"potentialAction\":[{\"@type\":\"SearchAction\",\"target\":{\"@type\":\"EntryPoint\",\"urlTemplate\":\"https:\/\/psol50.org.br\/?s={search_term_string}\"},\"query-input\":{\"@type\":\"PropertyValueSpecification\",\"valueRequired\":true,\"valueName\":\"search_term_string\"}}],\"inLanguage\":\"pt-BR\"},{\"@type\":\"Organization\",\"@id\":\"https:\/\/psol50.org.br\/#organization\",\"name\":\"PSOL 50\",\"alternateName\":\"PSOL 50\",\"url\":\"https:\/\/psol50.org.br\/\",\"logo\":{\"@type\":\"ImageObject\",\"inLanguage\":\"pt-BR\",\"@id\":\"https:\/\/psol50.org.br\/#\/schema\/logo\/image\/\",\"url\":\"https:\/\/psol50.org.br\/inc\/uploads\/2018\/07\/capa.png\",\"contentUrl\":\"https:\/\/psol50.org.br\/inc\/uploads\/2018\/07\/capa.png\",\"width\":1350,\"height\":900,\"caption\":\"PSOL 50\"},\"image\":{\"@id\":\"https:\/\/psol50.org.br\/#\/schema\/logo\/image\/\"},\"sameAs\":[\"https:\/\/www.facebook.com\/psol50\",\"https:\/\/x.com\/psol50\",\"https:\/\/www.instagram.com\/psol50\/\",\"https:\/\/www.youtube.com\/channel\/UC7SnJS5o1os7a6CaiNabzcg\"]},{\"@type\":\"Person\",\"@id\":\"https:\/\/psol50.org.br\/#\/schema\/person\/475dfa57d0b815993c714c2e96491fcd\",\"name\":\"Comunica\u00e7\u00e3o PSOL\",\"image\":{\"@type\":\"ImageObject\",\"inLanguage\":\"pt-BR\",\"@id\":\"https:\/\/psol50.org.br\/#\/schema\/person\/image\/\",\"url\":\"https:\/\/secure.gravatar.com\/avatar\/b34fc4f4e468a4e51785917065a3db57b841f5c95dba6ad8c73aaf8f66f8f9bf?s=96&d=mm&r=g\",\"contentUrl\":\"https:\/\/secure.gravatar.com\/avatar\/b34fc4f4e468a4e51785917065a3db57b841f5c95dba6ad8c73aaf8f66f8f9bf?s=96&d=mm&r=g\",\"caption\":\"Comunica\u00e7\u00e3o PSOL\"}}]}<\/script>\n<!-- \/ Yoast SEO plugin. -->","yoast_head_json":{"title":"Veja em quais comiss\u00f5es da C\u00e2mara dos Deputados cada um dos parlamentares do PSOL estar\u00e1 em 2025","description":"Nesta semana foram finalmente instaladas todas as comiss\u00f5es permanentes da C\u00e2mara dos Deputados para o ano legislativo de 2025.","robots":{"index":"index","follow":"follow","max-snippet":"max-snippet:-1","max-image-preview":"max-image-preview:large","max-video-preview":"max-video-preview:-1"},"canonical":"https:\/\/psol50.org.br\/veja-em-quais-comissoes-da-camara-dos-deputados-cada-um-dos-parlamentares-do-psol-estara-em-2025\/","og_locale":"pt_BR","og_type":"article","og_title":"Veja em quais comiss\u00f5es da C\u00e2mara dos Deputados cada um dos parlamentares do PSOL estar\u00e1 em 2025","og_description":"Nesta semana foram finalmente instaladas todas as comiss\u00f5es permanentes da C\u00e2mara dos Deputados para o ano legislativo de 2025.","og_url":"https:\/\/psol50.org.br\/veja-em-quais-comissoes-da-camara-dos-deputados-cada-um-dos-parlamentares-do-psol-estara-em-2025\/","og_site_name":"PSOL 50","article_publisher":"https:\/\/www.facebook.com\/psol50","article_published_time":"2025-03-27T15:11:55+00:00","article_modified_time":"2025-04-03T17:23:16+00:00","og_image":[{"width":2560,"height":1707,"url":"https:\/\/psol50.org.br\/inc\/uploads\/2024\/03\/ERIKA-HILTON-FEV-46-scaled.jpg","type":"image\/jpeg"}],"author":"Comunica\u00e7\u00e3o PSOL","twitter_card":"summary_large_image","twitter_creator":"@psol50","twitter_site":"@psol50","twitter_misc":{"Escrito por":"Comunica\u00e7\u00e3o PSOL","Est. tempo de leitura":"2 minutos"},"schema":{"@context":"https:\/\/schema.org","@graph":[{"@type":"Article","@id":"https:\/\/psol50.org.br\/veja-em-quais-comissoes-da-camara-dos-deputados-cada-um-dos-parlamentares-do-psol-estara-em-2025\/#article","isPartOf":{"@id":"https:\/\/psol50.org.br\/veja-em-quais-comissoes-da-camara-dos-deputados-cada-um-dos-parlamentares-do-psol-estara-em-2025\/"},"author":{"name":"Comunica\u00e7\u00e3o PSOL","@id":"https:\/\/psol50.org.br\/#\/schema\/person\/475dfa57d0b815993c714c2e96491fcd"},"headline":"Veja em quais comiss\u00f5es da C\u00e2mara dos Deputados cada um dos parlamentares do PSOL estar\u00e1 em 2025","datePublished":"2025-03-27T15:11:55+00:00","dateModified":"2025-04-03T17:23:16+00:00","mainEntityOfPage":{"@id":"https:\/\/psol50.org.br\/veja-em-quais-comissoes-da-camara-dos-deputados-cada-um-dos-parlamentares-do-psol-estara-em-2025\/"},"wordCount":478,"publisher":{"@id":"https:\/\/psol50.org.br\/#organization"},"image":{"@id":"https:\/\/psol50.org.br\/veja-em-quais-comissoes-da-camara-dos-deputados-cada-um-dos-parlamentares-do-psol-estara-em-2025\/#primaryimage"},"thumbnailUrl":"https:\/\/psol50.org.br\/inc\/uploads\/2024\/03\/ERIKA-HILTON-FEV-46-scaled.jpg","keywords":["Not\u00edcias"],"articleSection":["A\u00e7\u00e3o Parlamentar"],"inLanguage":"pt-BR"},{"@type":"WebPage","@id":"https:\/\/psol50.org.br\/veja-em-quais-comissoes-da-camara-dos-deputados-cada-um-dos-parlamentares-do-psol-estara-em-2025\/","url":"https:\/\/psol50.org.br\/veja-em-quais-comissoes-da-camara-dos-deputados-cada-um-dos-parlamentares-do-psol-estara-em-2025\/","name":"Veja em quais comiss\u00f5es da C\u00e2mara dos Deputados cada um dos parlamentares do PSOL estar\u00e1 em 2025","isPartOf":{"@id":"https:\/\/psol50.org.br\/#website"},"primaryImageOfPage":{"@id":"https:\/\/psol50.org.br\/veja-em-quais-comissoes-da-camara-dos-deputados-cada-um-dos-parlamentares-do-psol-estara-em-2025\/#primaryimage"},"image":{"@id":"https:\/\/psol50.org.br\/veja-em-quais-comissoes-da-camara-dos-deputados-cada-um-dos-parlamentares-do-psol-estara-em-2025\/#primaryimage"},"thumbnailUrl":"https:\/\/psol50.org.br\/inc\/uploads\/2024\/03\/ERIKA-HILTON-FEV-46-scaled.jpg","datePublished":"2025-03-27T15:11:55+00:00","dateModified":"2025-04-03T17:23:16+00:00","description":"Nesta semana foram finalmente instaladas todas as comiss\u00f5es permanentes da C\u00e2mara dos Deputados para o ano legislativo de 2025.","breadcrumb":{"@id":"https:\/\/psol50.org.br\/veja-em-quais-comissoes-da-camara-dos-deputados-cada-um-dos-parlamentares-do-psol-estara-em-2025\/#breadcrumb"},"inLanguage":"pt-BR","potentialAction":[{"@type":"ReadAction","target":["https:\/\/psol50.org.br\/veja-em-quais-comissoes-da-camara-dos-deputados-cada-um-dos-parlamentares-do-psol-estara-em-2025\/"]}]},{"@type":"ImageObject","inLanguage":"pt-BR","@id":"https:\/\/psol50.org.br\/veja-em-quais-comissoes-da-camara-dos-deputados-cada-um-dos-parlamentares-do-psol-estara-em-2025\/#primaryimage","url":"https:\/\/psol50.org.br\/inc\/uploads\/2024\/03\/ERIKA-HILTON-FEV-46-scaled.jpg","contentUrl":"https:\/\/psol50.org.br\/inc\/uploads\/2024\/03\/ERIKA-HILTON-FEV-46-scaled.jpg","width":2560,"height":1707,"caption":"Foto: Mandato Erika Hilton"},{"@type":"BreadcrumbList","@id":"https:\/\/psol50.org.br\/veja-em-quais-comissoes-da-camara-dos-deputados-cada-um-dos-parlamentares-do-psol-estara-em-2025\/#breadcrumb","itemListElement":[{"@type":"ListItem","position":1,"name":"In\u00edcio","item":"https:\/\/psol50.org.br\/"},{"@type":"ListItem","position":2,"name":"Veja em quais comiss\u00f5es da C\u00e2mara dos Deputados cada um dos parlamentares do PSOL estar\u00e1 em 2025"}]},{"@type":"WebSite","@id":"https:\/\/psol50.org.br\/#website","url":"https:\/\/psol50.org.br\/","name":"PSOL 50","description":"Site oficial do Partido Socialismo e Liberdade","publisher":{"@id":"https:\/\/psol50.org.br\/#organization"},"alternateName":"PSOL50","potentialAction":[{"@type":"SearchAction","target":{"@type":"EntryPoint","urlTemplate":"https:\/\/psol50.org.br\/?s={search_term_string}"},"query-input":{"@type":"PropertyValueSpecification","valueRequired":true,"valueName":"search_term_string"}}],"inLanguage":"pt-BR"},{"@type":"Organization","@id":"https:\/\/psol50.org.br\/#organization","name":"PSOL 50","alternateName":"PSOL 50","url":"https:\/\/psol50.org.br\/","logo":{"@type":"ImageObject","inLanguage":"pt-BR","@id":"https:\/\/psol50.org.br\/#\/schema\/logo\/image\/","url":"https:\/\/psol50.org.br\/inc\/uploads\/2018\/07\/capa.png","contentUrl":"https:\/\/psol50.org.br\/inc\/uploads\/2018\/07\/capa.png","width":1350,"height":900,"caption":"PSOL 50"},"image":{"@id":"https:\/\/psol50.org.br\/#\/schema\/logo\/image\/"},"sameAs":["https:\/\/www.facebook.com\/psol50","https:\/\/x.com\/psol50","https:\/\/www.instagram.com\/psol50\/","https:\/\/www.youtube.com\/channel\/UC7SnJS5o1os7a6CaiNabzcg"]},{"@type":"Person","@id":"https:\/\/psol50.org.br\/#\/schema\/person\/475dfa57d0b815993c714c2e96491fcd","name":"Comunica\u00e7\u00e3o PSOL","image":{"@type":"ImageObject","inLanguage":"pt-BR","@id":"https:\/\/psol50.org.br\/#\/schema\/person\/image\/","url":"https:\/\/secure.gravatar.com\/avatar\/b34fc4f4e468a4e51785917065a3db57b841f5c95dba6ad8c73aaf8f66f8f9bf?s=96&d=mm&r=g","contentUrl":"https:\/\/secure.gravatar.com\/avatar\/b34fc4f4e468a4e51785917065a3db57b841f5c95dba6ad8c73aaf8f66f8f9bf?s=96&d=mm&r=g","caption":"Comunica\u00e7\u00e3o PSOL"}}]}},"_links":{"self":[{"href":"https:\/\/psol50.org.br\/rest\/wp\/v2\/posts\/40915","targetHints":{"allow":["GET"]}}],"collection":[{"href":"https:\/\/psol50.org.br\/rest\/wp\/v2\/posts"}],"about":[{"href":"https:\/\/psol50.org.br\/rest\/wp\/v2\/types\/post"}],"author":[{"embeddable":true,"href":"https:\/\/psol50.org.br\/rest\/wp\/v2\/users\/2"}],"replies":[{"embeddable":true,"href":"https:\/\/psol50.org.br\/rest\/wp\/v2\/comments?post=40915"}],"version-history":[{"count":2,"href":"https:\/\/psol50.org.br\/rest\/wp\/v2\/posts\/40915\/revisions"}],"predecessor-version":[{"id":40917,"href":"https:\/\/psol50.org.br\/rest\/wp\/v2\/posts\/40915\/revisions\/40917"}],"wp:featuredmedia":[{"embeddable":true,"href":"https:\/\/psol50.org.br\/rest\/wp\/v2\/media\/39116"}],"wp:attachment":[{"href":"https:\/\/psol50.org.br\/rest\/wp\/v2\/media?parent=40915"}],"wp:term":[{"taxonomy":"category","embeddable":true,"href":"https:\/\/psol50.org.br\/rest\/wp\/v2\/categories?post=40915"},{"taxonomy":"post_tag","embeddable":true,"href":"https:\/\/psol50.org.br\/rest\/wp\/v2\/tags?post=40915"}],"curies":[{"name":"wp","href":"https:\/\/api.w.org\/{rel}","templated":true}]}}