{"id":40932,"date":"2025-04-04T12:37:13","date_gmt":"2025-04-04T15:37:13","guid":{"rendered":"https:\/\/psol50.org.br\/?p=40932"},"modified":"2025-04-04T12:37:13","modified_gmt":"2025-04-04T15:37:13","slug":"vereadora-keit-lima-psol-propoe-cotas-para-pessoas-trans-em-concursos-publicos-de-sp","status":"publish","type":"post","link":"https:\/\/psol50.org.br\/vereadora-keit-lima-psol-propoe-cotas-para-pessoas-trans-em-concursos-publicos-de-sp\/","title":{"rendered":"Vereadora Keit Lima (PSOL) prop\u00f5e cotas para pessoas trans em concursos p\u00fablicos de SP"},"content":{"rendered":"<p>A vereadora Keit Lima (PSOL) protocolou na \u00faltima quinta-feira (3) um projeto de lei na C\u00e2mara Municipal de S\u00e3o Paulo (SP) que reserva 3% das vagas oferecidas nos concursos p\u00fablicos da capital paulista a pessoas travestis e transg\u00eaneros.<\/p>\n<p>Segundo o projeto, o sistema de cotas seria aplicado a concursos realizados tanto no \u00e2mbito do Poder Executivo quanto do Legislativo paulistano. Ser\u00e3o consideradas\u00a0pessoas transg\u00eaneros e travestis aquelas que n\u00e3o se identificam com o g\u00eanero que lhes foi atribu\u00eddo quando de seu nascimento, a partir do crit\u00e9rio da autodeclara\u00e7\u00e3o.<\/p>\n<p>O texto prev\u00ea tamb\u00e9m a institui\u00e7\u00e3o de comiss\u00f5es de heteroidentifica\u00e7\u00e3o nos concursos p\u00fablicos, que atuariam antes dos candidatos assumirem cargos efetivos para evitar fraudes.<\/p>\n<p>&#8220;A reserva de vagas \u00e9 uma medida afirmativa que visa corrigir desigualdades hist\u00f3ricas e proporcionar acesso real \u00e0 cidadania para um grupo que, por diversas raz\u00f5es, n\u00e3o tem a mesma facilidade de inser\u00e7\u00e3o no mercado de trabalho&#8221;, ressalta a justificativa do projeto.<\/p>\n<p>&#8220;Tal medida tamb\u00e9m busca combater a discrimina\u00e7\u00e3o e o preconceito que ainda prevalecem em diversos ambientes sociais, incluindo o ambiente p\u00fablico, e criar um exemplo positivo de inclus\u00e3o e respeito \u00e0 diversidade dentro da administra\u00e7\u00e3o p\u00fablica municipal&#8221;, conclui.<\/p>\n","protected":false},"excerpt":{"rendered":"<p>A vereadora Keit Lima (PSOL) protocolou na \u00faltima quinta-feira (3) um projeto de lei na C\u00e2mara Municipal de S\u00e3o Paulo (SP) que reserva 3% das vagas oferecidas nos concursos p\u00fablicos da capital paulista a pessoas travestis e transg\u00eaneros. Segundo o projeto, o sistema de cotas seria aplicado a concursos realizados tanto no \u00e2mbito do Poder [&hellip;]<\/p>\n","protected":false},"author":2,"featured_media":40936,"comment_status":"closed","ping_status":"open","sticky":false,"template":"","format":"standard","meta":{"_acf_changed":false,"footnotes":""},"categories":[10,654],"tags":[4825],"class_list":{"0":"post-40932","1":"post","2":"type-post","3":"status-publish","4":"format-standard","5":"has-post-thumbnail","7":"category-acao-parlamentares","8":"category-estados","9":"tag-noticias"},"acf":[],"yoast_head":"<!-- This site is optimized with the Yoast SEO plugin v26.5 - https:\/\/yoast.com\/wordpress\/plugins\/seo\/ -->\n<title>Vereadora Keit Lima (PSOL) prop\u00f5e cotas para pessoas trans em concursos p\u00fablicos de SP<\/title>\n<meta name=\"description\" content=\"Proposta reserva 3% das vagas oferecidas nos concursos para cargos efetivos e empregos p\u00fablicos nos Poderes Executivo e Legislativo da capital paulista.\" \/>\n<meta name=\"robots\" content=\"index, follow, max-snippet:-1, max-image-preview:large, max-video-preview:-1\" \/>\n<link rel=\"canonical\" href=\"https:\/\/psol50.org.br\/vereadora-keit-lima-psol-propoe-cotas-para-pessoas-trans-em-concursos-publicos-de-sp\/\" \/>\n<meta property=\"og:locale\" content=\"pt_BR\" \/>\n<meta property=\"og:type\" content=\"article\" \/>\n<meta property=\"og:title\" content=\"Vereadora Keit Lima (PSOL) prop\u00f5e cotas para pessoas trans em concursos p\u00fablicos de SP\" \/>\n<meta property=\"og:description\" content=\"Proposta reserva 3% das vagas oferecidas nos concursos para cargos efetivos e empregos p\u00fablicos nos Poderes Executivo e Legislativo da capital paulista.\" \/>\n<meta property=\"og:url\" content=\"https:\/\/psol50.org.br\/vereadora-keit-lima-psol-propoe-cotas-para-pessoas-trans-em-concursos-publicos-de-sp\/\" \/>\n<meta property=\"og:site_name\" content=\"PSOL 50\" \/>\n<meta property=\"article:publisher\" content=\"https:\/\/www.facebook.com\/psol50\" \/>\n<meta property=\"article:published_time\" content=\"2025-04-04T15:37:13+00:00\" \/>\n<meta property=\"og:image\" content=\"https:\/\/psol50.org.br\/inc\/uploads\/2025\/04\/54384529224_0a865a7716_o-scaled.jpg\" \/>\n\t<meta property=\"og:image:width\" content=\"2560\" \/>\n\t<meta property=\"og:image:height\" content=\"1707\" \/>\n\t<meta property=\"og:image:type\" content=\"image\/jpeg\" \/>\n<meta name=\"author\" content=\"Comunica\u00e7\u00e3o PSOL\" \/>\n<meta name=\"twitter:card\" content=\"summary_large_image\" \/>\n<meta name=\"twitter:creator\" content=\"@psol50\" \/>\n<meta name=\"twitter:site\" content=\"@psol50\" \/>\n<meta name=\"twitter:label1\" content=\"Escrito por\" \/>\n\t<meta name=\"twitter:data1\" content=\"Comunica\u00e7\u00e3o PSOL\" \/>\n\t<meta name=\"twitter:label2\" content=\"Est. tempo de leitura\" \/>\n\t<meta name=\"twitter:data2\" content=\"1 minuto\" \/>\n<script type=\"application\/ld+json\" class=\"yoast-schema-graph\">{\"@context\":\"https:\/\/schema.org\",\"@graph\":[{\"@type\":\"Article\",\"@id\":\"https:\/\/psol50.org.br\/vereadora-keit-lima-psol-propoe-cotas-para-pessoas-trans-em-concursos-publicos-de-sp\/#article\",\"isPartOf\":{\"@id\":\"https:\/\/psol50.org.br\/vereadora-keit-lima-psol-propoe-cotas-para-pessoas-trans-em-concursos-publicos-de-sp\/\"},\"author\":{\"name\":\"Comunica\u00e7\u00e3o PSOL\",\"@id\":\"https:\/\/psol50.org.br\/#\/schema\/person\/475dfa57d0b815993c714c2e96491fcd\"},\"headline\":\"Vereadora Keit Lima (PSOL) prop\u00f5e cotas para pessoas trans em concursos p\u00fablicos de SP\",\"datePublished\":\"2025-04-04T15:37:13+00:00\",\"mainEntityOfPage\":{\"@id\":\"https:\/\/psol50.org.br\/vereadora-keit-lima-psol-propoe-cotas-para-pessoas-trans-em-concursos-publicos-de-sp\/\"},\"wordCount\":229,\"publisher\":{\"@id\":\"https:\/\/psol50.org.br\/#organization\"},\"image\":{\"@id\":\"https:\/\/psol50.org.br\/vereadora-keit-lima-psol-propoe-cotas-para-pessoas-trans-em-concursos-publicos-de-sp\/#primaryimage\"},\"thumbnailUrl\":\"https:\/\/psol50.org.br\/inc\/uploads\/2025\/04\/54384529224_0a865a7716_o-scaled.jpg\",\"keywords\":[\"Not\u00edcias\"],\"articleSection\":[\"A\u00e7\u00e3o Parlamentar\",\"Estados\"],\"inLanguage\":\"pt-BR\"},{\"@type\":\"WebPage\",\"@id\":\"https:\/\/psol50.org.br\/vereadora-keit-lima-psol-propoe-cotas-para-pessoas-trans-em-concursos-publicos-de-sp\/\",\"url\":\"https:\/\/psol50.org.br\/vereadora-keit-lima-psol-propoe-cotas-para-pessoas-trans-em-concursos-publicos-de-sp\/\",\"name\":\"Vereadora Keit Lima (PSOL) prop\u00f5e cotas para pessoas trans em concursos p\u00fablicos de SP\",\"isPartOf\":{\"@id\":\"https:\/\/psol50.org.br\/#website\"},\"primaryImageOfPage\":{\"@id\":\"https:\/\/psol50.org.br\/vereadora-keit-lima-psol-propoe-cotas-para-pessoas-trans-em-concursos-publicos-de-sp\/#primaryimage\"},\"image\":{\"@id\":\"https:\/\/psol50.org.br\/vereadora-keit-lima-psol-propoe-cotas-para-pessoas-trans-em-concursos-publicos-de-sp\/#primaryimage\"},\"thumbnailUrl\":\"https:\/\/psol50.org.br\/inc\/uploads\/2025\/04\/54384529224_0a865a7716_o-scaled.jpg\",\"datePublished\":\"2025-04-04T15:37:13+00:00\",\"description\":\"Proposta reserva 3% das vagas oferecidas nos concursos para cargos efetivos e empregos p\u00fablicos nos Poderes Executivo e Legislativo da capital paulista.\",\"breadcrumb\":{\"@id\":\"https:\/\/psol50.org.br\/vereadora-keit-lima-psol-propoe-cotas-para-pessoas-trans-em-concursos-publicos-de-sp\/#breadcrumb\"},\"inLanguage\":\"pt-BR\",\"potentialAction\":[{\"@type\":\"ReadAction\",\"target\":[\"https:\/\/psol50.org.br\/vereadora-keit-lima-psol-propoe-cotas-para-pessoas-trans-em-concursos-publicos-de-sp\/\"]}]},{\"@type\":\"ImageObject\",\"inLanguage\":\"pt-BR\",\"@id\":\"https:\/\/psol50.org.br\/vereadora-keit-lima-psol-propoe-cotas-para-pessoas-trans-em-concursos-publicos-de-sp\/#primaryimage\",\"url\":\"https:\/\/psol50.org.br\/inc\/uploads\/2025\/04\/54384529224_0a865a7716_o-scaled.jpg\",\"contentUrl\":\"https:\/\/psol50.org.br\/inc\/uploads\/2025\/04\/54384529224_0a865a7716_o-scaled.jpg\",\"width\":2560,\"height\":1707,\"caption\":\"Foto: Lucas Bassi\/C\u00e2mara SP\"},{\"@type\":\"BreadcrumbList\",\"@id\":\"https:\/\/psol50.org.br\/vereadora-keit-lima-psol-propoe-cotas-para-pessoas-trans-em-concursos-publicos-de-sp\/#breadcrumb\",\"itemListElement\":[{\"@type\":\"ListItem\",\"position\":1,\"name\":\"In\u00edcio\",\"item\":\"https:\/\/psol50.org.br\/\"},{\"@type\":\"ListItem\",\"position\":2,\"name\":\"Vereadora Keit Lima (PSOL) prop\u00f5e cotas para pessoas trans em concursos p\u00fablicos de SP\"}]},{\"@type\":\"WebSite\",\"@id\":\"https:\/\/psol50.org.br\/#website\",\"url\":\"https:\/\/psol50.org.br\/\",\"name\":\"PSOL 50\",\"description\":\"Site oficial do Partido Socialismo e Liberdade\",\"publisher\":{\"@id\":\"https:\/\/psol50.org.br\/#organization\"},\"alternateName\":\"PSOL50\",\"potentialAction\":[{\"@type\":\"SearchAction\",\"target\":{\"@type\":\"EntryPoint\",\"urlTemplate\":\"https:\/\/psol50.org.br\/?s={search_term_string}\"},\"query-input\":{\"@type\":\"PropertyValueSpecification\",\"valueRequired\":true,\"valueName\":\"search_term_string\"}}],\"inLanguage\":\"pt-BR\"},{\"@type\":\"Organization\",\"@id\":\"https:\/\/psol50.org.br\/#organization\",\"name\":\"PSOL 50\",\"alternateName\":\"PSOL 50\",\"url\":\"https:\/\/psol50.org.br\/\",\"logo\":{\"@type\":\"ImageObject\",\"inLanguage\":\"pt-BR\",\"@id\":\"https:\/\/psol50.org.br\/#\/schema\/logo\/image\/\",\"url\":\"https:\/\/psol50.org.br\/inc\/uploads\/2018\/07\/capa.png\",\"contentUrl\":\"https:\/\/psol50.org.br\/inc\/uploads\/2018\/07\/capa.png\",\"width\":1350,\"height\":900,\"caption\":\"PSOL 50\"},\"image\":{\"@id\":\"https:\/\/psol50.org.br\/#\/schema\/logo\/image\/\"},\"sameAs\":[\"https:\/\/www.facebook.com\/psol50\",\"https:\/\/x.com\/psol50\",\"https:\/\/www.instagram.com\/psol50\/\",\"https:\/\/www.youtube.com\/channel\/UC7SnJS5o1os7a6CaiNabzcg\"]},{\"@type\":\"Person\",\"@id\":\"https:\/\/psol50.org.br\/#\/schema\/person\/475dfa57d0b815993c714c2e96491fcd\",\"name\":\"Comunica\u00e7\u00e3o PSOL\",\"image\":{\"@type\":\"ImageObject\",\"inLanguage\":\"pt-BR\",\"@id\":\"https:\/\/psol50.org.br\/#\/schema\/person\/image\/\",\"url\":\"https:\/\/secure.gravatar.com\/avatar\/b34fc4f4e468a4e51785917065a3db57b841f5c95dba6ad8c73aaf8f66f8f9bf?s=96&d=mm&r=g\",\"contentUrl\":\"https:\/\/secure.gravatar.com\/avatar\/b34fc4f4e468a4e51785917065a3db57b841f5c95dba6ad8c73aaf8f66f8f9bf?s=96&d=mm&r=g\",\"caption\":\"Comunica\u00e7\u00e3o PSOL\"}}]}<\/script>\n<!-- \/ Yoast SEO plugin. -->","yoast_head_json":{"title":"Vereadora Keit Lima (PSOL) prop\u00f5e cotas para pessoas trans em concursos p\u00fablicos de SP","description":"Proposta reserva 3% das vagas oferecidas nos concursos para cargos efetivos e empregos p\u00fablicos nos Poderes Executivo e Legislativo da capital paulista.","robots":{"index":"index","follow":"follow","max-snippet":"max-snippet:-1","max-image-preview":"max-image-preview:large","max-video-preview":"max-video-preview:-1"},"canonical":"https:\/\/psol50.org.br\/vereadora-keit-lima-psol-propoe-cotas-para-pessoas-trans-em-concursos-publicos-de-sp\/","og_locale":"pt_BR","og_type":"article","og_title":"Vereadora Keit Lima (PSOL) prop\u00f5e cotas para pessoas trans em concursos p\u00fablicos de SP","og_description":"Proposta reserva 3% das vagas oferecidas nos concursos para cargos efetivos e empregos p\u00fablicos nos Poderes Executivo e Legislativo da capital paulista.","og_url":"https:\/\/psol50.org.br\/vereadora-keit-lima-psol-propoe-cotas-para-pessoas-trans-em-concursos-publicos-de-sp\/","og_site_name":"PSOL 50","article_publisher":"https:\/\/www.facebook.com\/psol50","article_published_time":"2025-04-04T15:37:13+00:00","og_image":[{"width":2560,"height":1707,"url":"https:\/\/psol50.org.br\/inc\/uploads\/2025\/04\/54384529224_0a865a7716_o-scaled.jpg","type":"image\/jpeg"}],"author":"Comunica\u00e7\u00e3o PSOL","twitter_card":"summary_large_image","twitter_creator":"@psol50","twitter_site":"@psol50","twitter_misc":{"Escrito por":"Comunica\u00e7\u00e3o PSOL","Est. tempo de leitura":"1 minuto"},"schema":{"@context":"https:\/\/schema.org","@graph":[{"@type":"Article","@id":"https:\/\/psol50.org.br\/vereadora-keit-lima-psol-propoe-cotas-para-pessoas-trans-em-concursos-publicos-de-sp\/#article","isPartOf":{"@id":"https:\/\/psol50.org.br\/vereadora-keit-lima-psol-propoe-cotas-para-pessoas-trans-em-concursos-publicos-de-sp\/"},"author":{"name":"Comunica\u00e7\u00e3o PSOL","@id":"https:\/\/psol50.org.br\/#\/schema\/person\/475dfa57d0b815993c714c2e96491fcd"},"headline":"Vereadora Keit Lima (PSOL) prop\u00f5e cotas para pessoas trans em concursos p\u00fablicos de SP","datePublished":"2025-04-04T15:37:13+00:00","mainEntityOfPage":{"@id":"https:\/\/psol50.org.br\/vereadora-keit-lima-psol-propoe-cotas-para-pessoas-trans-em-concursos-publicos-de-sp\/"},"wordCount":229,"publisher":{"@id":"https:\/\/psol50.org.br\/#organization"},"image":{"@id":"https:\/\/psol50.org.br\/vereadora-keit-lima-psol-propoe-cotas-para-pessoas-trans-em-concursos-publicos-de-sp\/#primaryimage"},"thumbnailUrl":"https:\/\/psol50.org.br\/inc\/uploads\/2025\/04\/54384529224_0a865a7716_o-scaled.jpg","keywords":["Not\u00edcias"],"articleSection":["A\u00e7\u00e3o Parlamentar","Estados"],"inLanguage":"pt-BR"},{"@type":"WebPage","@id":"https:\/\/psol50.org.br\/vereadora-keit-lima-psol-propoe-cotas-para-pessoas-trans-em-concursos-publicos-de-sp\/","url":"https:\/\/psol50.org.br\/vereadora-keit-lima-psol-propoe-cotas-para-pessoas-trans-em-concursos-publicos-de-sp\/","name":"Vereadora Keit Lima (PSOL) prop\u00f5e cotas para pessoas trans em concursos p\u00fablicos de SP","isPartOf":{"@id":"https:\/\/psol50.org.br\/#website"},"primaryImageOfPage":{"@id":"https:\/\/psol50.org.br\/vereadora-keit-lima-psol-propoe-cotas-para-pessoas-trans-em-concursos-publicos-de-sp\/#primaryimage"},"image":{"@id":"https:\/\/psol50.org.br\/vereadora-keit-lima-psol-propoe-cotas-para-pessoas-trans-em-concursos-publicos-de-sp\/#primaryimage"},"thumbnailUrl":"https:\/\/psol50.org.br\/inc\/uploads\/2025\/04\/54384529224_0a865a7716_o-scaled.jpg","datePublished":"2025-04-04T15:37:13+00:00","description":"Proposta reserva 3% das vagas oferecidas nos concursos para cargos efetivos e empregos p\u00fablicos nos Poderes Executivo e Legislativo da capital paulista.","breadcrumb":{"@id":"https:\/\/psol50.org.br\/vereadora-keit-lima-psol-propoe-cotas-para-pessoas-trans-em-concursos-publicos-de-sp\/#breadcrumb"},"inLanguage":"pt-BR","potentialAction":[{"@type":"ReadAction","target":["https:\/\/psol50.org.br\/vereadora-keit-lima-psol-propoe-cotas-para-pessoas-trans-em-concursos-publicos-de-sp\/"]}]},{"@type":"ImageObject","inLanguage":"pt-BR","@id":"https:\/\/psol50.org.br\/vereadora-keit-lima-psol-propoe-cotas-para-pessoas-trans-em-concursos-publicos-de-sp\/#primaryimage","url":"https:\/\/psol50.org.br\/inc\/uploads\/2025\/04\/54384529224_0a865a7716_o-scaled.jpg","contentUrl":"https:\/\/psol50.org.br\/inc\/uploads\/2025\/04\/54384529224_0a865a7716_o-scaled.jpg","width":2560,"height":1707,"caption":"Foto: Lucas Bassi\/C\u00e2mara SP"},{"@type":"BreadcrumbList","@id":"https:\/\/psol50.org.br\/vereadora-keit-lima-psol-propoe-cotas-para-pessoas-trans-em-concursos-publicos-de-sp\/#breadcrumb","itemListElement":[{"@type":"ListItem","position":1,"name":"In\u00edcio","item":"https:\/\/psol50.org.br\/"},{"@type":"ListItem","position":2,"name":"Vereadora Keit Lima (PSOL) prop\u00f5e cotas para pessoas trans em concursos p\u00fablicos de SP"}]},{"@type":"WebSite","@id":"https:\/\/psol50.org.br\/#website","url":"https:\/\/psol50.org.br\/","name":"PSOL 50","description":"Site oficial do Partido Socialismo e Liberdade","publisher":{"@id":"https:\/\/psol50.org.br\/#organization"},"alternateName":"PSOL50","potentialAction":[{"@type":"SearchAction","target":{"@type":"EntryPoint","urlTemplate":"https:\/\/psol50.org.br\/?s={search_term_string}"},"query-input":{"@type":"PropertyValueSpecification","valueRequired":true,"valueName":"search_term_string"}}],"inLanguage":"pt-BR"},{"@type":"Organization","@id":"https:\/\/psol50.org.br\/#organization","name":"PSOL 50","alternateName":"PSOL 50","url":"https:\/\/psol50.org.br\/","logo":{"@type":"ImageObject","inLanguage":"pt-BR","@id":"https:\/\/psol50.org.br\/#\/schema\/logo\/image\/","url":"https:\/\/psol50.org.br\/inc\/uploads\/2018\/07\/capa.png","contentUrl":"https:\/\/psol50.org.br\/inc\/uploads\/2018\/07\/capa.png","width":1350,"height":900,"caption":"PSOL 50"},"image":{"@id":"https:\/\/psol50.org.br\/#\/schema\/logo\/image\/"},"sameAs":["https:\/\/www.facebook.com\/psol50","https:\/\/x.com\/psol50","https:\/\/www.instagram.com\/psol50\/","https:\/\/www.youtube.com\/channel\/UC7SnJS5o1os7a6CaiNabzcg"]},{"@type":"Person","@id":"https:\/\/psol50.org.br\/#\/schema\/person\/475dfa57d0b815993c714c2e96491fcd","name":"Comunica\u00e7\u00e3o PSOL","image":{"@type":"ImageObject","inLanguage":"pt-BR","@id":"https:\/\/psol50.org.br\/#\/schema\/person\/image\/","url":"https:\/\/secure.gravatar.com\/avatar\/b34fc4f4e468a4e51785917065a3db57b841f5c95dba6ad8c73aaf8f66f8f9bf?s=96&d=mm&r=g","contentUrl":"https:\/\/secure.gravatar.com\/avatar\/b34fc4f4e468a4e51785917065a3db57b841f5c95dba6ad8c73aaf8f66f8f9bf?s=96&d=mm&r=g","caption":"Comunica\u00e7\u00e3o PSOL"}}]}},"_links":{"self":[{"href":"https:\/\/psol50.org.br\/rest\/wp\/v2\/posts\/40932","targetHints":{"allow":["GET"]}}],"collection":[{"href":"https:\/\/psol50.org.br\/rest\/wp\/v2\/posts"}],"about":[{"href":"https:\/\/psol50.org.br\/rest\/wp\/v2\/types\/post"}],"author":[{"embeddable":true,"href":"https:\/\/psol50.org.br\/rest\/wp\/v2\/users\/2"}],"replies":[{"embeddable":true,"href":"https:\/\/psol50.org.br\/rest\/wp\/v2\/comments?post=40932"}],"version-history":[{"count":2,"href":"https:\/\/psol50.org.br\/rest\/wp\/v2\/posts\/40932\/revisions"}],"predecessor-version":[{"id":40935,"href":"https:\/\/psol50.org.br\/rest\/wp\/v2\/posts\/40932\/revisions\/40935"}],"wp:featuredmedia":[{"embeddable":true,"href":"https:\/\/psol50.org.br\/rest\/wp\/v2\/media\/40936"}],"wp:attachment":[{"href":"https:\/\/psol50.org.br\/rest\/wp\/v2\/media?parent=40932"}],"wp:term":[{"taxonomy":"category","embeddable":true,"href":"https:\/\/psol50.org.br\/rest\/wp\/v2\/categories?post=40932"},{"taxonomy":"post_tag","embeddable":true,"href":"https:\/\/psol50.org.br\/rest\/wp\/v2\/tags?post=40932"}],"curies":[{"name":"wp","href":"https:\/\/api.w.org\/{rel}","templated":true}]}}