{"id":40940,"date":"2025-04-07T14:55:16","date_gmt":"2025-04-07T17:55:16","guid":{"rendered":"https:\/\/psol50.org.br\/?p=40940"},"modified":"2025-04-14T09:34:41","modified_gmt":"2025-04-14T12:34:41","slug":"bancada-feminista-do-psol-aciona-mp-contra-governo-de-tarcisio-por-sediar-evento-antiaborto","status":"publish","type":"post","link":"https:\/\/psol50.org.br\/bancada-feminista-do-psol-aciona-mp-contra-governo-de-tarcisio-por-sediar-evento-antiaborto\/","title":{"rendered":"Bancada Feminista do PSOL aciona MP contra governo de Tarc\u00edsio por sediar evento antiaborto"},"content":{"rendered":"<p>A Bancada Feminista do PSOL, mandato coletivo na Assembleia Legislativa de S\u00e3o Paulo (Alesp), protocolou uma a\u00e7\u00e3o no Minist\u00e9rio P\u00fablico contra o governo paulista por sediar em um pr\u00e9dio p\u00fablico um evento com ativistas &#8220;antiaborto&#8221; e autoridades para discutir estrat\u00e9gias contra o direito ao aborto, mesmo nos casos j\u00e1 previstos em lei, como estupro, risco de vida da gestante e anencefalia.<\/p>\n<p>Entre 28 e 30 de mar\u00e7o, a Secretaria de Estado dos Direitos da Pessoa com Defici\u00eancia sediou o 2\u00ba Congresso Internacional Vida e Fam\u00edlia. O evento foi organizado por entidades antiaborto como a Rede Colaborativa Brasil, associa\u00e7\u00e3o que re\u00fane as chamadas &#8220;casas de acolhimento de gestantes&#8221;. Inspiradas nos &#8220;crisis pregnancy centers&#8221;, surgidos nos Estados Unidos, essas organiza\u00e7\u00f5es se passam por fornecedores de medicamentos abortivos ou cl\u00ednicas nas redes sociais. O intuito \u00e9 atrair mulheres em busca do procedimento e promover pr\u00e1ticas de tortura que fa\u00e7am essas mulheres desistirem de realizar o aborto.<\/p>\n<p>A deputada de extrema-direita Chris Tonietto (PL-RJ) afirmou que &#8220;o aborto n\u00e3o conserta o estupro&#8221; e defendeu o fim da autoriza\u00e7\u00e3o legal para o aborto mesmo em casos de viol\u00eancia.<\/p>\n<p>Foi acompanhada pela vereadora Sonaira Fernandes (PL-SP), que criticou a <strong><a href=\"https:\/\/psol50.org.br\/justica-aborto-legal-preservativo\/\" target=\"_blank\" rel=\"noopener\">decis\u00e3o judicial tomada em resposta a uma a\u00e7\u00e3o do PSOL<\/a><\/strong>, que determinou ao Hospital da Mulher em S\u00e3o Paulo a obriga\u00e7\u00e3o de realizar o procedimento de aborto legal em casos de retirada n\u00e3o consentida de preservativo, o chamado stealthing.<\/p>\n<p>A representa\u00e7\u00e3o da Bancada Feminista do PSOL acusa o secret\u00e1rio estadual da Pessoa com Defici\u00eancia, Jo\u00e3o Manoel Scudeler de Barros, de improbidade administrativa por ceder a estrutura da secretaria para sediar esse evento. A a\u00e7\u00e3o aponta que o evento feriu os princ\u00edpios da legalidade, moralidade e impessoalidade, al\u00e9m de representar poss\u00edvel mau uso dos recursos p\u00fablicos.<\/p>\n<p>Tamb\u00e9m \u00e9 citada a falta de transpar\u00eancia, j\u00e1 que n\u00e3o foram divulgados os custos do congresso. \u00c9 obrigat\u00f3ria a publicidade dos custos do evento por ter envolvido servidores p\u00fablicos e recursos estaduais.<\/p>\n<p>O documento tamb\u00e9m destaca que o evento promoveu estrat\u00e9gias para restringir direitos j\u00e1 garantidos por lei, afetando especialmente mulheres v\u00edtimas de viol\u00eancia sexual.<\/p>\n","protected":false},"excerpt":{"rendered":"<p>A Bancada Feminista do PSOL, mandato coletivo na Assembleia Legislativa de S\u00e3o Paulo (Alesp), protocolou uma a\u00e7\u00e3o no Minist\u00e9rio P\u00fablico contra o governo paulista por sediar em um pr\u00e9dio p\u00fablico um evento com ativistas &#8220;antiaborto&#8221; e autoridades para discutir estrat\u00e9gias contra o direito ao aborto, mesmo nos casos j\u00e1 previstos em lei, como estupro, risco [&hellip;]<\/p>\n","protected":false},"author":2,"featured_media":40785,"comment_status":"closed","ping_status":"open","sticky":false,"template":"","format":"standard","meta":{"_acf_changed":false,"footnotes":""},"categories":[10],"tags":[4825],"class_list":{"0":"post-40940","1":"post","2":"type-post","3":"status-publish","4":"format-standard","5":"has-post-thumbnail","7":"category-acao-parlamentares","8":"tag-noticias"},"acf":[],"yoast_head":"<!-- This site is optimized with the Yoast SEO plugin v26.5 - https:\/\/yoast.com\/wordpress\/plugins\/seo\/ -->\n<title>Bancada Feminista do PSOL aciona MP contra governo de Tarc\u00edsio por sediar evento antiaborto<\/title>\n<meta name=\"description\" content=\"Pr\u00e9dio p\u00fablico foi usado para receber evento contra o direito ao aborto, mesmo nos casos previstos em lei, como estupro, risco de vida da gestante e anencefalia.\" \/>\n<meta name=\"robots\" content=\"index, follow, max-snippet:-1, max-image-preview:large, max-video-preview:-1\" \/>\n<link rel=\"canonical\" href=\"https:\/\/psol50.org.br\/bancada-feminista-do-psol-aciona-mp-contra-governo-de-tarcisio-por-sediar-evento-antiaborto\/\" \/>\n<meta property=\"og:locale\" content=\"pt_BR\" \/>\n<meta property=\"og:type\" content=\"article\" \/>\n<meta property=\"og:title\" content=\"Bancada Feminista do PSOL aciona MP contra governo de Tarc\u00edsio por sediar evento antiaborto\" \/>\n<meta property=\"og:description\" content=\"Pr\u00e9dio p\u00fablico foi usado para receber evento contra o direito ao aborto, mesmo nos casos previstos em lei, como estupro, risco de vida da gestante e anencefalia.\" \/>\n<meta property=\"og:url\" content=\"https:\/\/psol50.org.br\/bancada-feminista-do-psol-aciona-mp-contra-governo-de-tarcisio-por-sediar-evento-antiaborto\/\" \/>\n<meta property=\"og:site_name\" content=\"PSOL 50\" \/>\n<meta property=\"article:publisher\" content=\"https:\/\/www.facebook.com\/psol50\" \/>\n<meta property=\"article:published_time\" content=\"2025-04-07T17:55:16+00:00\" \/>\n<meta property=\"article:modified_time\" content=\"2025-04-14T12:34:41+00:00\" \/>\n<meta property=\"og:image\" content=\"https:\/\/psol50.org.br\/inc\/uploads\/2025\/02\/20230321-110413-id1635-GRD.jpg\" \/>\n\t<meta property=\"og:image:width\" content=\"2560\" \/>\n\t<meta property=\"og:image:height\" content=\"1706\" \/>\n\t<meta property=\"og:image:type\" content=\"image\/jpeg\" \/>\n<meta name=\"author\" content=\"Comunica\u00e7\u00e3o PSOL\" \/>\n<meta name=\"twitter:card\" content=\"summary_large_image\" \/>\n<meta name=\"twitter:creator\" content=\"@psol50\" \/>\n<meta name=\"twitter:site\" content=\"@psol50\" \/>\n<meta name=\"twitter:label1\" content=\"Escrito por\" \/>\n\t<meta name=\"twitter:data1\" content=\"Comunica\u00e7\u00e3o PSOL\" \/>\n\t<meta name=\"twitter:label2\" content=\"Est. tempo de leitura\" \/>\n\t<meta name=\"twitter:data2\" content=\"2 minutos\" \/>\n<script type=\"application\/ld+json\" class=\"yoast-schema-graph\">{\"@context\":\"https:\/\/schema.org\",\"@graph\":[{\"@type\":\"Article\",\"@id\":\"https:\/\/psol50.org.br\/bancada-feminista-do-psol-aciona-mp-contra-governo-de-tarcisio-por-sediar-evento-antiaborto\/#article\",\"isPartOf\":{\"@id\":\"https:\/\/psol50.org.br\/bancada-feminista-do-psol-aciona-mp-contra-governo-de-tarcisio-por-sediar-evento-antiaborto\/\"},\"author\":{\"name\":\"Comunica\u00e7\u00e3o PSOL\",\"@id\":\"https:\/\/psol50.org.br\/#\/schema\/person\/475dfa57d0b815993c714c2e96491fcd\"},\"headline\":\"Bancada Feminista do PSOL aciona MP contra governo de Tarc\u00edsio por sediar evento antiaborto\",\"datePublished\":\"2025-04-07T17:55:16+00:00\",\"dateModified\":\"2025-04-14T12:34:41+00:00\",\"mainEntityOfPage\":{\"@id\":\"https:\/\/psol50.org.br\/bancada-feminista-do-psol-aciona-mp-contra-governo-de-tarcisio-por-sediar-evento-antiaborto\/\"},\"wordCount\":394,\"publisher\":{\"@id\":\"https:\/\/psol50.org.br\/#organization\"},\"image\":{\"@id\":\"https:\/\/psol50.org.br\/bancada-feminista-do-psol-aciona-mp-contra-governo-de-tarcisio-por-sediar-evento-antiaborto\/#primaryimage\"},\"thumbnailUrl\":\"https:\/\/psol50.org.br\/inc\/uploads\/2025\/02\/20230321-110413-id1635-GRD.jpg\",\"keywords\":[\"Not\u00edcias\"],\"articleSection\":[\"A\u00e7\u00e3o Parlamentar\"],\"inLanguage\":\"pt-BR\"},{\"@type\":\"WebPage\",\"@id\":\"https:\/\/psol50.org.br\/bancada-feminista-do-psol-aciona-mp-contra-governo-de-tarcisio-por-sediar-evento-antiaborto\/\",\"url\":\"https:\/\/psol50.org.br\/bancada-feminista-do-psol-aciona-mp-contra-governo-de-tarcisio-por-sediar-evento-antiaborto\/\",\"name\":\"Bancada Feminista do PSOL aciona MP contra governo de Tarc\u00edsio por sediar evento antiaborto\",\"isPartOf\":{\"@id\":\"https:\/\/psol50.org.br\/#website\"},\"primaryImageOfPage\":{\"@id\":\"https:\/\/psol50.org.br\/bancada-feminista-do-psol-aciona-mp-contra-governo-de-tarcisio-por-sediar-evento-antiaborto\/#primaryimage\"},\"image\":{\"@id\":\"https:\/\/psol50.org.br\/bancada-feminista-do-psol-aciona-mp-contra-governo-de-tarcisio-por-sediar-evento-antiaborto\/#primaryimage\"},\"thumbnailUrl\":\"https:\/\/psol50.org.br\/inc\/uploads\/2025\/02\/20230321-110413-id1635-GRD.jpg\",\"datePublished\":\"2025-04-07T17:55:16+00:00\",\"dateModified\":\"2025-04-14T12:34:41+00:00\",\"description\":\"Pr\u00e9dio p\u00fablico foi usado para receber evento contra o direito ao aborto, mesmo nos casos previstos em lei, como estupro, risco de vida da gestante e anencefalia.\",\"breadcrumb\":{\"@id\":\"https:\/\/psol50.org.br\/bancada-feminista-do-psol-aciona-mp-contra-governo-de-tarcisio-por-sediar-evento-antiaborto\/#breadcrumb\"},\"inLanguage\":\"pt-BR\",\"potentialAction\":[{\"@type\":\"ReadAction\",\"target\":[\"https:\/\/psol50.org.br\/bancada-feminista-do-psol-aciona-mp-contra-governo-de-tarcisio-por-sediar-evento-antiaborto\/\"]}]},{\"@type\":\"ImageObject\",\"inLanguage\":\"pt-BR\",\"@id\":\"https:\/\/psol50.org.br\/bancada-feminista-do-psol-aciona-mp-contra-governo-de-tarcisio-por-sediar-evento-antiaborto\/#primaryimage\",\"url\":\"https:\/\/psol50.org.br\/inc\/uploads\/2025\/02\/20230321-110413-id1635-GRD.jpg\",\"contentUrl\":\"https:\/\/psol50.org.br\/inc\/uploads\/2025\/02\/20230321-110413-id1635-GRD.jpg\",\"width\":2560,\"height\":1706,\"caption\":\"Foto: Alesp\"},{\"@type\":\"BreadcrumbList\",\"@id\":\"https:\/\/psol50.org.br\/bancada-feminista-do-psol-aciona-mp-contra-governo-de-tarcisio-por-sediar-evento-antiaborto\/#breadcrumb\",\"itemListElement\":[{\"@type\":\"ListItem\",\"position\":1,\"name\":\"In\u00edcio\",\"item\":\"https:\/\/psol50.org.br\/\"},{\"@type\":\"ListItem\",\"position\":2,\"name\":\"Bancada Feminista do PSOL aciona MP contra governo de Tarc\u00edsio por sediar evento antiaborto\"}]},{\"@type\":\"WebSite\",\"@id\":\"https:\/\/psol50.org.br\/#website\",\"url\":\"https:\/\/psol50.org.br\/\",\"name\":\"PSOL 50\",\"description\":\"Site oficial do Partido Socialismo e Liberdade\",\"publisher\":{\"@id\":\"https:\/\/psol50.org.br\/#organization\"},\"alternateName\":\"PSOL50\",\"potentialAction\":[{\"@type\":\"SearchAction\",\"target\":{\"@type\":\"EntryPoint\",\"urlTemplate\":\"https:\/\/psol50.org.br\/?s={search_term_string}\"},\"query-input\":{\"@type\":\"PropertyValueSpecification\",\"valueRequired\":true,\"valueName\":\"search_term_string\"}}],\"inLanguage\":\"pt-BR\"},{\"@type\":\"Organization\",\"@id\":\"https:\/\/psol50.org.br\/#organization\",\"name\":\"PSOL 50\",\"alternateName\":\"PSOL 50\",\"url\":\"https:\/\/psol50.org.br\/\",\"logo\":{\"@type\":\"ImageObject\",\"inLanguage\":\"pt-BR\",\"@id\":\"https:\/\/psol50.org.br\/#\/schema\/logo\/image\/\",\"url\":\"https:\/\/psol50.org.br\/inc\/uploads\/2018\/07\/capa.png\",\"contentUrl\":\"https:\/\/psol50.org.br\/inc\/uploads\/2018\/07\/capa.png\",\"width\":1350,\"height\":900,\"caption\":\"PSOL 50\"},\"image\":{\"@id\":\"https:\/\/psol50.org.br\/#\/schema\/logo\/image\/\"},\"sameAs\":[\"https:\/\/www.facebook.com\/psol50\",\"https:\/\/x.com\/psol50\",\"https:\/\/www.instagram.com\/psol50\/\",\"https:\/\/www.youtube.com\/channel\/UC7SnJS5o1os7a6CaiNabzcg\"]},{\"@type\":\"Person\",\"@id\":\"https:\/\/psol50.org.br\/#\/schema\/person\/475dfa57d0b815993c714c2e96491fcd\",\"name\":\"Comunica\u00e7\u00e3o PSOL\",\"image\":{\"@type\":\"ImageObject\",\"inLanguage\":\"pt-BR\",\"@id\":\"https:\/\/psol50.org.br\/#\/schema\/person\/image\/\",\"url\":\"https:\/\/secure.gravatar.com\/avatar\/b34fc4f4e468a4e51785917065a3db57b841f5c95dba6ad8c73aaf8f66f8f9bf?s=96&d=mm&r=g\",\"contentUrl\":\"https:\/\/secure.gravatar.com\/avatar\/b34fc4f4e468a4e51785917065a3db57b841f5c95dba6ad8c73aaf8f66f8f9bf?s=96&d=mm&r=g\",\"caption\":\"Comunica\u00e7\u00e3o PSOL\"}}]}<\/script>\n<!-- \/ Yoast SEO plugin. -->","yoast_head_json":{"title":"Bancada Feminista do PSOL aciona MP contra governo de Tarc\u00edsio por sediar evento antiaborto","description":"Pr\u00e9dio p\u00fablico foi usado para receber evento contra o direito ao aborto, mesmo nos casos previstos em lei, como estupro, risco de vida da gestante e anencefalia.","robots":{"index":"index","follow":"follow","max-snippet":"max-snippet:-1","max-image-preview":"max-image-preview:large","max-video-preview":"max-video-preview:-1"},"canonical":"https:\/\/psol50.org.br\/bancada-feminista-do-psol-aciona-mp-contra-governo-de-tarcisio-por-sediar-evento-antiaborto\/","og_locale":"pt_BR","og_type":"article","og_title":"Bancada Feminista do PSOL aciona MP contra governo de Tarc\u00edsio por sediar evento antiaborto","og_description":"Pr\u00e9dio p\u00fablico foi usado para receber evento contra o direito ao aborto, mesmo nos casos previstos em lei, como estupro, risco de vida da gestante e anencefalia.","og_url":"https:\/\/psol50.org.br\/bancada-feminista-do-psol-aciona-mp-contra-governo-de-tarcisio-por-sediar-evento-antiaborto\/","og_site_name":"PSOL 50","article_publisher":"https:\/\/www.facebook.com\/psol50","article_published_time":"2025-04-07T17:55:16+00:00","article_modified_time":"2025-04-14T12:34:41+00:00","og_image":[{"width":2560,"height":1706,"url":"https:\/\/psol50.org.br\/inc\/uploads\/2025\/02\/20230321-110413-id1635-GRD.jpg","type":"image\/jpeg"}],"author":"Comunica\u00e7\u00e3o PSOL","twitter_card":"summary_large_image","twitter_creator":"@psol50","twitter_site":"@psol50","twitter_misc":{"Escrito por":"Comunica\u00e7\u00e3o PSOL","Est. tempo de leitura":"2 minutos"},"schema":{"@context":"https:\/\/schema.org","@graph":[{"@type":"Article","@id":"https:\/\/psol50.org.br\/bancada-feminista-do-psol-aciona-mp-contra-governo-de-tarcisio-por-sediar-evento-antiaborto\/#article","isPartOf":{"@id":"https:\/\/psol50.org.br\/bancada-feminista-do-psol-aciona-mp-contra-governo-de-tarcisio-por-sediar-evento-antiaborto\/"},"author":{"name":"Comunica\u00e7\u00e3o PSOL","@id":"https:\/\/psol50.org.br\/#\/schema\/person\/475dfa57d0b815993c714c2e96491fcd"},"headline":"Bancada Feminista do PSOL aciona MP contra governo de Tarc\u00edsio por sediar evento antiaborto","datePublished":"2025-04-07T17:55:16+00:00","dateModified":"2025-04-14T12:34:41+00:00","mainEntityOfPage":{"@id":"https:\/\/psol50.org.br\/bancada-feminista-do-psol-aciona-mp-contra-governo-de-tarcisio-por-sediar-evento-antiaborto\/"},"wordCount":394,"publisher":{"@id":"https:\/\/psol50.org.br\/#organization"},"image":{"@id":"https:\/\/psol50.org.br\/bancada-feminista-do-psol-aciona-mp-contra-governo-de-tarcisio-por-sediar-evento-antiaborto\/#primaryimage"},"thumbnailUrl":"https:\/\/psol50.org.br\/inc\/uploads\/2025\/02\/20230321-110413-id1635-GRD.jpg","keywords":["Not\u00edcias"],"articleSection":["A\u00e7\u00e3o Parlamentar"],"inLanguage":"pt-BR"},{"@type":"WebPage","@id":"https:\/\/psol50.org.br\/bancada-feminista-do-psol-aciona-mp-contra-governo-de-tarcisio-por-sediar-evento-antiaborto\/","url":"https:\/\/psol50.org.br\/bancada-feminista-do-psol-aciona-mp-contra-governo-de-tarcisio-por-sediar-evento-antiaborto\/","name":"Bancada Feminista do PSOL aciona MP contra governo de Tarc\u00edsio por sediar evento antiaborto","isPartOf":{"@id":"https:\/\/psol50.org.br\/#website"},"primaryImageOfPage":{"@id":"https:\/\/psol50.org.br\/bancada-feminista-do-psol-aciona-mp-contra-governo-de-tarcisio-por-sediar-evento-antiaborto\/#primaryimage"},"image":{"@id":"https:\/\/psol50.org.br\/bancada-feminista-do-psol-aciona-mp-contra-governo-de-tarcisio-por-sediar-evento-antiaborto\/#primaryimage"},"thumbnailUrl":"https:\/\/psol50.org.br\/inc\/uploads\/2025\/02\/20230321-110413-id1635-GRD.jpg","datePublished":"2025-04-07T17:55:16+00:00","dateModified":"2025-04-14T12:34:41+00:00","description":"Pr\u00e9dio p\u00fablico foi usado para receber evento contra o direito ao aborto, mesmo nos casos previstos em lei, como estupro, risco de vida da gestante e anencefalia.","breadcrumb":{"@id":"https:\/\/psol50.org.br\/bancada-feminista-do-psol-aciona-mp-contra-governo-de-tarcisio-por-sediar-evento-antiaborto\/#breadcrumb"},"inLanguage":"pt-BR","potentialAction":[{"@type":"ReadAction","target":["https:\/\/psol50.org.br\/bancada-feminista-do-psol-aciona-mp-contra-governo-de-tarcisio-por-sediar-evento-antiaborto\/"]}]},{"@type":"ImageObject","inLanguage":"pt-BR","@id":"https:\/\/psol50.org.br\/bancada-feminista-do-psol-aciona-mp-contra-governo-de-tarcisio-por-sediar-evento-antiaborto\/#primaryimage","url":"https:\/\/psol50.org.br\/inc\/uploads\/2025\/02\/20230321-110413-id1635-GRD.jpg","contentUrl":"https:\/\/psol50.org.br\/inc\/uploads\/2025\/02\/20230321-110413-id1635-GRD.jpg","width":2560,"height":1706,"caption":"Foto: Alesp"},{"@type":"BreadcrumbList","@id":"https:\/\/psol50.org.br\/bancada-feminista-do-psol-aciona-mp-contra-governo-de-tarcisio-por-sediar-evento-antiaborto\/#breadcrumb","itemListElement":[{"@type":"ListItem","position":1,"name":"In\u00edcio","item":"https:\/\/psol50.org.br\/"},{"@type":"ListItem","position":2,"name":"Bancada Feminista do PSOL aciona MP contra governo de Tarc\u00edsio por sediar evento antiaborto"}]},{"@type":"WebSite","@id":"https:\/\/psol50.org.br\/#website","url":"https:\/\/psol50.org.br\/","name":"PSOL 50","description":"Site oficial do Partido Socialismo e Liberdade","publisher":{"@id":"https:\/\/psol50.org.br\/#organization"},"alternateName":"PSOL50","potentialAction":[{"@type":"SearchAction","target":{"@type":"EntryPoint","urlTemplate":"https:\/\/psol50.org.br\/?s={search_term_string}"},"query-input":{"@type":"PropertyValueSpecification","valueRequired":true,"valueName":"search_term_string"}}],"inLanguage":"pt-BR"},{"@type":"Organization","@id":"https:\/\/psol50.org.br\/#organization","name":"PSOL 50","alternateName":"PSOL 50","url":"https:\/\/psol50.org.br\/","logo":{"@type":"ImageObject","inLanguage":"pt-BR","@id":"https:\/\/psol50.org.br\/#\/schema\/logo\/image\/","url":"https:\/\/psol50.org.br\/inc\/uploads\/2018\/07\/capa.png","contentUrl":"https:\/\/psol50.org.br\/inc\/uploads\/2018\/07\/capa.png","width":1350,"height":900,"caption":"PSOL 50"},"image":{"@id":"https:\/\/psol50.org.br\/#\/schema\/logo\/image\/"},"sameAs":["https:\/\/www.facebook.com\/psol50","https:\/\/x.com\/psol50","https:\/\/www.instagram.com\/psol50\/","https:\/\/www.youtube.com\/channel\/UC7SnJS5o1os7a6CaiNabzcg"]},{"@type":"Person","@id":"https:\/\/psol50.org.br\/#\/schema\/person\/475dfa57d0b815993c714c2e96491fcd","name":"Comunica\u00e7\u00e3o PSOL","image":{"@type":"ImageObject","inLanguage":"pt-BR","@id":"https:\/\/psol50.org.br\/#\/schema\/person\/image\/","url":"https:\/\/secure.gravatar.com\/avatar\/b34fc4f4e468a4e51785917065a3db57b841f5c95dba6ad8c73aaf8f66f8f9bf?s=96&d=mm&r=g","contentUrl":"https:\/\/secure.gravatar.com\/avatar\/b34fc4f4e468a4e51785917065a3db57b841f5c95dba6ad8c73aaf8f66f8f9bf?s=96&d=mm&r=g","caption":"Comunica\u00e7\u00e3o PSOL"}}]}},"_links":{"self":[{"href":"https:\/\/psol50.org.br\/rest\/wp\/v2\/posts\/40940","targetHints":{"allow":["GET"]}}],"collection":[{"href":"https:\/\/psol50.org.br\/rest\/wp\/v2\/posts"}],"about":[{"href":"https:\/\/psol50.org.br\/rest\/wp\/v2\/types\/post"}],"author":[{"embeddable":true,"href":"https:\/\/psol50.org.br\/rest\/wp\/v2\/users\/2"}],"replies":[{"embeddable":true,"href":"https:\/\/psol50.org.br\/rest\/wp\/v2\/comments?post=40940"}],"version-history":[{"count":3,"href":"https:\/\/psol50.org.br\/rest\/wp\/v2\/posts\/40940\/revisions"}],"predecessor-version":[{"id":40943,"href":"https:\/\/psol50.org.br\/rest\/wp\/v2\/posts\/40940\/revisions\/40943"}],"wp:featuredmedia":[{"embeddable":true,"href":"https:\/\/psol50.org.br\/rest\/wp\/v2\/media\/40785"}],"wp:attachment":[{"href":"https:\/\/psol50.org.br\/rest\/wp\/v2\/media?parent=40940"}],"wp:term":[{"taxonomy":"category","embeddable":true,"href":"https:\/\/psol50.org.br\/rest\/wp\/v2\/categories?post=40940"},{"taxonomy":"post_tag","embeddable":true,"href":"https:\/\/psol50.org.br\/rest\/wp\/v2\/tags?post=40940"}],"curies":[{"name":"wp","href":"https:\/\/api.w.org\/{rel}","templated":true}]}}