{"id":40968,"date":"2025-04-15T14:31:38","date_gmt":"2025-04-15T17:31:38","guid":{"rendered":"https:\/\/psol50.org.br\/?p=40968"},"modified":"2025-04-23T15:20:45","modified_gmt":"2025-04-23T18:20:45","slug":"nota-do-psol-sobre-os-abusos-ocorridos-nas-eleicoes-do-equador","status":"publish","type":"post","link":"https:\/\/psol50.org.br\/nota-do-psol-sobre-os-abusos-ocorridos-nas-eleicoes-do-equador\/","title":{"rendered":"Nota do PSOL sobre os abusos ocorridos nas elei\u00e7\u00f5es do Equador"},"content":{"rendered":"<p>O PSOL v\u00ea com grande preocupa\u00e7\u00e3o as irregularidades ocorridas ao longo de todo o processo eleitoral para a Presid\u00eancia do Equador, que teve seu segundo turno no \u00faltimo domingo, 13 de abril.<\/p>\n<p>Al\u00e9m de um an\u00fancio pouco transparente dos resultados por parte do Conselho Nacional Eleitoral, cabe lembrar que o ent\u00e3o presidente, Daniel Noboa, n\u00e3o se licenciou do cargo para ser candidato, descumprindo uma exig\u00eancia constitucional do pa\u00eds. Justamente essa condi\u00e7\u00e3o de presidente-candidato lhe permitiu usar o aparato do Estado como m\u00e1quina eleitoral expl\u00edcita, anunciando medidas sociais durante as elei\u00e7\u00f5es em um montante equivalente a cerca de 560 milh\u00f5es de d\u00f3lares. Os investimentos nas redes sociais e p\u00e1ginas web institucionais, segundo not\u00edcias da imprensa, podem ter chegado aos 100 mil d\u00f3lares semanais para promover Noboa durante o processo.<\/p>\n<p>Para piorar, um dia antes da vota\u00e7\u00e3o do segundo turno, Noboa deflagrou um estado de exce\u00e7\u00e3o em Quito e mais sete cidades &#8211; todos locais em que Lu\u00edsa Gonz\u00e1lez, candidata da oposi\u00e7\u00e3o, obteve seus melhores resultados proporcionais no primeiro turno. Outro tema lament\u00e1vel foi a atua\u00e7\u00e3o do Conselho Nacional Eleitoral, presidido por Diana Atamaint, cujo irm\u00e3o, Vinicio Kar, foi nomeado por Noboa como c\u00f4nsul em Queens, Nova York, em janeiro. V\u00e1rias regras eleitorais mudaram j\u00e1 em plena campanha, inclusive a autoriza\u00e7\u00e3o de mudan\u00e7as de local de vota\u00e7\u00e3o na v\u00e9spera.<\/p>\n<p>Por essas raz\u00f5es, Luisa Gonz\u00e1lez e a Revolu\u00e7\u00e3o Cidad\u00e3 declararam publicamente que n\u00e3o reconhecem o resultado das elei\u00e7\u00f5es e pediram uma recontagem nacional voto a voto. Logo ap\u00f3s o an\u00fancio da candidata, as for\u00e7as armadas do pa\u00eds realizaram uma coletiva de imprensa anunciando que est\u00e3o prontas para evitar \u201cqualquer perturba\u00e7\u00e3o na ordem p\u00fablica\u201d.<\/p>\n<p>O PSOL se soma \u00e0s vozes na comunidade internacional que est\u00e3o preocupadas em defender a democracia no Equador e na Am\u00e9rica Latina e, por isso, apoiamos os pedidos de Luisa Gonz\u00e1lez. N\u00e3o queremos que os abusos cometidos por Daniel Noboa se tornem um precedente em nosso continente.<\/p>\n<p><em><strong>Executiva Nacional do PSOL<\/strong><\/em><br \/>\n<em><strong>15 de abril de 2025<\/strong><\/em><\/p>\n","protected":false},"excerpt":{"rendered":"<p>O PSOL v\u00ea com grande preocupa\u00e7\u00e3o as irregularidades ocorridas ao longo de todo o processo eleitoral para a Presid\u00eancia do Equador, que teve seu segundo turno no \u00faltimo domingo, 13 de abril. Al\u00e9m de um an\u00fancio pouco transparente dos resultados por parte do Conselho Nacional Eleitoral, cabe lembrar que o ent\u00e3o presidente, Daniel Noboa, n\u00e3o [&hellip;]<\/p>\n","protected":false},"author":2,"featured_media":40971,"comment_status":"closed","ping_status":"open","sticky":false,"template":"","format":"standard","meta":{"_acf_changed":false,"footnotes":""},"categories":[836,14],"tags":[4825],"class_list":{"0":"post-40968","1":"post","2":"type-post","3":"status-publish","4":"format-standard","5":"has-post-thumbnail","7":"category-internacional","8":"category-partido","9":"tag-noticias"},"acf":[],"yoast_head":"<!-- This site is optimized with the Yoast SEO plugin v26.5 - https:\/\/yoast.com\/wordpress\/plugins\/seo\/ -->\n<title>Nota do PSOL sobre os abusos ocorridos nas elei\u00e7\u00f5es do Equador<\/title>\n<meta name=\"description\" content=\"O PSOL v\u00ea com grande preocupa\u00e7\u00e3o as irregularidades ocorridas ao longo de todo o processo eleitoral para a Presid\u00eancia do Equador, que teve seu segundo turno no \u00faltimo domingo (13).\" \/>\n<meta name=\"robots\" content=\"index, follow, max-snippet:-1, max-image-preview:large, max-video-preview:-1\" \/>\n<link rel=\"canonical\" href=\"https:\/\/psol50.org.br\/nota-do-psol-sobre-os-abusos-ocorridos-nas-eleicoes-do-equador\/\" \/>\n<meta property=\"og:locale\" content=\"pt_BR\" \/>\n<meta property=\"og:type\" content=\"article\" \/>\n<meta property=\"og:title\" content=\"Nota do PSOL sobre os abusos ocorridos nas elei\u00e7\u00f5es do Equador\" \/>\n<meta property=\"og:description\" content=\"O PSOL v\u00ea com grande preocupa\u00e7\u00e3o as irregularidades ocorridas ao longo de todo o processo eleitoral para a Presid\u00eancia do Equador, que teve seu segundo turno no \u00faltimo domingo (13).\" \/>\n<meta property=\"og:url\" content=\"https:\/\/psol50.org.br\/nota-do-psol-sobre-os-abusos-ocorridos-nas-eleicoes-do-equador\/\" \/>\n<meta property=\"og:site_name\" content=\"PSOL 50\" \/>\n<meta property=\"article:publisher\" content=\"https:\/\/www.facebook.com\/psol50\" \/>\n<meta property=\"article:published_time\" content=\"2025-04-15T17:31:38+00:00\" \/>\n<meta property=\"article:modified_time\" content=\"2025-04-23T18:20:45+00:00\" \/>\n<meta property=\"og:image\" content=\"https:\/\/psol50.org.br\/inc\/uploads\/2025\/04\/4a5b1d9b-6e33-4fc8-8638-5868035ac34a.jpg\" \/>\n\t<meta property=\"og:image:width\" content=\"2048\" \/>\n\t<meta property=\"og:image:height\" content=\"1150\" \/>\n\t<meta property=\"og:image:type\" content=\"image\/jpeg\" \/>\n<meta name=\"author\" content=\"Comunica\u00e7\u00e3o PSOL\" \/>\n<meta name=\"twitter:card\" content=\"summary_large_image\" \/>\n<meta name=\"twitter:creator\" content=\"@psol50\" \/>\n<meta name=\"twitter:site\" content=\"@psol50\" \/>\n<meta name=\"twitter:label1\" content=\"Escrito por\" \/>\n\t<meta name=\"twitter:data1\" content=\"Comunica\u00e7\u00e3o PSOL\" \/>\n\t<meta name=\"twitter:label2\" content=\"Est. tempo de leitura\" \/>\n\t<meta name=\"twitter:data2\" content=\"2 minutos\" \/>\n<script type=\"application\/ld+json\" class=\"yoast-schema-graph\">{\"@context\":\"https:\/\/schema.org\",\"@graph\":[{\"@type\":\"Article\",\"@id\":\"https:\/\/psol50.org.br\/nota-do-psol-sobre-os-abusos-ocorridos-nas-eleicoes-do-equador\/#article\",\"isPartOf\":{\"@id\":\"https:\/\/psol50.org.br\/nota-do-psol-sobre-os-abusos-ocorridos-nas-eleicoes-do-equador\/\"},\"author\":{\"name\":\"Comunica\u00e7\u00e3o PSOL\",\"@id\":\"https:\/\/psol50.org.br\/#\/schema\/person\/475dfa57d0b815993c714c2e96491fcd\"},\"headline\":\"Nota do PSOL sobre os abusos ocorridos nas elei\u00e7\u00f5es do Equador\",\"datePublished\":\"2025-04-15T17:31:38+00:00\",\"dateModified\":\"2025-04-23T18:20:45+00:00\",\"mainEntityOfPage\":{\"@id\":\"https:\/\/psol50.org.br\/nota-do-psol-sobre-os-abusos-ocorridos-nas-eleicoes-do-equador\/\"},\"wordCount\":380,\"publisher\":{\"@id\":\"https:\/\/psol50.org.br\/#organization\"},\"image\":{\"@id\":\"https:\/\/psol50.org.br\/nota-do-psol-sobre-os-abusos-ocorridos-nas-eleicoes-do-equador\/#primaryimage\"},\"thumbnailUrl\":\"https:\/\/psol50.org.br\/inc\/uploads\/2025\/04\/4a5b1d9b-6e33-4fc8-8638-5868035ac34a.jpg\",\"keywords\":[\"Not\u00edcias\"],\"articleSection\":[\"Internacional\",\"Partido\"],\"inLanguage\":\"pt-BR\"},{\"@type\":\"WebPage\",\"@id\":\"https:\/\/psol50.org.br\/nota-do-psol-sobre-os-abusos-ocorridos-nas-eleicoes-do-equador\/\",\"url\":\"https:\/\/psol50.org.br\/nota-do-psol-sobre-os-abusos-ocorridos-nas-eleicoes-do-equador\/\",\"name\":\"Nota do PSOL sobre os abusos ocorridos nas elei\u00e7\u00f5es do Equador\",\"isPartOf\":{\"@id\":\"https:\/\/psol50.org.br\/#website\"},\"primaryImageOfPage\":{\"@id\":\"https:\/\/psol50.org.br\/nota-do-psol-sobre-os-abusos-ocorridos-nas-eleicoes-do-equador\/#primaryimage\"},\"image\":{\"@id\":\"https:\/\/psol50.org.br\/nota-do-psol-sobre-os-abusos-ocorridos-nas-eleicoes-do-equador\/#primaryimage\"},\"thumbnailUrl\":\"https:\/\/psol50.org.br\/inc\/uploads\/2025\/04\/4a5b1d9b-6e33-4fc8-8638-5868035ac34a.jpg\",\"datePublished\":\"2025-04-15T17:31:38+00:00\",\"dateModified\":\"2025-04-23T18:20:45+00:00\",\"description\":\"O PSOL v\u00ea com grande preocupa\u00e7\u00e3o as irregularidades ocorridas ao longo de todo o processo eleitoral para a Presid\u00eancia do Equador, que teve seu segundo turno no \u00faltimo domingo (13).\",\"breadcrumb\":{\"@id\":\"https:\/\/psol50.org.br\/nota-do-psol-sobre-os-abusos-ocorridos-nas-eleicoes-do-equador\/#breadcrumb\"},\"inLanguage\":\"pt-BR\",\"potentialAction\":[{\"@type\":\"ReadAction\",\"target\":[\"https:\/\/psol50.org.br\/nota-do-psol-sobre-os-abusos-ocorridos-nas-eleicoes-do-equador\/\"]}]},{\"@type\":\"ImageObject\",\"inLanguage\":\"pt-BR\",\"@id\":\"https:\/\/psol50.org.br\/nota-do-psol-sobre-os-abusos-ocorridos-nas-eleicoes-do-equador\/#primaryimage\",\"url\":\"https:\/\/psol50.org.br\/inc\/uploads\/2025\/04\/4a5b1d9b-6e33-4fc8-8638-5868035ac34a.jpg\",\"contentUrl\":\"https:\/\/psol50.org.br\/inc\/uploads\/2025\/04\/4a5b1d9b-6e33-4fc8-8638-5868035ac34a.jpg\",\"width\":2048,\"height\":1150,\"caption\":\"Foto: Jonathan Miranda\/Presid\u00eancia da Rep\u00fablica\"},{\"@type\":\"BreadcrumbList\",\"@id\":\"https:\/\/psol50.org.br\/nota-do-psol-sobre-os-abusos-ocorridos-nas-eleicoes-do-equador\/#breadcrumb\",\"itemListElement\":[{\"@type\":\"ListItem\",\"position\":1,\"name\":\"In\u00edcio\",\"item\":\"https:\/\/psol50.org.br\/\"},{\"@type\":\"ListItem\",\"position\":2,\"name\":\"Nota do PSOL sobre os abusos ocorridos nas elei\u00e7\u00f5es do Equador\"}]},{\"@type\":\"WebSite\",\"@id\":\"https:\/\/psol50.org.br\/#website\",\"url\":\"https:\/\/psol50.org.br\/\",\"name\":\"PSOL 50\",\"description\":\"Site oficial do Partido Socialismo e Liberdade\",\"publisher\":{\"@id\":\"https:\/\/psol50.org.br\/#organization\"},\"alternateName\":\"PSOL50\",\"potentialAction\":[{\"@type\":\"SearchAction\",\"target\":{\"@type\":\"EntryPoint\",\"urlTemplate\":\"https:\/\/psol50.org.br\/?s={search_term_string}\"},\"query-input\":{\"@type\":\"PropertyValueSpecification\",\"valueRequired\":true,\"valueName\":\"search_term_string\"}}],\"inLanguage\":\"pt-BR\"},{\"@type\":\"Organization\",\"@id\":\"https:\/\/psol50.org.br\/#organization\",\"name\":\"PSOL 50\",\"alternateName\":\"PSOL 50\",\"url\":\"https:\/\/psol50.org.br\/\",\"logo\":{\"@type\":\"ImageObject\",\"inLanguage\":\"pt-BR\",\"@id\":\"https:\/\/psol50.org.br\/#\/schema\/logo\/image\/\",\"url\":\"https:\/\/psol50.org.br\/inc\/uploads\/2018\/07\/capa.png\",\"contentUrl\":\"https:\/\/psol50.org.br\/inc\/uploads\/2018\/07\/capa.png\",\"width\":1350,\"height\":900,\"caption\":\"PSOL 50\"},\"image\":{\"@id\":\"https:\/\/psol50.org.br\/#\/schema\/logo\/image\/\"},\"sameAs\":[\"https:\/\/www.facebook.com\/psol50\",\"https:\/\/x.com\/psol50\",\"https:\/\/www.instagram.com\/psol50\/\",\"https:\/\/www.youtube.com\/channel\/UC7SnJS5o1os7a6CaiNabzcg\"]},{\"@type\":\"Person\",\"@id\":\"https:\/\/psol50.org.br\/#\/schema\/person\/475dfa57d0b815993c714c2e96491fcd\",\"name\":\"Comunica\u00e7\u00e3o PSOL\",\"image\":{\"@type\":\"ImageObject\",\"inLanguage\":\"pt-BR\",\"@id\":\"https:\/\/psol50.org.br\/#\/schema\/person\/image\/\",\"url\":\"https:\/\/secure.gravatar.com\/avatar\/b34fc4f4e468a4e51785917065a3db57b841f5c95dba6ad8c73aaf8f66f8f9bf?s=96&d=mm&r=g\",\"contentUrl\":\"https:\/\/secure.gravatar.com\/avatar\/b34fc4f4e468a4e51785917065a3db57b841f5c95dba6ad8c73aaf8f66f8f9bf?s=96&d=mm&r=g\",\"caption\":\"Comunica\u00e7\u00e3o PSOL\"}}]}<\/script>\n<!-- \/ Yoast SEO plugin. -->","yoast_head_json":{"title":"Nota do PSOL sobre os abusos ocorridos nas elei\u00e7\u00f5es do Equador","description":"O PSOL v\u00ea com grande preocupa\u00e7\u00e3o as irregularidades ocorridas ao longo de todo o processo eleitoral para a Presid\u00eancia do Equador, que teve seu segundo turno no \u00faltimo domingo (13).","robots":{"index":"index","follow":"follow","max-snippet":"max-snippet:-1","max-image-preview":"max-image-preview:large","max-video-preview":"max-video-preview:-1"},"canonical":"https:\/\/psol50.org.br\/nota-do-psol-sobre-os-abusos-ocorridos-nas-eleicoes-do-equador\/","og_locale":"pt_BR","og_type":"article","og_title":"Nota do PSOL sobre os abusos ocorridos nas elei\u00e7\u00f5es do Equador","og_description":"O PSOL v\u00ea com grande preocupa\u00e7\u00e3o as irregularidades ocorridas ao longo de todo o processo eleitoral para a Presid\u00eancia do Equador, que teve seu segundo turno no \u00faltimo domingo (13).","og_url":"https:\/\/psol50.org.br\/nota-do-psol-sobre-os-abusos-ocorridos-nas-eleicoes-do-equador\/","og_site_name":"PSOL 50","article_publisher":"https:\/\/www.facebook.com\/psol50","article_published_time":"2025-04-15T17:31:38+00:00","article_modified_time":"2025-04-23T18:20:45+00:00","og_image":[{"width":2048,"height":1150,"url":"https:\/\/psol50.org.br\/inc\/uploads\/2025\/04\/4a5b1d9b-6e33-4fc8-8638-5868035ac34a.jpg","type":"image\/jpeg"}],"author":"Comunica\u00e7\u00e3o PSOL","twitter_card":"summary_large_image","twitter_creator":"@psol50","twitter_site":"@psol50","twitter_misc":{"Escrito por":"Comunica\u00e7\u00e3o PSOL","Est. tempo de leitura":"2 minutos"},"schema":{"@context":"https:\/\/schema.org","@graph":[{"@type":"Article","@id":"https:\/\/psol50.org.br\/nota-do-psol-sobre-os-abusos-ocorridos-nas-eleicoes-do-equador\/#article","isPartOf":{"@id":"https:\/\/psol50.org.br\/nota-do-psol-sobre-os-abusos-ocorridos-nas-eleicoes-do-equador\/"},"author":{"name":"Comunica\u00e7\u00e3o PSOL","@id":"https:\/\/psol50.org.br\/#\/schema\/person\/475dfa57d0b815993c714c2e96491fcd"},"headline":"Nota do PSOL sobre os abusos ocorridos nas elei\u00e7\u00f5es do Equador","datePublished":"2025-04-15T17:31:38+00:00","dateModified":"2025-04-23T18:20:45+00:00","mainEntityOfPage":{"@id":"https:\/\/psol50.org.br\/nota-do-psol-sobre-os-abusos-ocorridos-nas-eleicoes-do-equador\/"},"wordCount":380,"publisher":{"@id":"https:\/\/psol50.org.br\/#organization"},"image":{"@id":"https:\/\/psol50.org.br\/nota-do-psol-sobre-os-abusos-ocorridos-nas-eleicoes-do-equador\/#primaryimage"},"thumbnailUrl":"https:\/\/psol50.org.br\/inc\/uploads\/2025\/04\/4a5b1d9b-6e33-4fc8-8638-5868035ac34a.jpg","keywords":["Not\u00edcias"],"articleSection":["Internacional","Partido"],"inLanguage":"pt-BR"},{"@type":"WebPage","@id":"https:\/\/psol50.org.br\/nota-do-psol-sobre-os-abusos-ocorridos-nas-eleicoes-do-equador\/","url":"https:\/\/psol50.org.br\/nota-do-psol-sobre-os-abusos-ocorridos-nas-eleicoes-do-equador\/","name":"Nota do PSOL sobre os abusos ocorridos nas elei\u00e7\u00f5es do Equador","isPartOf":{"@id":"https:\/\/psol50.org.br\/#website"},"primaryImageOfPage":{"@id":"https:\/\/psol50.org.br\/nota-do-psol-sobre-os-abusos-ocorridos-nas-eleicoes-do-equador\/#primaryimage"},"image":{"@id":"https:\/\/psol50.org.br\/nota-do-psol-sobre-os-abusos-ocorridos-nas-eleicoes-do-equador\/#primaryimage"},"thumbnailUrl":"https:\/\/psol50.org.br\/inc\/uploads\/2025\/04\/4a5b1d9b-6e33-4fc8-8638-5868035ac34a.jpg","datePublished":"2025-04-15T17:31:38+00:00","dateModified":"2025-04-23T18:20:45+00:00","description":"O PSOL v\u00ea com grande preocupa\u00e7\u00e3o as irregularidades ocorridas ao longo de todo o processo eleitoral para a Presid\u00eancia do Equador, que teve seu segundo turno no \u00faltimo domingo (13).","breadcrumb":{"@id":"https:\/\/psol50.org.br\/nota-do-psol-sobre-os-abusos-ocorridos-nas-eleicoes-do-equador\/#breadcrumb"},"inLanguage":"pt-BR","potentialAction":[{"@type":"ReadAction","target":["https:\/\/psol50.org.br\/nota-do-psol-sobre-os-abusos-ocorridos-nas-eleicoes-do-equador\/"]}]},{"@type":"ImageObject","inLanguage":"pt-BR","@id":"https:\/\/psol50.org.br\/nota-do-psol-sobre-os-abusos-ocorridos-nas-eleicoes-do-equador\/#primaryimage","url":"https:\/\/psol50.org.br\/inc\/uploads\/2025\/04\/4a5b1d9b-6e33-4fc8-8638-5868035ac34a.jpg","contentUrl":"https:\/\/psol50.org.br\/inc\/uploads\/2025\/04\/4a5b1d9b-6e33-4fc8-8638-5868035ac34a.jpg","width":2048,"height":1150,"caption":"Foto: Jonathan Miranda\/Presid\u00eancia da Rep\u00fablica"},{"@type":"BreadcrumbList","@id":"https:\/\/psol50.org.br\/nota-do-psol-sobre-os-abusos-ocorridos-nas-eleicoes-do-equador\/#breadcrumb","itemListElement":[{"@type":"ListItem","position":1,"name":"In\u00edcio","item":"https:\/\/psol50.org.br\/"},{"@type":"ListItem","position":2,"name":"Nota do PSOL sobre os abusos ocorridos nas elei\u00e7\u00f5es do Equador"}]},{"@type":"WebSite","@id":"https:\/\/psol50.org.br\/#website","url":"https:\/\/psol50.org.br\/","name":"PSOL 50","description":"Site oficial do Partido Socialismo e Liberdade","publisher":{"@id":"https:\/\/psol50.org.br\/#organization"},"alternateName":"PSOL50","potentialAction":[{"@type":"SearchAction","target":{"@type":"EntryPoint","urlTemplate":"https:\/\/psol50.org.br\/?s={search_term_string}"},"query-input":{"@type":"PropertyValueSpecification","valueRequired":true,"valueName":"search_term_string"}}],"inLanguage":"pt-BR"},{"@type":"Organization","@id":"https:\/\/psol50.org.br\/#organization","name":"PSOL 50","alternateName":"PSOL 50","url":"https:\/\/psol50.org.br\/","logo":{"@type":"ImageObject","inLanguage":"pt-BR","@id":"https:\/\/psol50.org.br\/#\/schema\/logo\/image\/","url":"https:\/\/psol50.org.br\/inc\/uploads\/2018\/07\/capa.png","contentUrl":"https:\/\/psol50.org.br\/inc\/uploads\/2018\/07\/capa.png","width":1350,"height":900,"caption":"PSOL 50"},"image":{"@id":"https:\/\/psol50.org.br\/#\/schema\/logo\/image\/"},"sameAs":["https:\/\/www.facebook.com\/psol50","https:\/\/x.com\/psol50","https:\/\/www.instagram.com\/psol50\/","https:\/\/www.youtube.com\/channel\/UC7SnJS5o1os7a6CaiNabzcg"]},{"@type":"Person","@id":"https:\/\/psol50.org.br\/#\/schema\/person\/475dfa57d0b815993c714c2e96491fcd","name":"Comunica\u00e7\u00e3o PSOL","image":{"@type":"ImageObject","inLanguage":"pt-BR","@id":"https:\/\/psol50.org.br\/#\/schema\/person\/image\/","url":"https:\/\/secure.gravatar.com\/avatar\/b34fc4f4e468a4e51785917065a3db57b841f5c95dba6ad8c73aaf8f66f8f9bf?s=96&d=mm&r=g","contentUrl":"https:\/\/secure.gravatar.com\/avatar\/b34fc4f4e468a4e51785917065a3db57b841f5c95dba6ad8c73aaf8f66f8f9bf?s=96&d=mm&r=g","caption":"Comunica\u00e7\u00e3o PSOL"}}]}},"_links":{"self":[{"href":"https:\/\/psol50.org.br\/rest\/wp\/v2\/posts\/40968","targetHints":{"allow":["GET"]}}],"collection":[{"href":"https:\/\/psol50.org.br\/rest\/wp\/v2\/posts"}],"about":[{"href":"https:\/\/psol50.org.br\/rest\/wp\/v2\/types\/post"}],"author":[{"embeddable":true,"href":"https:\/\/psol50.org.br\/rest\/wp\/v2\/users\/2"}],"replies":[{"embeddable":true,"href":"https:\/\/psol50.org.br\/rest\/wp\/v2\/comments?post=40968"}],"version-history":[{"count":2,"href":"https:\/\/psol50.org.br\/rest\/wp\/v2\/posts\/40968\/revisions"}],"predecessor-version":[{"id":40970,"href":"https:\/\/psol50.org.br\/rest\/wp\/v2\/posts\/40968\/revisions\/40970"}],"wp:featuredmedia":[{"embeddable":true,"href":"https:\/\/psol50.org.br\/rest\/wp\/v2\/media\/40971"}],"wp:attachment":[{"href":"https:\/\/psol50.org.br\/rest\/wp\/v2\/media?parent=40968"}],"wp:term":[{"taxonomy":"category","embeddable":true,"href":"https:\/\/psol50.org.br\/rest\/wp\/v2\/categories?post=40968"},{"taxonomy":"post_tag","embeddable":true,"href":"https:\/\/psol50.org.br\/rest\/wp\/v2\/tags?post=40968"}],"curies":[{"name":"wp","href":"https:\/\/api.w.org\/{rel}","templated":true}]}}