{"id":40989,"date":"2025-04-23T13:06:57","date_gmt":"2025-04-23T16:06:57","guid":{"rendered":"https:\/\/psol50.org.br\/?p=40989"},"modified":"2025-05-12T14:56:00","modified_gmt":"2025-05-12T17:56:00","slug":"glauber-braga-psol-apresenta-recurso-na-ccj-da-camara-contra-tentativa-de-cassacao-do-seu-mandato","status":"publish","type":"post","link":"https:\/\/psol50.org.br\/glauber-braga-psol-apresenta-recurso-na-ccj-da-camara-contra-tentativa-de-cassacao-do-seu-mandato\/","title":{"rendered":"Glauber Braga apresenta recurso na CCJ da C\u00e2mara contra tentativa de cassar seu mandato"},"content":{"rendered":"<p>O deputado federal Glauber Braga (PSOL) apresentou nesta ter\u00e7a-feira (22) um recurso \u00e0 Comiss\u00e3o de Constitui\u00e7\u00e3o e Justi\u00e7a (CCJ) da C\u00e2mara dos Deputados para interromper o processo de cassa\u00e7\u00e3o de seu mandato, que foi aceito no come\u00e7o do m\u00eas pelo Conselho de \u00c9tica da Casa.<\/p>\n<p>O pedido aponta \u201cinexist\u00eancia de justa causa\u201d e \u201cdesproporcionalidade ou n\u00e3o razoabilidade da pena de cassa\u00e7\u00e3o de mandato\u201d para requisitar que o processo seja revisto.<\/p>\n<p>Glauber alertou na coletiva de imprensa, que concedeu quando protocolou o recurso na CCJ, haver inconstitucionalidades e desproporcionalidade no procedimento at\u00e9 aqui e que ele foi &#8220;escolhido como inimigo pelas for\u00e7as mais escusas da pol\u00edtica nacional e pela extrema-direita&#8221;.<\/p>\n<p>O parlamentar do PSOL permaneceu em greve de fome por 9 dias, at\u00e9 a \u00faltima quinta-feira (17), em protesto contra a persegui\u00e7\u00e3o pol\u00edtica que representa essa tentativa de cassar seu mandato. Com o compromisso do Presidente da C\u00e2mara, Hugo Motta, de n\u00e3o pautar a cassa\u00e7\u00e3o no plen\u00e1rio neste primeiro semestre para que Glauber tenha tempo para se defender, o deputado do PSOL interrompeu a greve em decis\u00e3o conjunta com seus apoiadores.<\/p>\n","protected":false},"excerpt":{"rendered":"<p>O deputado federal Glauber Braga (PSOL) apresentou nesta ter\u00e7a-feira (22) um recurso \u00e0 Comiss\u00e3o de Constitui\u00e7\u00e3o e Justi\u00e7a (CCJ) da C\u00e2mara dos Deputados para interromper o processo de cassa\u00e7\u00e3o de seu mandato, que foi aceito no come\u00e7o do m\u00eas pelo Conselho de \u00c9tica da Casa. O pedido aponta \u201cinexist\u00eancia de justa causa\u201d e \u201cdesproporcionalidade ou [&hellip;]<\/p>\n","protected":false},"author":2,"featured_media":40992,"comment_status":"closed","ping_status":"open","sticky":false,"template":"","format":"standard","meta":{"_acf_changed":false,"footnotes":""},"categories":[10],"tags":[4825],"class_list":{"0":"post-40989","1":"post","2":"type-post","3":"status-publish","4":"format-standard","5":"has-post-thumbnail","7":"category-acao-parlamentares","8":"tag-noticias"},"acf":[],"yoast_head":"<!-- This site is optimized with the Yoast SEO plugin v26.5 - https:\/\/yoast.com\/wordpress\/plugins\/seo\/ -->\n<title>Glauber Braga apresenta recurso na CCJ da C\u00e2mara contra tentativa de cassar seu mandato<\/title>\n<meta name=\"description\" content=\"O pedido aponta \u201cinexist\u00eancia de justa causa\u201d e \u201cdesproporcionalidade ou n\u00e3o razoabilidade da pena de cassa\u00e7\u00e3o de mandato\u201d para requisitar que o processo seja revisto.\" \/>\n<meta name=\"robots\" content=\"index, follow, max-snippet:-1, max-image-preview:large, max-video-preview:-1\" \/>\n<link rel=\"canonical\" href=\"https:\/\/psol50.org.br\/glauber-braga-psol-apresenta-recurso-na-ccj-da-camara-contra-tentativa-de-cassacao-do-seu-mandato\/\" \/>\n<meta property=\"og:locale\" content=\"pt_BR\" \/>\n<meta property=\"og:type\" content=\"article\" \/>\n<meta property=\"og:title\" content=\"Glauber Braga apresenta recurso na CCJ da C\u00e2mara contra tentativa de cassar seu mandato\" \/>\n<meta property=\"og:description\" content=\"O pedido aponta \u201cinexist\u00eancia de justa causa\u201d e \u201cdesproporcionalidade ou n\u00e3o razoabilidade da pena de cassa\u00e7\u00e3o de mandato\u201d para requisitar que o processo seja revisto.\" \/>\n<meta property=\"og:url\" content=\"https:\/\/psol50.org.br\/glauber-braga-psol-apresenta-recurso-na-ccj-da-camara-contra-tentativa-de-cassacao-do-seu-mandato\/\" \/>\n<meta property=\"og:site_name\" content=\"PSOL 50\" \/>\n<meta property=\"article:publisher\" content=\"https:\/\/www.facebook.com\/psol50\" \/>\n<meta property=\"article:published_time\" content=\"2025-04-23T16:06:57+00:00\" \/>\n<meta property=\"article:modified_time\" content=\"2025-05-12T17:56:00+00:00\" \/>\n<meta property=\"og:image\" content=\"https:\/\/psol50.org.br\/inc\/uploads\/2025\/04\/WhatsApp-Image-2025-04-22-at-18.49.50.jpeg\" \/>\n\t<meta property=\"og:image:width\" content=\"1600\" \/>\n\t<meta property=\"og:image:height\" content=\"1066\" \/>\n\t<meta property=\"og:image:type\" content=\"image\/jpeg\" \/>\n<meta name=\"author\" content=\"Comunica\u00e7\u00e3o PSOL\" \/>\n<meta name=\"twitter:card\" content=\"summary_large_image\" \/>\n<meta name=\"twitter:creator\" content=\"@psol50\" \/>\n<meta name=\"twitter:site\" content=\"@psol50\" \/>\n<meta name=\"twitter:label1\" content=\"Escrito por\" \/>\n\t<meta name=\"twitter:data1\" content=\"Comunica\u00e7\u00e3o PSOL\" \/>\n\t<meta name=\"twitter:label2\" content=\"Est. tempo de leitura\" \/>\n\t<meta name=\"twitter:data2\" content=\"1 minuto\" \/>\n<script type=\"application\/ld+json\" class=\"yoast-schema-graph\">{\"@context\":\"https:\/\/schema.org\",\"@graph\":[{\"@type\":\"Article\",\"@id\":\"https:\/\/psol50.org.br\/glauber-braga-psol-apresenta-recurso-na-ccj-da-camara-contra-tentativa-de-cassacao-do-seu-mandato\/#article\",\"isPartOf\":{\"@id\":\"https:\/\/psol50.org.br\/glauber-braga-psol-apresenta-recurso-na-ccj-da-camara-contra-tentativa-de-cassacao-do-seu-mandato\/\"},\"author\":{\"name\":\"Comunica\u00e7\u00e3o PSOL\",\"@id\":\"https:\/\/psol50.org.br\/#\/schema\/person\/475dfa57d0b815993c714c2e96491fcd\"},\"headline\":\"Glauber Braga apresenta recurso na CCJ da C\u00e2mara contra tentativa de cassar seu mandato\",\"datePublished\":\"2025-04-23T16:06:57+00:00\",\"dateModified\":\"2025-05-12T17:56:00+00:00\",\"mainEntityOfPage\":{\"@id\":\"https:\/\/psol50.org.br\/glauber-braga-psol-apresenta-recurso-na-ccj-da-camara-contra-tentativa-de-cassacao-do-seu-mandato\/\"},\"wordCount\":211,\"publisher\":{\"@id\":\"https:\/\/psol50.org.br\/#organization\"},\"image\":{\"@id\":\"https:\/\/psol50.org.br\/glauber-braga-psol-apresenta-recurso-na-ccj-da-camara-contra-tentativa-de-cassacao-do-seu-mandato\/#primaryimage\"},\"thumbnailUrl\":\"https:\/\/psol50.org.br\/inc\/uploads\/2025\/04\/WhatsApp-Image-2025-04-22-at-18.49.50.jpeg\",\"keywords\":[\"Not\u00edcias\"],\"articleSection\":[\"A\u00e7\u00e3o Parlamentar\"],\"inLanguage\":\"pt-BR\"},{\"@type\":\"WebPage\",\"@id\":\"https:\/\/psol50.org.br\/glauber-braga-psol-apresenta-recurso-na-ccj-da-camara-contra-tentativa-de-cassacao-do-seu-mandato\/\",\"url\":\"https:\/\/psol50.org.br\/glauber-braga-psol-apresenta-recurso-na-ccj-da-camara-contra-tentativa-de-cassacao-do-seu-mandato\/\",\"name\":\"Glauber Braga apresenta recurso na CCJ da C\u00e2mara contra tentativa de cassar seu mandato\",\"isPartOf\":{\"@id\":\"https:\/\/psol50.org.br\/#website\"},\"primaryImageOfPage\":{\"@id\":\"https:\/\/psol50.org.br\/glauber-braga-psol-apresenta-recurso-na-ccj-da-camara-contra-tentativa-de-cassacao-do-seu-mandato\/#primaryimage\"},\"image\":{\"@id\":\"https:\/\/psol50.org.br\/glauber-braga-psol-apresenta-recurso-na-ccj-da-camara-contra-tentativa-de-cassacao-do-seu-mandato\/#primaryimage\"},\"thumbnailUrl\":\"https:\/\/psol50.org.br\/inc\/uploads\/2025\/04\/WhatsApp-Image-2025-04-22-at-18.49.50.jpeg\",\"datePublished\":\"2025-04-23T16:06:57+00:00\",\"dateModified\":\"2025-05-12T17:56:00+00:00\",\"description\":\"O pedido aponta \u201cinexist\u00eancia de justa causa\u201d e \u201cdesproporcionalidade ou n\u00e3o razoabilidade da pena de cassa\u00e7\u00e3o de mandato\u201d para requisitar que o processo seja revisto.\",\"breadcrumb\":{\"@id\":\"https:\/\/psol50.org.br\/glauber-braga-psol-apresenta-recurso-na-ccj-da-camara-contra-tentativa-de-cassacao-do-seu-mandato\/#breadcrumb\"},\"inLanguage\":\"pt-BR\",\"potentialAction\":[{\"@type\":\"ReadAction\",\"target\":[\"https:\/\/psol50.org.br\/glauber-braga-psol-apresenta-recurso-na-ccj-da-camara-contra-tentativa-de-cassacao-do-seu-mandato\/\"]}]},{\"@type\":\"ImageObject\",\"inLanguage\":\"pt-BR\",\"@id\":\"https:\/\/psol50.org.br\/glauber-braga-psol-apresenta-recurso-na-ccj-da-camara-contra-tentativa-de-cassacao-do-seu-mandato\/#primaryimage\",\"url\":\"https:\/\/psol50.org.br\/inc\/uploads\/2025\/04\/WhatsApp-Image-2025-04-22-at-18.49.50.jpeg\",\"contentUrl\":\"https:\/\/psol50.org.br\/inc\/uploads\/2025\/04\/WhatsApp-Image-2025-04-22-at-18.49.50.jpeg\",\"width\":1600,\"height\":1066,\"caption\":\"Foto: PSOL na C\u00e2mara\"},{\"@type\":\"BreadcrumbList\",\"@id\":\"https:\/\/psol50.org.br\/glauber-braga-psol-apresenta-recurso-na-ccj-da-camara-contra-tentativa-de-cassacao-do-seu-mandato\/#breadcrumb\",\"itemListElement\":[{\"@type\":\"ListItem\",\"position\":1,\"name\":\"In\u00edcio\",\"item\":\"https:\/\/psol50.org.br\/\"},{\"@type\":\"ListItem\",\"position\":2,\"name\":\"Glauber Braga apresenta recurso na CCJ da C\u00e2mara contra tentativa de cassar seu mandato\"}]},{\"@type\":\"WebSite\",\"@id\":\"https:\/\/psol50.org.br\/#website\",\"url\":\"https:\/\/psol50.org.br\/\",\"name\":\"PSOL 50\",\"description\":\"Site oficial do Partido Socialismo e Liberdade\",\"publisher\":{\"@id\":\"https:\/\/psol50.org.br\/#organization\"},\"alternateName\":\"PSOL50\",\"potentialAction\":[{\"@type\":\"SearchAction\",\"target\":{\"@type\":\"EntryPoint\",\"urlTemplate\":\"https:\/\/psol50.org.br\/?s={search_term_string}\"},\"query-input\":{\"@type\":\"PropertyValueSpecification\",\"valueRequired\":true,\"valueName\":\"search_term_string\"}}],\"inLanguage\":\"pt-BR\"},{\"@type\":\"Organization\",\"@id\":\"https:\/\/psol50.org.br\/#organization\",\"name\":\"PSOL 50\",\"alternateName\":\"PSOL 50\",\"url\":\"https:\/\/psol50.org.br\/\",\"logo\":{\"@type\":\"ImageObject\",\"inLanguage\":\"pt-BR\",\"@id\":\"https:\/\/psol50.org.br\/#\/schema\/logo\/image\/\",\"url\":\"https:\/\/psol50.org.br\/inc\/uploads\/2018\/07\/capa.png\",\"contentUrl\":\"https:\/\/psol50.org.br\/inc\/uploads\/2018\/07\/capa.png\",\"width\":1350,\"height\":900,\"caption\":\"PSOL 50\"},\"image\":{\"@id\":\"https:\/\/psol50.org.br\/#\/schema\/logo\/image\/\"},\"sameAs\":[\"https:\/\/www.facebook.com\/psol50\",\"https:\/\/x.com\/psol50\",\"https:\/\/www.instagram.com\/psol50\/\",\"https:\/\/www.youtube.com\/channel\/UC7SnJS5o1os7a6CaiNabzcg\"]},{\"@type\":\"Person\",\"@id\":\"https:\/\/psol50.org.br\/#\/schema\/person\/475dfa57d0b815993c714c2e96491fcd\",\"name\":\"Comunica\u00e7\u00e3o PSOL\",\"image\":{\"@type\":\"ImageObject\",\"inLanguage\":\"pt-BR\",\"@id\":\"https:\/\/psol50.org.br\/#\/schema\/person\/image\/\",\"url\":\"https:\/\/secure.gravatar.com\/avatar\/b34fc4f4e468a4e51785917065a3db57b841f5c95dba6ad8c73aaf8f66f8f9bf?s=96&d=mm&r=g\",\"contentUrl\":\"https:\/\/secure.gravatar.com\/avatar\/b34fc4f4e468a4e51785917065a3db57b841f5c95dba6ad8c73aaf8f66f8f9bf?s=96&d=mm&r=g\",\"caption\":\"Comunica\u00e7\u00e3o PSOL\"}}]}<\/script>\n<!-- \/ Yoast SEO plugin. -->","yoast_head_json":{"title":"Glauber Braga apresenta recurso na CCJ da C\u00e2mara contra tentativa de cassar seu mandato","description":"O pedido aponta \u201cinexist\u00eancia de justa causa\u201d e \u201cdesproporcionalidade ou n\u00e3o razoabilidade da pena de cassa\u00e7\u00e3o de mandato\u201d para requisitar que o processo seja revisto.","robots":{"index":"index","follow":"follow","max-snippet":"max-snippet:-1","max-image-preview":"max-image-preview:large","max-video-preview":"max-video-preview:-1"},"canonical":"https:\/\/psol50.org.br\/glauber-braga-psol-apresenta-recurso-na-ccj-da-camara-contra-tentativa-de-cassacao-do-seu-mandato\/","og_locale":"pt_BR","og_type":"article","og_title":"Glauber Braga apresenta recurso na CCJ da C\u00e2mara contra tentativa de cassar seu mandato","og_description":"O pedido aponta \u201cinexist\u00eancia de justa causa\u201d e \u201cdesproporcionalidade ou n\u00e3o razoabilidade da pena de cassa\u00e7\u00e3o de mandato\u201d para requisitar que o processo seja revisto.","og_url":"https:\/\/psol50.org.br\/glauber-braga-psol-apresenta-recurso-na-ccj-da-camara-contra-tentativa-de-cassacao-do-seu-mandato\/","og_site_name":"PSOL 50","article_publisher":"https:\/\/www.facebook.com\/psol50","article_published_time":"2025-04-23T16:06:57+00:00","article_modified_time":"2025-05-12T17:56:00+00:00","og_image":[{"width":1600,"height":1066,"url":"https:\/\/psol50.org.br\/inc\/uploads\/2025\/04\/WhatsApp-Image-2025-04-22-at-18.49.50.jpeg","type":"image\/jpeg"}],"author":"Comunica\u00e7\u00e3o PSOL","twitter_card":"summary_large_image","twitter_creator":"@psol50","twitter_site":"@psol50","twitter_misc":{"Escrito por":"Comunica\u00e7\u00e3o PSOL","Est. tempo de leitura":"1 minuto"},"schema":{"@context":"https:\/\/schema.org","@graph":[{"@type":"Article","@id":"https:\/\/psol50.org.br\/glauber-braga-psol-apresenta-recurso-na-ccj-da-camara-contra-tentativa-de-cassacao-do-seu-mandato\/#article","isPartOf":{"@id":"https:\/\/psol50.org.br\/glauber-braga-psol-apresenta-recurso-na-ccj-da-camara-contra-tentativa-de-cassacao-do-seu-mandato\/"},"author":{"name":"Comunica\u00e7\u00e3o PSOL","@id":"https:\/\/psol50.org.br\/#\/schema\/person\/475dfa57d0b815993c714c2e96491fcd"},"headline":"Glauber Braga apresenta recurso na CCJ da C\u00e2mara contra tentativa de cassar seu mandato","datePublished":"2025-04-23T16:06:57+00:00","dateModified":"2025-05-12T17:56:00+00:00","mainEntityOfPage":{"@id":"https:\/\/psol50.org.br\/glauber-braga-psol-apresenta-recurso-na-ccj-da-camara-contra-tentativa-de-cassacao-do-seu-mandato\/"},"wordCount":211,"publisher":{"@id":"https:\/\/psol50.org.br\/#organization"},"image":{"@id":"https:\/\/psol50.org.br\/glauber-braga-psol-apresenta-recurso-na-ccj-da-camara-contra-tentativa-de-cassacao-do-seu-mandato\/#primaryimage"},"thumbnailUrl":"https:\/\/psol50.org.br\/inc\/uploads\/2025\/04\/WhatsApp-Image-2025-04-22-at-18.49.50.jpeg","keywords":["Not\u00edcias"],"articleSection":["A\u00e7\u00e3o Parlamentar"],"inLanguage":"pt-BR"},{"@type":"WebPage","@id":"https:\/\/psol50.org.br\/glauber-braga-psol-apresenta-recurso-na-ccj-da-camara-contra-tentativa-de-cassacao-do-seu-mandato\/","url":"https:\/\/psol50.org.br\/glauber-braga-psol-apresenta-recurso-na-ccj-da-camara-contra-tentativa-de-cassacao-do-seu-mandato\/","name":"Glauber Braga apresenta recurso na CCJ da C\u00e2mara contra tentativa de cassar seu mandato","isPartOf":{"@id":"https:\/\/psol50.org.br\/#website"},"primaryImageOfPage":{"@id":"https:\/\/psol50.org.br\/glauber-braga-psol-apresenta-recurso-na-ccj-da-camara-contra-tentativa-de-cassacao-do-seu-mandato\/#primaryimage"},"image":{"@id":"https:\/\/psol50.org.br\/glauber-braga-psol-apresenta-recurso-na-ccj-da-camara-contra-tentativa-de-cassacao-do-seu-mandato\/#primaryimage"},"thumbnailUrl":"https:\/\/psol50.org.br\/inc\/uploads\/2025\/04\/WhatsApp-Image-2025-04-22-at-18.49.50.jpeg","datePublished":"2025-04-23T16:06:57+00:00","dateModified":"2025-05-12T17:56:00+00:00","description":"O pedido aponta \u201cinexist\u00eancia de justa causa\u201d e \u201cdesproporcionalidade ou n\u00e3o razoabilidade da pena de cassa\u00e7\u00e3o de mandato\u201d para requisitar que o processo seja revisto.","breadcrumb":{"@id":"https:\/\/psol50.org.br\/glauber-braga-psol-apresenta-recurso-na-ccj-da-camara-contra-tentativa-de-cassacao-do-seu-mandato\/#breadcrumb"},"inLanguage":"pt-BR","potentialAction":[{"@type":"ReadAction","target":["https:\/\/psol50.org.br\/glauber-braga-psol-apresenta-recurso-na-ccj-da-camara-contra-tentativa-de-cassacao-do-seu-mandato\/"]}]},{"@type":"ImageObject","inLanguage":"pt-BR","@id":"https:\/\/psol50.org.br\/glauber-braga-psol-apresenta-recurso-na-ccj-da-camara-contra-tentativa-de-cassacao-do-seu-mandato\/#primaryimage","url":"https:\/\/psol50.org.br\/inc\/uploads\/2025\/04\/WhatsApp-Image-2025-04-22-at-18.49.50.jpeg","contentUrl":"https:\/\/psol50.org.br\/inc\/uploads\/2025\/04\/WhatsApp-Image-2025-04-22-at-18.49.50.jpeg","width":1600,"height":1066,"caption":"Foto: PSOL na C\u00e2mara"},{"@type":"BreadcrumbList","@id":"https:\/\/psol50.org.br\/glauber-braga-psol-apresenta-recurso-na-ccj-da-camara-contra-tentativa-de-cassacao-do-seu-mandato\/#breadcrumb","itemListElement":[{"@type":"ListItem","position":1,"name":"In\u00edcio","item":"https:\/\/psol50.org.br\/"},{"@type":"ListItem","position":2,"name":"Glauber Braga apresenta recurso na CCJ da C\u00e2mara contra tentativa de cassar seu mandato"}]},{"@type":"WebSite","@id":"https:\/\/psol50.org.br\/#website","url":"https:\/\/psol50.org.br\/","name":"PSOL 50","description":"Site oficial do Partido Socialismo e Liberdade","publisher":{"@id":"https:\/\/psol50.org.br\/#organization"},"alternateName":"PSOL50","potentialAction":[{"@type":"SearchAction","target":{"@type":"EntryPoint","urlTemplate":"https:\/\/psol50.org.br\/?s={search_term_string}"},"query-input":{"@type":"PropertyValueSpecification","valueRequired":true,"valueName":"search_term_string"}}],"inLanguage":"pt-BR"},{"@type":"Organization","@id":"https:\/\/psol50.org.br\/#organization","name":"PSOL 50","alternateName":"PSOL 50","url":"https:\/\/psol50.org.br\/","logo":{"@type":"ImageObject","inLanguage":"pt-BR","@id":"https:\/\/psol50.org.br\/#\/schema\/logo\/image\/","url":"https:\/\/psol50.org.br\/inc\/uploads\/2018\/07\/capa.png","contentUrl":"https:\/\/psol50.org.br\/inc\/uploads\/2018\/07\/capa.png","width":1350,"height":900,"caption":"PSOL 50"},"image":{"@id":"https:\/\/psol50.org.br\/#\/schema\/logo\/image\/"},"sameAs":["https:\/\/www.facebook.com\/psol50","https:\/\/x.com\/psol50","https:\/\/www.instagram.com\/psol50\/","https:\/\/www.youtube.com\/channel\/UC7SnJS5o1os7a6CaiNabzcg"]},{"@type":"Person","@id":"https:\/\/psol50.org.br\/#\/schema\/person\/475dfa57d0b815993c714c2e96491fcd","name":"Comunica\u00e7\u00e3o PSOL","image":{"@type":"ImageObject","inLanguage":"pt-BR","@id":"https:\/\/psol50.org.br\/#\/schema\/person\/image\/","url":"https:\/\/secure.gravatar.com\/avatar\/b34fc4f4e468a4e51785917065a3db57b841f5c95dba6ad8c73aaf8f66f8f9bf?s=96&d=mm&r=g","contentUrl":"https:\/\/secure.gravatar.com\/avatar\/b34fc4f4e468a4e51785917065a3db57b841f5c95dba6ad8c73aaf8f66f8f9bf?s=96&d=mm&r=g","caption":"Comunica\u00e7\u00e3o PSOL"}}]}},"_links":{"self":[{"href":"https:\/\/psol50.org.br\/rest\/wp\/v2\/posts\/40989","targetHints":{"allow":["GET"]}}],"collection":[{"href":"https:\/\/psol50.org.br\/rest\/wp\/v2\/posts"}],"about":[{"href":"https:\/\/psol50.org.br\/rest\/wp\/v2\/types\/post"}],"author":[{"embeddable":true,"href":"https:\/\/psol50.org.br\/rest\/wp\/v2\/users\/2"}],"replies":[{"embeddable":true,"href":"https:\/\/psol50.org.br\/rest\/wp\/v2\/comments?post=40989"}],"version-history":[{"count":5,"href":"https:\/\/psol50.org.br\/rest\/wp\/v2\/posts\/40989\/revisions"}],"predecessor-version":[{"id":41068,"href":"https:\/\/psol50.org.br\/rest\/wp\/v2\/posts\/40989\/revisions\/41068"}],"wp:featuredmedia":[{"embeddable":true,"href":"https:\/\/psol50.org.br\/rest\/wp\/v2\/media\/40992"}],"wp:attachment":[{"href":"https:\/\/psol50.org.br\/rest\/wp\/v2\/media?parent=40989"}],"wp:term":[{"taxonomy":"category","embeddable":true,"href":"https:\/\/psol50.org.br\/rest\/wp\/v2\/categories?post=40989"},{"taxonomy":"post_tag","embeddable":true,"href":"https:\/\/psol50.org.br\/rest\/wp\/v2\/tags?post=40989"}],"curies":[{"name":"wp","href":"https:\/\/api.w.org\/{rel}","templated":true}]}}