{"id":41018,"date":"2025-04-30T17:01:06","date_gmt":"2025-04-30T20:01:06","guid":{"rendered":"https:\/\/psol50.org.br\/?p=41018"},"modified":"2025-05-06T17:16:12","modified_gmt":"2025-05-06T20:16:12","slug":"luana-alves-denuncia-racismo","status":"publish","type":"post","link":"https:\/\/psol50.org.br\/luana-alves-denuncia-racismo\/","title":{"rendered":"Luana Alves (PSOL-SP) denuncia vereadora por fala racista durante sess\u00e3o na C\u00e2mara de S\u00e3o Paulo"},"content":{"rendered":"<p>A vereadora Luana Alves (PSOL-SP) apresentou uma den\u00fancia contra a vereadora Cris Monteiro (NOVO) por uma fala racista durante a sess\u00e3o que aprovou o reajuste m\u00ednimo de 2,6% para os servidores municipais de S\u00e3o Paulo.<\/p>\n<p>Ao ser vaiada por manifestantes, Cris Monteiro reagiu enaltecendo sua cor de pele: \u201cVem uma mulher branca, bonita, rica, e voc\u00eas vaiam\u201d. A frase revela o racismo da bolsonarista ao tentar transformar a branquitude em s\u00edmbolo de autoridade e superioridade pol\u00edtica. A vereadora do NOVO ainda mandou Luana se calar de forma autorit\u00e1ria v\u00e1rias vezes.<\/p>\n<p>A atitude foi recebida com indigna\u00e7\u00e3o por movimentos sociais e lideran\u00e7as da cidade que acompanhavam a vota\u00e7\u00e3o na plateia.<\/p>\n<p>Para Luana, Cris Monteiro violou princ\u00edpios constitucionais como o da igualdade e da dignidade da pessoa humana, configurando ato de racismo e quebra de decoro parlamentar. <\/p>\n","protected":false},"excerpt":{"rendered":"<p>A vereadora Luana Alves (PSOL-SP) apresentou uma den\u00fancia contra a vereadora Cris Monteiro (NOVO) por uma fala racista durante a sess\u00e3o que aprovou o reajuste m\u00ednimo de 2,6% para os servidores municipais de S\u00e3o Paulo. Ao ser vaiada por manifestantes, Cris Monteiro reagiu enaltecendo sua cor de pele: \u201cVem uma mulher branca, bonita, rica, e [&hellip;]<\/p>\n","protected":false},"author":2,"featured_media":38438,"comment_status":"closed","ping_status":"open","sticky":false,"template":"","format":"standard","meta":{"_acf_changed":false,"footnotes":""},"categories":[654],"tags":[4825],"class_list":{"0":"post-41018","1":"post","2":"type-post","3":"status-publish","4":"format-standard","5":"has-post-thumbnail","7":"category-estados","8":"tag-noticias"},"acf":[],"yoast_head":"<!-- This site is optimized with the Yoast SEO plugin v26.5 - https:\/\/yoast.com\/wordpress\/plugins\/seo\/ -->\n<title>Luana Alves (PSOL-SP) denuncia vereadora por fala racista durante sess\u00e3o na C\u00e2mara de S\u00e3o Paulo - PSOL 50<\/title>\n<meta name=\"description\" content=\"Cris Monteiro (NOVO) tentou transformar sua branquitude em s\u00edmbolo de autoridade e superioridade pol\u00edtica na C\u00e2mara municipal de SP.\" \/>\n<meta name=\"robots\" content=\"index, follow, max-snippet:-1, max-image-preview:large, max-video-preview:-1\" \/>\n<link rel=\"canonical\" href=\"https:\/\/psol50.org.br\/luana-alves-denuncia-racismo\/\" \/>\n<meta property=\"og:locale\" content=\"pt_BR\" \/>\n<meta property=\"og:type\" content=\"article\" \/>\n<meta property=\"og:title\" content=\"Luana Alves (PSOL-SP) denuncia vereadora por fala racista durante sess\u00e3o na C\u00e2mara de S\u00e3o Paulo - PSOL 50\" \/>\n<meta property=\"og:description\" content=\"Cris Monteiro (NOVO) tentou transformar sua branquitude em s\u00edmbolo de autoridade e superioridade pol\u00edtica na C\u00e2mara municipal de SP.\" \/>\n<meta property=\"og:url\" content=\"https:\/\/psol50.org.br\/luana-alves-denuncia-racismo\/\" \/>\n<meta property=\"og:site_name\" content=\"PSOL 50\" \/>\n<meta property=\"article:publisher\" content=\"https:\/\/www.facebook.com\/psol50\" \/>\n<meta property=\"article:published_time\" content=\"2025-04-30T20:01:06+00:00\" \/>\n<meta property=\"article:modified_time\" content=\"2025-05-06T20:16:12+00:00\" \/>\n<meta property=\"og:image\" content=\"https:\/\/psol50.org.br\/inc\/uploads\/2023\/09\/Captura-de-Tela-2023-09-13-as-12.10.52-1024x533.png\" \/>\n\t<meta property=\"og:image:width\" content=\"1024\" \/>\n\t<meta property=\"og:image:height\" content=\"533\" \/>\n\t<meta property=\"og:image:type\" content=\"image\/png\" \/>\n<meta name=\"author\" content=\"Comunica\u00e7\u00e3o PSOL\" \/>\n<meta name=\"twitter:card\" content=\"summary_large_image\" \/>\n<meta name=\"twitter:creator\" content=\"@psol50\" \/>\n<meta name=\"twitter:site\" content=\"@psol50\" \/>\n<meta name=\"twitter:label1\" content=\"Escrito por\" \/>\n\t<meta name=\"twitter:data1\" content=\"Comunica\u00e7\u00e3o PSOL\" \/>\n\t<meta name=\"twitter:label2\" content=\"Est. tempo de leitura\" \/>\n\t<meta name=\"twitter:data2\" content=\"1 minuto\" \/>\n<script type=\"application\/ld+json\" class=\"yoast-schema-graph\">{\"@context\":\"https:\/\/schema.org\",\"@graph\":[{\"@type\":\"Article\",\"@id\":\"https:\/\/psol50.org.br\/luana-alves-denuncia-racismo\/#article\",\"isPartOf\":{\"@id\":\"https:\/\/psol50.org.br\/luana-alves-denuncia-racismo\/\"},\"author\":{\"name\":\"Comunica\u00e7\u00e3o PSOL\",\"@id\":\"https:\/\/psol50.org.br\/#\/schema\/person\/475dfa57d0b815993c714c2e96491fcd\"},\"headline\":\"Luana Alves (PSOL-SP) denuncia vereadora por fala racista durante sess\u00e3o na C\u00e2mara de S\u00e3o Paulo\",\"datePublished\":\"2025-04-30T20:01:06+00:00\",\"dateModified\":\"2025-05-06T20:16:12+00:00\",\"mainEntityOfPage\":{\"@id\":\"https:\/\/psol50.org.br\/luana-alves-denuncia-racismo\/\"},\"wordCount\":165,\"publisher\":{\"@id\":\"https:\/\/psol50.org.br\/#organization\"},\"image\":{\"@id\":\"https:\/\/psol50.org.br\/luana-alves-denuncia-racismo\/#primaryimage\"},\"thumbnailUrl\":\"https:\/\/psol50.org.br\/inc\/uploads\/2023\/09\/Captura-de-Tela-2023-09-13-as-12.10.52.png\",\"keywords\":[\"Not\u00edcias\"],\"articleSection\":[\"Estados\"],\"inLanguage\":\"pt-BR\"},{\"@type\":\"WebPage\",\"@id\":\"https:\/\/psol50.org.br\/luana-alves-denuncia-racismo\/\",\"url\":\"https:\/\/psol50.org.br\/luana-alves-denuncia-racismo\/\",\"name\":\"Luana Alves (PSOL-SP) denuncia vereadora por fala racista durante sess\u00e3o na C\u00e2mara de S\u00e3o Paulo - PSOL 50\",\"isPartOf\":{\"@id\":\"https:\/\/psol50.org.br\/#website\"},\"primaryImageOfPage\":{\"@id\":\"https:\/\/psol50.org.br\/luana-alves-denuncia-racismo\/#primaryimage\"},\"image\":{\"@id\":\"https:\/\/psol50.org.br\/luana-alves-denuncia-racismo\/#primaryimage\"},\"thumbnailUrl\":\"https:\/\/psol50.org.br\/inc\/uploads\/2023\/09\/Captura-de-Tela-2023-09-13-as-12.10.52.png\",\"datePublished\":\"2025-04-30T20:01:06+00:00\",\"dateModified\":\"2025-05-06T20:16:12+00:00\",\"description\":\"Cris Monteiro (NOVO) tentou transformar sua branquitude em s\u00edmbolo de autoridade e superioridade pol\u00edtica na C\u00e2mara municipal de SP.\",\"breadcrumb\":{\"@id\":\"https:\/\/psol50.org.br\/luana-alves-denuncia-racismo\/#breadcrumb\"},\"inLanguage\":\"pt-BR\",\"potentialAction\":[{\"@type\":\"ReadAction\",\"target\":[\"https:\/\/psol50.org.br\/luana-alves-denuncia-racismo\/\"]}]},{\"@type\":\"ImageObject\",\"inLanguage\":\"pt-BR\",\"@id\":\"https:\/\/psol50.org.br\/luana-alves-denuncia-racismo\/#primaryimage\",\"url\":\"https:\/\/psol50.org.br\/inc\/uploads\/2023\/09\/Captura-de-Tela-2023-09-13-as-12.10.52.png\",\"contentUrl\":\"https:\/\/psol50.org.br\/inc\/uploads\/2023\/09\/Captura-de-Tela-2023-09-13-as-12.10.52.png\",\"width\":1910,\"height\":994,\"caption\":\"Foto: Divulga\u00e7\u00e3o\"},{\"@type\":\"BreadcrumbList\",\"@id\":\"https:\/\/psol50.org.br\/luana-alves-denuncia-racismo\/#breadcrumb\",\"itemListElement\":[{\"@type\":\"ListItem\",\"position\":1,\"name\":\"In\u00edcio\",\"item\":\"https:\/\/psol50.org.br\/\"},{\"@type\":\"ListItem\",\"position\":2,\"name\":\"Luana Alves (PSOL-SP) denuncia vereadora por fala racista durante sess\u00e3o na C\u00e2mara de S\u00e3o Paulo\"}]},{\"@type\":\"WebSite\",\"@id\":\"https:\/\/psol50.org.br\/#website\",\"url\":\"https:\/\/psol50.org.br\/\",\"name\":\"PSOL 50\",\"description\":\"Site oficial do Partido Socialismo e Liberdade\",\"publisher\":{\"@id\":\"https:\/\/psol50.org.br\/#organization\"},\"alternateName\":\"PSOL50\",\"potentialAction\":[{\"@type\":\"SearchAction\",\"target\":{\"@type\":\"EntryPoint\",\"urlTemplate\":\"https:\/\/psol50.org.br\/?s={search_term_string}\"},\"query-input\":{\"@type\":\"PropertyValueSpecification\",\"valueRequired\":true,\"valueName\":\"search_term_string\"}}],\"inLanguage\":\"pt-BR\"},{\"@type\":\"Organization\",\"@id\":\"https:\/\/psol50.org.br\/#organization\",\"name\":\"PSOL 50\",\"alternateName\":\"PSOL 50\",\"url\":\"https:\/\/psol50.org.br\/\",\"logo\":{\"@type\":\"ImageObject\",\"inLanguage\":\"pt-BR\",\"@id\":\"https:\/\/psol50.org.br\/#\/schema\/logo\/image\/\",\"url\":\"https:\/\/psol50.org.br\/inc\/uploads\/2018\/07\/capa.png\",\"contentUrl\":\"https:\/\/psol50.org.br\/inc\/uploads\/2018\/07\/capa.png\",\"width\":1350,\"height\":900,\"caption\":\"PSOL 50\"},\"image\":{\"@id\":\"https:\/\/psol50.org.br\/#\/schema\/logo\/image\/\"},\"sameAs\":[\"https:\/\/www.facebook.com\/psol50\",\"https:\/\/x.com\/psol50\",\"https:\/\/www.instagram.com\/psol50\/\",\"https:\/\/www.youtube.com\/channel\/UC7SnJS5o1os7a6CaiNabzcg\"]},{\"@type\":\"Person\",\"@id\":\"https:\/\/psol50.org.br\/#\/schema\/person\/475dfa57d0b815993c714c2e96491fcd\",\"name\":\"Comunica\u00e7\u00e3o PSOL\",\"image\":{\"@type\":\"ImageObject\",\"inLanguage\":\"pt-BR\",\"@id\":\"https:\/\/psol50.org.br\/#\/schema\/person\/image\/\",\"url\":\"https:\/\/secure.gravatar.com\/avatar\/b34fc4f4e468a4e51785917065a3db57b841f5c95dba6ad8c73aaf8f66f8f9bf?s=96&d=mm&r=g\",\"contentUrl\":\"https:\/\/secure.gravatar.com\/avatar\/b34fc4f4e468a4e51785917065a3db57b841f5c95dba6ad8c73aaf8f66f8f9bf?s=96&d=mm&r=g\",\"caption\":\"Comunica\u00e7\u00e3o PSOL\"}}]}<\/script>\n<!-- \/ Yoast SEO plugin. -->","yoast_head_json":{"title":"Luana Alves (PSOL-SP) denuncia vereadora por fala racista durante sess\u00e3o na C\u00e2mara de S\u00e3o Paulo - PSOL 50","description":"Cris Monteiro (NOVO) tentou transformar sua branquitude em s\u00edmbolo de autoridade e superioridade pol\u00edtica na C\u00e2mara municipal de SP.","robots":{"index":"index","follow":"follow","max-snippet":"max-snippet:-1","max-image-preview":"max-image-preview:large","max-video-preview":"max-video-preview:-1"},"canonical":"https:\/\/psol50.org.br\/luana-alves-denuncia-racismo\/","og_locale":"pt_BR","og_type":"article","og_title":"Luana Alves (PSOL-SP) denuncia vereadora por fala racista durante sess\u00e3o na C\u00e2mara de S\u00e3o Paulo - PSOL 50","og_description":"Cris Monteiro (NOVO) tentou transformar sua branquitude em s\u00edmbolo de autoridade e superioridade pol\u00edtica na C\u00e2mara municipal de SP.","og_url":"https:\/\/psol50.org.br\/luana-alves-denuncia-racismo\/","og_site_name":"PSOL 50","article_publisher":"https:\/\/www.facebook.com\/psol50","article_published_time":"2025-04-30T20:01:06+00:00","article_modified_time":"2025-05-06T20:16:12+00:00","og_image":[{"width":1024,"height":533,"url":"https:\/\/psol50.org.br\/inc\/uploads\/2023\/09\/Captura-de-Tela-2023-09-13-as-12.10.52-1024x533.png","type":"image\/png"}],"author":"Comunica\u00e7\u00e3o PSOL","twitter_card":"summary_large_image","twitter_creator":"@psol50","twitter_site":"@psol50","twitter_misc":{"Escrito por":"Comunica\u00e7\u00e3o PSOL","Est. tempo de leitura":"1 minuto"},"schema":{"@context":"https:\/\/schema.org","@graph":[{"@type":"Article","@id":"https:\/\/psol50.org.br\/luana-alves-denuncia-racismo\/#article","isPartOf":{"@id":"https:\/\/psol50.org.br\/luana-alves-denuncia-racismo\/"},"author":{"name":"Comunica\u00e7\u00e3o PSOL","@id":"https:\/\/psol50.org.br\/#\/schema\/person\/475dfa57d0b815993c714c2e96491fcd"},"headline":"Luana Alves (PSOL-SP) denuncia vereadora por fala racista durante sess\u00e3o na C\u00e2mara de S\u00e3o Paulo","datePublished":"2025-04-30T20:01:06+00:00","dateModified":"2025-05-06T20:16:12+00:00","mainEntityOfPage":{"@id":"https:\/\/psol50.org.br\/luana-alves-denuncia-racismo\/"},"wordCount":165,"publisher":{"@id":"https:\/\/psol50.org.br\/#organization"},"image":{"@id":"https:\/\/psol50.org.br\/luana-alves-denuncia-racismo\/#primaryimage"},"thumbnailUrl":"https:\/\/psol50.org.br\/inc\/uploads\/2023\/09\/Captura-de-Tela-2023-09-13-as-12.10.52.png","keywords":["Not\u00edcias"],"articleSection":["Estados"],"inLanguage":"pt-BR"},{"@type":"WebPage","@id":"https:\/\/psol50.org.br\/luana-alves-denuncia-racismo\/","url":"https:\/\/psol50.org.br\/luana-alves-denuncia-racismo\/","name":"Luana Alves (PSOL-SP) denuncia vereadora por fala racista durante sess\u00e3o na C\u00e2mara de S\u00e3o Paulo - PSOL 50","isPartOf":{"@id":"https:\/\/psol50.org.br\/#website"},"primaryImageOfPage":{"@id":"https:\/\/psol50.org.br\/luana-alves-denuncia-racismo\/#primaryimage"},"image":{"@id":"https:\/\/psol50.org.br\/luana-alves-denuncia-racismo\/#primaryimage"},"thumbnailUrl":"https:\/\/psol50.org.br\/inc\/uploads\/2023\/09\/Captura-de-Tela-2023-09-13-as-12.10.52.png","datePublished":"2025-04-30T20:01:06+00:00","dateModified":"2025-05-06T20:16:12+00:00","description":"Cris Monteiro (NOVO) tentou transformar sua branquitude em s\u00edmbolo de autoridade e superioridade pol\u00edtica na C\u00e2mara municipal de SP.","breadcrumb":{"@id":"https:\/\/psol50.org.br\/luana-alves-denuncia-racismo\/#breadcrumb"},"inLanguage":"pt-BR","potentialAction":[{"@type":"ReadAction","target":["https:\/\/psol50.org.br\/luana-alves-denuncia-racismo\/"]}]},{"@type":"ImageObject","inLanguage":"pt-BR","@id":"https:\/\/psol50.org.br\/luana-alves-denuncia-racismo\/#primaryimage","url":"https:\/\/psol50.org.br\/inc\/uploads\/2023\/09\/Captura-de-Tela-2023-09-13-as-12.10.52.png","contentUrl":"https:\/\/psol50.org.br\/inc\/uploads\/2023\/09\/Captura-de-Tela-2023-09-13-as-12.10.52.png","width":1910,"height":994,"caption":"Foto: Divulga\u00e7\u00e3o"},{"@type":"BreadcrumbList","@id":"https:\/\/psol50.org.br\/luana-alves-denuncia-racismo\/#breadcrumb","itemListElement":[{"@type":"ListItem","position":1,"name":"In\u00edcio","item":"https:\/\/psol50.org.br\/"},{"@type":"ListItem","position":2,"name":"Luana Alves (PSOL-SP) denuncia vereadora por fala racista durante sess\u00e3o na C\u00e2mara de S\u00e3o Paulo"}]},{"@type":"WebSite","@id":"https:\/\/psol50.org.br\/#website","url":"https:\/\/psol50.org.br\/","name":"PSOL 50","description":"Site oficial do Partido Socialismo e Liberdade","publisher":{"@id":"https:\/\/psol50.org.br\/#organization"},"alternateName":"PSOL50","potentialAction":[{"@type":"SearchAction","target":{"@type":"EntryPoint","urlTemplate":"https:\/\/psol50.org.br\/?s={search_term_string}"},"query-input":{"@type":"PropertyValueSpecification","valueRequired":true,"valueName":"search_term_string"}}],"inLanguage":"pt-BR"},{"@type":"Organization","@id":"https:\/\/psol50.org.br\/#organization","name":"PSOL 50","alternateName":"PSOL 50","url":"https:\/\/psol50.org.br\/","logo":{"@type":"ImageObject","inLanguage":"pt-BR","@id":"https:\/\/psol50.org.br\/#\/schema\/logo\/image\/","url":"https:\/\/psol50.org.br\/inc\/uploads\/2018\/07\/capa.png","contentUrl":"https:\/\/psol50.org.br\/inc\/uploads\/2018\/07\/capa.png","width":1350,"height":900,"caption":"PSOL 50"},"image":{"@id":"https:\/\/psol50.org.br\/#\/schema\/logo\/image\/"},"sameAs":["https:\/\/www.facebook.com\/psol50","https:\/\/x.com\/psol50","https:\/\/www.instagram.com\/psol50\/","https:\/\/www.youtube.com\/channel\/UC7SnJS5o1os7a6CaiNabzcg"]},{"@type":"Person","@id":"https:\/\/psol50.org.br\/#\/schema\/person\/475dfa57d0b815993c714c2e96491fcd","name":"Comunica\u00e7\u00e3o PSOL","image":{"@type":"ImageObject","inLanguage":"pt-BR","@id":"https:\/\/psol50.org.br\/#\/schema\/person\/image\/","url":"https:\/\/secure.gravatar.com\/avatar\/b34fc4f4e468a4e51785917065a3db57b841f5c95dba6ad8c73aaf8f66f8f9bf?s=96&d=mm&r=g","contentUrl":"https:\/\/secure.gravatar.com\/avatar\/b34fc4f4e468a4e51785917065a3db57b841f5c95dba6ad8c73aaf8f66f8f9bf?s=96&d=mm&r=g","caption":"Comunica\u00e7\u00e3o PSOL"}}]}},"_links":{"self":[{"href":"https:\/\/psol50.org.br\/rest\/wp\/v2\/posts\/41018","targetHints":{"allow":["GET"]}}],"collection":[{"href":"https:\/\/psol50.org.br\/rest\/wp\/v2\/posts"}],"about":[{"href":"https:\/\/psol50.org.br\/rest\/wp\/v2\/types\/post"}],"author":[{"embeddable":true,"href":"https:\/\/psol50.org.br\/rest\/wp\/v2\/users\/2"}],"replies":[{"embeddable":true,"href":"https:\/\/psol50.org.br\/rest\/wp\/v2\/comments?post=41018"}],"version-history":[{"count":1,"href":"https:\/\/psol50.org.br\/rest\/wp\/v2\/posts\/41018\/revisions"}],"predecessor-version":[{"id":41019,"href":"https:\/\/psol50.org.br\/rest\/wp\/v2\/posts\/41018\/revisions\/41019"}],"wp:featuredmedia":[{"embeddable":true,"href":"https:\/\/psol50.org.br\/rest\/wp\/v2\/media\/38438"}],"wp:attachment":[{"href":"https:\/\/psol50.org.br\/rest\/wp\/v2\/media?parent=41018"}],"wp:term":[{"taxonomy":"category","embeddable":true,"href":"https:\/\/psol50.org.br\/rest\/wp\/v2\/categories?post=41018"},{"taxonomy":"post_tag","embeddable":true,"href":"https:\/\/psol50.org.br\/rest\/wp\/v2\/tags?post=41018"}],"curies":[{"name":"wp","href":"https:\/\/api.w.org\/{rel}","templated":true}]}}