{"id":41042,"date":"2025-05-09T10:47:12","date_gmt":"2025-05-09T13:47:12","guid":{"rendered":"https:\/\/psol50.org.br\/?p=41042"},"modified":"2025-05-12T17:38:29","modified_gmt":"2025-05-12T20:38:29","slug":"celia-xakriaba-psol-propoe-mudar-nome-da-camara-para-incluir-representacao-feminina","status":"publish","type":"post","link":"https:\/\/psol50.org.br\/celia-xakriaba-psol-propoe-mudar-nome-da-camara-para-incluir-representacao-feminina\/","title":{"rendered":"C\u00e9lia Xakriab\u00e1 prop\u00f5e mudar nome da C\u00e2mara para incluir representa\u00e7\u00e3o feminina"},"content":{"rendered":"<p>A deputada federal C\u00e9lia Xakriab\u00e1 (MG), em conjunto com outras parlamentares, apresentou na \u00faltima quarta-feira (7) uma Proposta de Emenda \u00e0 Constitui\u00e7\u00e3o (PEC) que altera a denomina\u00e7\u00e3o oficial da C\u00e2mara para \u201cC\u00e2mara dos Deputados e das Deputadas\u201d.<\/p>\n<p>A iniciativa visa reconhecer a presen\u00e7a das mulheres no parlamento e corrigir uma invisibilidade hist\u00f3rica: mesmo com 91 deputadas em exerc\u00edcio atualmente (17,7% do total), a institui\u00e7\u00e3o ainda mant\u00e9m uma nomenclatura que as omite.<\/p>\n<p>A justificativa da PEC ressalta que a linguagem masculina na pol\u00edtica reflete s\u00e9culos de exclus\u00e3o. O Brasil, por exemplo, s\u00f3 permitiu o voto feminino em 1932, e a primeira deputada federal, Carlota Pereira de Queir\u00f3s, foi eleita apenas em 1934. At\u00e9 pouco tempo atr\u00e1s, a C\u00e2mara sequer tinha banheiros femininos pr\u00f3ximos ao plen\u00e1rio, e deputadas eram barradas por usar cal\u00e7as no plen\u00e1rio at\u00e9 a d\u00e9cada de 1980.<\/p>\n<p>Hoje, o pa\u00eds ocupa a 133\u00aa posi\u00e7\u00e3o no ranking global de representa\u00e7\u00e3o feminina em parlamentos, segundo dados do IBGE. A mudan\u00e7a proposta segue exemplos internacionais, como o Chile, onde o parlamento adotou o nome \u201cC\u00e1mara de Diputadas y Diputados\u201d.<\/p>\n<p>A proposta n\u00e3o altera as compet\u00eancias da Casa, mas tem um \u201calcance cultural e pedag\u00f3gico\u201d, destacando que a representa\u00e7\u00e3o feminina \u00e9 parte essencial da democracia.<\/p>\n","protected":false},"excerpt":{"rendered":"<p>A deputada federal C\u00e9lia Xakriab\u00e1 (MG), em conjunto com outras parlamentares, apresentou na \u00faltima quarta-feira (7) uma Proposta de Emenda \u00e0 Constitui\u00e7\u00e3o (PEC) que altera a denomina\u00e7\u00e3o oficial da C\u00e2mara para \u201cC\u00e2mara dos Deputados e das Deputadas\u201d. A iniciativa visa reconhecer a presen\u00e7a das mulheres no parlamento e corrigir uma invisibilidade hist\u00f3rica: mesmo com 91 [&hellip;]<\/p>\n","protected":false},"author":2,"featured_media":41046,"comment_status":"closed","ping_status":"open","sticky":false,"template":"","format":"standard","meta":{"_acf_changed":false,"footnotes":""},"categories":[10],"tags":[4825],"class_list":{"0":"post-41042","1":"post","2":"type-post","3":"status-publish","4":"format-standard","5":"has-post-thumbnail","7":"category-acao-parlamentares","8":"tag-noticias"},"acf":[],"yoast_head":"<!-- This site is optimized with the Yoast SEO plugin v26.5 - https:\/\/yoast.com\/wordpress\/plugins\/seo\/ -->\n<title>C\u00e9lia Xakriab\u00e1 prop\u00f5e mudar nome da C\u00e2mara para incluir representa\u00e7\u00e3o feminina<\/title>\n<meta name=\"description\" content=\"Apresentada ao lado de diversas outras parlamentares, PEC quer mudar nome oficial para C\u00e2mara dos Deputados e das Deputadas.\" \/>\n<meta name=\"robots\" content=\"index, follow, max-snippet:-1, max-image-preview:large, max-video-preview:-1\" \/>\n<link rel=\"canonical\" href=\"https:\/\/psol50.org.br\/celia-xakriaba-psol-propoe-mudar-nome-da-camara-para-incluir-representacao-feminina\/\" \/>\n<meta property=\"og:locale\" content=\"pt_BR\" \/>\n<meta property=\"og:type\" content=\"article\" \/>\n<meta property=\"og:title\" content=\"C\u00e9lia Xakriab\u00e1 prop\u00f5e mudar nome da C\u00e2mara para incluir representa\u00e7\u00e3o feminina\" \/>\n<meta property=\"og:description\" content=\"Apresentada ao lado de diversas outras parlamentares, PEC quer mudar nome oficial para C\u00e2mara dos Deputados e das Deputadas.\" \/>\n<meta property=\"og:url\" content=\"https:\/\/psol50.org.br\/celia-xakriaba-psol-propoe-mudar-nome-da-camara-para-incluir-representacao-feminina\/\" \/>\n<meta property=\"og:site_name\" content=\"PSOL 50\" \/>\n<meta property=\"article:publisher\" content=\"https:\/\/www.facebook.com\/psol50\" \/>\n<meta property=\"article:published_time\" content=\"2025-05-09T13:47:12+00:00\" \/>\n<meta property=\"article:modified_time\" content=\"2025-05-12T20:38:29+00:00\" \/>\n<meta property=\"og:image\" content=\"https:\/\/psol50.org.br\/inc\/uploads\/2025\/05\/img20250312170147253.jpg\" \/>\n\t<meta property=\"og:image:width\" content=\"1984\" \/>\n\t<meta property=\"og:image:height\" content=\"1223\" \/>\n\t<meta property=\"og:image:type\" content=\"image\/jpeg\" \/>\n<meta name=\"author\" content=\"Comunica\u00e7\u00e3o PSOL\" \/>\n<meta name=\"twitter:card\" content=\"summary_large_image\" \/>\n<meta name=\"twitter:creator\" content=\"@psol50\" \/>\n<meta name=\"twitter:site\" content=\"@psol50\" \/>\n<meta name=\"twitter:label1\" content=\"Escrito por\" \/>\n\t<meta name=\"twitter:data1\" content=\"Comunica\u00e7\u00e3o PSOL\" \/>\n\t<meta name=\"twitter:label2\" content=\"Est. tempo de leitura\" \/>\n\t<meta name=\"twitter:data2\" content=\"1 minuto\" \/>\n<script type=\"application\/ld+json\" class=\"yoast-schema-graph\">{\"@context\":\"https:\/\/schema.org\",\"@graph\":[{\"@type\":\"Article\",\"@id\":\"https:\/\/psol50.org.br\/celia-xakriaba-psol-propoe-mudar-nome-da-camara-para-incluir-representacao-feminina\/#article\",\"isPartOf\":{\"@id\":\"https:\/\/psol50.org.br\/celia-xakriaba-psol-propoe-mudar-nome-da-camara-para-incluir-representacao-feminina\/\"},\"author\":{\"name\":\"Comunica\u00e7\u00e3o PSOL\",\"@id\":\"https:\/\/psol50.org.br\/#\/schema\/person\/475dfa57d0b815993c714c2e96491fcd\"},\"headline\":\"C\u00e9lia Xakriab\u00e1 prop\u00f5e mudar nome da C\u00e2mara para incluir representa\u00e7\u00e3o feminina\",\"datePublished\":\"2025-05-09T13:47:12+00:00\",\"dateModified\":\"2025-05-12T20:38:29+00:00\",\"mainEntityOfPage\":{\"@id\":\"https:\/\/psol50.org.br\/celia-xakriaba-psol-propoe-mudar-nome-da-camara-para-incluir-representacao-feminina\/\"},\"wordCount\":238,\"publisher\":{\"@id\":\"https:\/\/psol50.org.br\/#organization\"},\"image\":{\"@id\":\"https:\/\/psol50.org.br\/celia-xakriaba-psol-propoe-mudar-nome-da-camara-para-incluir-representacao-feminina\/#primaryimage\"},\"thumbnailUrl\":\"https:\/\/psol50.org.br\/inc\/uploads\/2025\/05\/img20250312170147253.jpg\",\"keywords\":[\"Not\u00edcias\"],\"articleSection\":[\"A\u00e7\u00e3o Parlamentar\"],\"inLanguage\":\"pt-BR\"},{\"@type\":\"WebPage\",\"@id\":\"https:\/\/psol50.org.br\/celia-xakriaba-psol-propoe-mudar-nome-da-camara-para-incluir-representacao-feminina\/\",\"url\":\"https:\/\/psol50.org.br\/celia-xakriaba-psol-propoe-mudar-nome-da-camara-para-incluir-representacao-feminina\/\",\"name\":\"C\u00e9lia Xakriab\u00e1 prop\u00f5e mudar nome da C\u00e2mara para incluir representa\u00e7\u00e3o feminina\",\"isPartOf\":{\"@id\":\"https:\/\/psol50.org.br\/#website\"},\"primaryImageOfPage\":{\"@id\":\"https:\/\/psol50.org.br\/celia-xakriaba-psol-propoe-mudar-nome-da-camara-para-incluir-representacao-feminina\/#primaryimage\"},\"image\":{\"@id\":\"https:\/\/psol50.org.br\/celia-xakriaba-psol-propoe-mudar-nome-da-camara-para-incluir-representacao-feminina\/#primaryimage\"},\"thumbnailUrl\":\"https:\/\/psol50.org.br\/inc\/uploads\/2025\/05\/img20250312170147253.jpg\",\"datePublished\":\"2025-05-09T13:47:12+00:00\",\"dateModified\":\"2025-05-12T20:38:29+00:00\",\"description\":\"Apresentada ao lado de diversas outras parlamentares, PEC quer mudar nome oficial para C\u00e2mara dos Deputados e das Deputadas.\",\"breadcrumb\":{\"@id\":\"https:\/\/psol50.org.br\/celia-xakriaba-psol-propoe-mudar-nome-da-camara-para-incluir-representacao-feminina\/#breadcrumb\"},\"inLanguage\":\"pt-BR\",\"potentialAction\":[{\"@type\":\"ReadAction\",\"target\":[\"https:\/\/psol50.org.br\/celia-xakriaba-psol-propoe-mudar-nome-da-camara-para-incluir-representacao-feminina\/\"]}]},{\"@type\":\"ImageObject\",\"inLanguage\":\"pt-BR\",\"@id\":\"https:\/\/psol50.org.br\/celia-xakriaba-psol-propoe-mudar-nome-da-camara-para-incluir-representacao-feminina\/#primaryimage\",\"url\":\"https:\/\/psol50.org.br\/inc\/uploads\/2025\/05\/img20250312170147253.jpg\",\"contentUrl\":\"https:\/\/psol50.org.br\/inc\/uploads\/2025\/05\/img20250312170147253.jpg\",\"width\":1984,\"height\":1223,\"caption\":\"Foto: Kayo Magalh\u00e3es\/C\u00e2mara dos Deputados\"},{\"@type\":\"BreadcrumbList\",\"@id\":\"https:\/\/psol50.org.br\/celia-xakriaba-psol-propoe-mudar-nome-da-camara-para-incluir-representacao-feminina\/#breadcrumb\",\"itemListElement\":[{\"@type\":\"ListItem\",\"position\":1,\"name\":\"In\u00edcio\",\"item\":\"https:\/\/psol50.org.br\/\"},{\"@type\":\"ListItem\",\"position\":2,\"name\":\"C\u00e9lia Xakriab\u00e1 prop\u00f5e mudar nome da C\u00e2mara para incluir representa\u00e7\u00e3o feminina\"}]},{\"@type\":\"WebSite\",\"@id\":\"https:\/\/psol50.org.br\/#website\",\"url\":\"https:\/\/psol50.org.br\/\",\"name\":\"PSOL 50\",\"description\":\"Site oficial do Partido Socialismo e Liberdade\",\"publisher\":{\"@id\":\"https:\/\/psol50.org.br\/#organization\"},\"alternateName\":\"PSOL50\",\"potentialAction\":[{\"@type\":\"SearchAction\",\"target\":{\"@type\":\"EntryPoint\",\"urlTemplate\":\"https:\/\/psol50.org.br\/?s={search_term_string}\"},\"query-input\":{\"@type\":\"PropertyValueSpecification\",\"valueRequired\":true,\"valueName\":\"search_term_string\"}}],\"inLanguage\":\"pt-BR\"},{\"@type\":\"Organization\",\"@id\":\"https:\/\/psol50.org.br\/#organization\",\"name\":\"PSOL 50\",\"alternateName\":\"PSOL 50\",\"url\":\"https:\/\/psol50.org.br\/\",\"logo\":{\"@type\":\"ImageObject\",\"inLanguage\":\"pt-BR\",\"@id\":\"https:\/\/psol50.org.br\/#\/schema\/logo\/image\/\",\"url\":\"https:\/\/psol50.org.br\/inc\/uploads\/2018\/07\/capa.png\",\"contentUrl\":\"https:\/\/psol50.org.br\/inc\/uploads\/2018\/07\/capa.png\",\"width\":1350,\"height\":900,\"caption\":\"PSOL 50\"},\"image\":{\"@id\":\"https:\/\/psol50.org.br\/#\/schema\/logo\/image\/\"},\"sameAs\":[\"https:\/\/www.facebook.com\/psol50\",\"https:\/\/x.com\/psol50\",\"https:\/\/www.instagram.com\/psol50\/\",\"https:\/\/www.youtube.com\/channel\/UC7SnJS5o1os7a6CaiNabzcg\"]},{\"@type\":\"Person\",\"@id\":\"https:\/\/psol50.org.br\/#\/schema\/person\/475dfa57d0b815993c714c2e96491fcd\",\"name\":\"Comunica\u00e7\u00e3o PSOL\",\"image\":{\"@type\":\"ImageObject\",\"inLanguage\":\"pt-BR\",\"@id\":\"https:\/\/psol50.org.br\/#\/schema\/person\/image\/\",\"url\":\"https:\/\/secure.gravatar.com\/avatar\/b34fc4f4e468a4e51785917065a3db57b841f5c95dba6ad8c73aaf8f66f8f9bf?s=96&d=mm&r=g\",\"contentUrl\":\"https:\/\/secure.gravatar.com\/avatar\/b34fc4f4e468a4e51785917065a3db57b841f5c95dba6ad8c73aaf8f66f8f9bf?s=96&d=mm&r=g\",\"caption\":\"Comunica\u00e7\u00e3o PSOL\"}}]}<\/script>\n<!-- \/ Yoast SEO plugin. -->","yoast_head_json":{"title":"C\u00e9lia Xakriab\u00e1 prop\u00f5e mudar nome da C\u00e2mara para incluir representa\u00e7\u00e3o feminina","description":"Apresentada ao lado de diversas outras parlamentares, PEC quer mudar nome oficial para C\u00e2mara dos Deputados e das Deputadas.","robots":{"index":"index","follow":"follow","max-snippet":"max-snippet:-1","max-image-preview":"max-image-preview:large","max-video-preview":"max-video-preview:-1"},"canonical":"https:\/\/psol50.org.br\/celia-xakriaba-psol-propoe-mudar-nome-da-camara-para-incluir-representacao-feminina\/","og_locale":"pt_BR","og_type":"article","og_title":"C\u00e9lia Xakriab\u00e1 prop\u00f5e mudar nome da C\u00e2mara para incluir representa\u00e7\u00e3o feminina","og_description":"Apresentada ao lado de diversas outras parlamentares, PEC quer mudar nome oficial para C\u00e2mara dos Deputados e das Deputadas.","og_url":"https:\/\/psol50.org.br\/celia-xakriaba-psol-propoe-mudar-nome-da-camara-para-incluir-representacao-feminina\/","og_site_name":"PSOL 50","article_publisher":"https:\/\/www.facebook.com\/psol50","article_published_time":"2025-05-09T13:47:12+00:00","article_modified_time":"2025-05-12T20:38:29+00:00","og_image":[{"width":1984,"height":1223,"url":"https:\/\/psol50.org.br\/inc\/uploads\/2025\/05\/img20250312170147253.jpg","type":"image\/jpeg"}],"author":"Comunica\u00e7\u00e3o PSOL","twitter_card":"summary_large_image","twitter_creator":"@psol50","twitter_site":"@psol50","twitter_misc":{"Escrito por":"Comunica\u00e7\u00e3o PSOL","Est. tempo de leitura":"1 minuto"},"schema":{"@context":"https:\/\/schema.org","@graph":[{"@type":"Article","@id":"https:\/\/psol50.org.br\/celia-xakriaba-psol-propoe-mudar-nome-da-camara-para-incluir-representacao-feminina\/#article","isPartOf":{"@id":"https:\/\/psol50.org.br\/celia-xakriaba-psol-propoe-mudar-nome-da-camara-para-incluir-representacao-feminina\/"},"author":{"name":"Comunica\u00e7\u00e3o PSOL","@id":"https:\/\/psol50.org.br\/#\/schema\/person\/475dfa57d0b815993c714c2e96491fcd"},"headline":"C\u00e9lia Xakriab\u00e1 prop\u00f5e mudar nome da C\u00e2mara para incluir representa\u00e7\u00e3o feminina","datePublished":"2025-05-09T13:47:12+00:00","dateModified":"2025-05-12T20:38:29+00:00","mainEntityOfPage":{"@id":"https:\/\/psol50.org.br\/celia-xakriaba-psol-propoe-mudar-nome-da-camara-para-incluir-representacao-feminina\/"},"wordCount":238,"publisher":{"@id":"https:\/\/psol50.org.br\/#organization"},"image":{"@id":"https:\/\/psol50.org.br\/celia-xakriaba-psol-propoe-mudar-nome-da-camara-para-incluir-representacao-feminina\/#primaryimage"},"thumbnailUrl":"https:\/\/psol50.org.br\/inc\/uploads\/2025\/05\/img20250312170147253.jpg","keywords":["Not\u00edcias"],"articleSection":["A\u00e7\u00e3o Parlamentar"],"inLanguage":"pt-BR"},{"@type":"WebPage","@id":"https:\/\/psol50.org.br\/celia-xakriaba-psol-propoe-mudar-nome-da-camara-para-incluir-representacao-feminina\/","url":"https:\/\/psol50.org.br\/celia-xakriaba-psol-propoe-mudar-nome-da-camara-para-incluir-representacao-feminina\/","name":"C\u00e9lia Xakriab\u00e1 prop\u00f5e mudar nome da C\u00e2mara para incluir representa\u00e7\u00e3o feminina","isPartOf":{"@id":"https:\/\/psol50.org.br\/#website"},"primaryImageOfPage":{"@id":"https:\/\/psol50.org.br\/celia-xakriaba-psol-propoe-mudar-nome-da-camara-para-incluir-representacao-feminina\/#primaryimage"},"image":{"@id":"https:\/\/psol50.org.br\/celia-xakriaba-psol-propoe-mudar-nome-da-camara-para-incluir-representacao-feminina\/#primaryimage"},"thumbnailUrl":"https:\/\/psol50.org.br\/inc\/uploads\/2025\/05\/img20250312170147253.jpg","datePublished":"2025-05-09T13:47:12+00:00","dateModified":"2025-05-12T20:38:29+00:00","description":"Apresentada ao lado de diversas outras parlamentares, PEC quer mudar nome oficial para C\u00e2mara dos Deputados e das Deputadas.","breadcrumb":{"@id":"https:\/\/psol50.org.br\/celia-xakriaba-psol-propoe-mudar-nome-da-camara-para-incluir-representacao-feminina\/#breadcrumb"},"inLanguage":"pt-BR","potentialAction":[{"@type":"ReadAction","target":["https:\/\/psol50.org.br\/celia-xakriaba-psol-propoe-mudar-nome-da-camara-para-incluir-representacao-feminina\/"]}]},{"@type":"ImageObject","inLanguage":"pt-BR","@id":"https:\/\/psol50.org.br\/celia-xakriaba-psol-propoe-mudar-nome-da-camara-para-incluir-representacao-feminina\/#primaryimage","url":"https:\/\/psol50.org.br\/inc\/uploads\/2025\/05\/img20250312170147253.jpg","contentUrl":"https:\/\/psol50.org.br\/inc\/uploads\/2025\/05\/img20250312170147253.jpg","width":1984,"height":1223,"caption":"Foto: Kayo Magalh\u00e3es\/C\u00e2mara dos Deputados"},{"@type":"BreadcrumbList","@id":"https:\/\/psol50.org.br\/celia-xakriaba-psol-propoe-mudar-nome-da-camara-para-incluir-representacao-feminina\/#breadcrumb","itemListElement":[{"@type":"ListItem","position":1,"name":"In\u00edcio","item":"https:\/\/psol50.org.br\/"},{"@type":"ListItem","position":2,"name":"C\u00e9lia Xakriab\u00e1 prop\u00f5e mudar nome da C\u00e2mara para incluir representa\u00e7\u00e3o feminina"}]},{"@type":"WebSite","@id":"https:\/\/psol50.org.br\/#website","url":"https:\/\/psol50.org.br\/","name":"PSOL 50","description":"Site oficial do Partido Socialismo e Liberdade","publisher":{"@id":"https:\/\/psol50.org.br\/#organization"},"alternateName":"PSOL50","potentialAction":[{"@type":"SearchAction","target":{"@type":"EntryPoint","urlTemplate":"https:\/\/psol50.org.br\/?s={search_term_string}"},"query-input":{"@type":"PropertyValueSpecification","valueRequired":true,"valueName":"search_term_string"}}],"inLanguage":"pt-BR"},{"@type":"Organization","@id":"https:\/\/psol50.org.br\/#organization","name":"PSOL 50","alternateName":"PSOL 50","url":"https:\/\/psol50.org.br\/","logo":{"@type":"ImageObject","inLanguage":"pt-BR","@id":"https:\/\/psol50.org.br\/#\/schema\/logo\/image\/","url":"https:\/\/psol50.org.br\/inc\/uploads\/2018\/07\/capa.png","contentUrl":"https:\/\/psol50.org.br\/inc\/uploads\/2018\/07\/capa.png","width":1350,"height":900,"caption":"PSOL 50"},"image":{"@id":"https:\/\/psol50.org.br\/#\/schema\/logo\/image\/"},"sameAs":["https:\/\/www.facebook.com\/psol50","https:\/\/x.com\/psol50","https:\/\/www.instagram.com\/psol50\/","https:\/\/www.youtube.com\/channel\/UC7SnJS5o1os7a6CaiNabzcg"]},{"@type":"Person","@id":"https:\/\/psol50.org.br\/#\/schema\/person\/475dfa57d0b815993c714c2e96491fcd","name":"Comunica\u00e7\u00e3o PSOL","image":{"@type":"ImageObject","inLanguage":"pt-BR","@id":"https:\/\/psol50.org.br\/#\/schema\/person\/image\/","url":"https:\/\/secure.gravatar.com\/avatar\/b34fc4f4e468a4e51785917065a3db57b841f5c95dba6ad8c73aaf8f66f8f9bf?s=96&d=mm&r=g","contentUrl":"https:\/\/secure.gravatar.com\/avatar\/b34fc4f4e468a4e51785917065a3db57b841f5c95dba6ad8c73aaf8f66f8f9bf?s=96&d=mm&r=g","caption":"Comunica\u00e7\u00e3o PSOL"}}]}},"_links":{"self":[{"href":"https:\/\/psol50.org.br\/rest\/wp\/v2\/posts\/41042","targetHints":{"allow":["GET"]}}],"collection":[{"href":"https:\/\/psol50.org.br\/rest\/wp\/v2\/posts"}],"about":[{"href":"https:\/\/psol50.org.br\/rest\/wp\/v2\/types\/post"}],"author":[{"embeddable":true,"href":"https:\/\/psol50.org.br\/rest\/wp\/v2\/users\/2"}],"replies":[{"embeddable":true,"href":"https:\/\/psol50.org.br\/rest\/wp\/v2\/comments?post=41042"}],"version-history":[{"count":3,"href":"https:\/\/psol50.org.br\/rest\/wp\/v2\/posts\/41042\/revisions"}],"predecessor-version":[{"id":41064,"href":"https:\/\/psol50.org.br\/rest\/wp\/v2\/posts\/41042\/revisions\/41064"}],"wp:featuredmedia":[{"embeddable":true,"href":"https:\/\/psol50.org.br\/rest\/wp\/v2\/media\/41046"}],"wp:attachment":[{"href":"https:\/\/psol50.org.br\/rest\/wp\/v2\/media?parent=41042"}],"wp:term":[{"taxonomy":"category","embeddable":true,"href":"https:\/\/psol50.org.br\/rest\/wp\/v2\/categories?post=41042"},{"taxonomy":"post_tag","embeddable":true,"href":"https:\/\/psol50.org.br\/rest\/wp\/v2\/tags?post=41042"}],"curies":[{"name":"wp","href":"https:\/\/api.w.org\/{rel}","templated":true}]}}