{"id":41044,"date":"2025-05-08T17:33:36","date_gmt":"2025-05-08T20:33:36","guid":{"rendered":"https:\/\/psol50.org.br\/?p=41044"},"modified":"2025-05-14T11:57:21","modified_gmt":"2025-05-14T14:57:21","slug":"comissao-fim-da-escala-6x1","status":"publish","type":"post","link":"https:\/\/psol50.org.br\/comissao-fim-da-escala-6x1\/","title":{"rendered":"Erika Hilton vai presidir comiss\u00e3o que debate o fim da escala 6&#215;1 na C\u00e2mara"},"content":{"rendered":"<p>A deputada federal Erika Hilton (PSOL-SP) presidir\u00e1 a nova Subcomiss\u00e3o Especial da C\u00e2mara dos Deputados que vai debater o fim da jornada de trabalho na escala 6&#215;1. A cria\u00e7\u00e3o do colegiado, aprovada nesta quarta-feira (7) pela Comiss\u00e3o de Trabalho, representa um avan\u00e7o importante na luta por direitos e qualidade de vida aos trabalhadores e trabalhadoras.<\/p>\n<p>A proposta da deputada \u00e9 substituir esse modelo por uma jornada de 36 horas semanais distribu\u00eddas em quatro dias de trabalho e tr\u00eas de descanso, como prev\u00ea a PEC apresentada por Erika Hilton junto ao Movimento VAT no in\u00edcio do ano.<\/p>\n<p>Com a implementa\u00e7\u00e3o da subcomiss\u00e3o, a pauta ganha for\u00e7a dentro do Congresso Nacional. A expectativa \u00e9 que o grupo organize audi\u00eancias p\u00fablicas, ou\u00e7a especialistas, trabalhadores e representantes de diversos setores da sociedade. O objetivo \u00e9 construir um amplo debate nacional sobre as consequ\u00eancias do modelo atual e as possibilidades de transforma\u00e7\u00e3o.<\/p>\n<p>\u201cEstamos diante de uma das mais urgentes e transformadoras pautas do mundo do trabalho\u201d, afirma Erika. \u201cO modelo 6&#215;1 adoece, precariza e retira da classe trabalhadora o direito ao conv\u00edvio social e ao descanso. Nossa tarefa \u00e9 atualizar a legisla\u00e7\u00e3o brasileira&#8221;.<\/p>\n<p>A cria\u00e7\u00e3o da subcomiss\u00e3o fortalece a tramita\u00e7\u00e3o da PEC na C\u00e2mara, dando visibilidade ao tema e posicionando o debate para etapas decisivas como a Comiss\u00e3o de Constitui\u00e7\u00e3o e Justi\u00e7a (CCJ) e o Plen\u00e1rio.<\/p>\n<p>Com a presid\u00eancia de Erika Hilton, a comiss\u00e3o se torna um espa\u00e7o estrat\u00e9gico para impulsionar a luta por um novo modelo de trabalho, que respeite os direitos e a dignidade de quem sustenta o pa\u00eds com seu esfor\u00e7o di\u00e1rio.<\/p>\n","protected":false},"excerpt":{"rendered":"<p>A deputada federal Erika Hilton (PSOL-SP) presidir\u00e1 a nova Subcomiss\u00e3o Especial da C\u00e2mara dos Deputados que vai debater o fim da jornada de trabalho na escala 6&#215;1. A cria\u00e7\u00e3o do colegiado, aprovada nesta quarta-feira (7) pela Comiss\u00e3o de Trabalho, representa um avan\u00e7o importante na luta por direitos e qualidade de vida aos trabalhadores e trabalhadoras. [&hellip;]<\/p>\n","protected":false},"author":2,"featured_media":40957,"comment_status":"closed","ping_status":"open","sticky":false,"template":"","format":"standard","meta":{"_acf_changed":false,"footnotes":""},"categories":[10],"tags":[4825],"class_list":{"0":"post-41044","1":"post","2":"type-post","3":"status-publish","4":"format-standard","5":"has-post-thumbnail","7":"category-acao-parlamentares","8":"tag-noticias"},"acf":[],"yoast_head":"<!-- This site is optimized with the Yoast SEO plugin v26.5 - https:\/\/yoast.com\/wordpress\/plugins\/seo\/ -->\n<title>Erika Hilton vai presidir comiss\u00e3o que debate o fim da escala 6x1 na C\u00e2mara - PSOL 50<\/title>\n<meta name=\"description\" content=\"Erika Hilton vai presidir comiss\u00e3o que debate a redu\u00e7\u00e3o da jornada de trabalho e a extin\u00e7\u00e3o da escala 6x1. Saiba mais.\" \/>\n<meta name=\"robots\" content=\"index, follow, max-snippet:-1, max-image-preview:large, max-video-preview:-1\" \/>\n<link rel=\"canonical\" href=\"https:\/\/psol50.org.br\/comissao-fim-da-escala-6x1\/\" \/>\n<meta property=\"og:locale\" content=\"pt_BR\" \/>\n<meta property=\"og:type\" content=\"article\" \/>\n<meta property=\"og:title\" content=\"Erika Hilton vai presidir comiss\u00e3o que debate o fim da escala 6x1 na C\u00e2mara - PSOL 50\" \/>\n<meta property=\"og:description\" content=\"Erika Hilton vai presidir comiss\u00e3o que debate a redu\u00e7\u00e3o da jornada de trabalho e a extin\u00e7\u00e3o da escala 6x1. Saiba mais.\" \/>\n<meta property=\"og:url\" content=\"https:\/\/psol50.org.br\/comissao-fim-da-escala-6x1\/\" \/>\n<meta property=\"og:site_name\" content=\"PSOL 50\" \/>\n<meta property=\"article:publisher\" content=\"https:\/\/www.facebook.com\/psol50\" \/>\n<meta property=\"article:published_time\" content=\"2025-05-08T20:33:36+00:00\" \/>\n<meta property=\"article:modified_time\" content=\"2025-05-14T14:57:21+00:00\" \/>\n<meta property=\"og:image\" content=\"https:\/\/psol50.org.br\/inc\/uploads\/2025\/04\/img20240521203938413.jpg\" \/>\n\t<meta property=\"og:image:width\" content=\"1984\" \/>\n\t<meta property=\"og:image:height\" content=\"1223\" \/>\n\t<meta property=\"og:image:type\" content=\"image\/jpeg\" \/>\n<meta name=\"author\" content=\"Comunica\u00e7\u00e3o PSOL\" \/>\n<meta name=\"twitter:card\" content=\"summary_large_image\" \/>\n<meta name=\"twitter:creator\" content=\"@psol50\" \/>\n<meta name=\"twitter:site\" content=\"@psol50\" \/>\n<meta name=\"twitter:label1\" content=\"Escrito por\" \/>\n\t<meta name=\"twitter:data1\" content=\"Comunica\u00e7\u00e3o PSOL\" \/>\n\t<meta name=\"twitter:label2\" content=\"Est. tempo de leitura\" \/>\n\t<meta name=\"twitter:data2\" content=\"1 minuto\" \/>\n<script type=\"application\/ld+json\" class=\"yoast-schema-graph\">{\"@context\":\"https:\/\/schema.org\",\"@graph\":[{\"@type\":\"Article\",\"@id\":\"https:\/\/psol50.org.br\/comissao-fim-da-escala-6x1\/#article\",\"isPartOf\":{\"@id\":\"https:\/\/psol50.org.br\/comissao-fim-da-escala-6x1\/\"},\"author\":{\"name\":\"Comunica\u00e7\u00e3o PSOL\",\"@id\":\"https:\/\/psol50.org.br\/#\/schema\/person\/475dfa57d0b815993c714c2e96491fcd\"},\"headline\":\"Erika Hilton vai presidir comiss\u00e3o que debate o fim da escala 6&#215;1 na C\u00e2mara\",\"datePublished\":\"2025-05-08T20:33:36+00:00\",\"dateModified\":\"2025-05-14T14:57:21+00:00\",\"mainEntityOfPage\":{\"@id\":\"https:\/\/psol50.org.br\/comissao-fim-da-escala-6x1\/\"},\"wordCount\":303,\"publisher\":{\"@id\":\"https:\/\/psol50.org.br\/#organization\"},\"image\":{\"@id\":\"https:\/\/psol50.org.br\/comissao-fim-da-escala-6x1\/#primaryimage\"},\"thumbnailUrl\":\"https:\/\/psol50.org.br\/inc\/uploads\/2025\/04\/img20240521203938413.jpg\",\"keywords\":[\"Not\u00edcias\"],\"articleSection\":[\"A\u00e7\u00e3o Parlamentar\"],\"inLanguage\":\"pt-BR\"},{\"@type\":\"WebPage\",\"@id\":\"https:\/\/psol50.org.br\/comissao-fim-da-escala-6x1\/\",\"url\":\"https:\/\/psol50.org.br\/comissao-fim-da-escala-6x1\/\",\"name\":\"Erika Hilton vai presidir comiss\u00e3o que debate o fim da escala 6x1 na C\u00e2mara - PSOL 50\",\"isPartOf\":{\"@id\":\"https:\/\/psol50.org.br\/#website\"},\"primaryImageOfPage\":{\"@id\":\"https:\/\/psol50.org.br\/comissao-fim-da-escala-6x1\/#primaryimage\"},\"image\":{\"@id\":\"https:\/\/psol50.org.br\/comissao-fim-da-escala-6x1\/#primaryimage\"},\"thumbnailUrl\":\"https:\/\/psol50.org.br\/inc\/uploads\/2025\/04\/img20240521203938413.jpg\",\"datePublished\":\"2025-05-08T20:33:36+00:00\",\"dateModified\":\"2025-05-14T14:57:21+00:00\",\"description\":\"Erika Hilton vai presidir comiss\u00e3o que debate a redu\u00e7\u00e3o da jornada de trabalho e a extin\u00e7\u00e3o da escala 6x1. Saiba mais.\",\"breadcrumb\":{\"@id\":\"https:\/\/psol50.org.br\/comissao-fim-da-escala-6x1\/#breadcrumb\"},\"inLanguage\":\"pt-BR\",\"potentialAction\":[{\"@type\":\"ReadAction\",\"target\":[\"https:\/\/psol50.org.br\/comissao-fim-da-escala-6x1\/\"]}]},{\"@type\":\"ImageObject\",\"inLanguage\":\"pt-BR\",\"@id\":\"https:\/\/psol50.org.br\/comissao-fim-da-escala-6x1\/#primaryimage\",\"url\":\"https:\/\/psol50.org.br\/inc\/uploads\/2025\/04\/img20240521203938413.jpg\",\"contentUrl\":\"https:\/\/psol50.org.br\/inc\/uploads\/2025\/04\/img20240521203938413.jpg\",\"width\":1984,\"height\":1223,\"caption\":\"Zeca Ribeiro\/C\u00e2mara dos Deputados\"},{\"@type\":\"BreadcrumbList\",\"@id\":\"https:\/\/psol50.org.br\/comissao-fim-da-escala-6x1\/#breadcrumb\",\"itemListElement\":[{\"@type\":\"ListItem\",\"position\":1,\"name\":\"In\u00edcio\",\"item\":\"https:\/\/psol50.org.br\/\"},{\"@type\":\"ListItem\",\"position\":2,\"name\":\"Erika Hilton vai presidir comiss\u00e3o que debate o fim da escala 6&#215;1 na C\u00e2mara\"}]},{\"@type\":\"WebSite\",\"@id\":\"https:\/\/psol50.org.br\/#website\",\"url\":\"https:\/\/psol50.org.br\/\",\"name\":\"PSOL 50\",\"description\":\"Site oficial do Partido Socialismo e Liberdade\",\"publisher\":{\"@id\":\"https:\/\/psol50.org.br\/#organization\"},\"alternateName\":\"PSOL50\",\"potentialAction\":[{\"@type\":\"SearchAction\",\"target\":{\"@type\":\"EntryPoint\",\"urlTemplate\":\"https:\/\/psol50.org.br\/?s={search_term_string}\"},\"query-input\":{\"@type\":\"PropertyValueSpecification\",\"valueRequired\":true,\"valueName\":\"search_term_string\"}}],\"inLanguage\":\"pt-BR\"},{\"@type\":\"Organization\",\"@id\":\"https:\/\/psol50.org.br\/#organization\",\"name\":\"PSOL 50\",\"alternateName\":\"PSOL 50\",\"url\":\"https:\/\/psol50.org.br\/\",\"logo\":{\"@type\":\"ImageObject\",\"inLanguage\":\"pt-BR\",\"@id\":\"https:\/\/psol50.org.br\/#\/schema\/logo\/image\/\",\"url\":\"https:\/\/psol50.org.br\/inc\/uploads\/2018\/07\/capa.png\",\"contentUrl\":\"https:\/\/psol50.org.br\/inc\/uploads\/2018\/07\/capa.png\",\"width\":1350,\"height\":900,\"caption\":\"PSOL 50\"},\"image\":{\"@id\":\"https:\/\/psol50.org.br\/#\/schema\/logo\/image\/\"},\"sameAs\":[\"https:\/\/www.facebook.com\/psol50\",\"https:\/\/x.com\/psol50\",\"https:\/\/www.instagram.com\/psol50\/\",\"https:\/\/www.youtube.com\/channel\/UC7SnJS5o1os7a6CaiNabzcg\"]},{\"@type\":\"Person\",\"@id\":\"https:\/\/psol50.org.br\/#\/schema\/person\/475dfa57d0b815993c714c2e96491fcd\",\"name\":\"Comunica\u00e7\u00e3o PSOL\",\"image\":{\"@type\":\"ImageObject\",\"inLanguage\":\"pt-BR\",\"@id\":\"https:\/\/psol50.org.br\/#\/schema\/person\/image\/\",\"url\":\"https:\/\/secure.gravatar.com\/avatar\/b34fc4f4e468a4e51785917065a3db57b841f5c95dba6ad8c73aaf8f66f8f9bf?s=96&d=mm&r=g\",\"contentUrl\":\"https:\/\/secure.gravatar.com\/avatar\/b34fc4f4e468a4e51785917065a3db57b841f5c95dba6ad8c73aaf8f66f8f9bf?s=96&d=mm&r=g\",\"caption\":\"Comunica\u00e7\u00e3o PSOL\"}}]}<\/script>\n<!-- \/ Yoast SEO plugin. -->","yoast_head_json":{"title":"Erika Hilton vai presidir comiss\u00e3o que debate o fim da escala 6x1 na C\u00e2mara - PSOL 50","description":"Erika Hilton vai presidir comiss\u00e3o que debate a redu\u00e7\u00e3o da jornada de trabalho e a extin\u00e7\u00e3o da escala 6x1. Saiba mais.","robots":{"index":"index","follow":"follow","max-snippet":"max-snippet:-1","max-image-preview":"max-image-preview:large","max-video-preview":"max-video-preview:-1"},"canonical":"https:\/\/psol50.org.br\/comissao-fim-da-escala-6x1\/","og_locale":"pt_BR","og_type":"article","og_title":"Erika Hilton vai presidir comiss\u00e3o que debate o fim da escala 6x1 na C\u00e2mara - PSOL 50","og_description":"Erika Hilton vai presidir comiss\u00e3o que debate a redu\u00e7\u00e3o da jornada de trabalho e a extin\u00e7\u00e3o da escala 6x1. Saiba mais.","og_url":"https:\/\/psol50.org.br\/comissao-fim-da-escala-6x1\/","og_site_name":"PSOL 50","article_publisher":"https:\/\/www.facebook.com\/psol50","article_published_time":"2025-05-08T20:33:36+00:00","article_modified_time":"2025-05-14T14:57:21+00:00","og_image":[{"width":1984,"height":1223,"url":"https:\/\/psol50.org.br\/inc\/uploads\/2025\/04\/img20240521203938413.jpg","type":"image\/jpeg"}],"author":"Comunica\u00e7\u00e3o PSOL","twitter_card":"summary_large_image","twitter_creator":"@psol50","twitter_site":"@psol50","twitter_misc":{"Escrito por":"Comunica\u00e7\u00e3o PSOL","Est. tempo de leitura":"1 minuto"},"schema":{"@context":"https:\/\/schema.org","@graph":[{"@type":"Article","@id":"https:\/\/psol50.org.br\/comissao-fim-da-escala-6x1\/#article","isPartOf":{"@id":"https:\/\/psol50.org.br\/comissao-fim-da-escala-6x1\/"},"author":{"name":"Comunica\u00e7\u00e3o PSOL","@id":"https:\/\/psol50.org.br\/#\/schema\/person\/475dfa57d0b815993c714c2e96491fcd"},"headline":"Erika Hilton vai presidir comiss\u00e3o que debate o fim da escala 6&#215;1 na C\u00e2mara","datePublished":"2025-05-08T20:33:36+00:00","dateModified":"2025-05-14T14:57:21+00:00","mainEntityOfPage":{"@id":"https:\/\/psol50.org.br\/comissao-fim-da-escala-6x1\/"},"wordCount":303,"publisher":{"@id":"https:\/\/psol50.org.br\/#organization"},"image":{"@id":"https:\/\/psol50.org.br\/comissao-fim-da-escala-6x1\/#primaryimage"},"thumbnailUrl":"https:\/\/psol50.org.br\/inc\/uploads\/2025\/04\/img20240521203938413.jpg","keywords":["Not\u00edcias"],"articleSection":["A\u00e7\u00e3o Parlamentar"],"inLanguage":"pt-BR"},{"@type":"WebPage","@id":"https:\/\/psol50.org.br\/comissao-fim-da-escala-6x1\/","url":"https:\/\/psol50.org.br\/comissao-fim-da-escala-6x1\/","name":"Erika Hilton vai presidir comiss\u00e3o que debate o fim da escala 6x1 na C\u00e2mara - PSOL 50","isPartOf":{"@id":"https:\/\/psol50.org.br\/#website"},"primaryImageOfPage":{"@id":"https:\/\/psol50.org.br\/comissao-fim-da-escala-6x1\/#primaryimage"},"image":{"@id":"https:\/\/psol50.org.br\/comissao-fim-da-escala-6x1\/#primaryimage"},"thumbnailUrl":"https:\/\/psol50.org.br\/inc\/uploads\/2025\/04\/img20240521203938413.jpg","datePublished":"2025-05-08T20:33:36+00:00","dateModified":"2025-05-14T14:57:21+00:00","description":"Erika Hilton vai presidir comiss\u00e3o que debate a redu\u00e7\u00e3o da jornada de trabalho e a extin\u00e7\u00e3o da escala 6x1. Saiba mais.","breadcrumb":{"@id":"https:\/\/psol50.org.br\/comissao-fim-da-escala-6x1\/#breadcrumb"},"inLanguage":"pt-BR","potentialAction":[{"@type":"ReadAction","target":["https:\/\/psol50.org.br\/comissao-fim-da-escala-6x1\/"]}]},{"@type":"ImageObject","inLanguage":"pt-BR","@id":"https:\/\/psol50.org.br\/comissao-fim-da-escala-6x1\/#primaryimage","url":"https:\/\/psol50.org.br\/inc\/uploads\/2025\/04\/img20240521203938413.jpg","contentUrl":"https:\/\/psol50.org.br\/inc\/uploads\/2025\/04\/img20240521203938413.jpg","width":1984,"height":1223,"caption":"Zeca Ribeiro\/C\u00e2mara dos Deputados"},{"@type":"BreadcrumbList","@id":"https:\/\/psol50.org.br\/comissao-fim-da-escala-6x1\/#breadcrumb","itemListElement":[{"@type":"ListItem","position":1,"name":"In\u00edcio","item":"https:\/\/psol50.org.br\/"},{"@type":"ListItem","position":2,"name":"Erika Hilton vai presidir comiss\u00e3o que debate o fim da escala 6&#215;1 na C\u00e2mara"}]},{"@type":"WebSite","@id":"https:\/\/psol50.org.br\/#website","url":"https:\/\/psol50.org.br\/","name":"PSOL 50","description":"Site oficial do Partido Socialismo e Liberdade","publisher":{"@id":"https:\/\/psol50.org.br\/#organization"},"alternateName":"PSOL50","potentialAction":[{"@type":"SearchAction","target":{"@type":"EntryPoint","urlTemplate":"https:\/\/psol50.org.br\/?s={search_term_string}"},"query-input":{"@type":"PropertyValueSpecification","valueRequired":true,"valueName":"search_term_string"}}],"inLanguage":"pt-BR"},{"@type":"Organization","@id":"https:\/\/psol50.org.br\/#organization","name":"PSOL 50","alternateName":"PSOL 50","url":"https:\/\/psol50.org.br\/","logo":{"@type":"ImageObject","inLanguage":"pt-BR","@id":"https:\/\/psol50.org.br\/#\/schema\/logo\/image\/","url":"https:\/\/psol50.org.br\/inc\/uploads\/2018\/07\/capa.png","contentUrl":"https:\/\/psol50.org.br\/inc\/uploads\/2018\/07\/capa.png","width":1350,"height":900,"caption":"PSOL 50"},"image":{"@id":"https:\/\/psol50.org.br\/#\/schema\/logo\/image\/"},"sameAs":["https:\/\/www.facebook.com\/psol50","https:\/\/x.com\/psol50","https:\/\/www.instagram.com\/psol50\/","https:\/\/www.youtube.com\/channel\/UC7SnJS5o1os7a6CaiNabzcg"]},{"@type":"Person","@id":"https:\/\/psol50.org.br\/#\/schema\/person\/475dfa57d0b815993c714c2e96491fcd","name":"Comunica\u00e7\u00e3o PSOL","image":{"@type":"ImageObject","inLanguage":"pt-BR","@id":"https:\/\/psol50.org.br\/#\/schema\/person\/image\/","url":"https:\/\/secure.gravatar.com\/avatar\/b34fc4f4e468a4e51785917065a3db57b841f5c95dba6ad8c73aaf8f66f8f9bf?s=96&d=mm&r=g","contentUrl":"https:\/\/secure.gravatar.com\/avatar\/b34fc4f4e468a4e51785917065a3db57b841f5c95dba6ad8c73aaf8f66f8f9bf?s=96&d=mm&r=g","caption":"Comunica\u00e7\u00e3o PSOL"}}]}},"_links":{"self":[{"href":"https:\/\/psol50.org.br\/rest\/wp\/v2\/posts\/41044","targetHints":{"allow":["GET"]}}],"collection":[{"href":"https:\/\/psol50.org.br\/rest\/wp\/v2\/posts"}],"about":[{"href":"https:\/\/psol50.org.br\/rest\/wp\/v2\/types\/post"}],"author":[{"embeddable":true,"href":"https:\/\/psol50.org.br\/rest\/wp\/v2\/users\/2"}],"replies":[{"embeddable":true,"href":"https:\/\/psol50.org.br\/rest\/wp\/v2\/comments?post=41044"}],"version-history":[{"count":1,"href":"https:\/\/psol50.org.br\/rest\/wp\/v2\/posts\/41044\/revisions"}],"predecessor-version":[{"id":41049,"href":"https:\/\/psol50.org.br\/rest\/wp\/v2\/posts\/41044\/revisions\/41049"}],"wp:featuredmedia":[{"embeddable":true,"href":"https:\/\/psol50.org.br\/rest\/wp\/v2\/media\/40957"}],"wp:attachment":[{"href":"https:\/\/psol50.org.br\/rest\/wp\/v2\/media?parent=41044"}],"wp:term":[{"taxonomy":"category","embeddable":true,"href":"https:\/\/psol50.org.br\/rest\/wp\/v2\/categories?post=41044"},{"taxonomy":"post_tag","embeddable":true,"href":"https:\/\/psol50.org.br\/rest\/wp\/v2\/tags?post=41044"}],"curies":[{"name":"wp","href":"https:\/\/api.w.org\/{rel}","templated":true}]}}