{"id":411,"date":"2011-05-27T00:00:00","date_gmt":"2011-05-27T00:00:00","guid":{"rendered":"http:\/\/psol50.org.br\/arquivo\/2011\/05\/27\/peru-um-pais-que-decide-seu-modelo\/"},"modified":"2011-05-27T00:00:00","modified_gmt":"2011-05-27T00:00:00","slug":"peru-um-pais-que-decide-seu-modelo","status":"publish","type":"post","link":"https:\/\/psol50.org.br\/peru-um-pais-que-decide-seu-modelo\/","title":{"rendered":"Peru: um pa\u00eds que decide seu modelo"},"content":{"rendered":"<p><em><strong><a rel=\"attachment wp-att-8547\" href=\"http:\/\/psol50.org.br\/blog\/2011\/05\/27\/peru-um-pais-que-decide-seu-modelo\/perudecideseumodelo\/\"><img loading=\"lazy\" decoding=\"async\" class=\"alignleft size-medium wp-image-8547\" src=\"http:\/\/psol50.org.br\/files\/2011\/05\/PeruDecideSeuModelo-300x215.jpg\" alt=\"\" width=\"300\" height=\"215\" \/><\/a>*Julia Nassif de Souza e Ignacio Lemus &#8211; de Lima (Peru)<\/strong><\/em><\/p>\n<p>Onze anos depois dos esc\u00e2ndalos de corrup\u00e7\u00e3o, viola\u00e7\u00f5es comprovadas de direitos humanos e fuga de pol\u00edticos que marcaram a queda do fujimorismo, o Peru se prepara para o segundo turno das elei\u00e7\u00f5es presidenciais que apresentam Keiko Fujimori \u2013 filha do ex-presidente e, hoje, atr\u00e1s das grades, Alberto Fujimori \u2013 em uma ferrenha disputa com o candidato progressista Ollanta Humala, que alcan\u00e7a pela segunda vez consecutiva o segundo turno.<\/p>\n<p>Os n\u00fameros indicam que at\u00e9 5 de junho o pa\u00eds viver\u00e1 um clima de incertezas, ap\u00f3s um primeiro turno em que Gana Per\u00fa, partido de Humala, superou, com 31,7% dos votos, as quatro for\u00e7as apresentadas pela direita neoliberal: Keiko Fujimori (23,5%); o peruano-estadunidense Pedro Pablo Kuczynski, ex-assessor do Banco Mundial e ex-primeiro-ministro; o ex-presidente AlejandroToledo; e Luis Casta\u00f1eda.<\/p>\n<p>De acordo com a \u00faltima pesquisa, do instituto de pesquisas Datum, de 15 de maio, o apoio dos grandes meios de comunica\u00e7\u00e3o \u00e0 filha do ex-ditador tem dado resultado: Fujimori, com 46% das inten\u00e7\u00f5es de votos, supera Humala por quase 6 pontos de diferen\u00e7a. 8,6% dos peruanos ainda estariam indecisos.<\/p>\n<p><strong>Origem militar<\/strong><\/p>\n<p>Ollanta Mois\u00e9s Humala Tasso, segundo de sete irm\u00e3os, \u00e9 descendente do movimento militar Etnocacerista, grupo que nasceu para atuar na defesa dos direitos nacionais ind\u00edgenas.<\/p>\n<p>Como militar, em 1991, Humala prestou servi\u00e7os combatendo os remanescentes do grupo guerrilheiro Sendero Luminoso, fun\u00e7\u00e3o pela qual o candidato n\u00e3o \u00e9 muito recordado. Em 2000, ainda como militar, esteve na rebeli\u00e3o na cidade de Moquegua, no sul do Peru, contra o regime de Alberto Fujimori, enquanto o assessor presidencial Vladimiro Montesinos escapava do pa\u00eds em um veleiro.<\/p>\n<p>Humala tamb\u00e9m conta em seu curr\u00edculo com investiga\u00e7\u00f5es e acusa\u00e7\u00f5es contra ele, nenhuma delas comprovadas na Justi\u00e7a peruana. Afastado do servi\u00e7o militar em 2005, o candidato foi acusado de ter participado de um levante seguido de assalto em uma delegacia no qual seu irm\u00e3o, o ultranacionalista Antauro Humala, terminou condenado a 25 anos de pris\u00e3o por delitos de homic\u00eddio qualificado, rebeli\u00e3o e porte ilegal de armas.<\/p>\n<p>Em 2005, como l\u00edder do Partido Nacionalista Peruano, postulou-se \u00e0s elei\u00e7\u00f5es presidenciais, em alian\u00e7a com o partido Uni\u00f3n por el Per\u00fa. Contando com o apoio anunciado do presidente venezuelano Hugo Ch\u00e1vez, disputou o segundo turno contra Alan Garc\u00eda, que saiu vitorioso.<\/p>\n<p>Cinco anos mais tarde, o Gana Per\u00fa, alian\u00e7a do Partido Nacionalista Peruano com partidos de esquerda, apresenta Humala como a ?\u00fanica for\u00e7a para enfrentar os quatro candidatos da direita neoliberal.<\/p>\n<p><strong>Esc\u00e2ndalos e popularidade<\/strong><\/p>\n<p>Do outro lado, est\u00e1 Keiko Fujimori, que, com 34 anos, j\u00e1 carrega uma bagagem governista desde 1994 quando, aos 19 anos, enfrentou o turbulento div\u00f3rcio dos pais e escolheu ficar ao lado do ent\u00e3o mandat\u00e1rio. Os frutos dessa decis\u00e3o ela colhe agora, alcan\u00e7ando altos \u00edndices de popularidade em sua primeira tentativa presidencial.<\/p>\n<p>No ano 2000, na terceira gest\u00e3o presidencial de Alberto Fujimori, durante os esc\u00e2ndalos e den\u00fancias de corrup\u00e7\u00e3o e viola\u00e7\u00e3o de direitos humanos que j\u00e1 n\u00e3o se podia esconder, o presidente foge do pa\u00eds e s\u00f3 \u00e9 detido em 2005, no Chile, em uma a\u00e7\u00e3o hist\u00f3rica da Justi\u00e7a latino-americana.<\/p>\n<p>Keiko, ent\u00e3o, volta a morar nos Estados Unidos, onde completa sua prepara\u00e7\u00e3o pol\u00edtica inspirada na defesa de seu pai, que cumpre 25 anos de pris\u00e3o.<\/p>\n<p>Os esc\u00e2ndalos que rondam a fam\u00edlia Fujimori n\u00e3o evitaram que Keiko, em sua primeira tentativa \u00e0 presid\u00eancia, venha alcan\u00e7ando mais da metade das inten\u00e7\u00f5es de votos v\u00e1lidos no segundo turno. Mas, com tanta corrup\u00e7\u00e3o exposta e comprovada, pris\u00f5es decretadas e fugas do pa\u00eds, por que a candidata tem tanta popularidade?<\/p>\n<p>\u00c9 o que explica o peruano Oscar Ugarteche, economista, presidente da Ag\u00eancia Latino-Americana de Informa\u00e7\u00e3o (Alai) e coordenador do Observat\u00f3rio Econ\u00f4mico da Am\u00e9rica Latina (Obela). Ao analisar o processo eleitoral peruano, ele sugere que a filha de Fujimori conquista as novas gera\u00e7\u00f5es apresentando-se como a \u201cjovem m\u00e3e, simp\u00e1tica, com um marido gringo e com tr\u00eas passaportes, que, vergonhosamente, s\u00e3o valores positivos para a sociedade peruana\u201d.<\/p>\n<p><strong>Apoio dos movimentos<\/strong><\/p>\n<p>A imagem de boa mo\u00e7a, exemplo para a juventude desinteressada na pol\u00edtica do pa\u00eds, j\u00e1 seria suficiente para conquistar tamanha vota\u00e7\u00e3o de uma gera\u00e7\u00e3o que n\u00e3o viveu ou n\u00e3o tem mem\u00f3ria do autoritarismo fujimorista. Al\u00e9m disso, segundo , que teve que sair por tr\u00eas vezes do pa\u00eds na era Fujimori, \u201ca direita promoveu tudo com tanta intelig\u00eancia que Humala simboliza perda, autoritarismo, viola\u00e7\u00e3o dos direitos humanos, expropria\u00e7\u00f5es, estatiza\u00e7\u00f5es, controles de pre\u00e7os e tudo o que levou \u00e0 hiperinfla\u00e7\u00e3o que Alan Garc\u00eda produziu nos anos 1980\u201d.<\/p>\n<p>Apesar das vincula\u00e7\u00f5es que s\u00e3o atribu\u00eddas a ele, no entanto, a maioria dos movimentos sociais no Peru o tem apoiado, nem sempre por identifica\u00e7\u00e3o plena, mas sim por uma uni\u00e3o dos movimentos e partidos da esquerda peruana contra um medo em comum: o retorno \u00e0 corrup\u00e7\u00e3o e \u00e0 \u201cditadura\u201d fujimorista.<\/p>\n<p>Lourdes Huanca, presidenta da Femucarinap (Federa\u00e7\u00e3o de Mulheres Campesinas, Artes\u00e3s, Ind\u00edgenas, Nativas e Assalariadas do Peru), confirma o apoio da organiza\u00e7\u00e3o e esclarece que essa decis\u00e3o foi discutida e tomada pela maioria dos movimentos sociais que atuam em defesa, principalmente, da liberdade e da democracia, que estariam amea\u00e7adas com a volta do fujimorismo.<\/p>\n<p>Tais riscos s\u00e3o tamb\u00e9m apontadas por Ugarteche, que adverte ainda que, em uma eventual vit\u00f3ria de Keiko, Alberto Fujimori, o fantasma ignorado pela imprensa nesta elei\u00e7\u00e3o, seria solto no dia seguinte ao segundo turno.<\/p>\n<p>Ao mesmo tempo em que a m\u00eddia esquece o ditador, ela tenta fazer colar a imagem de falta de autonomia da candidatura de Ollanta Humala, mostrando Hugo Ch\u00e1vez \u00e0 sua sombra.<\/p>\n<p><strong>Hugo Ch\u00e1vez<\/strong><\/p>\n<p>N\u00e3o \u00e9 de hoje que isso acontece. Desde que o atual presidente, Alan Garc\u00eda, assumiu, a m\u00eddia tem incentivado a campanha contra Ch\u00e1vez, comenta Ugarteche, assegurando que se trata de uma jogada pol\u00edtica para diferenciar o governo \u201cdemocr\u00e1tico\u201d de Garc\u00eda do \u201cn\u00e3o democr\u00e1tico\u201d do venezuelano, com o objetivo de polarizar a Am\u00e9rica do Sul e separar o Peru e a Col\u00f4mbia de uma din\u00e2mica pol\u00edtica regional que est\u00e1 em curso.<\/p>\n<p>O peculiar, acredita o economista, \u00e9 que essa campanha n\u00e3o \u00e9 acidental, pois estaria orquestrada pela direita venezuelana, que estaria assessorando Keiko Fujimori. Paradoxalmente, se o conceito que o imagin\u00e1rio midi\u00e1tico criou do \u201cditador\u201d Hugo Ch\u00e1vez encontra paralelo em algum peruano, este seria Alberto Fujimori.<\/p>\n<p>Ugarteche agrega que o Peru possui traumas das guerras contra Equador e Chile, das perdas ocasionadas pela infla\u00e7\u00e3o e das reformas de Juan Velasco Alvarado [presidente do autodenominado Governo Revolucion\u00e1rio das For\u00e7as Armadas, entre 1968 e 1975].<\/p>\n<p>Segundo ele, cada vez que tais reformas, como a agr\u00e1ria e nacionaliza\u00e7\u00f5es, s\u00e3o trazidas \u00e0 pauta, a elite se mobiliza, temendo que a hist\u00f3ria se repita. A estrat\u00e9gia de associar Humala a Ch\u00e1vez seria a tentativa de colar no primeiro a ideia de perda (de privil\u00e9gios).<\/p>\n<p>Apesar dos traumas, o plano de governo de Humala se orienta para a distribui\u00e7\u00e3o de renda, gera\u00e7\u00e3o de emprego e regula\u00e7\u00e3o dos recursos para a forma\u00e7\u00e3o de um setor industrial produtivo que enfrente o grande setor financeiro-minerador, representado por Pedro Pablo Kuczynski e Keiko Fujimori.<\/p>\n<p><a href=\"http:\/\/www.brasildefato.com.br\/node\/6430\"><strong>*Fonte: Brasil de Fato <\/strong><\/a><\/p>\n","protected":false},"excerpt":{"rendered":"<p>*Julia Nassif de Souza e Ignacio Lemus &#8211; de Lima (Peru) Onze anos depois dos esc\u00e2ndalos de corrup\u00e7\u00e3o, viola\u00e7\u00f5es comprovadas de direitos humanos e fuga de pol\u00edticos que marcaram a queda do fujimorismo, o Peru se prepara para o segundo turno das elei\u00e7\u00f5es presidenciais que apresentam Keiko Fujimori \u2013 filha do ex-presidente e, hoje, atr\u00e1s [&hellip;]<\/p>\n","protected":false},"author":2,"featured_media":0,"comment_status":"open","ping_status":"open","sticky":false,"template":"","format":"standard","meta":{"_acf_changed":false,"footnotes":""},"categories":[4766],"tags":[],"class_list":{"0":"post-411","1":"post","2":"type-post","3":"status-publish","4":"format-standard","6":"category-arquivo"},"acf":[],"yoast_head":"<!-- This site is optimized with the Yoast SEO plugin v26.5 - https:\/\/yoast.com\/wordpress\/plugins\/seo\/ -->\n<title>Peru: um pa\u00eds que decide seu modelo - PSOL 50<\/title>\n<meta name=\"robots\" content=\"index, follow, max-snippet:-1, max-image-preview:large, max-video-preview:-1\" \/>\n<link rel=\"canonical\" href=\"https:\/\/psol50.org.br\/peru-um-pais-que-decide-seu-modelo\/\" \/>\n<meta property=\"og:locale\" content=\"pt_BR\" \/>\n<meta property=\"og:type\" content=\"article\" \/>\n<meta property=\"og:title\" content=\"Peru: um pa\u00eds que decide seu modelo - PSOL 50\" \/>\n<meta property=\"og:description\" content=\"*Julia Nassif de Souza e Ignacio Lemus &#8211; de Lima (Peru) Onze anos depois dos esc\u00e2ndalos de corrup\u00e7\u00e3o, viola\u00e7\u00f5es comprovadas de direitos humanos e fuga de pol\u00edticos que marcaram a queda do fujimorismo, o Peru se prepara para o segundo turno das elei\u00e7\u00f5es presidenciais que apresentam Keiko Fujimori \u2013 filha do ex-presidente e, hoje, atr\u00e1s [&hellip;]\" \/>\n<meta property=\"og:url\" content=\"https:\/\/psol50.org.br\/peru-um-pais-que-decide-seu-modelo\/\" \/>\n<meta property=\"og:site_name\" content=\"PSOL 50\" \/>\n<meta property=\"article:publisher\" content=\"https:\/\/www.facebook.com\/psol50\" \/>\n<meta property=\"article:published_time\" content=\"2011-05-27T00:00:00+00:00\" \/>\n<meta property=\"og:image\" content=\"http:\/\/psol50.org.br\/files\/2011\/05\/PeruDecideSeuModelo-300x215.jpg\" \/>\n<meta name=\"author\" content=\"Comunica\u00e7\u00e3o PSOL\" \/>\n<meta name=\"twitter:card\" content=\"summary_large_image\" \/>\n<meta name=\"twitter:creator\" content=\"@psol50\" \/>\n<meta name=\"twitter:site\" content=\"@psol50\" \/>\n<meta name=\"twitter:label1\" content=\"Escrito por\" \/>\n\t<meta name=\"twitter:data1\" content=\"Comunica\u00e7\u00e3o PSOL\" \/>\n\t<meta name=\"twitter:label2\" content=\"Est. tempo de leitura\" \/>\n\t<meta name=\"twitter:data2\" content=\"6 minutos\" \/>\n<script type=\"application\/ld+json\" class=\"yoast-schema-graph\">{\"@context\":\"https:\/\/schema.org\",\"@graph\":[{\"@type\":\"Article\",\"@id\":\"https:\/\/psol50.org.br\/peru-um-pais-que-decide-seu-modelo\/#article\",\"isPartOf\":{\"@id\":\"https:\/\/psol50.org.br\/peru-um-pais-que-decide-seu-modelo\/\"},\"author\":{\"name\":\"Comunica\u00e7\u00e3o PSOL\",\"@id\":\"https:\/\/psol50.org.br\/#\/schema\/person\/475dfa57d0b815993c714c2e96491fcd\"},\"headline\":\"Peru: um pa\u00eds que decide seu modelo\",\"datePublished\":\"2011-05-27T00:00:00+00:00\",\"mainEntityOfPage\":{\"@id\":\"https:\/\/psol50.org.br\/peru-um-pais-que-decide-seu-modelo\/\"},\"wordCount\":1276,\"commentCount\":0,\"publisher\":{\"@id\":\"https:\/\/psol50.org.br\/#organization\"},\"image\":{\"@id\":\"https:\/\/psol50.org.br\/peru-um-pais-que-decide-seu-modelo\/#primaryimage\"},\"thumbnailUrl\":\"http:\/\/psol50.org.br\/files\/2011\/05\/PeruDecideSeuModelo-300x215.jpg\",\"articleSection\":[\"Arquivo\"],\"inLanguage\":\"pt-BR\",\"potentialAction\":[{\"@type\":\"CommentAction\",\"name\":\"Comment\",\"target\":[\"https:\/\/psol50.org.br\/peru-um-pais-que-decide-seu-modelo\/#respond\"]}]},{\"@type\":\"WebPage\",\"@id\":\"https:\/\/psol50.org.br\/peru-um-pais-que-decide-seu-modelo\/\",\"url\":\"https:\/\/psol50.org.br\/peru-um-pais-que-decide-seu-modelo\/\",\"name\":\"Peru: um pa\u00eds que decide seu modelo - PSOL 50\",\"isPartOf\":{\"@id\":\"https:\/\/psol50.org.br\/#website\"},\"primaryImageOfPage\":{\"@id\":\"https:\/\/psol50.org.br\/peru-um-pais-que-decide-seu-modelo\/#primaryimage\"},\"image\":{\"@id\":\"https:\/\/psol50.org.br\/peru-um-pais-que-decide-seu-modelo\/#primaryimage\"},\"thumbnailUrl\":\"http:\/\/psol50.org.br\/files\/2011\/05\/PeruDecideSeuModelo-300x215.jpg\",\"datePublished\":\"2011-05-27T00:00:00+00:00\",\"breadcrumb\":{\"@id\":\"https:\/\/psol50.org.br\/peru-um-pais-que-decide-seu-modelo\/#breadcrumb\"},\"inLanguage\":\"pt-BR\",\"potentialAction\":[{\"@type\":\"ReadAction\",\"target\":[\"https:\/\/psol50.org.br\/peru-um-pais-que-decide-seu-modelo\/\"]}]},{\"@type\":\"ImageObject\",\"inLanguage\":\"pt-BR\",\"@id\":\"https:\/\/psol50.org.br\/peru-um-pais-que-decide-seu-modelo\/#primaryimage\",\"url\":\"http:\/\/psol50.org.br\/files\/2011\/05\/PeruDecideSeuModelo-300x215.jpg\",\"contentUrl\":\"http:\/\/psol50.org.br\/files\/2011\/05\/PeruDecideSeuModelo-300x215.jpg\"},{\"@type\":\"BreadcrumbList\",\"@id\":\"https:\/\/psol50.org.br\/peru-um-pais-que-decide-seu-modelo\/#breadcrumb\",\"itemListElement\":[{\"@type\":\"ListItem\",\"position\":1,\"name\":\"In\u00edcio\",\"item\":\"https:\/\/psol50.org.br\/\"},{\"@type\":\"ListItem\",\"position\":2,\"name\":\"Peru: um pa\u00eds que decide seu modelo\"}]},{\"@type\":\"WebSite\",\"@id\":\"https:\/\/psol50.org.br\/#website\",\"url\":\"https:\/\/psol50.org.br\/\",\"name\":\"PSOL 50\",\"description\":\"Site oficial do Partido Socialismo e Liberdade\",\"publisher\":{\"@id\":\"https:\/\/psol50.org.br\/#organization\"},\"alternateName\":\"PSOL50\",\"potentialAction\":[{\"@type\":\"SearchAction\",\"target\":{\"@type\":\"EntryPoint\",\"urlTemplate\":\"https:\/\/psol50.org.br\/?s={search_term_string}\"},\"query-input\":{\"@type\":\"PropertyValueSpecification\",\"valueRequired\":true,\"valueName\":\"search_term_string\"}}],\"inLanguage\":\"pt-BR\"},{\"@type\":\"Organization\",\"@id\":\"https:\/\/psol50.org.br\/#organization\",\"name\":\"PSOL 50\",\"alternateName\":\"PSOL 50\",\"url\":\"https:\/\/psol50.org.br\/\",\"logo\":{\"@type\":\"ImageObject\",\"inLanguage\":\"pt-BR\",\"@id\":\"https:\/\/psol50.org.br\/#\/schema\/logo\/image\/\",\"url\":\"https:\/\/psol50.org.br\/inc\/uploads\/2018\/07\/capa.png\",\"contentUrl\":\"https:\/\/psol50.org.br\/inc\/uploads\/2018\/07\/capa.png\",\"width\":1350,\"height\":900,\"caption\":\"PSOL 50\"},\"image\":{\"@id\":\"https:\/\/psol50.org.br\/#\/schema\/logo\/image\/\"},\"sameAs\":[\"https:\/\/www.facebook.com\/psol50\",\"https:\/\/x.com\/psol50\",\"https:\/\/www.instagram.com\/psol50\/\",\"https:\/\/www.youtube.com\/channel\/UC7SnJS5o1os7a6CaiNabzcg\"]},{\"@type\":\"Person\",\"@id\":\"https:\/\/psol50.org.br\/#\/schema\/person\/475dfa57d0b815993c714c2e96491fcd\",\"name\":\"Comunica\u00e7\u00e3o PSOL\",\"image\":{\"@type\":\"ImageObject\",\"inLanguage\":\"pt-BR\",\"@id\":\"https:\/\/psol50.org.br\/#\/schema\/person\/image\/\",\"url\":\"https:\/\/secure.gravatar.com\/avatar\/b34fc4f4e468a4e51785917065a3db57b841f5c95dba6ad8c73aaf8f66f8f9bf?s=96&d=mm&r=g\",\"contentUrl\":\"https:\/\/secure.gravatar.com\/avatar\/b34fc4f4e468a4e51785917065a3db57b841f5c95dba6ad8c73aaf8f66f8f9bf?s=96&d=mm&r=g\",\"caption\":\"Comunica\u00e7\u00e3o PSOL\"}}]}<\/script>\n<!-- \/ Yoast SEO plugin. -->","yoast_head_json":{"title":"Peru: um pa\u00eds que decide seu modelo - PSOL 50","robots":{"index":"index","follow":"follow","max-snippet":"max-snippet:-1","max-image-preview":"max-image-preview:large","max-video-preview":"max-video-preview:-1"},"canonical":"https:\/\/psol50.org.br\/peru-um-pais-que-decide-seu-modelo\/","og_locale":"pt_BR","og_type":"article","og_title":"Peru: um pa\u00eds que decide seu modelo - PSOL 50","og_description":"*Julia Nassif de Souza e Ignacio Lemus &#8211; de Lima (Peru) Onze anos depois dos esc\u00e2ndalos de corrup\u00e7\u00e3o, viola\u00e7\u00f5es comprovadas de direitos humanos e fuga de pol\u00edticos que marcaram a queda do fujimorismo, o Peru se prepara para o segundo turno das elei\u00e7\u00f5es presidenciais que apresentam Keiko Fujimori \u2013 filha do ex-presidente e, hoje, atr\u00e1s [&hellip;]","og_url":"https:\/\/psol50.org.br\/peru-um-pais-que-decide-seu-modelo\/","og_site_name":"PSOL 50","article_publisher":"https:\/\/www.facebook.com\/psol50","article_published_time":"2011-05-27T00:00:00+00:00","og_image":[{"url":"http:\/\/psol50.org.br\/files\/2011\/05\/PeruDecideSeuModelo-300x215.jpg","type":"","width":"","height":""}],"author":"Comunica\u00e7\u00e3o PSOL","twitter_card":"summary_large_image","twitter_creator":"@psol50","twitter_site":"@psol50","twitter_misc":{"Escrito por":"Comunica\u00e7\u00e3o PSOL","Est. tempo de leitura":"6 minutos"},"schema":{"@context":"https:\/\/schema.org","@graph":[{"@type":"Article","@id":"https:\/\/psol50.org.br\/peru-um-pais-que-decide-seu-modelo\/#article","isPartOf":{"@id":"https:\/\/psol50.org.br\/peru-um-pais-que-decide-seu-modelo\/"},"author":{"name":"Comunica\u00e7\u00e3o PSOL","@id":"https:\/\/psol50.org.br\/#\/schema\/person\/475dfa57d0b815993c714c2e96491fcd"},"headline":"Peru: um pa\u00eds que decide seu modelo","datePublished":"2011-05-27T00:00:00+00:00","mainEntityOfPage":{"@id":"https:\/\/psol50.org.br\/peru-um-pais-que-decide-seu-modelo\/"},"wordCount":1276,"commentCount":0,"publisher":{"@id":"https:\/\/psol50.org.br\/#organization"},"image":{"@id":"https:\/\/psol50.org.br\/peru-um-pais-que-decide-seu-modelo\/#primaryimage"},"thumbnailUrl":"http:\/\/psol50.org.br\/files\/2011\/05\/PeruDecideSeuModelo-300x215.jpg","articleSection":["Arquivo"],"inLanguage":"pt-BR","potentialAction":[{"@type":"CommentAction","name":"Comment","target":["https:\/\/psol50.org.br\/peru-um-pais-que-decide-seu-modelo\/#respond"]}]},{"@type":"WebPage","@id":"https:\/\/psol50.org.br\/peru-um-pais-que-decide-seu-modelo\/","url":"https:\/\/psol50.org.br\/peru-um-pais-que-decide-seu-modelo\/","name":"Peru: um pa\u00eds que decide seu modelo - PSOL 50","isPartOf":{"@id":"https:\/\/psol50.org.br\/#website"},"primaryImageOfPage":{"@id":"https:\/\/psol50.org.br\/peru-um-pais-que-decide-seu-modelo\/#primaryimage"},"image":{"@id":"https:\/\/psol50.org.br\/peru-um-pais-que-decide-seu-modelo\/#primaryimage"},"thumbnailUrl":"http:\/\/psol50.org.br\/files\/2011\/05\/PeruDecideSeuModelo-300x215.jpg","datePublished":"2011-05-27T00:00:00+00:00","breadcrumb":{"@id":"https:\/\/psol50.org.br\/peru-um-pais-que-decide-seu-modelo\/#breadcrumb"},"inLanguage":"pt-BR","potentialAction":[{"@type":"ReadAction","target":["https:\/\/psol50.org.br\/peru-um-pais-que-decide-seu-modelo\/"]}]},{"@type":"ImageObject","inLanguage":"pt-BR","@id":"https:\/\/psol50.org.br\/peru-um-pais-que-decide-seu-modelo\/#primaryimage","url":"http:\/\/psol50.org.br\/files\/2011\/05\/PeruDecideSeuModelo-300x215.jpg","contentUrl":"http:\/\/psol50.org.br\/files\/2011\/05\/PeruDecideSeuModelo-300x215.jpg"},{"@type":"BreadcrumbList","@id":"https:\/\/psol50.org.br\/peru-um-pais-que-decide-seu-modelo\/#breadcrumb","itemListElement":[{"@type":"ListItem","position":1,"name":"In\u00edcio","item":"https:\/\/psol50.org.br\/"},{"@type":"ListItem","position":2,"name":"Peru: um pa\u00eds que decide seu modelo"}]},{"@type":"WebSite","@id":"https:\/\/psol50.org.br\/#website","url":"https:\/\/psol50.org.br\/","name":"PSOL 50","description":"Site oficial do Partido Socialismo e Liberdade","publisher":{"@id":"https:\/\/psol50.org.br\/#organization"},"alternateName":"PSOL50","potentialAction":[{"@type":"SearchAction","target":{"@type":"EntryPoint","urlTemplate":"https:\/\/psol50.org.br\/?s={search_term_string}"},"query-input":{"@type":"PropertyValueSpecification","valueRequired":true,"valueName":"search_term_string"}}],"inLanguage":"pt-BR"},{"@type":"Organization","@id":"https:\/\/psol50.org.br\/#organization","name":"PSOL 50","alternateName":"PSOL 50","url":"https:\/\/psol50.org.br\/","logo":{"@type":"ImageObject","inLanguage":"pt-BR","@id":"https:\/\/psol50.org.br\/#\/schema\/logo\/image\/","url":"https:\/\/psol50.org.br\/inc\/uploads\/2018\/07\/capa.png","contentUrl":"https:\/\/psol50.org.br\/inc\/uploads\/2018\/07\/capa.png","width":1350,"height":900,"caption":"PSOL 50"},"image":{"@id":"https:\/\/psol50.org.br\/#\/schema\/logo\/image\/"},"sameAs":["https:\/\/www.facebook.com\/psol50","https:\/\/x.com\/psol50","https:\/\/www.instagram.com\/psol50\/","https:\/\/www.youtube.com\/channel\/UC7SnJS5o1os7a6CaiNabzcg"]},{"@type":"Person","@id":"https:\/\/psol50.org.br\/#\/schema\/person\/475dfa57d0b815993c714c2e96491fcd","name":"Comunica\u00e7\u00e3o PSOL","image":{"@type":"ImageObject","inLanguage":"pt-BR","@id":"https:\/\/psol50.org.br\/#\/schema\/person\/image\/","url":"https:\/\/secure.gravatar.com\/avatar\/b34fc4f4e468a4e51785917065a3db57b841f5c95dba6ad8c73aaf8f66f8f9bf?s=96&d=mm&r=g","contentUrl":"https:\/\/secure.gravatar.com\/avatar\/b34fc4f4e468a4e51785917065a3db57b841f5c95dba6ad8c73aaf8f66f8f9bf?s=96&d=mm&r=g","caption":"Comunica\u00e7\u00e3o PSOL"}}]}},"_links":{"self":[{"href":"https:\/\/psol50.org.br\/rest\/wp\/v2\/posts\/411","targetHints":{"allow":["GET"]}}],"collection":[{"href":"https:\/\/psol50.org.br\/rest\/wp\/v2\/posts"}],"about":[{"href":"https:\/\/psol50.org.br\/rest\/wp\/v2\/types\/post"}],"author":[{"embeddable":true,"href":"https:\/\/psol50.org.br\/rest\/wp\/v2\/users\/2"}],"replies":[{"embeddable":true,"href":"https:\/\/psol50.org.br\/rest\/wp\/v2\/comments?post=411"}],"version-history":[{"count":0,"href":"https:\/\/psol50.org.br\/rest\/wp\/v2\/posts\/411\/revisions"}],"wp:attachment":[{"href":"https:\/\/psol50.org.br\/rest\/wp\/v2\/media?parent=411"}],"wp:term":[{"taxonomy":"category","embeddable":true,"href":"https:\/\/psol50.org.br\/rest\/wp\/v2\/categories?post=411"},{"taxonomy":"post_tag","embeddable":true,"href":"https:\/\/psol50.org.br\/rest\/wp\/v2\/tags?post=411"}],"curies":[{"name":"wp","href":"https:\/\/api.w.org\/{rel}","templated":true}]}}