{"id":41187,"date":"2025-05-30T16:09:05","date_gmt":"2025-05-30T19:09:05","guid":{"rendered":"https:\/\/psol50.org.br\/?p=41187"},"modified":"2025-06-16T12:33:24","modified_gmt":"2025-06-16T15:33:24","slug":"psol-e-rede-acionam-conselho-de-etica-contra-senadores-que-atacaram-marina-silva","status":"publish","type":"post","link":"https:\/\/psol50.org.br\/psol-e-rede-acionam-conselho-de-etica-contra-senadores-que-atacaram-marina-silva\/","title":{"rendered":"PSOL e Rede acionam Conselho de \u00c9tica contra senadores que atacaram Marina Silva"},"content":{"rendered":"<p>A Federa\u00e7\u00e3o PSOL-Rede protocolou na \u00faltima quinta-feira (29) duas representa\u00e7\u00f5es no Conselho de \u00c9tica do Senado contra os senadores Marcos Rog\u00e9rio (PL-RO) e Pl\u00ednio Val\u00e9rio (PSDB-AM). Os senadores protagonizaram grotescas cenas de viol\u00eancia pol\u00edtica de g\u00eanero contra a ministra do Meio Ambiente, Marina Silva, que n\u00e3o teve outra alternativa ao n\u00e3o ser se retirar da audi\u00eancia p\u00fablica para a qual havia sido convidada.<\/p>\n<p>Marcos Rog\u00e9rio, que j\u00e1 havia desligado o microfone de Marina diversas vezes enquanto presidia a sess\u00e3o da Comiss\u00e3o de Infraestrutura do Senado, disse que ela tinha que se \u201cp\u00f4r no seu lugar\u201d.<\/p>\n<p>Pl\u00ednio Val\u00e9rio, que em mar\u00e7o j\u00e1 havia afirmado que tinha \u201cvontade de enforc\u00e1-la\u201d, declarou que era preciso separar \u201ca mulher da ministra\u201d e que \u201ca mulher merece respeito, a ministra, n\u00e3o\u201d. Esta foi s\u00f3 uma parte dos sucessivos ataques contra Marina Silva.<\/p>\n<p>No entendimento dos dois partidos, Rog\u00e9rio e Val\u00e9rio cometeram grav\u00edssimas viola\u00e7\u00f5es \u00e0 Constitui\u00e7\u00e3o Federal, ao C\u00f3digo de \u00c9tica do Senado e ao ordenamento jur\u00eddico, \u201cde forma machista, mis\u00f3gina, ilegal e abusiva \u2013 e de modo incompat\u00edvel ao decoro parlamentar\u201d.<\/p>\n<p>\u201cO Brasil respeita Marina Silva por tudo que ela tem feito pela causa ambiental, o mundo respeita a ministra pelo seu trabalho incans\u00e1vel na luta pelo meio ambiente, e n\u00f3s exigimos que o Congresso Nacional tamb\u00e9m a respeite\u201d, afirma a l\u00edder da Federa\u00e7\u00e3o PSOL-Rede, Tal\u00edria Petrone.<\/p>\n","protected":false},"excerpt":{"rendered":"<p>A Federa\u00e7\u00e3o PSOL-Rede protocolou na \u00faltima quinta-feira (29) duas representa\u00e7\u00f5es no Conselho de \u00c9tica do Senado contra os senadores Marcos Rog\u00e9rio (PL-RO) e Pl\u00ednio Val\u00e9rio (PSDB-AM). Os senadores protagonizaram grotescas cenas de viol\u00eancia pol\u00edtica de g\u00eanero contra a ministra do Meio Ambiente, Marina Silva, que n\u00e3o teve outra alternativa ao n\u00e3o ser se retirar da [&hellip;]<\/p>\n","protected":false},"author":2,"featured_media":41190,"comment_status":"closed","ping_status":"open","sticky":false,"template":"","format":"standard","meta":{"_acf_changed":false,"footnotes":""},"categories":[1664],"tags":[4825],"class_list":{"0":"post-41187","1":"post","2":"type-post","3":"status-publish","4":"format-standard","5":"has-post-thumbnail","7":"category-acao-do-psol","8":"tag-noticias"},"acf":[],"yoast_head":"<!-- This site is optimized with the Yoast SEO plugin v26.5 - https:\/\/yoast.com\/wordpress\/plugins\/seo\/ -->\n<title>PSOL e Rede acionam Conselho de \u00c9tica contra senadores que atacaram Marina Silva<\/title>\n<meta name=\"description\" content=\"As representa\u00e7\u00f5es foram apresentadas contra os senadores Marcos Rog\u00e9rio e Pl\u00ednio Val\u00e9rio, que cometeram recorrente viol\u00eancia pol\u00edtica de g\u00eanero contra a ministra.\" \/>\n<meta name=\"robots\" content=\"index, follow, max-snippet:-1, max-image-preview:large, max-video-preview:-1\" \/>\n<link rel=\"canonical\" href=\"https:\/\/psol50.org.br\/psol-e-rede-acionam-conselho-de-etica-contra-senadores-que-atacaram-marina-silva\/\" \/>\n<meta property=\"og:locale\" content=\"pt_BR\" \/>\n<meta property=\"og:type\" content=\"article\" \/>\n<meta property=\"og:title\" content=\"PSOL e Rede acionam Conselho de \u00c9tica contra senadores que atacaram Marina Silva\" \/>\n<meta property=\"og:description\" content=\"As representa\u00e7\u00f5es foram apresentadas contra os senadores Marcos Rog\u00e9rio e Pl\u00ednio Val\u00e9rio, que cometeram recorrente viol\u00eancia pol\u00edtica de g\u00eanero contra a ministra.\" \/>\n<meta property=\"og:url\" content=\"https:\/\/psol50.org.br\/psol-e-rede-acionam-conselho-de-etica-contra-senadores-que-atacaram-marina-silva\/\" \/>\n<meta property=\"og:site_name\" content=\"PSOL 50\" \/>\n<meta property=\"article:publisher\" content=\"https:\/\/www.facebook.com\/psol50\" \/>\n<meta property=\"article:published_time\" content=\"2025-05-30T19:09:05+00:00\" \/>\n<meta property=\"article:modified_time\" content=\"2025-06-16T15:33:24+00:00\" \/>\n<meta property=\"og:image\" content=\"https:\/\/psol50.org.br\/inc\/uploads\/2025\/05\/54549790735_51982735bc_o-scaled.jpg\" \/>\n\t<meta property=\"og:image:width\" content=\"2560\" \/>\n\t<meta property=\"og:image:height\" content=\"1706\" \/>\n\t<meta property=\"og:image:type\" content=\"image\/jpeg\" \/>\n<meta name=\"author\" content=\"Comunica\u00e7\u00e3o PSOL\" \/>\n<meta name=\"twitter:card\" content=\"summary_large_image\" \/>\n<meta name=\"twitter:creator\" content=\"@psol50\" \/>\n<meta name=\"twitter:site\" content=\"@psol50\" \/>\n<meta name=\"twitter:label1\" content=\"Escrito por\" \/>\n\t<meta name=\"twitter:data1\" content=\"Comunica\u00e7\u00e3o PSOL\" \/>\n\t<meta name=\"twitter:label2\" content=\"Est. tempo de leitura\" \/>\n\t<meta name=\"twitter:data2\" content=\"1 minuto\" \/>\n<script type=\"application\/ld+json\" class=\"yoast-schema-graph\">{\"@context\":\"https:\/\/schema.org\",\"@graph\":[{\"@type\":\"Article\",\"@id\":\"https:\/\/psol50.org.br\/psol-e-rede-acionam-conselho-de-etica-contra-senadores-que-atacaram-marina-silva\/#article\",\"isPartOf\":{\"@id\":\"https:\/\/psol50.org.br\/psol-e-rede-acionam-conselho-de-etica-contra-senadores-que-atacaram-marina-silva\/\"},\"author\":{\"name\":\"Comunica\u00e7\u00e3o PSOL\",\"@id\":\"https:\/\/psol50.org.br\/#\/schema\/person\/475dfa57d0b815993c714c2e96491fcd\"},\"headline\":\"PSOL e Rede acionam Conselho de \u00c9tica contra senadores que atacaram Marina Silva\",\"datePublished\":\"2025-05-30T19:09:05+00:00\",\"dateModified\":\"2025-06-16T15:33:24+00:00\",\"mainEntityOfPage\":{\"@id\":\"https:\/\/psol50.org.br\/psol-e-rede-acionam-conselho-de-etica-contra-senadores-que-atacaram-marina-silva\/\"},\"wordCount\":268,\"publisher\":{\"@id\":\"https:\/\/psol50.org.br\/#organization\"},\"image\":{\"@id\":\"https:\/\/psol50.org.br\/psol-e-rede-acionam-conselho-de-etica-contra-senadores-que-atacaram-marina-silva\/#primaryimage\"},\"thumbnailUrl\":\"https:\/\/psol50.org.br\/inc\/uploads\/2025\/05\/54549790735_51982735bc_o-scaled.jpg\",\"keywords\":[\"Not\u00edcias\"],\"articleSection\":[\"A\u00e7\u00e3o do PSOL\"],\"inLanguage\":\"pt-BR\"},{\"@type\":\"WebPage\",\"@id\":\"https:\/\/psol50.org.br\/psol-e-rede-acionam-conselho-de-etica-contra-senadores-que-atacaram-marina-silva\/\",\"url\":\"https:\/\/psol50.org.br\/psol-e-rede-acionam-conselho-de-etica-contra-senadores-que-atacaram-marina-silva\/\",\"name\":\"PSOL e Rede acionam Conselho de \u00c9tica contra senadores que atacaram Marina Silva\",\"isPartOf\":{\"@id\":\"https:\/\/psol50.org.br\/#website\"},\"primaryImageOfPage\":{\"@id\":\"https:\/\/psol50.org.br\/psol-e-rede-acionam-conselho-de-etica-contra-senadores-que-atacaram-marina-silva\/#primaryimage\"},\"image\":{\"@id\":\"https:\/\/psol50.org.br\/psol-e-rede-acionam-conselho-de-etica-contra-senadores-que-atacaram-marina-silva\/#primaryimage\"},\"thumbnailUrl\":\"https:\/\/psol50.org.br\/inc\/uploads\/2025\/05\/54549790735_51982735bc_o-scaled.jpg\",\"datePublished\":\"2025-05-30T19:09:05+00:00\",\"dateModified\":\"2025-06-16T15:33:24+00:00\",\"description\":\"As representa\u00e7\u00f5es foram apresentadas contra os senadores Marcos Rog\u00e9rio e Pl\u00ednio Val\u00e9rio, que cometeram recorrente viol\u00eancia pol\u00edtica de g\u00eanero contra a ministra.\",\"breadcrumb\":{\"@id\":\"https:\/\/psol50.org.br\/psol-e-rede-acionam-conselho-de-etica-contra-senadores-que-atacaram-marina-silva\/#breadcrumb\"},\"inLanguage\":\"pt-BR\",\"potentialAction\":[{\"@type\":\"ReadAction\",\"target\":[\"https:\/\/psol50.org.br\/psol-e-rede-acionam-conselho-de-etica-contra-senadores-que-atacaram-marina-silva\/\"]}]},{\"@type\":\"ImageObject\",\"inLanguage\":\"pt-BR\",\"@id\":\"https:\/\/psol50.org.br\/psol-e-rede-acionam-conselho-de-etica-contra-senadores-que-atacaram-marina-silva\/#primaryimage\",\"url\":\"https:\/\/psol50.org.br\/inc\/uploads\/2025\/05\/54549790735_51982735bc_o-scaled.jpg\",\"contentUrl\":\"https:\/\/psol50.org.br\/inc\/uploads\/2025\/05\/54549790735_51982735bc_o-scaled.jpg\",\"width\":2560,\"height\":1706,\"caption\":\"Foto: Geraldo Magela\/Ag\u00eancia Senado\"},{\"@type\":\"BreadcrumbList\",\"@id\":\"https:\/\/psol50.org.br\/psol-e-rede-acionam-conselho-de-etica-contra-senadores-que-atacaram-marina-silva\/#breadcrumb\",\"itemListElement\":[{\"@type\":\"ListItem\",\"position\":1,\"name\":\"In\u00edcio\",\"item\":\"https:\/\/psol50.org.br\/\"},{\"@type\":\"ListItem\",\"position\":2,\"name\":\"PSOL e Rede acionam Conselho de \u00c9tica contra senadores que atacaram Marina Silva\"}]},{\"@type\":\"WebSite\",\"@id\":\"https:\/\/psol50.org.br\/#website\",\"url\":\"https:\/\/psol50.org.br\/\",\"name\":\"PSOL 50\",\"description\":\"Site oficial do Partido Socialismo e Liberdade\",\"publisher\":{\"@id\":\"https:\/\/psol50.org.br\/#organization\"},\"alternateName\":\"PSOL50\",\"potentialAction\":[{\"@type\":\"SearchAction\",\"target\":{\"@type\":\"EntryPoint\",\"urlTemplate\":\"https:\/\/psol50.org.br\/?s={search_term_string}\"},\"query-input\":{\"@type\":\"PropertyValueSpecification\",\"valueRequired\":true,\"valueName\":\"search_term_string\"}}],\"inLanguage\":\"pt-BR\"},{\"@type\":\"Organization\",\"@id\":\"https:\/\/psol50.org.br\/#organization\",\"name\":\"PSOL 50\",\"alternateName\":\"PSOL 50\",\"url\":\"https:\/\/psol50.org.br\/\",\"logo\":{\"@type\":\"ImageObject\",\"inLanguage\":\"pt-BR\",\"@id\":\"https:\/\/psol50.org.br\/#\/schema\/logo\/image\/\",\"url\":\"https:\/\/psol50.org.br\/inc\/uploads\/2018\/07\/capa.png\",\"contentUrl\":\"https:\/\/psol50.org.br\/inc\/uploads\/2018\/07\/capa.png\",\"width\":1350,\"height\":900,\"caption\":\"PSOL 50\"},\"image\":{\"@id\":\"https:\/\/psol50.org.br\/#\/schema\/logo\/image\/\"},\"sameAs\":[\"https:\/\/www.facebook.com\/psol50\",\"https:\/\/x.com\/psol50\",\"https:\/\/www.instagram.com\/psol50\/\",\"https:\/\/www.youtube.com\/channel\/UC7SnJS5o1os7a6CaiNabzcg\"]},{\"@type\":\"Person\",\"@id\":\"https:\/\/psol50.org.br\/#\/schema\/person\/475dfa57d0b815993c714c2e96491fcd\",\"name\":\"Comunica\u00e7\u00e3o PSOL\",\"image\":{\"@type\":\"ImageObject\",\"inLanguage\":\"pt-BR\",\"@id\":\"https:\/\/psol50.org.br\/#\/schema\/person\/image\/\",\"url\":\"https:\/\/secure.gravatar.com\/avatar\/b34fc4f4e468a4e51785917065a3db57b841f5c95dba6ad8c73aaf8f66f8f9bf?s=96&d=mm&r=g\",\"contentUrl\":\"https:\/\/secure.gravatar.com\/avatar\/b34fc4f4e468a4e51785917065a3db57b841f5c95dba6ad8c73aaf8f66f8f9bf?s=96&d=mm&r=g\",\"caption\":\"Comunica\u00e7\u00e3o PSOL\"}}]}<\/script>\n<!-- \/ Yoast SEO plugin. -->","yoast_head_json":{"title":"PSOL e Rede acionam Conselho de \u00c9tica contra senadores que atacaram Marina Silva","description":"As representa\u00e7\u00f5es foram apresentadas contra os senadores Marcos Rog\u00e9rio e Pl\u00ednio Val\u00e9rio, que cometeram recorrente viol\u00eancia pol\u00edtica de g\u00eanero contra a ministra.","robots":{"index":"index","follow":"follow","max-snippet":"max-snippet:-1","max-image-preview":"max-image-preview:large","max-video-preview":"max-video-preview:-1"},"canonical":"https:\/\/psol50.org.br\/psol-e-rede-acionam-conselho-de-etica-contra-senadores-que-atacaram-marina-silva\/","og_locale":"pt_BR","og_type":"article","og_title":"PSOL e Rede acionam Conselho de \u00c9tica contra senadores que atacaram Marina Silva","og_description":"As representa\u00e7\u00f5es foram apresentadas contra os senadores Marcos Rog\u00e9rio e Pl\u00ednio Val\u00e9rio, que cometeram recorrente viol\u00eancia pol\u00edtica de g\u00eanero contra a ministra.","og_url":"https:\/\/psol50.org.br\/psol-e-rede-acionam-conselho-de-etica-contra-senadores-que-atacaram-marina-silva\/","og_site_name":"PSOL 50","article_publisher":"https:\/\/www.facebook.com\/psol50","article_published_time":"2025-05-30T19:09:05+00:00","article_modified_time":"2025-06-16T15:33:24+00:00","og_image":[{"width":2560,"height":1706,"url":"https:\/\/psol50.org.br\/inc\/uploads\/2025\/05\/54549790735_51982735bc_o-scaled.jpg","type":"image\/jpeg"}],"author":"Comunica\u00e7\u00e3o PSOL","twitter_card":"summary_large_image","twitter_creator":"@psol50","twitter_site":"@psol50","twitter_misc":{"Escrito por":"Comunica\u00e7\u00e3o PSOL","Est. tempo de leitura":"1 minuto"},"schema":{"@context":"https:\/\/schema.org","@graph":[{"@type":"Article","@id":"https:\/\/psol50.org.br\/psol-e-rede-acionam-conselho-de-etica-contra-senadores-que-atacaram-marina-silva\/#article","isPartOf":{"@id":"https:\/\/psol50.org.br\/psol-e-rede-acionam-conselho-de-etica-contra-senadores-que-atacaram-marina-silva\/"},"author":{"name":"Comunica\u00e7\u00e3o PSOL","@id":"https:\/\/psol50.org.br\/#\/schema\/person\/475dfa57d0b815993c714c2e96491fcd"},"headline":"PSOL e Rede acionam Conselho de \u00c9tica contra senadores que atacaram Marina Silva","datePublished":"2025-05-30T19:09:05+00:00","dateModified":"2025-06-16T15:33:24+00:00","mainEntityOfPage":{"@id":"https:\/\/psol50.org.br\/psol-e-rede-acionam-conselho-de-etica-contra-senadores-que-atacaram-marina-silva\/"},"wordCount":268,"publisher":{"@id":"https:\/\/psol50.org.br\/#organization"},"image":{"@id":"https:\/\/psol50.org.br\/psol-e-rede-acionam-conselho-de-etica-contra-senadores-que-atacaram-marina-silva\/#primaryimage"},"thumbnailUrl":"https:\/\/psol50.org.br\/inc\/uploads\/2025\/05\/54549790735_51982735bc_o-scaled.jpg","keywords":["Not\u00edcias"],"articleSection":["A\u00e7\u00e3o do PSOL"],"inLanguage":"pt-BR"},{"@type":"WebPage","@id":"https:\/\/psol50.org.br\/psol-e-rede-acionam-conselho-de-etica-contra-senadores-que-atacaram-marina-silva\/","url":"https:\/\/psol50.org.br\/psol-e-rede-acionam-conselho-de-etica-contra-senadores-que-atacaram-marina-silva\/","name":"PSOL e Rede acionam Conselho de \u00c9tica contra senadores que atacaram Marina Silva","isPartOf":{"@id":"https:\/\/psol50.org.br\/#website"},"primaryImageOfPage":{"@id":"https:\/\/psol50.org.br\/psol-e-rede-acionam-conselho-de-etica-contra-senadores-que-atacaram-marina-silva\/#primaryimage"},"image":{"@id":"https:\/\/psol50.org.br\/psol-e-rede-acionam-conselho-de-etica-contra-senadores-que-atacaram-marina-silva\/#primaryimage"},"thumbnailUrl":"https:\/\/psol50.org.br\/inc\/uploads\/2025\/05\/54549790735_51982735bc_o-scaled.jpg","datePublished":"2025-05-30T19:09:05+00:00","dateModified":"2025-06-16T15:33:24+00:00","description":"As representa\u00e7\u00f5es foram apresentadas contra os senadores Marcos Rog\u00e9rio e Pl\u00ednio Val\u00e9rio, que cometeram recorrente viol\u00eancia pol\u00edtica de g\u00eanero contra a ministra.","breadcrumb":{"@id":"https:\/\/psol50.org.br\/psol-e-rede-acionam-conselho-de-etica-contra-senadores-que-atacaram-marina-silva\/#breadcrumb"},"inLanguage":"pt-BR","potentialAction":[{"@type":"ReadAction","target":["https:\/\/psol50.org.br\/psol-e-rede-acionam-conselho-de-etica-contra-senadores-que-atacaram-marina-silva\/"]}]},{"@type":"ImageObject","inLanguage":"pt-BR","@id":"https:\/\/psol50.org.br\/psol-e-rede-acionam-conselho-de-etica-contra-senadores-que-atacaram-marina-silva\/#primaryimage","url":"https:\/\/psol50.org.br\/inc\/uploads\/2025\/05\/54549790735_51982735bc_o-scaled.jpg","contentUrl":"https:\/\/psol50.org.br\/inc\/uploads\/2025\/05\/54549790735_51982735bc_o-scaled.jpg","width":2560,"height":1706,"caption":"Foto: Geraldo Magela\/Ag\u00eancia Senado"},{"@type":"BreadcrumbList","@id":"https:\/\/psol50.org.br\/psol-e-rede-acionam-conselho-de-etica-contra-senadores-que-atacaram-marina-silva\/#breadcrumb","itemListElement":[{"@type":"ListItem","position":1,"name":"In\u00edcio","item":"https:\/\/psol50.org.br\/"},{"@type":"ListItem","position":2,"name":"PSOL e Rede acionam Conselho de \u00c9tica contra senadores que atacaram Marina Silva"}]},{"@type":"WebSite","@id":"https:\/\/psol50.org.br\/#website","url":"https:\/\/psol50.org.br\/","name":"PSOL 50","description":"Site oficial do Partido Socialismo e Liberdade","publisher":{"@id":"https:\/\/psol50.org.br\/#organization"},"alternateName":"PSOL50","potentialAction":[{"@type":"SearchAction","target":{"@type":"EntryPoint","urlTemplate":"https:\/\/psol50.org.br\/?s={search_term_string}"},"query-input":{"@type":"PropertyValueSpecification","valueRequired":true,"valueName":"search_term_string"}}],"inLanguage":"pt-BR"},{"@type":"Organization","@id":"https:\/\/psol50.org.br\/#organization","name":"PSOL 50","alternateName":"PSOL 50","url":"https:\/\/psol50.org.br\/","logo":{"@type":"ImageObject","inLanguage":"pt-BR","@id":"https:\/\/psol50.org.br\/#\/schema\/logo\/image\/","url":"https:\/\/psol50.org.br\/inc\/uploads\/2018\/07\/capa.png","contentUrl":"https:\/\/psol50.org.br\/inc\/uploads\/2018\/07\/capa.png","width":1350,"height":900,"caption":"PSOL 50"},"image":{"@id":"https:\/\/psol50.org.br\/#\/schema\/logo\/image\/"},"sameAs":["https:\/\/www.facebook.com\/psol50","https:\/\/x.com\/psol50","https:\/\/www.instagram.com\/psol50\/","https:\/\/www.youtube.com\/channel\/UC7SnJS5o1os7a6CaiNabzcg"]},{"@type":"Person","@id":"https:\/\/psol50.org.br\/#\/schema\/person\/475dfa57d0b815993c714c2e96491fcd","name":"Comunica\u00e7\u00e3o PSOL","image":{"@type":"ImageObject","inLanguage":"pt-BR","@id":"https:\/\/psol50.org.br\/#\/schema\/person\/image\/","url":"https:\/\/secure.gravatar.com\/avatar\/b34fc4f4e468a4e51785917065a3db57b841f5c95dba6ad8c73aaf8f66f8f9bf?s=96&d=mm&r=g","contentUrl":"https:\/\/secure.gravatar.com\/avatar\/b34fc4f4e468a4e51785917065a3db57b841f5c95dba6ad8c73aaf8f66f8f9bf?s=96&d=mm&r=g","caption":"Comunica\u00e7\u00e3o PSOL"}}]}},"_links":{"self":[{"href":"https:\/\/psol50.org.br\/rest\/wp\/v2\/posts\/41187","targetHints":{"allow":["GET"]}}],"collection":[{"href":"https:\/\/psol50.org.br\/rest\/wp\/v2\/posts"}],"about":[{"href":"https:\/\/psol50.org.br\/rest\/wp\/v2\/types\/post"}],"author":[{"embeddable":true,"href":"https:\/\/psol50.org.br\/rest\/wp\/v2\/users\/2"}],"replies":[{"embeddable":true,"href":"https:\/\/psol50.org.br\/rest\/wp\/v2\/comments?post=41187"}],"version-history":[{"count":2,"href":"https:\/\/psol50.org.br\/rest\/wp\/v2\/posts\/41187\/revisions"}],"predecessor-version":[{"id":41191,"href":"https:\/\/psol50.org.br\/rest\/wp\/v2\/posts\/41187\/revisions\/41191"}],"wp:featuredmedia":[{"embeddable":true,"href":"https:\/\/psol50.org.br\/rest\/wp\/v2\/media\/41190"}],"wp:attachment":[{"href":"https:\/\/psol50.org.br\/rest\/wp\/v2\/media?parent=41187"}],"wp:term":[{"taxonomy":"category","embeddable":true,"href":"https:\/\/psol50.org.br\/rest\/wp\/v2\/categories?post=41187"},{"taxonomy":"post_tag","embeddable":true,"href":"https:\/\/psol50.org.br\/rest\/wp\/v2\/tags?post=41187"}],"curies":[{"name":"wp","href":"https:\/\/api.w.org\/{rel}","templated":true}]}}