{"id":41256,"date":"2025-06-10T14:36:52","date_gmt":"2025-06-10T17:36:52","guid":{"rendered":"https:\/\/psol50.org.br\/?p=41256"},"modified":"2025-06-10T14:37:09","modified_gmt":"2025-06-10T17:37:09","slug":"1o-circular-de-orientacao-aos-estados-do-grupo-de-trabalho-eleitoral-do-psol-para-2026","status":"publish","type":"post","link":"https:\/\/psol50.org.br\/1o-circular-de-orientacao-aos-estados-do-grupo-de-trabalho-eleitoral-do-psol-para-2026\/","title":{"rendered":"1\u00ba Circular de Orienta\u00e7\u00e3o aos Estados do Grupo de Trabalho Eleitoral do PSOL para 2026"},"content":{"rendered":"<p>Camaradas,<\/p>\n<p>A elei\u00e7\u00e3o de 2026 se aproxima e ela ser\u00e1 um momento importante para a consolida\u00e7\u00e3o do PSOL como alternativa de esquerda na pol\u00edtica brasileira, mesmo em um cen\u00e1rio de sobreposi\u00e7\u00e3o de crises e do endurecimento da cl\u00e1usula de barreira. Por isso, \u00e9 fundamental que os estados iniciem a constru\u00e7\u00e3o de seus Grupos de Trabalho Eleitoral.<\/p>\n<p>Neste sentido, considerando a \u201cResolu\u00e7\u00e3o Sobre Prepara\u00e7\u00e3o Eleitoral &#8211; 2026\u201d aprovada no \u00faltimo Diret\u00f3rio Nacional, no dia 15\/02\/25, o Grupo de Trabalho Eleitoral &#8211; 2026 vem, por meio desta, orientar os Diret\u00f3rios Estaduais do PSOL das seguintes quest\u00f5es:<\/p>\n<p>1 &#8211; O Diret\u00f3rio Estadual ter\u00e1 at\u00e9 o dia 23\/06, segunda-feira, para formar o Grupo de Trabalho Eleitoral Estadual do PSOL.<\/p>\n<p>2 &#8211; O GTE Estadual ser\u00e1 composto por:<\/p>\n<p>\u25cf M\u00ednimo de 5 e m\u00e1ximo de 7 membros da Executiva Estadual, com representa\u00e7\u00e3o proporcional \u00e0s chapas que participaram do \u00faltimo Congresso Nacional do PSOL, na condi\u00e7\u00e3o de membros.<\/p>\n<p>\u25cf Convidar a Secret\u00e1ria de Organiza\u00e7\u00e3o Estadual para participar da composi\u00e7\u00e3o do grupo na condi\u00e7\u00e3o de acompanhamento.<\/p>\n<p>\u25cf Convidar uma representa\u00e7\u00e3o da Setorial de Mulheres Estadual para participar da composi\u00e7\u00e3o do grupo na condi\u00e7\u00e3o de acompanhamento.<\/p>\n<p>\u25cf Convidar uma representa\u00e7\u00e3o da Setorial de Negros e Negras Estadual para participar da composi\u00e7\u00e3o do grupo na condi\u00e7\u00e3o de acompanhamento.<\/p>\n<p>3 &#8211; Dentre os participantes membros dever\u00e1 ser escolhido uma pessoa coordenadora dos trabalhos.<\/p>\n<p>4- Dever\u00e1 ser enviado nome, e-mail e n\u00famero de celular com Whatsapp para o e-mail: gtenacional@psol50.org.br de cada participante at\u00e9 a data limite contida no ponto 1 desta circular, al\u00e9m da indica\u00e7\u00e3o da pessoa coordenadora do GTE Estadual.<\/p>\n<p><em><strong>Grupo Nacional de Trabalho Eleitoral do PSOL &#8211; 2026<\/strong><\/em><br \/>\n<em><strong>04\/06\/2025<\/strong><\/em><\/p>\n","protected":false},"excerpt":{"rendered":"<p>Camaradas, A elei\u00e7\u00e3o de 2026 se aproxima e ela ser\u00e1 um momento importante para a consolida\u00e7\u00e3o do PSOL como alternativa de esquerda na pol\u00edtica brasileira, mesmo em um cen\u00e1rio de sobreposi\u00e7\u00e3o de crises e do endurecimento da cl\u00e1usula de barreira. Por isso, \u00e9 fundamental que os estados iniciem a constru\u00e7\u00e3o de seus Grupos de Trabalho [&hellip;]<\/p>\n","protected":false},"author":2,"featured_media":33896,"comment_status":"closed","ping_status":"open","sticky":false,"template":"","format":"standard","meta":{"_acf_changed":false,"footnotes":""},"categories":[14],"tags":[4825],"class_list":{"0":"post-41256","1":"post","2":"type-post","3":"status-publish","4":"format-standard","5":"has-post-thumbnail","7":"category-partido","8":"tag-noticias"},"acf":[],"yoast_head":"<!-- This site is optimized with the Yoast SEO plugin v26.5 - https:\/\/yoast.com\/wordpress\/plugins\/seo\/ -->\n<title>1\u00ba Circular de Orienta\u00e7\u00e3o aos Estados do Grupo de Trabalho Eleitoral do PSOL para 2026<\/title>\n<meta name=\"description\" content=\"Os Diret\u00f3rios Estaduais ter\u00e3o at\u00e9 o dia 23\/06 para formar os Grupos de Trabalho Eleitoral Estaduais do PSOL.\" \/>\n<meta name=\"robots\" content=\"index, follow, max-snippet:-1, max-image-preview:large, max-video-preview:-1\" \/>\n<link rel=\"canonical\" href=\"https:\/\/psol50.org.br\/1o-circular-de-orientacao-aos-estados-do-grupo-de-trabalho-eleitoral-do-psol-para-2026\/\" \/>\n<meta property=\"og:locale\" content=\"pt_BR\" \/>\n<meta property=\"og:type\" content=\"article\" \/>\n<meta property=\"og:title\" content=\"1\u00ba Circular de Orienta\u00e7\u00e3o aos Estados do Grupo de Trabalho Eleitoral do PSOL para 2026\" \/>\n<meta property=\"og:description\" content=\"Os Diret\u00f3rios Estaduais ter\u00e3o at\u00e9 o dia 23\/06 para formar os Grupos de Trabalho Eleitoral Estaduais do PSOL.\" \/>\n<meta property=\"og:url\" content=\"https:\/\/psol50.org.br\/1o-circular-de-orientacao-aos-estados-do-grupo-de-trabalho-eleitoral-do-psol-para-2026\/\" \/>\n<meta property=\"og:site_name\" content=\"PSOL 50\" \/>\n<meta property=\"article:publisher\" content=\"https:\/\/www.facebook.com\/psol50\" \/>\n<meta property=\"article:published_time\" content=\"2025-06-10T17:36:52+00:00\" \/>\n<meta property=\"article:modified_time\" content=\"2025-06-10T17:37:09+00:00\" \/>\n<meta property=\"og:image\" content=\"https:\/\/psol50.org.br\/inc\/uploads\/2021\/07\/10-02-2021_PSOLThumbs-01.jpg\" \/>\n\t<meta property=\"og:image:width\" content=\"1350\" \/>\n\t<meta property=\"og:image:height\" content=\"901\" \/>\n\t<meta property=\"og:image:type\" content=\"image\/jpeg\" \/>\n<meta name=\"author\" content=\"Comunica\u00e7\u00e3o PSOL\" \/>\n<meta name=\"twitter:card\" content=\"summary_large_image\" \/>\n<meta name=\"twitter:creator\" content=\"@psol50\" \/>\n<meta name=\"twitter:site\" content=\"@psol50\" \/>\n<meta name=\"twitter:label1\" content=\"Escrito por\" \/>\n\t<meta name=\"twitter:data1\" content=\"Comunica\u00e7\u00e3o PSOL\" \/>\n\t<meta name=\"twitter:label2\" content=\"Est. tempo de leitura\" \/>\n\t<meta name=\"twitter:data2\" content=\"1 minuto\" \/>\n<script type=\"application\/ld+json\" class=\"yoast-schema-graph\">{\"@context\":\"https:\/\/schema.org\",\"@graph\":[{\"@type\":\"Article\",\"@id\":\"https:\/\/psol50.org.br\/1o-circular-de-orientacao-aos-estados-do-grupo-de-trabalho-eleitoral-do-psol-para-2026\/#article\",\"isPartOf\":{\"@id\":\"https:\/\/psol50.org.br\/1o-circular-de-orientacao-aos-estados-do-grupo-de-trabalho-eleitoral-do-psol-para-2026\/\"},\"author\":{\"name\":\"Comunica\u00e7\u00e3o PSOL\",\"@id\":\"https:\/\/psol50.org.br\/#\/schema\/person\/475dfa57d0b815993c714c2e96491fcd\"},\"headline\":\"1\u00ba Circular de Orienta\u00e7\u00e3o aos Estados do Grupo de Trabalho Eleitoral do PSOL para 2026\",\"datePublished\":\"2025-06-10T17:36:52+00:00\",\"dateModified\":\"2025-06-10T17:37:09+00:00\",\"mainEntityOfPage\":{\"@id\":\"https:\/\/psol50.org.br\/1o-circular-de-orientacao-aos-estados-do-grupo-de-trabalho-eleitoral-do-psol-para-2026\/\"},\"wordCount\":300,\"publisher\":{\"@id\":\"https:\/\/psol50.org.br\/#organization\"},\"image\":{\"@id\":\"https:\/\/psol50.org.br\/1o-circular-de-orientacao-aos-estados-do-grupo-de-trabalho-eleitoral-do-psol-para-2026\/#primaryimage\"},\"thumbnailUrl\":\"https:\/\/psol50.org.br\/inc\/uploads\/2021\/07\/10-02-2021_PSOLThumbs-01.jpg\",\"keywords\":[\"Not\u00edcias\"],\"articleSection\":[\"Partido\"],\"inLanguage\":\"pt-BR\"},{\"@type\":\"WebPage\",\"@id\":\"https:\/\/psol50.org.br\/1o-circular-de-orientacao-aos-estados-do-grupo-de-trabalho-eleitoral-do-psol-para-2026\/\",\"url\":\"https:\/\/psol50.org.br\/1o-circular-de-orientacao-aos-estados-do-grupo-de-trabalho-eleitoral-do-psol-para-2026\/\",\"name\":\"1\u00ba Circular de Orienta\u00e7\u00e3o aos Estados do Grupo de Trabalho Eleitoral do PSOL para 2026\",\"isPartOf\":{\"@id\":\"https:\/\/psol50.org.br\/#website\"},\"primaryImageOfPage\":{\"@id\":\"https:\/\/psol50.org.br\/1o-circular-de-orientacao-aos-estados-do-grupo-de-trabalho-eleitoral-do-psol-para-2026\/#primaryimage\"},\"image\":{\"@id\":\"https:\/\/psol50.org.br\/1o-circular-de-orientacao-aos-estados-do-grupo-de-trabalho-eleitoral-do-psol-para-2026\/#primaryimage\"},\"thumbnailUrl\":\"https:\/\/psol50.org.br\/inc\/uploads\/2021\/07\/10-02-2021_PSOLThumbs-01.jpg\",\"datePublished\":\"2025-06-10T17:36:52+00:00\",\"dateModified\":\"2025-06-10T17:37:09+00:00\",\"description\":\"Os Diret\u00f3rios Estaduais ter\u00e3o at\u00e9 o dia 23\/06 para formar os Grupos de Trabalho Eleitoral Estaduais do PSOL.\",\"breadcrumb\":{\"@id\":\"https:\/\/psol50.org.br\/1o-circular-de-orientacao-aos-estados-do-grupo-de-trabalho-eleitoral-do-psol-para-2026\/#breadcrumb\"},\"inLanguage\":\"pt-BR\",\"potentialAction\":[{\"@type\":\"ReadAction\",\"target\":[\"https:\/\/psol50.org.br\/1o-circular-de-orientacao-aos-estados-do-grupo-de-trabalho-eleitoral-do-psol-para-2026\/\"]}]},{\"@type\":\"ImageObject\",\"inLanguage\":\"pt-BR\",\"@id\":\"https:\/\/psol50.org.br\/1o-circular-de-orientacao-aos-estados-do-grupo-de-trabalho-eleitoral-do-psol-para-2026\/#primaryimage\",\"url\":\"https:\/\/psol50.org.br\/inc\/uploads\/2021\/07\/10-02-2021_PSOLThumbs-01.jpg\",\"contentUrl\":\"https:\/\/psol50.org.br\/inc\/uploads\/2021\/07\/10-02-2021_PSOLThumbs-01.jpg\",\"width\":1350,\"height\":901},{\"@type\":\"BreadcrumbList\",\"@id\":\"https:\/\/psol50.org.br\/1o-circular-de-orientacao-aos-estados-do-grupo-de-trabalho-eleitoral-do-psol-para-2026\/#breadcrumb\",\"itemListElement\":[{\"@type\":\"ListItem\",\"position\":1,\"name\":\"In\u00edcio\",\"item\":\"https:\/\/psol50.org.br\/\"},{\"@type\":\"ListItem\",\"position\":2,\"name\":\"1\u00ba Circular de Orienta\u00e7\u00e3o aos Estados do Grupo de Trabalho Eleitoral do PSOL para 2026\"}]},{\"@type\":\"WebSite\",\"@id\":\"https:\/\/psol50.org.br\/#website\",\"url\":\"https:\/\/psol50.org.br\/\",\"name\":\"PSOL 50\",\"description\":\"Site oficial do Partido Socialismo e Liberdade\",\"publisher\":{\"@id\":\"https:\/\/psol50.org.br\/#organization\"},\"alternateName\":\"PSOL50\",\"potentialAction\":[{\"@type\":\"SearchAction\",\"target\":{\"@type\":\"EntryPoint\",\"urlTemplate\":\"https:\/\/psol50.org.br\/?s={search_term_string}\"},\"query-input\":{\"@type\":\"PropertyValueSpecification\",\"valueRequired\":true,\"valueName\":\"search_term_string\"}}],\"inLanguage\":\"pt-BR\"},{\"@type\":\"Organization\",\"@id\":\"https:\/\/psol50.org.br\/#organization\",\"name\":\"PSOL 50\",\"alternateName\":\"PSOL 50\",\"url\":\"https:\/\/psol50.org.br\/\",\"logo\":{\"@type\":\"ImageObject\",\"inLanguage\":\"pt-BR\",\"@id\":\"https:\/\/psol50.org.br\/#\/schema\/logo\/image\/\",\"url\":\"https:\/\/psol50.org.br\/inc\/uploads\/2018\/07\/capa.png\",\"contentUrl\":\"https:\/\/psol50.org.br\/inc\/uploads\/2018\/07\/capa.png\",\"width\":1350,\"height\":900,\"caption\":\"PSOL 50\"},\"image\":{\"@id\":\"https:\/\/psol50.org.br\/#\/schema\/logo\/image\/\"},\"sameAs\":[\"https:\/\/www.facebook.com\/psol50\",\"https:\/\/x.com\/psol50\",\"https:\/\/www.instagram.com\/psol50\/\",\"https:\/\/www.youtube.com\/channel\/UC7SnJS5o1os7a6CaiNabzcg\"]},{\"@type\":\"Person\",\"@id\":\"https:\/\/psol50.org.br\/#\/schema\/person\/475dfa57d0b815993c714c2e96491fcd\",\"name\":\"Comunica\u00e7\u00e3o PSOL\",\"image\":{\"@type\":\"ImageObject\",\"inLanguage\":\"pt-BR\",\"@id\":\"https:\/\/psol50.org.br\/#\/schema\/person\/image\/\",\"url\":\"https:\/\/secure.gravatar.com\/avatar\/b34fc4f4e468a4e51785917065a3db57b841f5c95dba6ad8c73aaf8f66f8f9bf?s=96&d=mm&r=g\",\"contentUrl\":\"https:\/\/secure.gravatar.com\/avatar\/b34fc4f4e468a4e51785917065a3db57b841f5c95dba6ad8c73aaf8f66f8f9bf?s=96&d=mm&r=g\",\"caption\":\"Comunica\u00e7\u00e3o PSOL\"}}]}<\/script>\n<!-- \/ Yoast SEO plugin. -->","yoast_head_json":{"title":"1\u00ba Circular de Orienta\u00e7\u00e3o aos Estados do Grupo de Trabalho Eleitoral do PSOL para 2026","description":"Os Diret\u00f3rios Estaduais ter\u00e3o at\u00e9 o dia 23\/06 para formar os Grupos de Trabalho Eleitoral Estaduais do PSOL.","robots":{"index":"index","follow":"follow","max-snippet":"max-snippet:-1","max-image-preview":"max-image-preview:large","max-video-preview":"max-video-preview:-1"},"canonical":"https:\/\/psol50.org.br\/1o-circular-de-orientacao-aos-estados-do-grupo-de-trabalho-eleitoral-do-psol-para-2026\/","og_locale":"pt_BR","og_type":"article","og_title":"1\u00ba Circular de Orienta\u00e7\u00e3o aos Estados do Grupo de Trabalho Eleitoral do PSOL para 2026","og_description":"Os Diret\u00f3rios Estaduais ter\u00e3o at\u00e9 o dia 23\/06 para formar os Grupos de Trabalho Eleitoral Estaduais do PSOL.","og_url":"https:\/\/psol50.org.br\/1o-circular-de-orientacao-aos-estados-do-grupo-de-trabalho-eleitoral-do-psol-para-2026\/","og_site_name":"PSOL 50","article_publisher":"https:\/\/www.facebook.com\/psol50","article_published_time":"2025-06-10T17:36:52+00:00","article_modified_time":"2025-06-10T17:37:09+00:00","og_image":[{"width":1350,"height":901,"url":"https:\/\/psol50.org.br\/inc\/uploads\/2021\/07\/10-02-2021_PSOLThumbs-01.jpg","type":"image\/jpeg"}],"author":"Comunica\u00e7\u00e3o PSOL","twitter_card":"summary_large_image","twitter_creator":"@psol50","twitter_site":"@psol50","twitter_misc":{"Escrito por":"Comunica\u00e7\u00e3o PSOL","Est. tempo de leitura":"1 minuto"},"schema":{"@context":"https:\/\/schema.org","@graph":[{"@type":"Article","@id":"https:\/\/psol50.org.br\/1o-circular-de-orientacao-aos-estados-do-grupo-de-trabalho-eleitoral-do-psol-para-2026\/#article","isPartOf":{"@id":"https:\/\/psol50.org.br\/1o-circular-de-orientacao-aos-estados-do-grupo-de-trabalho-eleitoral-do-psol-para-2026\/"},"author":{"name":"Comunica\u00e7\u00e3o PSOL","@id":"https:\/\/psol50.org.br\/#\/schema\/person\/475dfa57d0b815993c714c2e96491fcd"},"headline":"1\u00ba Circular de Orienta\u00e7\u00e3o aos Estados do Grupo de Trabalho Eleitoral do PSOL para 2026","datePublished":"2025-06-10T17:36:52+00:00","dateModified":"2025-06-10T17:37:09+00:00","mainEntityOfPage":{"@id":"https:\/\/psol50.org.br\/1o-circular-de-orientacao-aos-estados-do-grupo-de-trabalho-eleitoral-do-psol-para-2026\/"},"wordCount":300,"publisher":{"@id":"https:\/\/psol50.org.br\/#organization"},"image":{"@id":"https:\/\/psol50.org.br\/1o-circular-de-orientacao-aos-estados-do-grupo-de-trabalho-eleitoral-do-psol-para-2026\/#primaryimage"},"thumbnailUrl":"https:\/\/psol50.org.br\/inc\/uploads\/2021\/07\/10-02-2021_PSOLThumbs-01.jpg","keywords":["Not\u00edcias"],"articleSection":["Partido"],"inLanguage":"pt-BR"},{"@type":"WebPage","@id":"https:\/\/psol50.org.br\/1o-circular-de-orientacao-aos-estados-do-grupo-de-trabalho-eleitoral-do-psol-para-2026\/","url":"https:\/\/psol50.org.br\/1o-circular-de-orientacao-aos-estados-do-grupo-de-trabalho-eleitoral-do-psol-para-2026\/","name":"1\u00ba Circular de Orienta\u00e7\u00e3o aos Estados do Grupo de Trabalho Eleitoral do PSOL para 2026","isPartOf":{"@id":"https:\/\/psol50.org.br\/#website"},"primaryImageOfPage":{"@id":"https:\/\/psol50.org.br\/1o-circular-de-orientacao-aos-estados-do-grupo-de-trabalho-eleitoral-do-psol-para-2026\/#primaryimage"},"image":{"@id":"https:\/\/psol50.org.br\/1o-circular-de-orientacao-aos-estados-do-grupo-de-trabalho-eleitoral-do-psol-para-2026\/#primaryimage"},"thumbnailUrl":"https:\/\/psol50.org.br\/inc\/uploads\/2021\/07\/10-02-2021_PSOLThumbs-01.jpg","datePublished":"2025-06-10T17:36:52+00:00","dateModified":"2025-06-10T17:37:09+00:00","description":"Os Diret\u00f3rios Estaduais ter\u00e3o at\u00e9 o dia 23\/06 para formar os Grupos de Trabalho Eleitoral Estaduais do PSOL.","breadcrumb":{"@id":"https:\/\/psol50.org.br\/1o-circular-de-orientacao-aos-estados-do-grupo-de-trabalho-eleitoral-do-psol-para-2026\/#breadcrumb"},"inLanguage":"pt-BR","potentialAction":[{"@type":"ReadAction","target":["https:\/\/psol50.org.br\/1o-circular-de-orientacao-aos-estados-do-grupo-de-trabalho-eleitoral-do-psol-para-2026\/"]}]},{"@type":"ImageObject","inLanguage":"pt-BR","@id":"https:\/\/psol50.org.br\/1o-circular-de-orientacao-aos-estados-do-grupo-de-trabalho-eleitoral-do-psol-para-2026\/#primaryimage","url":"https:\/\/psol50.org.br\/inc\/uploads\/2021\/07\/10-02-2021_PSOLThumbs-01.jpg","contentUrl":"https:\/\/psol50.org.br\/inc\/uploads\/2021\/07\/10-02-2021_PSOLThumbs-01.jpg","width":1350,"height":901},{"@type":"BreadcrumbList","@id":"https:\/\/psol50.org.br\/1o-circular-de-orientacao-aos-estados-do-grupo-de-trabalho-eleitoral-do-psol-para-2026\/#breadcrumb","itemListElement":[{"@type":"ListItem","position":1,"name":"In\u00edcio","item":"https:\/\/psol50.org.br\/"},{"@type":"ListItem","position":2,"name":"1\u00ba Circular de Orienta\u00e7\u00e3o aos Estados do Grupo de Trabalho Eleitoral do PSOL para 2026"}]},{"@type":"WebSite","@id":"https:\/\/psol50.org.br\/#website","url":"https:\/\/psol50.org.br\/","name":"PSOL 50","description":"Site oficial do Partido Socialismo e Liberdade","publisher":{"@id":"https:\/\/psol50.org.br\/#organization"},"alternateName":"PSOL50","potentialAction":[{"@type":"SearchAction","target":{"@type":"EntryPoint","urlTemplate":"https:\/\/psol50.org.br\/?s={search_term_string}"},"query-input":{"@type":"PropertyValueSpecification","valueRequired":true,"valueName":"search_term_string"}}],"inLanguage":"pt-BR"},{"@type":"Organization","@id":"https:\/\/psol50.org.br\/#organization","name":"PSOL 50","alternateName":"PSOL 50","url":"https:\/\/psol50.org.br\/","logo":{"@type":"ImageObject","inLanguage":"pt-BR","@id":"https:\/\/psol50.org.br\/#\/schema\/logo\/image\/","url":"https:\/\/psol50.org.br\/inc\/uploads\/2018\/07\/capa.png","contentUrl":"https:\/\/psol50.org.br\/inc\/uploads\/2018\/07\/capa.png","width":1350,"height":900,"caption":"PSOL 50"},"image":{"@id":"https:\/\/psol50.org.br\/#\/schema\/logo\/image\/"},"sameAs":["https:\/\/www.facebook.com\/psol50","https:\/\/x.com\/psol50","https:\/\/www.instagram.com\/psol50\/","https:\/\/www.youtube.com\/channel\/UC7SnJS5o1os7a6CaiNabzcg"]},{"@type":"Person","@id":"https:\/\/psol50.org.br\/#\/schema\/person\/475dfa57d0b815993c714c2e96491fcd","name":"Comunica\u00e7\u00e3o PSOL","image":{"@type":"ImageObject","inLanguage":"pt-BR","@id":"https:\/\/psol50.org.br\/#\/schema\/person\/image\/","url":"https:\/\/secure.gravatar.com\/avatar\/b34fc4f4e468a4e51785917065a3db57b841f5c95dba6ad8c73aaf8f66f8f9bf?s=96&d=mm&r=g","contentUrl":"https:\/\/secure.gravatar.com\/avatar\/b34fc4f4e468a4e51785917065a3db57b841f5c95dba6ad8c73aaf8f66f8f9bf?s=96&d=mm&r=g","caption":"Comunica\u00e7\u00e3o PSOL"}}]}},"_links":{"self":[{"href":"https:\/\/psol50.org.br\/rest\/wp\/v2\/posts\/41256","targetHints":{"allow":["GET"]}}],"collection":[{"href":"https:\/\/psol50.org.br\/rest\/wp\/v2\/posts"}],"about":[{"href":"https:\/\/psol50.org.br\/rest\/wp\/v2\/types\/post"}],"author":[{"embeddable":true,"href":"https:\/\/psol50.org.br\/rest\/wp\/v2\/users\/2"}],"replies":[{"embeddable":true,"href":"https:\/\/psol50.org.br\/rest\/wp\/v2\/comments?post=41256"}],"version-history":[{"count":3,"href":"https:\/\/psol50.org.br\/rest\/wp\/v2\/posts\/41256\/revisions"}],"predecessor-version":[{"id":41259,"href":"https:\/\/psol50.org.br\/rest\/wp\/v2\/posts\/41256\/revisions\/41259"}],"wp:featuredmedia":[{"embeddable":true,"href":"https:\/\/psol50.org.br\/rest\/wp\/v2\/media\/33896"}],"wp:attachment":[{"href":"https:\/\/psol50.org.br\/rest\/wp\/v2\/media?parent=41256"}],"wp:term":[{"taxonomy":"category","embeddable":true,"href":"https:\/\/psol50.org.br\/rest\/wp\/v2\/categories?post=41256"},{"taxonomy":"post_tag","embeddable":true,"href":"https:\/\/psol50.org.br\/rest\/wp\/v2\/tags?post=41256"}],"curies":[{"name":"wp","href":"https:\/\/api.w.org\/{rel}","templated":true}]}}