{"id":41266,"date":"2025-06-13T16:39:06","date_gmt":"2025-06-13T19:39:06","guid":{"rendered":"https:\/\/psol50.org.br\/?p=41266"},"modified":"2025-06-18T14:04:49","modified_gmt":"2025-06-18T17:04:49","slug":"amanda-paschoal-psol-sp-pede-cassacao-de-lucas-pavanato-pl-por-transfobia-e-quebra-de-decoro","status":"publish","type":"post","link":"https:\/\/psol50.org.br\/amanda-paschoal-psol-sp-pede-cassacao-de-lucas-pavanato-pl-por-transfobia-e-quebra-de-decoro\/","title":{"rendered":"Amanda Paschoal (PSOL-SP) pede cassa\u00e7\u00e3o de Lucas Pavanato (PL) por transfobia e quebra de decoro"},"content":{"rendered":"<p>A vereadora Amanda Paschoal (PSOL-SP) protocolou na \u00faltima quinta-feira (12) um pedido de cassa\u00e7\u00e3o do tamb\u00e9m vereador Lucas Pavanato (PL) por transfobia e quebra de decoro parlamentar.<\/p>\n<p>Durante sess\u00e3o na \u00faltima semana, o bolsonarista fez falas de cunho discriminat\u00f3rio e transf\u00f3bico. Na ocasi\u00e3o, o vereador repetiu na tribuna que Paschoal, uma mulher trans, era &#8220;biologicamente homem&#8221;. A admissibilidade da representa\u00e7\u00e3o deve ser votada no pr\u00f3ximo dia 26.<\/p>\n<p>&#8220;Ela, biologicamente, n\u00e3o mudou, biologicamente continua sendo homem&#8221;, afirmou Pavanato utilizando a tribuna da C\u00e2mara Municipal de S\u00e3o Paulo para destilar transfobia.<\/p>\n<p>Na representa\u00e7\u00e3o, enviada \u00e0 Corregedoria da C\u00e2mara, a vereadora diz que a ret\u00f3rica usada pelo parlamentar est\u00e1 longe de ser um epis\u00f3dio isolado e \u201cevidencia uma persegui\u00e7\u00e3o sistem\u00e1tica que n\u00e3o apenas fere diretamente a vereadora, mas tamb\u00e9m refor\u00e7a a marginaliza\u00e7\u00e3o de toda a comunidade trans\u201d.<\/p>\n<p>\u201cO conte\u00fado de seus discursos tem car\u00e1ter discriminat\u00f3rio e criminoso, uma vez que direcionado a violentar e restringir direitos das pessoas trans e travestis, seja no exerc\u00edcio do mandato parlamentar ou no exerc\u00edcio de direitos personal\u00edssimos, como a autodetermina\u00e7\u00e3o de g\u00eanero e o direito ao nome\u201d, conclui o pedido de cassa\u00e7\u00e3o.<\/p>\n","protected":false},"excerpt":{"rendered":"<p>A vereadora Amanda Paschoal (PSOL-SP) protocolou na \u00faltima quinta-feira (12) um pedido de cassa\u00e7\u00e3o do tamb\u00e9m vereador Lucas Pavanato (PL) por transfobia e quebra de decoro parlamentar. Durante sess\u00e3o na \u00faltima semana, o bolsonarista fez falas de cunho discriminat\u00f3rio e transf\u00f3bico. Na ocasi\u00e3o, o vereador repetiu na tribuna que Paschoal, uma mulher trans, era &#8220;biologicamente [&hellip;]<\/p>\n","protected":false},"author":2,"featured_media":41269,"comment_status":"closed","ping_status":"open","sticky":false,"template":"","format":"standard","meta":{"_acf_changed":false,"footnotes":""},"categories":[10,654],"tags":[4825],"class_list":{"0":"post-41266","1":"post","2":"type-post","3":"status-publish","4":"format-standard","5":"has-post-thumbnail","7":"category-acao-parlamentares","8":"category-estados","9":"tag-noticias"},"acf":[],"yoast_head":"<!-- This site is optimized with the Yoast SEO plugin v26.5 - https:\/\/yoast.com\/wordpress\/plugins\/seo\/ -->\n<title>Amanda Paschoal (PSOL-SP) pede cassa\u00e7\u00e3o de Lucas Pavanato (PL) por transfobia e quebra de decoro<\/title>\n<meta name=\"description\" content=\"Bolsonarista usou a tribuna da C\u00e2mara de S\u00e3o Paulo para falar que a vereadora do PSOL, uma mulher trans, seria &quot;biologicamente homem&quot;.\" \/>\n<meta name=\"robots\" content=\"index, follow, max-snippet:-1, max-image-preview:large, max-video-preview:-1\" \/>\n<link rel=\"canonical\" href=\"https:\/\/psol50.org.br\/amanda-paschoal-psol-sp-pede-cassacao-de-lucas-pavanato-pl-por-transfobia-e-quebra-de-decoro\/\" \/>\n<meta property=\"og:locale\" content=\"pt_BR\" \/>\n<meta property=\"og:type\" content=\"article\" \/>\n<meta property=\"og:title\" content=\"Amanda Paschoal (PSOL-SP) pede cassa\u00e7\u00e3o de Lucas Pavanato (PL) por transfobia e quebra de decoro\" \/>\n<meta property=\"og:description\" content=\"Bolsonarista usou a tribuna da C\u00e2mara de S\u00e3o Paulo para falar que a vereadora do PSOL, uma mulher trans, seria &quot;biologicamente homem&quot;.\" \/>\n<meta property=\"og:url\" content=\"https:\/\/psol50.org.br\/amanda-paschoal-psol-sp-pede-cassacao-de-lucas-pavanato-pl-por-transfobia-e-quebra-de-decoro\/\" \/>\n<meta property=\"og:site_name\" content=\"PSOL 50\" \/>\n<meta property=\"article:publisher\" content=\"https:\/\/www.facebook.com\/psol50\" \/>\n<meta property=\"article:published_time\" content=\"2025-06-13T19:39:06+00:00\" \/>\n<meta property=\"article:modified_time\" content=\"2025-06-18T17:04:49+00:00\" \/>\n<meta property=\"og:image\" content=\"https:\/\/psol50.org.br\/inc\/uploads\/2025\/06\/54568391055_16423c0948_o-scaled.jpg\" \/>\n\t<meta property=\"og:image:width\" content=\"2560\" \/>\n\t<meta property=\"og:image:height\" content=\"1707\" \/>\n\t<meta property=\"og:image:type\" content=\"image\/jpeg\" \/>\n<meta name=\"author\" content=\"Comunica\u00e7\u00e3o PSOL\" \/>\n<meta name=\"twitter:card\" content=\"summary_large_image\" \/>\n<meta name=\"twitter:creator\" content=\"@psol50\" \/>\n<meta name=\"twitter:site\" content=\"@psol50\" \/>\n<meta name=\"twitter:label1\" content=\"Escrito por\" \/>\n\t<meta name=\"twitter:data1\" content=\"Comunica\u00e7\u00e3o PSOL\" \/>\n\t<meta name=\"twitter:label2\" content=\"Est. tempo de leitura\" \/>\n\t<meta name=\"twitter:data2\" content=\"1 minuto\" \/>\n<script type=\"application\/ld+json\" class=\"yoast-schema-graph\">{\"@context\":\"https:\/\/schema.org\",\"@graph\":[{\"@type\":\"Article\",\"@id\":\"https:\/\/psol50.org.br\/amanda-paschoal-psol-sp-pede-cassacao-de-lucas-pavanato-pl-por-transfobia-e-quebra-de-decoro\/#article\",\"isPartOf\":{\"@id\":\"https:\/\/psol50.org.br\/amanda-paschoal-psol-sp-pede-cassacao-de-lucas-pavanato-pl-por-transfobia-e-quebra-de-decoro\/\"},\"author\":{\"name\":\"Comunica\u00e7\u00e3o PSOL\",\"@id\":\"https:\/\/psol50.org.br\/#\/schema\/person\/475dfa57d0b815993c714c2e96491fcd\"},\"headline\":\"Amanda Paschoal (PSOL-SP) pede cassa\u00e7\u00e3o de Lucas Pavanato (PL) por transfobia e quebra de decoro\",\"datePublished\":\"2025-06-13T19:39:06+00:00\",\"dateModified\":\"2025-06-18T17:04:49+00:00\",\"mainEntityOfPage\":{\"@id\":\"https:\/\/psol50.org.br\/amanda-paschoal-psol-sp-pede-cassacao-de-lucas-pavanato-pl-por-transfobia-e-quebra-de-decoro\/\"},\"wordCount\":228,\"publisher\":{\"@id\":\"https:\/\/psol50.org.br\/#organization\"},\"image\":{\"@id\":\"https:\/\/psol50.org.br\/amanda-paschoal-psol-sp-pede-cassacao-de-lucas-pavanato-pl-por-transfobia-e-quebra-de-decoro\/#primaryimage\"},\"thumbnailUrl\":\"https:\/\/psol50.org.br\/inc\/uploads\/2025\/06\/54568391055_16423c0948_o-scaled.jpg\",\"keywords\":[\"Not\u00edcias\"],\"articleSection\":[\"A\u00e7\u00e3o Parlamentar\",\"Estados\"],\"inLanguage\":\"pt-BR\"},{\"@type\":\"WebPage\",\"@id\":\"https:\/\/psol50.org.br\/amanda-paschoal-psol-sp-pede-cassacao-de-lucas-pavanato-pl-por-transfobia-e-quebra-de-decoro\/\",\"url\":\"https:\/\/psol50.org.br\/amanda-paschoal-psol-sp-pede-cassacao-de-lucas-pavanato-pl-por-transfobia-e-quebra-de-decoro\/\",\"name\":\"Amanda Paschoal (PSOL-SP) pede cassa\u00e7\u00e3o de Lucas Pavanato (PL) por transfobia e quebra de decoro\",\"isPartOf\":{\"@id\":\"https:\/\/psol50.org.br\/#website\"},\"primaryImageOfPage\":{\"@id\":\"https:\/\/psol50.org.br\/amanda-paschoal-psol-sp-pede-cassacao-de-lucas-pavanato-pl-por-transfobia-e-quebra-de-decoro\/#primaryimage\"},\"image\":{\"@id\":\"https:\/\/psol50.org.br\/amanda-paschoal-psol-sp-pede-cassacao-de-lucas-pavanato-pl-por-transfobia-e-quebra-de-decoro\/#primaryimage\"},\"thumbnailUrl\":\"https:\/\/psol50.org.br\/inc\/uploads\/2025\/06\/54568391055_16423c0948_o-scaled.jpg\",\"datePublished\":\"2025-06-13T19:39:06+00:00\",\"dateModified\":\"2025-06-18T17:04:49+00:00\",\"description\":\"Bolsonarista usou a tribuna da C\u00e2mara de S\u00e3o Paulo para falar que a vereadora do PSOL, uma mulher trans, seria \\\"biologicamente homem\\\".\",\"breadcrumb\":{\"@id\":\"https:\/\/psol50.org.br\/amanda-paschoal-psol-sp-pede-cassacao-de-lucas-pavanato-pl-por-transfobia-e-quebra-de-decoro\/#breadcrumb\"},\"inLanguage\":\"pt-BR\",\"potentialAction\":[{\"@type\":\"ReadAction\",\"target\":[\"https:\/\/psol50.org.br\/amanda-paschoal-psol-sp-pede-cassacao-de-lucas-pavanato-pl-por-transfobia-e-quebra-de-decoro\/\"]}]},{\"@type\":\"ImageObject\",\"inLanguage\":\"pt-BR\",\"@id\":\"https:\/\/psol50.org.br\/amanda-paschoal-psol-sp-pede-cassacao-de-lucas-pavanato-pl-por-transfobia-e-quebra-de-decoro\/#primaryimage\",\"url\":\"https:\/\/psol50.org.br\/inc\/uploads\/2025\/06\/54568391055_16423c0948_o-scaled.jpg\",\"contentUrl\":\"https:\/\/psol50.org.br\/inc\/uploads\/2025\/06\/54568391055_16423c0948_o-scaled.jpg\",\"width\":2560,\"height\":1707,\"caption\":\"Fotos: Richard Louren\u00e7o \/ Rede C\u00e2mara\"},{\"@type\":\"BreadcrumbList\",\"@id\":\"https:\/\/psol50.org.br\/amanda-paschoal-psol-sp-pede-cassacao-de-lucas-pavanato-pl-por-transfobia-e-quebra-de-decoro\/#breadcrumb\",\"itemListElement\":[{\"@type\":\"ListItem\",\"position\":1,\"name\":\"In\u00edcio\",\"item\":\"https:\/\/psol50.org.br\/\"},{\"@type\":\"ListItem\",\"position\":2,\"name\":\"Amanda Paschoal (PSOL-SP) pede cassa\u00e7\u00e3o de Lucas Pavanato (PL) por transfobia e quebra de decoro\"}]},{\"@type\":\"WebSite\",\"@id\":\"https:\/\/psol50.org.br\/#website\",\"url\":\"https:\/\/psol50.org.br\/\",\"name\":\"PSOL 50\",\"description\":\"Site oficial do Partido Socialismo e Liberdade\",\"publisher\":{\"@id\":\"https:\/\/psol50.org.br\/#organization\"},\"alternateName\":\"PSOL50\",\"potentialAction\":[{\"@type\":\"SearchAction\",\"target\":{\"@type\":\"EntryPoint\",\"urlTemplate\":\"https:\/\/psol50.org.br\/?s={search_term_string}\"},\"query-input\":{\"@type\":\"PropertyValueSpecification\",\"valueRequired\":true,\"valueName\":\"search_term_string\"}}],\"inLanguage\":\"pt-BR\"},{\"@type\":\"Organization\",\"@id\":\"https:\/\/psol50.org.br\/#organization\",\"name\":\"PSOL 50\",\"alternateName\":\"PSOL 50\",\"url\":\"https:\/\/psol50.org.br\/\",\"logo\":{\"@type\":\"ImageObject\",\"inLanguage\":\"pt-BR\",\"@id\":\"https:\/\/psol50.org.br\/#\/schema\/logo\/image\/\",\"url\":\"https:\/\/psol50.org.br\/inc\/uploads\/2018\/07\/capa.png\",\"contentUrl\":\"https:\/\/psol50.org.br\/inc\/uploads\/2018\/07\/capa.png\",\"width\":1350,\"height\":900,\"caption\":\"PSOL 50\"},\"image\":{\"@id\":\"https:\/\/psol50.org.br\/#\/schema\/logo\/image\/\"},\"sameAs\":[\"https:\/\/www.facebook.com\/psol50\",\"https:\/\/x.com\/psol50\",\"https:\/\/www.instagram.com\/psol50\/\",\"https:\/\/www.youtube.com\/channel\/UC7SnJS5o1os7a6CaiNabzcg\"]},{\"@type\":\"Person\",\"@id\":\"https:\/\/psol50.org.br\/#\/schema\/person\/475dfa57d0b815993c714c2e96491fcd\",\"name\":\"Comunica\u00e7\u00e3o PSOL\",\"image\":{\"@type\":\"ImageObject\",\"inLanguage\":\"pt-BR\",\"@id\":\"https:\/\/psol50.org.br\/#\/schema\/person\/image\/\",\"url\":\"https:\/\/secure.gravatar.com\/avatar\/b34fc4f4e468a4e51785917065a3db57b841f5c95dba6ad8c73aaf8f66f8f9bf?s=96&d=mm&r=g\",\"contentUrl\":\"https:\/\/secure.gravatar.com\/avatar\/b34fc4f4e468a4e51785917065a3db57b841f5c95dba6ad8c73aaf8f66f8f9bf?s=96&d=mm&r=g\",\"caption\":\"Comunica\u00e7\u00e3o PSOL\"}}]}<\/script>\n<!-- \/ Yoast SEO plugin. -->","yoast_head_json":{"title":"Amanda Paschoal (PSOL-SP) pede cassa\u00e7\u00e3o de Lucas Pavanato (PL) por transfobia e quebra de decoro","description":"Bolsonarista usou a tribuna da C\u00e2mara de S\u00e3o Paulo para falar que a vereadora do PSOL, uma mulher trans, seria \"biologicamente homem\".","robots":{"index":"index","follow":"follow","max-snippet":"max-snippet:-1","max-image-preview":"max-image-preview:large","max-video-preview":"max-video-preview:-1"},"canonical":"https:\/\/psol50.org.br\/amanda-paschoal-psol-sp-pede-cassacao-de-lucas-pavanato-pl-por-transfobia-e-quebra-de-decoro\/","og_locale":"pt_BR","og_type":"article","og_title":"Amanda Paschoal (PSOL-SP) pede cassa\u00e7\u00e3o de Lucas Pavanato (PL) por transfobia e quebra de decoro","og_description":"Bolsonarista usou a tribuna da C\u00e2mara de S\u00e3o Paulo para falar que a vereadora do PSOL, uma mulher trans, seria \"biologicamente homem\".","og_url":"https:\/\/psol50.org.br\/amanda-paschoal-psol-sp-pede-cassacao-de-lucas-pavanato-pl-por-transfobia-e-quebra-de-decoro\/","og_site_name":"PSOL 50","article_publisher":"https:\/\/www.facebook.com\/psol50","article_published_time":"2025-06-13T19:39:06+00:00","article_modified_time":"2025-06-18T17:04:49+00:00","og_image":[{"width":2560,"height":1707,"url":"https:\/\/psol50.org.br\/inc\/uploads\/2025\/06\/54568391055_16423c0948_o-scaled.jpg","type":"image\/jpeg"}],"author":"Comunica\u00e7\u00e3o PSOL","twitter_card":"summary_large_image","twitter_creator":"@psol50","twitter_site":"@psol50","twitter_misc":{"Escrito por":"Comunica\u00e7\u00e3o PSOL","Est. tempo de leitura":"1 minuto"},"schema":{"@context":"https:\/\/schema.org","@graph":[{"@type":"Article","@id":"https:\/\/psol50.org.br\/amanda-paschoal-psol-sp-pede-cassacao-de-lucas-pavanato-pl-por-transfobia-e-quebra-de-decoro\/#article","isPartOf":{"@id":"https:\/\/psol50.org.br\/amanda-paschoal-psol-sp-pede-cassacao-de-lucas-pavanato-pl-por-transfobia-e-quebra-de-decoro\/"},"author":{"name":"Comunica\u00e7\u00e3o PSOL","@id":"https:\/\/psol50.org.br\/#\/schema\/person\/475dfa57d0b815993c714c2e96491fcd"},"headline":"Amanda Paschoal (PSOL-SP) pede cassa\u00e7\u00e3o de Lucas Pavanato (PL) por transfobia e quebra de decoro","datePublished":"2025-06-13T19:39:06+00:00","dateModified":"2025-06-18T17:04:49+00:00","mainEntityOfPage":{"@id":"https:\/\/psol50.org.br\/amanda-paschoal-psol-sp-pede-cassacao-de-lucas-pavanato-pl-por-transfobia-e-quebra-de-decoro\/"},"wordCount":228,"publisher":{"@id":"https:\/\/psol50.org.br\/#organization"},"image":{"@id":"https:\/\/psol50.org.br\/amanda-paschoal-psol-sp-pede-cassacao-de-lucas-pavanato-pl-por-transfobia-e-quebra-de-decoro\/#primaryimage"},"thumbnailUrl":"https:\/\/psol50.org.br\/inc\/uploads\/2025\/06\/54568391055_16423c0948_o-scaled.jpg","keywords":["Not\u00edcias"],"articleSection":["A\u00e7\u00e3o Parlamentar","Estados"],"inLanguage":"pt-BR"},{"@type":"WebPage","@id":"https:\/\/psol50.org.br\/amanda-paschoal-psol-sp-pede-cassacao-de-lucas-pavanato-pl-por-transfobia-e-quebra-de-decoro\/","url":"https:\/\/psol50.org.br\/amanda-paschoal-psol-sp-pede-cassacao-de-lucas-pavanato-pl-por-transfobia-e-quebra-de-decoro\/","name":"Amanda Paschoal (PSOL-SP) pede cassa\u00e7\u00e3o de Lucas Pavanato (PL) por transfobia e quebra de decoro","isPartOf":{"@id":"https:\/\/psol50.org.br\/#website"},"primaryImageOfPage":{"@id":"https:\/\/psol50.org.br\/amanda-paschoal-psol-sp-pede-cassacao-de-lucas-pavanato-pl-por-transfobia-e-quebra-de-decoro\/#primaryimage"},"image":{"@id":"https:\/\/psol50.org.br\/amanda-paschoal-psol-sp-pede-cassacao-de-lucas-pavanato-pl-por-transfobia-e-quebra-de-decoro\/#primaryimage"},"thumbnailUrl":"https:\/\/psol50.org.br\/inc\/uploads\/2025\/06\/54568391055_16423c0948_o-scaled.jpg","datePublished":"2025-06-13T19:39:06+00:00","dateModified":"2025-06-18T17:04:49+00:00","description":"Bolsonarista usou a tribuna da C\u00e2mara de S\u00e3o Paulo para falar que a vereadora do PSOL, uma mulher trans, seria \"biologicamente homem\".","breadcrumb":{"@id":"https:\/\/psol50.org.br\/amanda-paschoal-psol-sp-pede-cassacao-de-lucas-pavanato-pl-por-transfobia-e-quebra-de-decoro\/#breadcrumb"},"inLanguage":"pt-BR","potentialAction":[{"@type":"ReadAction","target":["https:\/\/psol50.org.br\/amanda-paschoal-psol-sp-pede-cassacao-de-lucas-pavanato-pl-por-transfobia-e-quebra-de-decoro\/"]}]},{"@type":"ImageObject","inLanguage":"pt-BR","@id":"https:\/\/psol50.org.br\/amanda-paschoal-psol-sp-pede-cassacao-de-lucas-pavanato-pl-por-transfobia-e-quebra-de-decoro\/#primaryimage","url":"https:\/\/psol50.org.br\/inc\/uploads\/2025\/06\/54568391055_16423c0948_o-scaled.jpg","contentUrl":"https:\/\/psol50.org.br\/inc\/uploads\/2025\/06\/54568391055_16423c0948_o-scaled.jpg","width":2560,"height":1707,"caption":"Fotos: Richard Louren\u00e7o \/ Rede C\u00e2mara"},{"@type":"BreadcrumbList","@id":"https:\/\/psol50.org.br\/amanda-paschoal-psol-sp-pede-cassacao-de-lucas-pavanato-pl-por-transfobia-e-quebra-de-decoro\/#breadcrumb","itemListElement":[{"@type":"ListItem","position":1,"name":"In\u00edcio","item":"https:\/\/psol50.org.br\/"},{"@type":"ListItem","position":2,"name":"Amanda Paschoal (PSOL-SP) pede cassa\u00e7\u00e3o de Lucas Pavanato (PL) por transfobia e quebra de decoro"}]},{"@type":"WebSite","@id":"https:\/\/psol50.org.br\/#website","url":"https:\/\/psol50.org.br\/","name":"PSOL 50","description":"Site oficial do Partido Socialismo e Liberdade","publisher":{"@id":"https:\/\/psol50.org.br\/#organization"},"alternateName":"PSOL50","potentialAction":[{"@type":"SearchAction","target":{"@type":"EntryPoint","urlTemplate":"https:\/\/psol50.org.br\/?s={search_term_string}"},"query-input":{"@type":"PropertyValueSpecification","valueRequired":true,"valueName":"search_term_string"}}],"inLanguage":"pt-BR"},{"@type":"Organization","@id":"https:\/\/psol50.org.br\/#organization","name":"PSOL 50","alternateName":"PSOL 50","url":"https:\/\/psol50.org.br\/","logo":{"@type":"ImageObject","inLanguage":"pt-BR","@id":"https:\/\/psol50.org.br\/#\/schema\/logo\/image\/","url":"https:\/\/psol50.org.br\/inc\/uploads\/2018\/07\/capa.png","contentUrl":"https:\/\/psol50.org.br\/inc\/uploads\/2018\/07\/capa.png","width":1350,"height":900,"caption":"PSOL 50"},"image":{"@id":"https:\/\/psol50.org.br\/#\/schema\/logo\/image\/"},"sameAs":["https:\/\/www.facebook.com\/psol50","https:\/\/x.com\/psol50","https:\/\/www.instagram.com\/psol50\/","https:\/\/www.youtube.com\/channel\/UC7SnJS5o1os7a6CaiNabzcg"]},{"@type":"Person","@id":"https:\/\/psol50.org.br\/#\/schema\/person\/475dfa57d0b815993c714c2e96491fcd","name":"Comunica\u00e7\u00e3o PSOL","image":{"@type":"ImageObject","inLanguage":"pt-BR","@id":"https:\/\/psol50.org.br\/#\/schema\/person\/image\/","url":"https:\/\/secure.gravatar.com\/avatar\/b34fc4f4e468a4e51785917065a3db57b841f5c95dba6ad8c73aaf8f66f8f9bf?s=96&d=mm&r=g","contentUrl":"https:\/\/secure.gravatar.com\/avatar\/b34fc4f4e468a4e51785917065a3db57b841f5c95dba6ad8c73aaf8f66f8f9bf?s=96&d=mm&r=g","caption":"Comunica\u00e7\u00e3o PSOL"}}]}},"_links":{"self":[{"href":"https:\/\/psol50.org.br\/rest\/wp\/v2\/posts\/41266","targetHints":{"allow":["GET"]}}],"collection":[{"href":"https:\/\/psol50.org.br\/rest\/wp\/v2\/posts"}],"about":[{"href":"https:\/\/psol50.org.br\/rest\/wp\/v2\/types\/post"}],"author":[{"embeddable":true,"href":"https:\/\/psol50.org.br\/rest\/wp\/v2\/users\/2"}],"replies":[{"embeddable":true,"href":"https:\/\/psol50.org.br\/rest\/wp\/v2\/comments?post=41266"}],"version-history":[{"count":2,"href":"https:\/\/psol50.org.br\/rest\/wp\/v2\/posts\/41266\/revisions"}],"predecessor-version":[{"id":41268,"href":"https:\/\/psol50.org.br\/rest\/wp\/v2\/posts\/41266\/revisions\/41268"}],"wp:featuredmedia":[{"embeddable":true,"href":"https:\/\/psol50.org.br\/rest\/wp\/v2\/media\/41269"}],"wp:attachment":[{"href":"https:\/\/psol50.org.br\/rest\/wp\/v2\/media?parent=41266"}],"wp:term":[{"taxonomy":"category","embeddable":true,"href":"https:\/\/psol50.org.br\/rest\/wp\/v2\/categories?post=41266"},{"taxonomy":"post_tag","embeddable":true,"href":"https:\/\/psol50.org.br\/rest\/wp\/v2\/tags?post=41266"}],"curies":[{"name":"wp","href":"https:\/\/api.w.org\/{rel}","templated":true}]}}