{"id":41286,"date":"2025-06-18T14:52:51","date_gmt":"2025-06-18T17:52:51","guid":{"rendered":"https:\/\/psol50.org.br\/?p=41286"},"modified":"2025-06-18T17:58:36","modified_gmt":"2025-06-18T20:58:36","slug":"criancas-adolescentes-parada-lgbtqia-chapeco","status":"publish","type":"post","link":"https:\/\/psol50.org.br\/criancas-adolescentes-parada-lgbtqia-chapeco\/","title":{"rendered":"PSOL-SC aciona Justi\u00e7a para garantir participa\u00e7\u00e3o de crian\u00e7as e adolescentes na Parada LGBTQIA+ em Chapec\u00f3"},"content":{"rendered":"<p>O diret\u00f3rio estadual do PSOL, em parceria com o vereador de Florian\u00f3polis (SC) Leonel Camas\u00e3o, entrou com uma A\u00e7\u00e3o Direta de Inconstitucionalidade (ADI) no Tribunal de Justi\u00e7a de Santa Catarina para garantir o direito de crian\u00e7as e adolescentes de participarem da 8\u00aa Parada de Luta LGBTQIAPN+ do Oeste, em Chapec\u00f3.<\/p>\n<p>A a\u00e7\u00e3o contesta uma lei municipal de 2024 que pro\u00edbe a presen\u00e7a de menores em eventos LGBTQIA+, sob pena de multa de at\u00e9 R$ 1 mil. Para o PSOL, a norma \u00e9 abertamente inconstitucional, discriminat\u00f3ria e atenta contra princ\u00edpios fundamentais como a dignidade da pessoa humana e a liberdade de express\u00e3o.<\/p>\n<p>A ADI foi elaborada pelo advogado Rodrigo Sartoti, que tamb\u00e9m atuou na defesa da Parada em 2024. Ele destaca que a lei de Chapec\u00f3 viola diretamente a Constitui\u00e7\u00e3o de Santa Catarina ao restringir liberdades fundamentais.<\/p>\n<p>\u201cA manifesta\u00e7\u00e3o do pensamento, a cria\u00e7\u00e3o, a express\u00e3o e a informa\u00e7\u00e3o, sob qualquer forma, processo ou ve\u00edculo, n\u00e3o sofrer\u00e3o nenhuma restri\u00e7\u00e3o\u201d, afirma Sartoti.<\/p>\n<p>No ano passado, o partido conseguiu uma liminar favor\u00e1vel em habeas corpus coletivo para barrar a aplica\u00e7\u00e3o dessa mesma lei, permitindo a participa\u00e7\u00e3o de crian\u00e7as e adolescentes na 7\u00aa edi\u00e7\u00e3o da parada. No entanto, como a decis\u00e3o valia apenas para aquele caso espec\u00edfico, o PSOL agora busca uma declara\u00e7\u00e3o definitiva de inconstitucionalidade da norma.<\/p>\n<p>Impedir a presen\u00e7a de crian\u00e7as em eventos da diversidade \u00e9 refor\u00e7ar o preconceito e disseminar a ideia equivocada de que manifesta\u00e7\u00f5es da comunidade LGBTQIA+ n\u00e3o s\u00e3o espa\u00e7os seguros ou dignos. A expectativa \u00e9 que a Justi\u00e7a estadual reconhe\u00e7a a ilegalidade da lei e reafirme o direito \u00e0 participa\u00e7\u00e3o plena de todas as pessoas, independentemente da idade.<\/p>\n","protected":false},"excerpt":{"rendered":"<p>O diret\u00f3rio estadual do PSOL, em parceria com o vereador de Florian\u00f3polis (SC) Leonel Camas\u00e3o, entrou com uma A\u00e7\u00e3o Direta de Inconstitucionalidade (ADI) no Tribunal de Justi\u00e7a de Santa Catarina para garantir o direito de crian\u00e7as e adolescentes de participarem da 8\u00aa Parada de Luta LGBTQIAPN+ do Oeste, em Chapec\u00f3. A a\u00e7\u00e3o contesta uma lei [&hellip;]<\/p>\n","protected":false},"author":2,"featured_media":41288,"comment_status":"closed","ping_status":"open","sticky":false,"template":"","format":"standard","meta":{"_acf_changed":false,"footnotes":""},"categories":[1664,654],"tags":[4825],"class_list":{"0":"post-41286","1":"post","2":"type-post","3":"status-publish","4":"format-standard","5":"has-post-thumbnail","7":"category-acao-do-psol","8":"category-estados","9":"tag-noticias"},"acf":[],"yoast_head":"<!-- This site is optimized with the Yoast SEO plugin v26.5 - https:\/\/yoast.com\/wordpress\/plugins\/seo\/ -->\n<title>PSOL-SC aciona Justi\u00e7a para garantir participa\u00e7\u00e3o de crian\u00e7as e adolescentes na Parada LGBTQIA+ em Chapec\u00f3 - PSOL 50<\/title>\n<meta name=\"description\" content=\"PSOL-SC aciona Justi\u00e7a contra lei que proibe a participa\u00e7\u00e3o de crian\u00e7as e adolescentes na Parada LGBTQIA+ em Chapec\u00f3. Saiba mais.\" \/>\n<meta name=\"robots\" content=\"index, follow, max-snippet:-1, max-image-preview:large, max-video-preview:-1\" \/>\n<link rel=\"canonical\" href=\"https:\/\/psol50.org.br\/criancas-adolescentes-parada-lgbtqia-chapeco\/\" \/>\n<meta property=\"og:locale\" content=\"pt_BR\" \/>\n<meta property=\"og:type\" content=\"article\" \/>\n<meta property=\"og:title\" content=\"PSOL-SC aciona Justi\u00e7a para garantir participa\u00e7\u00e3o de crian\u00e7as e adolescentes na Parada LGBTQIA+ em Chapec\u00f3 - PSOL 50\" \/>\n<meta property=\"og:description\" content=\"PSOL-SC aciona Justi\u00e7a contra lei que proibe a participa\u00e7\u00e3o de crian\u00e7as e adolescentes na Parada LGBTQIA+ em Chapec\u00f3. Saiba mais.\" \/>\n<meta property=\"og:url\" content=\"https:\/\/psol50.org.br\/criancas-adolescentes-parada-lgbtqia-chapeco\/\" \/>\n<meta property=\"og:site_name\" content=\"PSOL 50\" \/>\n<meta property=\"article:publisher\" content=\"https:\/\/www.facebook.com\/psol50\" \/>\n<meta property=\"article:published_time\" content=\"2025-06-18T17:52:51+00:00\" \/>\n<meta property=\"article:modified_time\" content=\"2025-06-18T20:58:36+00:00\" \/>\n<meta property=\"og:image\" content=\"https:\/\/psol50.org.br\/inc\/uploads\/2025\/06\/leonel-camasao.jpeg\" \/>\n\t<meta property=\"og:image:width\" content=\"1500\" \/>\n\t<meta property=\"og:image:height\" content=\"1003\" \/>\n\t<meta property=\"og:image:type\" content=\"image\/jpeg\" \/>\n<meta name=\"author\" content=\"Comunica\u00e7\u00e3o PSOL\" \/>\n<meta name=\"twitter:card\" content=\"summary_large_image\" \/>\n<meta name=\"twitter:creator\" content=\"@psol50\" \/>\n<meta name=\"twitter:site\" content=\"@psol50\" \/>\n<meta name=\"twitter:label1\" content=\"Escrito por\" \/>\n\t<meta name=\"twitter:data1\" content=\"Comunica\u00e7\u00e3o PSOL\" \/>\n\t<meta name=\"twitter:label2\" content=\"Est. tempo de leitura\" \/>\n\t<meta name=\"twitter:data2\" content=\"2 minutos\" \/>\n<script type=\"application\/ld+json\" class=\"yoast-schema-graph\">{\"@context\":\"https:\/\/schema.org\",\"@graph\":[{\"@type\":\"Article\",\"@id\":\"https:\/\/psol50.org.br\/criancas-adolescentes-parada-lgbtqia-chapeco\/#article\",\"isPartOf\":{\"@id\":\"https:\/\/psol50.org.br\/criancas-adolescentes-parada-lgbtqia-chapeco\/\"},\"author\":{\"name\":\"Comunica\u00e7\u00e3o PSOL\",\"@id\":\"https:\/\/psol50.org.br\/#\/schema\/person\/475dfa57d0b815993c714c2e96491fcd\"},\"headline\":\"PSOL-SC aciona Justi\u00e7a para garantir participa\u00e7\u00e3o de crian\u00e7as e adolescentes na Parada LGBTQIA+ em Chapec\u00f3\",\"datePublished\":\"2025-06-18T17:52:51+00:00\",\"dateModified\":\"2025-06-18T20:58:36+00:00\",\"mainEntityOfPage\":{\"@id\":\"https:\/\/psol50.org.br\/criancas-adolescentes-parada-lgbtqia-chapeco\/\"},\"wordCount\":318,\"publisher\":{\"@id\":\"https:\/\/psol50.org.br\/#organization\"},\"image\":{\"@id\":\"https:\/\/psol50.org.br\/criancas-adolescentes-parada-lgbtqia-chapeco\/#primaryimage\"},\"thumbnailUrl\":\"https:\/\/psol50.org.br\/inc\/uploads\/2025\/06\/leonel-camasao.jpeg\",\"keywords\":[\"Not\u00edcias\"],\"articleSection\":[\"A\u00e7\u00e3o do PSOL\",\"Estados\"],\"inLanguage\":\"pt-BR\"},{\"@type\":\"WebPage\",\"@id\":\"https:\/\/psol50.org.br\/criancas-adolescentes-parada-lgbtqia-chapeco\/\",\"url\":\"https:\/\/psol50.org.br\/criancas-adolescentes-parada-lgbtqia-chapeco\/\",\"name\":\"PSOL-SC aciona Justi\u00e7a para garantir participa\u00e7\u00e3o de crian\u00e7as e adolescentes na Parada LGBTQIA+ em Chapec\u00f3 - PSOL 50\",\"isPartOf\":{\"@id\":\"https:\/\/psol50.org.br\/#website\"},\"primaryImageOfPage\":{\"@id\":\"https:\/\/psol50.org.br\/criancas-adolescentes-parada-lgbtqia-chapeco\/#primaryimage\"},\"image\":{\"@id\":\"https:\/\/psol50.org.br\/criancas-adolescentes-parada-lgbtqia-chapeco\/#primaryimage\"},\"thumbnailUrl\":\"https:\/\/psol50.org.br\/inc\/uploads\/2025\/06\/leonel-camasao.jpeg\",\"datePublished\":\"2025-06-18T17:52:51+00:00\",\"dateModified\":\"2025-06-18T20:58:36+00:00\",\"description\":\"PSOL-SC aciona Justi\u00e7a contra lei que proibe a participa\u00e7\u00e3o de crian\u00e7as e adolescentes na Parada LGBTQIA+ em Chapec\u00f3. Saiba mais.\",\"breadcrumb\":{\"@id\":\"https:\/\/psol50.org.br\/criancas-adolescentes-parada-lgbtqia-chapeco\/#breadcrumb\"},\"inLanguage\":\"pt-BR\",\"potentialAction\":[{\"@type\":\"ReadAction\",\"target\":[\"https:\/\/psol50.org.br\/criancas-adolescentes-parada-lgbtqia-chapeco\/\"]}]},{\"@type\":\"ImageObject\",\"inLanguage\":\"pt-BR\",\"@id\":\"https:\/\/psol50.org.br\/criancas-adolescentes-parada-lgbtqia-chapeco\/#primaryimage\",\"url\":\"https:\/\/psol50.org.br\/inc\/uploads\/2025\/06\/leonel-camasao.jpeg\",\"contentUrl\":\"https:\/\/psol50.org.br\/inc\/uploads\/2025\/06\/leonel-camasao.jpeg\",\"width\":1500,\"height\":1003,\"caption\":\"Foto: C\u00e2mara Municipal de Florian\u00f3polis\"},{\"@type\":\"BreadcrumbList\",\"@id\":\"https:\/\/psol50.org.br\/criancas-adolescentes-parada-lgbtqia-chapeco\/#breadcrumb\",\"itemListElement\":[{\"@type\":\"ListItem\",\"position\":1,\"name\":\"In\u00edcio\",\"item\":\"https:\/\/psol50.org.br\/\"},{\"@type\":\"ListItem\",\"position\":2,\"name\":\"PSOL-SC aciona Justi\u00e7a para garantir participa\u00e7\u00e3o de crian\u00e7as e adolescentes na Parada LGBTQIA+ em Chapec\u00f3\"}]},{\"@type\":\"WebSite\",\"@id\":\"https:\/\/psol50.org.br\/#website\",\"url\":\"https:\/\/psol50.org.br\/\",\"name\":\"PSOL 50\",\"description\":\"Site oficial do Partido Socialismo e Liberdade\",\"publisher\":{\"@id\":\"https:\/\/psol50.org.br\/#organization\"},\"alternateName\":\"PSOL50\",\"potentialAction\":[{\"@type\":\"SearchAction\",\"target\":{\"@type\":\"EntryPoint\",\"urlTemplate\":\"https:\/\/psol50.org.br\/?s={search_term_string}\"},\"query-input\":{\"@type\":\"PropertyValueSpecification\",\"valueRequired\":true,\"valueName\":\"search_term_string\"}}],\"inLanguage\":\"pt-BR\"},{\"@type\":\"Organization\",\"@id\":\"https:\/\/psol50.org.br\/#organization\",\"name\":\"PSOL 50\",\"alternateName\":\"PSOL 50\",\"url\":\"https:\/\/psol50.org.br\/\",\"logo\":{\"@type\":\"ImageObject\",\"inLanguage\":\"pt-BR\",\"@id\":\"https:\/\/psol50.org.br\/#\/schema\/logo\/image\/\",\"url\":\"https:\/\/psol50.org.br\/inc\/uploads\/2018\/07\/capa.png\",\"contentUrl\":\"https:\/\/psol50.org.br\/inc\/uploads\/2018\/07\/capa.png\",\"width\":1350,\"height\":900,\"caption\":\"PSOL 50\"},\"image\":{\"@id\":\"https:\/\/psol50.org.br\/#\/schema\/logo\/image\/\"},\"sameAs\":[\"https:\/\/www.facebook.com\/psol50\",\"https:\/\/x.com\/psol50\",\"https:\/\/www.instagram.com\/psol50\/\",\"https:\/\/www.youtube.com\/channel\/UC7SnJS5o1os7a6CaiNabzcg\"]},{\"@type\":\"Person\",\"@id\":\"https:\/\/psol50.org.br\/#\/schema\/person\/475dfa57d0b815993c714c2e96491fcd\",\"name\":\"Comunica\u00e7\u00e3o PSOL\",\"image\":{\"@type\":\"ImageObject\",\"inLanguage\":\"pt-BR\",\"@id\":\"https:\/\/psol50.org.br\/#\/schema\/person\/image\/\",\"url\":\"https:\/\/secure.gravatar.com\/avatar\/b34fc4f4e468a4e51785917065a3db57b841f5c95dba6ad8c73aaf8f66f8f9bf?s=96&d=mm&r=g\",\"contentUrl\":\"https:\/\/secure.gravatar.com\/avatar\/b34fc4f4e468a4e51785917065a3db57b841f5c95dba6ad8c73aaf8f66f8f9bf?s=96&d=mm&r=g\",\"caption\":\"Comunica\u00e7\u00e3o PSOL\"}}]}<\/script>\n<!-- \/ Yoast SEO plugin. -->","yoast_head_json":{"title":"PSOL-SC aciona Justi\u00e7a para garantir participa\u00e7\u00e3o de crian\u00e7as e adolescentes na Parada LGBTQIA+ em Chapec\u00f3 - PSOL 50","description":"PSOL-SC aciona Justi\u00e7a contra lei que proibe a participa\u00e7\u00e3o de crian\u00e7as e adolescentes na Parada LGBTQIA+ em Chapec\u00f3. Saiba mais.","robots":{"index":"index","follow":"follow","max-snippet":"max-snippet:-1","max-image-preview":"max-image-preview:large","max-video-preview":"max-video-preview:-1"},"canonical":"https:\/\/psol50.org.br\/criancas-adolescentes-parada-lgbtqia-chapeco\/","og_locale":"pt_BR","og_type":"article","og_title":"PSOL-SC aciona Justi\u00e7a para garantir participa\u00e7\u00e3o de crian\u00e7as e adolescentes na Parada LGBTQIA+ em Chapec\u00f3 - PSOL 50","og_description":"PSOL-SC aciona Justi\u00e7a contra lei que proibe a participa\u00e7\u00e3o de crian\u00e7as e adolescentes na Parada LGBTQIA+ em Chapec\u00f3. Saiba mais.","og_url":"https:\/\/psol50.org.br\/criancas-adolescentes-parada-lgbtqia-chapeco\/","og_site_name":"PSOL 50","article_publisher":"https:\/\/www.facebook.com\/psol50","article_published_time":"2025-06-18T17:52:51+00:00","article_modified_time":"2025-06-18T20:58:36+00:00","og_image":[{"width":1500,"height":1003,"url":"https:\/\/psol50.org.br\/inc\/uploads\/2025\/06\/leonel-camasao.jpeg","type":"image\/jpeg"}],"author":"Comunica\u00e7\u00e3o PSOL","twitter_card":"summary_large_image","twitter_creator":"@psol50","twitter_site":"@psol50","twitter_misc":{"Escrito por":"Comunica\u00e7\u00e3o PSOL","Est. tempo de leitura":"2 minutos"},"schema":{"@context":"https:\/\/schema.org","@graph":[{"@type":"Article","@id":"https:\/\/psol50.org.br\/criancas-adolescentes-parada-lgbtqia-chapeco\/#article","isPartOf":{"@id":"https:\/\/psol50.org.br\/criancas-adolescentes-parada-lgbtqia-chapeco\/"},"author":{"name":"Comunica\u00e7\u00e3o PSOL","@id":"https:\/\/psol50.org.br\/#\/schema\/person\/475dfa57d0b815993c714c2e96491fcd"},"headline":"PSOL-SC aciona Justi\u00e7a para garantir participa\u00e7\u00e3o de crian\u00e7as e adolescentes na Parada LGBTQIA+ em Chapec\u00f3","datePublished":"2025-06-18T17:52:51+00:00","dateModified":"2025-06-18T20:58:36+00:00","mainEntityOfPage":{"@id":"https:\/\/psol50.org.br\/criancas-adolescentes-parada-lgbtqia-chapeco\/"},"wordCount":318,"publisher":{"@id":"https:\/\/psol50.org.br\/#organization"},"image":{"@id":"https:\/\/psol50.org.br\/criancas-adolescentes-parada-lgbtqia-chapeco\/#primaryimage"},"thumbnailUrl":"https:\/\/psol50.org.br\/inc\/uploads\/2025\/06\/leonel-camasao.jpeg","keywords":["Not\u00edcias"],"articleSection":["A\u00e7\u00e3o do PSOL","Estados"],"inLanguage":"pt-BR"},{"@type":"WebPage","@id":"https:\/\/psol50.org.br\/criancas-adolescentes-parada-lgbtqia-chapeco\/","url":"https:\/\/psol50.org.br\/criancas-adolescentes-parada-lgbtqia-chapeco\/","name":"PSOL-SC aciona Justi\u00e7a para garantir participa\u00e7\u00e3o de crian\u00e7as e adolescentes na Parada LGBTQIA+ em Chapec\u00f3 - PSOL 50","isPartOf":{"@id":"https:\/\/psol50.org.br\/#website"},"primaryImageOfPage":{"@id":"https:\/\/psol50.org.br\/criancas-adolescentes-parada-lgbtqia-chapeco\/#primaryimage"},"image":{"@id":"https:\/\/psol50.org.br\/criancas-adolescentes-parada-lgbtqia-chapeco\/#primaryimage"},"thumbnailUrl":"https:\/\/psol50.org.br\/inc\/uploads\/2025\/06\/leonel-camasao.jpeg","datePublished":"2025-06-18T17:52:51+00:00","dateModified":"2025-06-18T20:58:36+00:00","description":"PSOL-SC aciona Justi\u00e7a contra lei que proibe a participa\u00e7\u00e3o de crian\u00e7as e adolescentes na Parada LGBTQIA+ em Chapec\u00f3. Saiba mais.","breadcrumb":{"@id":"https:\/\/psol50.org.br\/criancas-adolescentes-parada-lgbtqia-chapeco\/#breadcrumb"},"inLanguage":"pt-BR","potentialAction":[{"@type":"ReadAction","target":["https:\/\/psol50.org.br\/criancas-adolescentes-parada-lgbtqia-chapeco\/"]}]},{"@type":"ImageObject","inLanguage":"pt-BR","@id":"https:\/\/psol50.org.br\/criancas-adolescentes-parada-lgbtqia-chapeco\/#primaryimage","url":"https:\/\/psol50.org.br\/inc\/uploads\/2025\/06\/leonel-camasao.jpeg","contentUrl":"https:\/\/psol50.org.br\/inc\/uploads\/2025\/06\/leonel-camasao.jpeg","width":1500,"height":1003,"caption":"Foto: C\u00e2mara Municipal de Florian\u00f3polis"},{"@type":"BreadcrumbList","@id":"https:\/\/psol50.org.br\/criancas-adolescentes-parada-lgbtqia-chapeco\/#breadcrumb","itemListElement":[{"@type":"ListItem","position":1,"name":"In\u00edcio","item":"https:\/\/psol50.org.br\/"},{"@type":"ListItem","position":2,"name":"PSOL-SC aciona Justi\u00e7a para garantir participa\u00e7\u00e3o de crian\u00e7as e adolescentes na Parada LGBTQIA+ em Chapec\u00f3"}]},{"@type":"WebSite","@id":"https:\/\/psol50.org.br\/#website","url":"https:\/\/psol50.org.br\/","name":"PSOL 50","description":"Site oficial do Partido Socialismo e Liberdade","publisher":{"@id":"https:\/\/psol50.org.br\/#organization"},"alternateName":"PSOL50","potentialAction":[{"@type":"SearchAction","target":{"@type":"EntryPoint","urlTemplate":"https:\/\/psol50.org.br\/?s={search_term_string}"},"query-input":{"@type":"PropertyValueSpecification","valueRequired":true,"valueName":"search_term_string"}}],"inLanguage":"pt-BR"},{"@type":"Organization","@id":"https:\/\/psol50.org.br\/#organization","name":"PSOL 50","alternateName":"PSOL 50","url":"https:\/\/psol50.org.br\/","logo":{"@type":"ImageObject","inLanguage":"pt-BR","@id":"https:\/\/psol50.org.br\/#\/schema\/logo\/image\/","url":"https:\/\/psol50.org.br\/inc\/uploads\/2018\/07\/capa.png","contentUrl":"https:\/\/psol50.org.br\/inc\/uploads\/2018\/07\/capa.png","width":1350,"height":900,"caption":"PSOL 50"},"image":{"@id":"https:\/\/psol50.org.br\/#\/schema\/logo\/image\/"},"sameAs":["https:\/\/www.facebook.com\/psol50","https:\/\/x.com\/psol50","https:\/\/www.instagram.com\/psol50\/","https:\/\/www.youtube.com\/channel\/UC7SnJS5o1os7a6CaiNabzcg"]},{"@type":"Person","@id":"https:\/\/psol50.org.br\/#\/schema\/person\/475dfa57d0b815993c714c2e96491fcd","name":"Comunica\u00e7\u00e3o PSOL","image":{"@type":"ImageObject","inLanguage":"pt-BR","@id":"https:\/\/psol50.org.br\/#\/schema\/person\/image\/","url":"https:\/\/secure.gravatar.com\/avatar\/b34fc4f4e468a4e51785917065a3db57b841f5c95dba6ad8c73aaf8f66f8f9bf?s=96&d=mm&r=g","contentUrl":"https:\/\/secure.gravatar.com\/avatar\/b34fc4f4e468a4e51785917065a3db57b841f5c95dba6ad8c73aaf8f66f8f9bf?s=96&d=mm&r=g","caption":"Comunica\u00e7\u00e3o PSOL"}}]}},"_links":{"self":[{"href":"https:\/\/psol50.org.br\/rest\/wp\/v2\/posts\/41286","targetHints":{"allow":["GET"]}}],"collection":[{"href":"https:\/\/psol50.org.br\/rest\/wp\/v2\/posts"}],"about":[{"href":"https:\/\/psol50.org.br\/rest\/wp\/v2\/types\/post"}],"author":[{"embeddable":true,"href":"https:\/\/psol50.org.br\/rest\/wp\/v2\/users\/2"}],"replies":[{"embeddable":true,"href":"https:\/\/psol50.org.br\/rest\/wp\/v2\/comments?post=41286"}],"version-history":[{"count":1,"href":"https:\/\/psol50.org.br\/rest\/wp\/v2\/posts\/41286\/revisions"}],"predecessor-version":[{"id":41287,"href":"https:\/\/psol50.org.br\/rest\/wp\/v2\/posts\/41286\/revisions\/41287"}],"wp:featuredmedia":[{"embeddable":true,"href":"https:\/\/psol50.org.br\/rest\/wp\/v2\/media\/41288"}],"wp:attachment":[{"href":"https:\/\/psol50.org.br\/rest\/wp\/v2\/media?parent=41286"}],"wp:term":[{"taxonomy":"category","embeddable":true,"href":"https:\/\/psol50.org.br\/rest\/wp\/v2\/categories?post=41286"},{"taxonomy":"post_tag","embeddable":true,"href":"https:\/\/psol50.org.br\/rest\/wp\/v2\/tags?post=41286"}],"curies":[{"name":"wp","href":"https:\/\/api.w.org\/{rel}","templated":true}]}}