{"id":413,"date":"2011-05-03T00:00:00","date_gmt":"2011-05-03T00:00:00","guid":{"rendered":"http:\/\/psol50.org.br\/arquivo\/2011\/05\/03\/osama-bin-laden-morte-irrelevante-do-icone-da-al-qaeda\/"},"modified":"2011-05-03T00:00:00","modified_gmt":"2011-05-03T00:00:00","slug":"osama-bin-laden-morte-irrelevante-do-icone-da-al-qaeda","status":"publish","type":"post","link":"https:\/\/psol50.org.br\/osama-bin-laden-morte-irrelevante-do-icone-da-al-qaeda\/","title":{"rendered":"Osama Bin Laden: Morte irrelevante do \u00edcone da Al Qaeda"},"content":{"rendered":"<p><strong><a rel=\"attachment wp-att-8054\" href=\"http:\/\/psol50.org.br\/blog\/2011\/05\/03\/osama-bin-laden-morte-irrelevante-do-icone-da-al-qaeda\/fiskb\/\"><img loading=\"lazy\" decoding=\"async\" class=\"alignleft size-medium wp-image-8054\" src=\"http:\/\/psol50.org.br\/files\/2011\/05\/FiskB-300x150.jpg\" alt=\"\" width=\"300\" height=\"150\" \/><\/a>*Robert Fisk<\/strong><\/p>\n<p><em>Para o jornalista, o que importa hoje, no mundo \u00e1rabe, s\u00e3o os  levantes populares laicos contra os ditadores<\/em><\/p>\n<p>[A entrevista de Fisk, concedida a uma emissora de TV neozelandesa  est\u00e1<span style=\"color: #ff0000\"><strong> <a href=\"http:\/\/tvnz.co.nz\/world-news\/bin-laden-had-lost-relevance-fisk-4151408\/video\">aqui<\/a><\/strong><\/span>]<\/p>\n<p>O jornalista veterano Robert Fisk, que entrevistou Osama Bin Laden  em tr\u00eas ocasi\u00f5es, afirmou que a morte do \u00edcone da Al Qaeda \u00e9 muito menos  importante que os levantes populares no mundo \u00e1rabe. \u201cJ\u00e1 afirmei algumas vezes  pensar que sua poss\u00edvel morte \u00e9 muito irrelevante\u201d, disse o correspondente no  Oriente M\u00e9dio do jornal brit\u00e2nico <em>The Independent.<\/em><\/p>\n<p>\u201cEle acreditava ter fundado a Al Qaeda e via exist\u00eancia da rede  como sua conquista\u201d, lembrou Fisk. No entanto, o jornalista premiado afirmou que  Osama Bin Laden n\u00e3o estava em condi\u00e7\u00f5es de dirigir de fato as opera\u00e7\u00f5es da rede  terrorista:\u201cEle n\u00e3o sentava numa caverna com um teclado de computador dizendo  \u2018apertem o bot\u00e3o <em>b, <\/em>esta \u00e9 a opera\u00e7\u00e3o 52&#8217;\u201d. Fisk, que no momento cobre a  revolta popular na S\u00edria afirma que o mundo mudou de distintas maneiras, desde  11 de setembro.<\/p>\n<p>\u201cNos \u00faltimos meses, assistimos ao despertar \u00e1rabe, no qual milh\u00f5es  de mu\u00e7ulmanos superaram suas pr\u00f3prias lideran\u00e7as\u201d, diz Fisk. \u201cBin Laden sempre  quis livrar-se de Hosni Mabarak, Ben Ali e Gaddafi, afirmando que eram inf\u00e9is  trabalhando para os Estados Unidos. Mas na verdade, fracassou. Foram milh\u00f5es de  pessoas comuns que, mais ou menos de forma pac\u00edfica \u2013 ao menos no Egito e na  Tun\u00edsia \u2013 acabaram com as ditaduras.\u201d<\/p>\n<p>\u201c\u00c9 preciso lembrar que estes regimes afirmaram, por anos, que os  norte-americanos deveriam apoi\u00e1-los, pois, do contr\u00e1rio \u2018a Al Qaeda iria tomar o  controle\u2019. Mas isso nunca ocorreu. \u00c9 importante notar que, uma semana ap\u00f3s a  queda de Mubarak, no Egito, a Al Qaeda emitiu uma convoca\u00e7\u00e3o pela sua derrubada.  Foi pat\u00e9tico\u201d, continua Fisk. Ele afirma que as comemora\u00e7\u00f5es nos Estados Unidos,  em favor da morte do terrorista, tem pouco significado.<\/p>\n<p>\u201cPenso que Osama perdeu relev\u00e2ncia h\u00e1 bastante tempo. Se os  Estados Unidos tivessem matado Bin Laden um ano ou dois depois de 11 de setembro, um pouco da emo\u00e7\u00e3o que est\u00e3o vivendo seria importante. Todos estes  punhos no ar, celebrando vit\u00f3ria, s\u00e3o boas imagens, mas n\u00e3o t\u00eam muito sentido\u201d,  prossegue o jornalista. \u201cO que importa no momento, no mundo, \u00e9 o despertar doa  \u00e1rabes, para livrar-se de seus ditadores\u201d.<\/p>\n<p><a href=\"http:\/\/www.outraspalavras.net\/2011\/05\/02\/robert-fisk-a-morte-irrelevante-do-chefe-da-al-qaeda\/\">Fonte: http:\/\/www.outraspalavras.net\/2011\/05\/02\/robert-fisk-a-morte-irrelevante-do-chefe-da-al-qaeda\/<\/a><\/p>\n","protected":false},"excerpt":{"rendered":"<p>*Robert Fisk Para o jornalista, o que importa hoje, no mundo \u00e1rabe, s\u00e3o os levantes populares laicos contra os ditadores [A entrevista de Fisk, concedida a uma emissora de TV neozelandesa est\u00e1 aqui] O jornalista veterano Robert Fisk, que entrevistou Osama Bin Laden em tr\u00eas ocasi\u00f5es, afirmou que a morte do \u00edcone da Al Qaeda [&hellip;]<\/p>\n","protected":false},"author":2,"featured_media":0,"comment_status":"open","ping_status":"open","sticky":false,"template":"","format":"standard","meta":{"_acf_changed":false,"footnotes":""},"categories":[4766],"tags":[],"class_list":{"0":"post-413","1":"post","2":"type-post","3":"status-publish","4":"format-standard","6":"category-arquivo"},"acf":[],"yoast_head":"<!-- This site is optimized with the Yoast SEO plugin v26.5 - https:\/\/yoast.com\/wordpress\/plugins\/seo\/ -->\n<title>Osama Bin Laden: Morte irrelevante do \u00edcone da Al Qaeda - PSOL 50<\/title>\n<meta name=\"robots\" content=\"index, follow, max-snippet:-1, max-image-preview:large, max-video-preview:-1\" \/>\n<link rel=\"canonical\" href=\"https:\/\/psol50.org.br\/osama-bin-laden-morte-irrelevante-do-icone-da-al-qaeda\/\" \/>\n<meta property=\"og:locale\" content=\"pt_BR\" \/>\n<meta property=\"og:type\" content=\"article\" \/>\n<meta property=\"og:title\" content=\"Osama Bin Laden: Morte irrelevante do \u00edcone da Al Qaeda - PSOL 50\" \/>\n<meta property=\"og:description\" content=\"*Robert Fisk Para o jornalista, o que importa hoje, no mundo \u00e1rabe, s\u00e3o os levantes populares laicos contra os ditadores [A entrevista de Fisk, concedida a uma emissora de TV neozelandesa est\u00e1 aqui] O jornalista veterano Robert Fisk, que entrevistou Osama Bin Laden em tr\u00eas ocasi\u00f5es, afirmou que a morte do \u00edcone da Al Qaeda [&hellip;]\" \/>\n<meta property=\"og:url\" content=\"https:\/\/psol50.org.br\/osama-bin-laden-morte-irrelevante-do-icone-da-al-qaeda\/\" \/>\n<meta property=\"og:site_name\" content=\"PSOL 50\" \/>\n<meta property=\"article:publisher\" content=\"https:\/\/www.facebook.com\/psol50\" \/>\n<meta property=\"article:published_time\" content=\"2011-05-03T00:00:00+00:00\" \/>\n<meta property=\"og:image\" content=\"http:\/\/psol50.org.br\/files\/2011\/05\/FiskB-300x150.jpg\" \/>\n<meta name=\"author\" content=\"Comunica\u00e7\u00e3o PSOL\" \/>\n<meta name=\"twitter:card\" content=\"summary_large_image\" \/>\n<meta name=\"twitter:creator\" content=\"@psol50\" \/>\n<meta name=\"twitter:site\" content=\"@psol50\" \/>\n<meta name=\"twitter:label1\" content=\"Escrito por\" \/>\n\t<meta name=\"twitter:data1\" content=\"Comunica\u00e7\u00e3o PSOL\" \/>\n\t<meta name=\"twitter:label2\" content=\"Est. tempo de leitura\" \/>\n\t<meta name=\"twitter:data2\" content=\"2 minutos\" \/>\n<script type=\"application\/ld+json\" class=\"yoast-schema-graph\">{\"@context\":\"https:\/\/schema.org\",\"@graph\":[{\"@type\":\"Article\",\"@id\":\"https:\/\/psol50.org.br\/osama-bin-laden-morte-irrelevante-do-icone-da-al-qaeda\/#article\",\"isPartOf\":{\"@id\":\"https:\/\/psol50.org.br\/osama-bin-laden-morte-irrelevante-do-icone-da-al-qaeda\/\"},\"author\":{\"name\":\"Comunica\u00e7\u00e3o PSOL\",\"@id\":\"https:\/\/psol50.org.br\/#\/schema\/person\/475dfa57d0b815993c714c2e96491fcd\"},\"headline\":\"Osama Bin Laden: Morte irrelevante do \u00edcone da Al Qaeda\",\"datePublished\":\"2011-05-03T00:00:00+00:00\",\"mainEntityOfPage\":{\"@id\":\"https:\/\/psol50.org.br\/osama-bin-laden-morte-irrelevante-do-icone-da-al-qaeda\/\"},\"wordCount\":419,\"commentCount\":0,\"publisher\":{\"@id\":\"https:\/\/psol50.org.br\/#organization\"},\"image\":{\"@id\":\"https:\/\/psol50.org.br\/osama-bin-laden-morte-irrelevante-do-icone-da-al-qaeda\/#primaryimage\"},\"thumbnailUrl\":\"http:\/\/psol50.org.br\/files\/2011\/05\/FiskB-300x150.jpg\",\"articleSection\":[\"Arquivo\"],\"inLanguage\":\"pt-BR\",\"potentialAction\":[{\"@type\":\"CommentAction\",\"name\":\"Comment\",\"target\":[\"https:\/\/psol50.org.br\/osama-bin-laden-morte-irrelevante-do-icone-da-al-qaeda\/#respond\"]}]},{\"@type\":\"WebPage\",\"@id\":\"https:\/\/psol50.org.br\/osama-bin-laden-morte-irrelevante-do-icone-da-al-qaeda\/\",\"url\":\"https:\/\/psol50.org.br\/osama-bin-laden-morte-irrelevante-do-icone-da-al-qaeda\/\",\"name\":\"Osama Bin Laden: Morte irrelevante do \u00edcone da Al Qaeda - PSOL 50\",\"isPartOf\":{\"@id\":\"https:\/\/psol50.org.br\/#website\"},\"primaryImageOfPage\":{\"@id\":\"https:\/\/psol50.org.br\/osama-bin-laden-morte-irrelevante-do-icone-da-al-qaeda\/#primaryimage\"},\"image\":{\"@id\":\"https:\/\/psol50.org.br\/osama-bin-laden-morte-irrelevante-do-icone-da-al-qaeda\/#primaryimage\"},\"thumbnailUrl\":\"http:\/\/psol50.org.br\/files\/2011\/05\/FiskB-300x150.jpg\",\"datePublished\":\"2011-05-03T00:00:00+00:00\",\"breadcrumb\":{\"@id\":\"https:\/\/psol50.org.br\/osama-bin-laden-morte-irrelevante-do-icone-da-al-qaeda\/#breadcrumb\"},\"inLanguage\":\"pt-BR\",\"potentialAction\":[{\"@type\":\"ReadAction\",\"target\":[\"https:\/\/psol50.org.br\/osama-bin-laden-morte-irrelevante-do-icone-da-al-qaeda\/\"]}]},{\"@type\":\"ImageObject\",\"inLanguage\":\"pt-BR\",\"@id\":\"https:\/\/psol50.org.br\/osama-bin-laden-morte-irrelevante-do-icone-da-al-qaeda\/#primaryimage\",\"url\":\"http:\/\/psol50.org.br\/files\/2011\/05\/FiskB-300x150.jpg\",\"contentUrl\":\"http:\/\/psol50.org.br\/files\/2011\/05\/FiskB-300x150.jpg\"},{\"@type\":\"BreadcrumbList\",\"@id\":\"https:\/\/psol50.org.br\/osama-bin-laden-morte-irrelevante-do-icone-da-al-qaeda\/#breadcrumb\",\"itemListElement\":[{\"@type\":\"ListItem\",\"position\":1,\"name\":\"In\u00edcio\",\"item\":\"https:\/\/psol50.org.br\/\"},{\"@type\":\"ListItem\",\"position\":2,\"name\":\"Osama Bin Laden: Morte irrelevante do \u00edcone da Al Qaeda\"}]},{\"@type\":\"WebSite\",\"@id\":\"https:\/\/psol50.org.br\/#website\",\"url\":\"https:\/\/psol50.org.br\/\",\"name\":\"PSOL 50\",\"description\":\"Site oficial do Partido Socialismo e Liberdade\",\"publisher\":{\"@id\":\"https:\/\/psol50.org.br\/#organization\"},\"alternateName\":\"PSOL50\",\"potentialAction\":[{\"@type\":\"SearchAction\",\"target\":{\"@type\":\"EntryPoint\",\"urlTemplate\":\"https:\/\/psol50.org.br\/?s={search_term_string}\"},\"query-input\":{\"@type\":\"PropertyValueSpecification\",\"valueRequired\":true,\"valueName\":\"search_term_string\"}}],\"inLanguage\":\"pt-BR\"},{\"@type\":\"Organization\",\"@id\":\"https:\/\/psol50.org.br\/#organization\",\"name\":\"PSOL 50\",\"alternateName\":\"PSOL 50\",\"url\":\"https:\/\/psol50.org.br\/\",\"logo\":{\"@type\":\"ImageObject\",\"inLanguage\":\"pt-BR\",\"@id\":\"https:\/\/psol50.org.br\/#\/schema\/logo\/image\/\",\"url\":\"https:\/\/psol50.org.br\/inc\/uploads\/2018\/07\/capa.png\",\"contentUrl\":\"https:\/\/psol50.org.br\/inc\/uploads\/2018\/07\/capa.png\",\"width\":1350,\"height\":900,\"caption\":\"PSOL 50\"},\"image\":{\"@id\":\"https:\/\/psol50.org.br\/#\/schema\/logo\/image\/\"},\"sameAs\":[\"https:\/\/www.facebook.com\/psol50\",\"https:\/\/x.com\/psol50\",\"https:\/\/www.instagram.com\/psol50\/\",\"https:\/\/www.youtube.com\/channel\/UC7SnJS5o1os7a6CaiNabzcg\"]},{\"@type\":\"Person\",\"@id\":\"https:\/\/psol50.org.br\/#\/schema\/person\/475dfa57d0b815993c714c2e96491fcd\",\"name\":\"Comunica\u00e7\u00e3o PSOL\",\"image\":{\"@type\":\"ImageObject\",\"inLanguage\":\"pt-BR\",\"@id\":\"https:\/\/psol50.org.br\/#\/schema\/person\/image\/\",\"url\":\"https:\/\/secure.gravatar.com\/avatar\/b34fc4f4e468a4e51785917065a3db57b841f5c95dba6ad8c73aaf8f66f8f9bf?s=96&d=mm&r=g\",\"contentUrl\":\"https:\/\/secure.gravatar.com\/avatar\/b34fc4f4e468a4e51785917065a3db57b841f5c95dba6ad8c73aaf8f66f8f9bf?s=96&d=mm&r=g\",\"caption\":\"Comunica\u00e7\u00e3o PSOL\"}}]}<\/script>\n<!-- \/ Yoast SEO plugin. -->","yoast_head_json":{"title":"Osama Bin Laden: Morte irrelevante do \u00edcone da Al Qaeda - PSOL 50","robots":{"index":"index","follow":"follow","max-snippet":"max-snippet:-1","max-image-preview":"max-image-preview:large","max-video-preview":"max-video-preview:-1"},"canonical":"https:\/\/psol50.org.br\/osama-bin-laden-morte-irrelevante-do-icone-da-al-qaeda\/","og_locale":"pt_BR","og_type":"article","og_title":"Osama Bin Laden: Morte irrelevante do \u00edcone da Al Qaeda - PSOL 50","og_description":"*Robert Fisk Para o jornalista, o que importa hoje, no mundo \u00e1rabe, s\u00e3o os levantes populares laicos contra os ditadores [A entrevista de Fisk, concedida a uma emissora de TV neozelandesa est\u00e1 aqui] O jornalista veterano Robert Fisk, que entrevistou Osama Bin Laden em tr\u00eas ocasi\u00f5es, afirmou que a morte do \u00edcone da Al Qaeda [&hellip;]","og_url":"https:\/\/psol50.org.br\/osama-bin-laden-morte-irrelevante-do-icone-da-al-qaeda\/","og_site_name":"PSOL 50","article_publisher":"https:\/\/www.facebook.com\/psol50","article_published_time":"2011-05-03T00:00:00+00:00","og_image":[{"url":"http:\/\/psol50.org.br\/files\/2011\/05\/FiskB-300x150.jpg","type":"","width":"","height":""}],"author":"Comunica\u00e7\u00e3o PSOL","twitter_card":"summary_large_image","twitter_creator":"@psol50","twitter_site":"@psol50","twitter_misc":{"Escrito por":"Comunica\u00e7\u00e3o PSOL","Est. tempo de leitura":"2 minutos"},"schema":{"@context":"https:\/\/schema.org","@graph":[{"@type":"Article","@id":"https:\/\/psol50.org.br\/osama-bin-laden-morte-irrelevante-do-icone-da-al-qaeda\/#article","isPartOf":{"@id":"https:\/\/psol50.org.br\/osama-bin-laden-morte-irrelevante-do-icone-da-al-qaeda\/"},"author":{"name":"Comunica\u00e7\u00e3o PSOL","@id":"https:\/\/psol50.org.br\/#\/schema\/person\/475dfa57d0b815993c714c2e96491fcd"},"headline":"Osama Bin Laden: Morte irrelevante do \u00edcone da Al Qaeda","datePublished":"2011-05-03T00:00:00+00:00","mainEntityOfPage":{"@id":"https:\/\/psol50.org.br\/osama-bin-laden-morte-irrelevante-do-icone-da-al-qaeda\/"},"wordCount":419,"commentCount":0,"publisher":{"@id":"https:\/\/psol50.org.br\/#organization"},"image":{"@id":"https:\/\/psol50.org.br\/osama-bin-laden-morte-irrelevante-do-icone-da-al-qaeda\/#primaryimage"},"thumbnailUrl":"http:\/\/psol50.org.br\/files\/2011\/05\/FiskB-300x150.jpg","articleSection":["Arquivo"],"inLanguage":"pt-BR","potentialAction":[{"@type":"CommentAction","name":"Comment","target":["https:\/\/psol50.org.br\/osama-bin-laden-morte-irrelevante-do-icone-da-al-qaeda\/#respond"]}]},{"@type":"WebPage","@id":"https:\/\/psol50.org.br\/osama-bin-laden-morte-irrelevante-do-icone-da-al-qaeda\/","url":"https:\/\/psol50.org.br\/osama-bin-laden-morte-irrelevante-do-icone-da-al-qaeda\/","name":"Osama Bin Laden: Morte irrelevante do \u00edcone da Al Qaeda - PSOL 50","isPartOf":{"@id":"https:\/\/psol50.org.br\/#website"},"primaryImageOfPage":{"@id":"https:\/\/psol50.org.br\/osama-bin-laden-morte-irrelevante-do-icone-da-al-qaeda\/#primaryimage"},"image":{"@id":"https:\/\/psol50.org.br\/osama-bin-laden-morte-irrelevante-do-icone-da-al-qaeda\/#primaryimage"},"thumbnailUrl":"http:\/\/psol50.org.br\/files\/2011\/05\/FiskB-300x150.jpg","datePublished":"2011-05-03T00:00:00+00:00","breadcrumb":{"@id":"https:\/\/psol50.org.br\/osama-bin-laden-morte-irrelevante-do-icone-da-al-qaeda\/#breadcrumb"},"inLanguage":"pt-BR","potentialAction":[{"@type":"ReadAction","target":["https:\/\/psol50.org.br\/osama-bin-laden-morte-irrelevante-do-icone-da-al-qaeda\/"]}]},{"@type":"ImageObject","inLanguage":"pt-BR","@id":"https:\/\/psol50.org.br\/osama-bin-laden-morte-irrelevante-do-icone-da-al-qaeda\/#primaryimage","url":"http:\/\/psol50.org.br\/files\/2011\/05\/FiskB-300x150.jpg","contentUrl":"http:\/\/psol50.org.br\/files\/2011\/05\/FiskB-300x150.jpg"},{"@type":"BreadcrumbList","@id":"https:\/\/psol50.org.br\/osama-bin-laden-morte-irrelevante-do-icone-da-al-qaeda\/#breadcrumb","itemListElement":[{"@type":"ListItem","position":1,"name":"In\u00edcio","item":"https:\/\/psol50.org.br\/"},{"@type":"ListItem","position":2,"name":"Osama Bin Laden: Morte irrelevante do \u00edcone da Al Qaeda"}]},{"@type":"WebSite","@id":"https:\/\/psol50.org.br\/#website","url":"https:\/\/psol50.org.br\/","name":"PSOL 50","description":"Site oficial do Partido Socialismo e Liberdade","publisher":{"@id":"https:\/\/psol50.org.br\/#organization"},"alternateName":"PSOL50","potentialAction":[{"@type":"SearchAction","target":{"@type":"EntryPoint","urlTemplate":"https:\/\/psol50.org.br\/?s={search_term_string}"},"query-input":{"@type":"PropertyValueSpecification","valueRequired":true,"valueName":"search_term_string"}}],"inLanguage":"pt-BR"},{"@type":"Organization","@id":"https:\/\/psol50.org.br\/#organization","name":"PSOL 50","alternateName":"PSOL 50","url":"https:\/\/psol50.org.br\/","logo":{"@type":"ImageObject","inLanguage":"pt-BR","@id":"https:\/\/psol50.org.br\/#\/schema\/logo\/image\/","url":"https:\/\/psol50.org.br\/inc\/uploads\/2018\/07\/capa.png","contentUrl":"https:\/\/psol50.org.br\/inc\/uploads\/2018\/07\/capa.png","width":1350,"height":900,"caption":"PSOL 50"},"image":{"@id":"https:\/\/psol50.org.br\/#\/schema\/logo\/image\/"},"sameAs":["https:\/\/www.facebook.com\/psol50","https:\/\/x.com\/psol50","https:\/\/www.instagram.com\/psol50\/","https:\/\/www.youtube.com\/channel\/UC7SnJS5o1os7a6CaiNabzcg"]},{"@type":"Person","@id":"https:\/\/psol50.org.br\/#\/schema\/person\/475dfa57d0b815993c714c2e96491fcd","name":"Comunica\u00e7\u00e3o PSOL","image":{"@type":"ImageObject","inLanguage":"pt-BR","@id":"https:\/\/psol50.org.br\/#\/schema\/person\/image\/","url":"https:\/\/secure.gravatar.com\/avatar\/b34fc4f4e468a4e51785917065a3db57b841f5c95dba6ad8c73aaf8f66f8f9bf?s=96&d=mm&r=g","contentUrl":"https:\/\/secure.gravatar.com\/avatar\/b34fc4f4e468a4e51785917065a3db57b841f5c95dba6ad8c73aaf8f66f8f9bf?s=96&d=mm&r=g","caption":"Comunica\u00e7\u00e3o PSOL"}}]}},"_links":{"self":[{"href":"https:\/\/psol50.org.br\/rest\/wp\/v2\/posts\/413","targetHints":{"allow":["GET"]}}],"collection":[{"href":"https:\/\/psol50.org.br\/rest\/wp\/v2\/posts"}],"about":[{"href":"https:\/\/psol50.org.br\/rest\/wp\/v2\/types\/post"}],"author":[{"embeddable":true,"href":"https:\/\/psol50.org.br\/rest\/wp\/v2\/users\/2"}],"replies":[{"embeddable":true,"href":"https:\/\/psol50.org.br\/rest\/wp\/v2\/comments?post=413"}],"version-history":[{"count":0,"href":"https:\/\/psol50.org.br\/rest\/wp\/v2\/posts\/413\/revisions"}],"wp:attachment":[{"href":"https:\/\/psol50.org.br\/rest\/wp\/v2\/media?parent=413"}],"wp:term":[{"taxonomy":"category","embeddable":true,"href":"https:\/\/psol50.org.br\/rest\/wp\/v2\/categories?post=413"},{"taxonomy":"post_tag","embeddable":true,"href":"https:\/\/psol50.org.br\/rest\/wp\/v2\/tags?post=413"}],"curies":[{"name":"wp","href":"https:\/\/api.w.org\/{rel}","templated":true}]}}