{"id":41351,"date":"2025-06-23T17:21:02","date_gmt":"2025-06-23T20:21:02","guid":{"rendered":"https:\/\/psol50.org.br\/?p=41351"},"modified":"2025-06-30T17:49:24","modified_gmt":"2025-06-30T20:49:24","slug":"nota-do-psol-contra-a-agressao-ao-ira-e-a-escalada-da-guerra-no-oriente-medio","status":"publish","type":"post","link":"https:\/\/psol50.org.br\/nota-do-psol-contra-a-agressao-ao-ira-e-a-escalada-da-guerra-no-oriente-medio\/","title":{"rendered":"Nota do PSOL contra a agress\u00e3o ao Ir\u00e3 e a escalada da guerra no Oriente M\u00e9dio"},"content":{"rendered":"<p>No \u00faltimo dia 13 de junho, Israel iniciou uma ofensiva a\u00e9rea contra o Ir\u00e3 levando ao assassinato de 78 pessoas e ferindo mais de 300. Em resposta \u00e0 recente agress\u00e3o, o Ir\u00e3 lan\u00e7ou drones e m\u00edsseis nos arredores de Tel Aviv, matando dez pessoas. H\u00e1 cerca de um ano, Israel j\u00e1 havia bombardeado a embaixada iraniana em Damasco, assassinando 16 pessoas. Nos \u00faltimos meses, Israel tamb\u00e9m seguiu a invas\u00e3o genocida com a aniquila\u00e7\u00e3o desumana na Faixa de Gaza, atacou o L\u00edbano, a S\u00edria e o I\u00eamen.<\/p>\n<p>A decis\u00e3o de Donald Trump de lan\u00e7ar bombas norte americanas sobre o Ir\u00e3 no \u00faltimo domingo e de exigir rendi\u00e7\u00e3o total deste pa\u00eds agravam todo o quadro.<\/p>\n<p>O primeiro-ministro de Israel, Benjamin Netanyahu, continua a demonstrar seu interesse na amplia\u00e7\u00e3o da guerra por todos os meios e frentes. Mais do que nunca, se ampliaram os perigos de haver uma escalada de um tipo de guerra injusta no Oriente M\u00e9dio, a servi\u00e7o da estrat\u00e9gia de domina\u00e7\u00e3o imperialista israelense na regi\u00e3o a qualquer custo.<\/p>\n<p>Lamentavelmente, Netanyahu desfruta de impunidade porque as principais pot\u00eancias do mundo t\u00eam fechado os olhos para a agress\u00e3o \u00e0 soberania dos pa\u00edses do Oriente M\u00e9dio, para as sucessivas viola\u00e7\u00f5es do direito internacional e aos repetidos crimes contra a humanidade cometidos por Israel. Por essa raz\u00e3o, \u00e9 t\u00e3o urgente cobrar de governos, sociedade civil e povos que atuem para impor san\u00e7\u00f5es comerciais e embargo de armas para frear a sanha israelense.<\/p>\n<p>A propaganda de que o ataque recente ao Ir\u00e3 tem natureza \u201cpreventiva\u201d para evitar o avan\u00e7o do seu programa nuclear \u00e9 desonesta. Desde que Donald Trump, em seu primeiro mandato, realizou uma den\u00fancia unilateral do acordo nuclear firmado com o Ir\u00e3, a pr\u00f3pria Ag\u00eancia da ONU produziu um relat\u00f3rio que n\u00e3o ofereceu prova alguma. Na verdade, a acusa\u00e7\u00e3o contra o Ir\u00e3 surgiu diversas vezes nos \u00faltimos trinta anos e nunca houve comprova\u00e7\u00e3o. Em contrapartida, Israel \u00e9 o \u00fanico pa\u00eds do Oriente M\u00e9dio que n\u00e3o assinou o Tratado de N\u00e3o Prolifera\u00e7\u00e3o de Armas Nucleares (TNP).<\/p>\n<p>Mesmo depois que o governo do Ir\u00e3 buscou ajuda internacional para um poss\u00edvel acordo de cessar-fogo, Donald Trump declarou em 18 de junho que n\u00e3o busca o cessar-fogo e, pelo contr\u00e1rio, busca uma \u201cvit\u00f3ria total e completa\u201d contra o Ir\u00e3. Al\u00e9m dos Estados Unidos ter fornecido armas e apoio diplom\u00e1tico a Israel desde o in\u00edcio do genoc\u00eddio do povo palestino, agora, com o segundo mandato de Trump, os Estados Unidos j\u00e1 est\u00e1 cumprindo um papel ainda mais ativo e nefasto ao lado de Israel pela \u201crendi\u00e7\u00e3o total\u201d do Ir\u00e3.<\/p>\n<p>O PSOL se op\u00f5e completamente a mais essa viola\u00e7\u00e3o do direito internacional e da soberania do Ir\u00e3 por parte de Israel e dos Estados Unidos. Estamos ao lado de todas as vozes que buscam a paz e o cessar-fogo total no Oriente M\u00e9dio. Mais do que nunca, seremos parte de uma mobiliza\u00e7\u00e3o ativa pela Palestina e sua liberta\u00e7\u00e3o. Importante a posi\u00e7\u00e3o do Itamaraty condenando as recentes viola\u00e7\u00f5es da soberania e da integridade territorial do Ir\u00e3. Agora \u00e9 preciso ir al\u00e9m, por isso cobramos do governo brasileiro que rompa as rela\u00e7\u00f5es econ\u00f4micas com Israel. As decis\u00f5es do Tribunal Internacional de Justi\u00e7a e do Tribunal Penal precisam ser cumpridas para acabar com o genoc\u00eddio, a guerra e a impunidade.<\/p>\n<p><em><strong>Executiva Nacional do PSOL<\/strong><\/em><br \/>\n<em><strong>23 de junho de 2025<\/strong><\/em><\/p>\n","protected":false},"excerpt":{"rendered":"<p>No \u00faltimo dia 13 de junho, Israel iniciou uma ofensiva a\u00e9rea contra o Ir\u00e3 levando ao assassinato de 78 pessoas e ferindo mais de 300. Em resposta \u00e0 recente agress\u00e3o, o Ir\u00e3 lan\u00e7ou drones e m\u00edsseis nos arredores de Tel Aviv, matando dez pessoas. H\u00e1 cerca de um ano, Israel j\u00e1 havia bombardeado a embaixada [&hellip;]<\/p>\n","protected":false},"author":2,"featured_media":41354,"comment_status":"closed","ping_status":"open","sticky":false,"template":"","format":"standard","meta":{"_acf_changed":false,"footnotes":""},"categories":[836],"tags":[4825],"class_list":{"0":"post-41351","1":"post","2":"type-post","3":"status-publish","4":"format-standard","5":"has-post-thumbnail","7":"category-internacional","8":"tag-noticias"},"acf":[],"yoast_head":"<!-- This site is optimized with the Yoast SEO plugin v26.5 - https:\/\/yoast.com\/wordpress\/plugins\/seo\/ -->\n<title>Nota do PSOL contra a agress\u00e3o ao Ir\u00e3 e a escalada da guerra no Oriente M\u00e9dio<\/title>\n<meta name=\"description\" content=\"O PSOL se op\u00f5e completamente a mais essa viola\u00e7\u00e3o do direito internacional e da soberania do Ir\u00e3 por parte de Israel e dos Estados Unidos. Estamos ao lado de todas as vozes que buscam a paz e o cessar-fogo total no Oriente M\u00e9dio.\" \/>\n<meta name=\"robots\" content=\"index, follow, max-snippet:-1, max-image-preview:large, max-video-preview:-1\" \/>\n<link rel=\"canonical\" href=\"https:\/\/psol50.org.br\/nota-do-psol-contra-a-agressao-ao-ira-e-a-escalada-da-guerra-no-oriente-medio\/\" \/>\n<meta property=\"og:locale\" content=\"pt_BR\" \/>\n<meta property=\"og:type\" content=\"article\" \/>\n<meta property=\"og:title\" content=\"Nota do PSOL contra a agress\u00e3o ao Ir\u00e3 e a escalada da guerra no Oriente M\u00e9dio\" \/>\n<meta property=\"og:description\" content=\"O PSOL se op\u00f5e completamente a mais essa viola\u00e7\u00e3o do direito internacional e da soberania do Ir\u00e3 por parte de Israel e dos Estados Unidos. Estamos ao lado de todas as vozes que buscam a paz e o cessar-fogo total no Oriente M\u00e9dio.\" \/>\n<meta property=\"og:url\" content=\"https:\/\/psol50.org.br\/nota-do-psol-contra-a-agressao-ao-ira-e-a-escalada-da-guerra-no-oriente-medio\/\" \/>\n<meta property=\"og:site_name\" content=\"PSOL 50\" \/>\n<meta property=\"article:publisher\" content=\"https:\/\/www.facebook.com\/psol50\" \/>\n<meta property=\"article:published_time\" content=\"2025-06-23T20:21:02+00:00\" \/>\n<meta property=\"article:modified_time\" content=\"2025-06-30T20:49:24+00:00\" \/>\n<meta property=\"og:image\" content=\"https:\/\/psol50.org.br\/inc\/uploads\/2025\/06\/34466451480_13453ac2ea_o.jpg\" \/>\n\t<meta property=\"og:image:width\" content=\"1100\" \/>\n\t<meta property=\"og:image:height\" content=\"734\" \/>\n\t<meta property=\"og:image:type\" content=\"image\/jpeg\" \/>\n<meta name=\"author\" content=\"Comunica\u00e7\u00e3o PSOL\" \/>\n<meta name=\"twitter:card\" content=\"summary_large_image\" \/>\n<meta name=\"twitter:creator\" content=\"@psol50\" \/>\n<meta name=\"twitter:site\" content=\"@psol50\" \/>\n<meta name=\"twitter:label1\" content=\"Escrito por\" \/>\n\t<meta name=\"twitter:data1\" content=\"Comunica\u00e7\u00e3o PSOL\" \/>\n\t<meta name=\"twitter:label2\" content=\"Est. tempo de leitura\" \/>\n\t<meta name=\"twitter:data2\" content=\"3 minutos\" \/>\n<script type=\"application\/ld+json\" class=\"yoast-schema-graph\">{\"@context\":\"https:\/\/schema.org\",\"@graph\":[{\"@type\":\"Article\",\"@id\":\"https:\/\/psol50.org.br\/nota-do-psol-contra-a-agressao-ao-ira-e-a-escalada-da-guerra-no-oriente-medio\/#article\",\"isPartOf\":{\"@id\":\"https:\/\/psol50.org.br\/nota-do-psol-contra-a-agressao-ao-ira-e-a-escalada-da-guerra-no-oriente-medio\/\"},\"author\":{\"name\":\"Comunica\u00e7\u00e3o PSOL\",\"@id\":\"https:\/\/psol50.org.br\/#\/schema\/person\/475dfa57d0b815993c714c2e96491fcd\"},\"headline\":\"Nota do PSOL contra a agress\u00e3o ao Ir\u00e3 e a escalada da guerra no Oriente M\u00e9dio\",\"datePublished\":\"2025-06-23T20:21:02+00:00\",\"dateModified\":\"2025-06-30T20:49:24+00:00\",\"mainEntityOfPage\":{\"@id\":\"https:\/\/psol50.org.br\/nota-do-psol-contra-a-agressao-ao-ira-e-a-escalada-da-guerra-no-oriente-medio\/\"},\"wordCount\":616,\"publisher\":{\"@id\":\"https:\/\/psol50.org.br\/#organization\"},\"image\":{\"@id\":\"https:\/\/psol50.org.br\/nota-do-psol-contra-a-agressao-ao-ira-e-a-escalada-da-guerra-no-oriente-medio\/#primaryimage\"},\"thumbnailUrl\":\"https:\/\/psol50.org.br\/inc\/uploads\/2025\/06\/34466451480_13453ac2ea_o.jpg\",\"keywords\":[\"Not\u00edcias\"],\"articleSection\":[\"Internacional\"],\"inLanguage\":\"pt-BR\"},{\"@type\":\"WebPage\",\"@id\":\"https:\/\/psol50.org.br\/nota-do-psol-contra-a-agressao-ao-ira-e-a-escalada-da-guerra-no-oriente-medio\/\",\"url\":\"https:\/\/psol50.org.br\/nota-do-psol-contra-a-agressao-ao-ira-e-a-escalada-da-guerra-no-oriente-medio\/\",\"name\":\"Nota do PSOL contra a agress\u00e3o ao Ir\u00e3 e a escalada da guerra no Oriente M\u00e9dio\",\"isPartOf\":{\"@id\":\"https:\/\/psol50.org.br\/#website\"},\"primaryImageOfPage\":{\"@id\":\"https:\/\/psol50.org.br\/nota-do-psol-contra-a-agressao-ao-ira-e-a-escalada-da-guerra-no-oriente-medio\/#primaryimage\"},\"image\":{\"@id\":\"https:\/\/psol50.org.br\/nota-do-psol-contra-a-agressao-ao-ira-e-a-escalada-da-guerra-no-oriente-medio\/#primaryimage\"},\"thumbnailUrl\":\"https:\/\/psol50.org.br\/inc\/uploads\/2025\/06\/34466451480_13453ac2ea_o.jpg\",\"datePublished\":\"2025-06-23T20:21:02+00:00\",\"dateModified\":\"2025-06-30T20:49:24+00:00\",\"description\":\"O PSOL se op\u00f5e completamente a mais essa viola\u00e7\u00e3o do direito internacional e da soberania do Ir\u00e3 por parte de Israel e dos Estados Unidos. Estamos ao lado de todas as vozes que buscam a paz e o cessar-fogo total no Oriente M\u00e9dio.\",\"breadcrumb\":{\"@id\":\"https:\/\/psol50.org.br\/nota-do-psol-contra-a-agressao-ao-ira-e-a-escalada-da-guerra-no-oriente-medio\/#breadcrumb\"},\"inLanguage\":\"pt-BR\",\"potentialAction\":[{\"@type\":\"ReadAction\",\"target\":[\"https:\/\/psol50.org.br\/nota-do-psol-contra-a-agressao-ao-ira-e-a-escalada-da-guerra-no-oriente-medio\/\"]}]},{\"@type\":\"ImageObject\",\"inLanguage\":\"pt-BR\",\"@id\":\"https:\/\/psol50.org.br\/nota-do-psol-contra-a-agressao-ao-ira-e-a-escalada-da-guerra-no-oriente-medio\/#primaryimage\",\"url\":\"https:\/\/psol50.org.br\/inc\/uploads\/2025\/06\/34466451480_13453ac2ea_o.jpg\",\"contentUrl\":\"https:\/\/psol50.org.br\/inc\/uploads\/2025\/06\/34466451480_13453ac2ea_o.jpg\",\"width\":1100,\"height\":734,\"caption\":\"Foto: Amos Ben Gershom\"},{\"@type\":\"BreadcrumbList\",\"@id\":\"https:\/\/psol50.org.br\/nota-do-psol-contra-a-agressao-ao-ira-e-a-escalada-da-guerra-no-oriente-medio\/#breadcrumb\",\"itemListElement\":[{\"@type\":\"ListItem\",\"position\":1,\"name\":\"In\u00edcio\",\"item\":\"https:\/\/psol50.org.br\/\"},{\"@type\":\"ListItem\",\"position\":2,\"name\":\"Nota do PSOL contra a agress\u00e3o ao Ir\u00e3 e a escalada da guerra no Oriente M\u00e9dio\"}]},{\"@type\":\"WebSite\",\"@id\":\"https:\/\/psol50.org.br\/#website\",\"url\":\"https:\/\/psol50.org.br\/\",\"name\":\"PSOL 50\",\"description\":\"Site oficial do Partido Socialismo e Liberdade\",\"publisher\":{\"@id\":\"https:\/\/psol50.org.br\/#organization\"},\"alternateName\":\"PSOL50\",\"potentialAction\":[{\"@type\":\"SearchAction\",\"target\":{\"@type\":\"EntryPoint\",\"urlTemplate\":\"https:\/\/psol50.org.br\/?s={search_term_string}\"},\"query-input\":{\"@type\":\"PropertyValueSpecification\",\"valueRequired\":true,\"valueName\":\"search_term_string\"}}],\"inLanguage\":\"pt-BR\"},{\"@type\":\"Organization\",\"@id\":\"https:\/\/psol50.org.br\/#organization\",\"name\":\"PSOL 50\",\"alternateName\":\"PSOL 50\",\"url\":\"https:\/\/psol50.org.br\/\",\"logo\":{\"@type\":\"ImageObject\",\"inLanguage\":\"pt-BR\",\"@id\":\"https:\/\/psol50.org.br\/#\/schema\/logo\/image\/\",\"url\":\"https:\/\/psol50.org.br\/inc\/uploads\/2018\/07\/capa.png\",\"contentUrl\":\"https:\/\/psol50.org.br\/inc\/uploads\/2018\/07\/capa.png\",\"width\":1350,\"height\":900,\"caption\":\"PSOL 50\"},\"image\":{\"@id\":\"https:\/\/psol50.org.br\/#\/schema\/logo\/image\/\"},\"sameAs\":[\"https:\/\/www.facebook.com\/psol50\",\"https:\/\/x.com\/psol50\",\"https:\/\/www.instagram.com\/psol50\/\",\"https:\/\/www.youtube.com\/channel\/UC7SnJS5o1os7a6CaiNabzcg\"]},{\"@type\":\"Person\",\"@id\":\"https:\/\/psol50.org.br\/#\/schema\/person\/475dfa57d0b815993c714c2e96491fcd\",\"name\":\"Comunica\u00e7\u00e3o PSOL\",\"image\":{\"@type\":\"ImageObject\",\"inLanguage\":\"pt-BR\",\"@id\":\"https:\/\/psol50.org.br\/#\/schema\/person\/image\/\",\"url\":\"https:\/\/secure.gravatar.com\/avatar\/b34fc4f4e468a4e51785917065a3db57b841f5c95dba6ad8c73aaf8f66f8f9bf?s=96&d=mm&r=g\",\"contentUrl\":\"https:\/\/secure.gravatar.com\/avatar\/b34fc4f4e468a4e51785917065a3db57b841f5c95dba6ad8c73aaf8f66f8f9bf?s=96&d=mm&r=g\",\"caption\":\"Comunica\u00e7\u00e3o PSOL\"}}]}<\/script>\n<!-- \/ Yoast SEO plugin. -->","yoast_head_json":{"title":"Nota do PSOL contra a agress\u00e3o ao Ir\u00e3 e a escalada da guerra no Oriente M\u00e9dio","description":"O PSOL se op\u00f5e completamente a mais essa viola\u00e7\u00e3o do direito internacional e da soberania do Ir\u00e3 por parte de Israel e dos Estados Unidos. Estamos ao lado de todas as vozes que buscam a paz e o cessar-fogo total no Oriente M\u00e9dio.","robots":{"index":"index","follow":"follow","max-snippet":"max-snippet:-1","max-image-preview":"max-image-preview:large","max-video-preview":"max-video-preview:-1"},"canonical":"https:\/\/psol50.org.br\/nota-do-psol-contra-a-agressao-ao-ira-e-a-escalada-da-guerra-no-oriente-medio\/","og_locale":"pt_BR","og_type":"article","og_title":"Nota do PSOL contra a agress\u00e3o ao Ir\u00e3 e a escalada da guerra no Oriente M\u00e9dio","og_description":"O PSOL se op\u00f5e completamente a mais essa viola\u00e7\u00e3o do direito internacional e da soberania do Ir\u00e3 por parte de Israel e dos Estados Unidos. Estamos ao lado de todas as vozes que buscam a paz e o cessar-fogo total no Oriente M\u00e9dio.","og_url":"https:\/\/psol50.org.br\/nota-do-psol-contra-a-agressao-ao-ira-e-a-escalada-da-guerra-no-oriente-medio\/","og_site_name":"PSOL 50","article_publisher":"https:\/\/www.facebook.com\/psol50","article_published_time":"2025-06-23T20:21:02+00:00","article_modified_time":"2025-06-30T20:49:24+00:00","og_image":[{"width":1100,"height":734,"url":"https:\/\/psol50.org.br\/inc\/uploads\/2025\/06\/34466451480_13453ac2ea_o.jpg","type":"image\/jpeg"}],"author":"Comunica\u00e7\u00e3o PSOL","twitter_card":"summary_large_image","twitter_creator":"@psol50","twitter_site":"@psol50","twitter_misc":{"Escrito por":"Comunica\u00e7\u00e3o PSOL","Est. tempo de leitura":"3 minutos"},"schema":{"@context":"https:\/\/schema.org","@graph":[{"@type":"Article","@id":"https:\/\/psol50.org.br\/nota-do-psol-contra-a-agressao-ao-ira-e-a-escalada-da-guerra-no-oriente-medio\/#article","isPartOf":{"@id":"https:\/\/psol50.org.br\/nota-do-psol-contra-a-agressao-ao-ira-e-a-escalada-da-guerra-no-oriente-medio\/"},"author":{"name":"Comunica\u00e7\u00e3o PSOL","@id":"https:\/\/psol50.org.br\/#\/schema\/person\/475dfa57d0b815993c714c2e96491fcd"},"headline":"Nota do PSOL contra a agress\u00e3o ao Ir\u00e3 e a escalada da guerra no Oriente M\u00e9dio","datePublished":"2025-06-23T20:21:02+00:00","dateModified":"2025-06-30T20:49:24+00:00","mainEntityOfPage":{"@id":"https:\/\/psol50.org.br\/nota-do-psol-contra-a-agressao-ao-ira-e-a-escalada-da-guerra-no-oriente-medio\/"},"wordCount":616,"publisher":{"@id":"https:\/\/psol50.org.br\/#organization"},"image":{"@id":"https:\/\/psol50.org.br\/nota-do-psol-contra-a-agressao-ao-ira-e-a-escalada-da-guerra-no-oriente-medio\/#primaryimage"},"thumbnailUrl":"https:\/\/psol50.org.br\/inc\/uploads\/2025\/06\/34466451480_13453ac2ea_o.jpg","keywords":["Not\u00edcias"],"articleSection":["Internacional"],"inLanguage":"pt-BR"},{"@type":"WebPage","@id":"https:\/\/psol50.org.br\/nota-do-psol-contra-a-agressao-ao-ira-e-a-escalada-da-guerra-no-oriente-medio\/","url":"https:\/\/psol50.org.br\/nota-do-psol-contra-a-agressao-ao-ira-e-a-escalada-da-guerra-no-oriente-medio\/","name":"Nota do PSOL contra a agress\u00e3o ao Ir\u00e3 e a escalada da guerra no Oriente M\u00e9dio","isPartOf":{"@id":"https:\/\/psol50.org.br\/#website"},"primaryImageOfPage":{"@id":"https:\/\/psol50.org.br\/nota-do-psol-contra-a-agressao-ao-ira-e-a-escalada-da-guerra-no-oriente-medio\/#primaryimage"},"image":{"@id":"https:\/\/psol50.org.br\/nota-do-psol-contra-a-agressao-ao-ira-e-a-escalada-da-guerra-no-oriente-medio\/#primaryimage"},"thumbnailUrl":"https:\/\/psol50.org.br\/inc\/uploads\/2025\/06\/34466451480_13453ac2ea_o.jpg","datePublished":"2025-06-23T20:21:02+00:00","dateModified":"2025-06-30T20:49:24+00:00","description":"O PSOL se op\u00f5e completamente a mais essa viola\u00e7\u00e3o do direito internacional e da soberania do Ir\u00e3 por parte de Israel e dos Estados Unidos. Estamos ao lado de todas as vozes que buscam a paz e o cessar-fogo total no Oriente M\u00e9dio.","breadcrumb":{"@id":"https:\/\/psol50.org.br\/nota-do-psol-contra-a-agressao-ao-ira-e-a-escalada-da-guerra-no-oriente-medio\/#breadcrumb"},"inLanguage":"pt-BR","potentialAction":[{"@type":"ReadAction","target":["https:\/\/psol50.org.br\/nota-do-psol-contra-a-agressao-ao-ira-e-a-escalada-da-guerra-no-oriente-medio\/"]}]},{"@type":"ImageObject","inLanguage":"pt-BR","@id":"https:\/\/psol50.org.br\/nota-do-psol-contra-a-agressao-ao-ira-e-a-escalada-da-guerra-no-oriente-medio\/#primaryimage","url":"https:\/\/psol50.org.br\/inc\/uploads\/2025\/06\/34466451480_13453ac2ea_o.jpg","contentUrl":"https:\/\/psol50.org.br\/inc\/uploads\/2025\/06\/34466451480_13453ac2ea_o.jpg","width":1100,"height":734,"caption":"Foto: Amos Ben Gershom"},{"@type":"BreadcrumbList","@id":"https:\/\/psol50.org.br\/nota-do-psol-contra-a-agressao-ao-ira-e-a-escalada-da-guerra-no-oriente-medio\/#breadcrumb","itemListElement":[{"@type":"ListItem","position":1,"name":"In\u00edcio","item":"https:\/\/psol50.org.br\/"},{"@type":"ListItem","position":2,"name":"Nota do PSOL contra a agress\u00e3o ao Ir\u00e3 e a escalada da guerra no Oriente M\u00e9dio"}]},{"@type":"WebSite","@id":"https:\/\/psol50.org.br\/#website","url":"https:\/\/psol50.org.br\/","name":"PSOL 50","description":"Site oficial do Partido Socialismo e Liberdade","publisher":{"@id":"https:\/\/psol50.org.br\/#organization"},"alternateName":"PSOL50","potentialAction":[{"@type":"SearchAction","target":{"@type":"EntryPoint","urlTemplate":"https:\/\/psol50.org.br\/?s={search_term_string}"},"query-input":{"@type":"PropertyValueSpecification","valueRequired":true,"valueName":"search_term_string"}}],"inLanguage":"pt-BR"},{"@type":"Organization","@id":"https:\/\/psol50.org.br\/#organization","name":"PSOL 50","alternateName":"PSOL 50","url":"https:\/\/psol50.org.br\/","logo":{"@type":"ImageObject","inLanguage":"pt-BR","@id":"https:\/\/psol50.org.br\/#\/schema\/logo\/image\/","url":"https:\/\/psol50.org.br\/inc\/uploads\/2018\/07\/capa.png","contentUrl":"https:\/\/psol50.org.br\/inc\/uploads\/2018\/07\/capa.png","width":1350,"height":900,"caption":"PSOL 50"},"image":{"@id":"https:\/\/psol50.org.br\/#\/schema\/logo\/image\/"},"sameAs":["https:\/\/www.facebook.com\/psol50","https:\/\/x.com\/psol50","https:\/\/www.instagram.com\/psol50\/","https:\/\/www.youtube.com\/channel\/UC7SnJS5o1os7a6CaiNabzcg"]},{"@type":"Person","@id":"https:\/\/psol50.org.br\/#\/schema\/person\/475dfa57d0b815993c714c2e96491fcd","name":"Comunica\u00e7\u00e3o PSOL","image":{"@type":"ImageObject","inLanguage":"pt-BR","@id":"https:\/\/psol50.org.br\/#\/schema\/person\/image\/","url":"https:\/\/secure.gravatar.com\/avatar\/b34fc4f4e468a4e51785917065a3db57b841f5c95dba6ad8c73aaf8f66f8f9bf?s=96&d=mm&r=g","contentUrl":"https:\/\/secure.gravatar.com\/avatar\/b34fc4f4e468a4e51785917065a3db57b841f5c95dba6ad8c73aaf8f66f8f9bf?s=96&d=mm&r=g","caption":"Comunica\u00e7\u00e3o PSOL"}}]}},"_links":{"self":[{"href":"https:\/\/psol50.org.br\/rest\/wp\/v2\/posts\/41351","targetHints":{"allow":["GET"]}}],"collection":[{"href":"https:\/\/psol50.org.br\/rest\/wp\/v2\/posts"}],"about":[{"href":"https:\/\/psol50.org.br\/rest\/wp\/v2\/types\/post"}],"author":[{"embeddable":true,"href":"https:\/\/psol50.org.br\/rest\/wp\/v2\/users\/2"}],"replies":[{"embeddable":true,"href":"https:\/\/psol50.org.br\/rest\/wp\/v2\/comments?post=41351"}],"version-history":[{"count":2,"href":"https:\/\/psol50.org.br\/rest\/wp\/v2\/posts\/41351\/revisions"}],"predecessor-version":[{"id":41353,"href":"https:\/\/psol50.org.br\/rest\/wp\/v2\/posts\/41351\/revisions\/41353"}],"wp:featuredmedia":[{"embeddable":true,"href":"https:\/\/psol50.org.br\/rest\/wp\/v2\/media\/41354"}],"wp:attachment":[{"href":"https:\/\/psol50.org.br\/rest\/wp\/v2\/media?parent=41351"}],"wp:term":[{"taxonomy":"category","embeddable":true,"href":"https:\/\/psol50.org.br\/rest\/wp\/v2\/categories?post=41351"},{"taxonomy":"post_tag","embeddable":true,"href":"https:\/\/psol50.org.br\/rest\/wp\/v2\/tags?post=41351"}],"curies":[{"name":"wp","href":"https:\/\/api.w.org\/{rel}","templated":true}]}}