{"id":41364,"date":"2025-06-25T16:47:03","date_gmt":"2025-06-25T19:47:03","guid":{"rendered":"https:\/\/psol50.org.br\/?p=41364"},"modified":"2025-06-26T17:22:48","modified_gmt":"2025-06-26T20:22:48","slug":"bancadas-feministas-do-psol-acionam-onu-contra-aumento-de-mortes-de-jovens-em-operacoes-da-pm-em-sp","status":"publish","type":"post","link":"https:\/\/psol50.org.br\/bancadas-feministas-do-psol-acionam-onu-contra-aumento-de-mortes-de-jovens-em-operacoes-da-pm-em-sp\/","title":{"rendered":"Bancadas Feministas do PSOL acionam ONU contra aumento de mortes de jovens em opera\u00e7\u00f5es da PM em SP"},"content":{"rendered":"<p>As Bancadas Feministas do PSOL, tanto da C\u00e2mara Municipal da capital paulista como da Assembleia Legislativa (Alesp), enviaram um of\u00edcio \u00e0 ONU (Organiza\u00e7\u00e3o das Na\u00e7\u00f5es Unidas) para denunciar o aumento da letalidade policial contra crian\u00e7as e adolescentes nos \u00faltimos anos em S\u00e3o Paulo.<\/p>\n<p>O documento cita o relat\u00f3rio feito pela Unicef, em parceria com o F\u00f3rum Brasileiro de Seguran\u00e7a P\u00fablica, indicando que, entre 2022 e 2024, houve um aumento de 120% nas mortes de jovens dos 10 aos 19 anos em decorr\u00eancia de interven\u00e7\u00e3o policial.<\/p>\n<p>Al\u00e9m disso, o texto tamb\u00e9m aponta aumento de 153,5% de mortes cometidas por policiais militares em servi\u00e7o no mesmo per\u00edodo. As parlamentares caracterizam estes assassinatos como &#8220;execu\u00e7\u00f5es sum\u00e1rias, arbitr\u00e1rias e extrajudiciais&#8221;.<\/p>\n<p><span style=\"font-family: Verdana, BlinkMacSystemFont, -apple-system, 'Segoe UI', Roboto, Oxygen, Ubuntu, Cantarell, 'Open Sans', 'Helvetica Neue', sans-serif;\">&#8220;Os \u00edndices apontam que essa crescente tem como causa a flexibiliza\u00e7\u00e3o no uso de c\u00e2meras corporais e a aus\u00eancia de controle das for\u00e7as policiais&#8221;, explicam as bancadas feministas.<\/span><\/p>\n<p>No texto, as bancadas, representadas pela deputada Paula Nunes e pela vereadora Silvia Ferraro, pedem garantia de assist\u00eancia e repara\u00e7\u00e3o \u00e0s fam\u00edlias das crian\u00e7as vitimadas e que elas possam acompanhar as investiga\u00e7\u00f5es.<\/p>\n<p>Tamb\u00e9m assinam o of\u00edcio as entidades Instituto Peregum, Frente Povo Negro Vivo, M\u00e3es de Maio e Adelinas.<\/p>\n","protected":false},"excerpt":{"rendered":"<p>As Bancadas Feministas do PSOL, tanto da C\u00e2mara Municipal da capital paulista como da Assembleia Legislativa (Alesp), enviaram um of\u00edcio \u00e0 ONU (Organiza\u00e7\u00e3o das Na\u00e7\u00f5es Unidas) para denunciar o aumento da letalidade policial contra crian\u00e7as e adolescentes nos \u00faltimos anos em S\u00e3o Paulo. O documento cita o relat\u00f3rio feito pela Unicef, em parceria com o [&hellip;]<\/p>\n","protected":false},"author":2,"featured_media":41367,"comment_status":"closed","ping_status":"open","sticky":false,"template":"","format":"standard","meta":{"_acf_changed":false,"footnotes":""},"categories":[10],"tags":[4825],"class_list":{"0":"post-41364","1":"post","2":"type-post","3":"status-publish","4":"format-standard","5":"has-post-thumbnail","7":"category-acao-parlamentares","8":"tag-noticias"},"acf":[],"yoast_head":"<!-- This site is optimized with the Yoast SEO plugin v26.5 - https:\/\/yoast.com\/wordpress\/plugins\/seo\/ -->\n<title>Bancadas Feministas do PSOL acionam ONU contra aumento de mortes de jovens em opera\u00e7\u00f5es da PM em SP<\/title>\n<meta name=\"description\" content=\"Mandatos coletivos na C\u00e2mara Municipal e na Alesp apresentaram dados que indicam o aumento de 120% na letalidade policial contra jovens entre 2022 e 2024.\" \/>\n<meta name=\"robots\" content=\"index, follow, max-snippet:-1, max-image-preview:large, max-video-preview:-1\" \/>\n<link rel=\"canonical\" href=\"https:\/\/psol50.org.br\/bancadas-feministas-do-psol-acionam-onu-contra-aumento-de-mortes-de-jovens-em-operacoes-da-pm-em-sp\/\" \/>\n<meta property=\"og:locale\" content=\"pt_BR\" \/>\n<meta property=\"og:type\" content=\"article\" \/>\n<meta property=\"og:title\" content=\"Bancadas Feministas do PSOL acionam ONU contra aumento de mortes de jovens em opera\u00e7\u00f5es da PM em SP\" \/>\n<meta property=\"og:description\" content=\"Mandatos coletivos na C\u00e2mara Municipal e na Alesp apresentaram dados que indicam o aumento de 120% na letalidade policial contra jovens entre 2022 e 2024.\" \/>\n<meta property=\"og:url\" content=\"https:\/\/psol50.org.br\/bancadas-feministas-do-psol-acionam-onu-contra-aumento-de-mortes-de-jovens-em-operacoes-da-pm-em-sp\/\" \/>\n<meta property=\"og:site_name\" content=\"PSOL 50\" \/>\n<meta property=\"article:publisher\" content=\"https:\/\/www.facebook.com\/psol50\" \/>\n<meta property=\"article:published_time\" content=\"2025-06-25T19:47:03+00:00\" \/>\n<meta property=\"article:modified_time\" content=\"2025-06-26T20:22:48+00:00\" \/>\n<meta property=\"og:image\" content=\"https:\/\/psol50.org.br\/inc\/uploads\/2025\/06\/Captura-de-Tela-2025-06-25-as-16.46.04-1024x612.png\" \/>\n\t<meta property=\"og:image:width\" content=\"1024\" \/>\n\t<meta property=\"og:image:height\" content=\"612\" \/>\n\t<meta property=\"og:image:type\" content=\"image\/png\" \/>\n<meta name=\"author\" content=\"Comunica\u00e7\u00e3o PSOL\" \/>\n<meta name=\"twitter:card\" content=\"summary_large_image\" \/>\n<meta name=\"twitter:creator\" content=\"@psol50\" \/>\n<meta name=\"twitter:site\" content=\"@psol50\" \/>\n<meta name=\"twitter:label1\" content=\"Escrito por\" \/>\n\t<meta name=\"twitter:data1\" content=\"Comunica\u00e7\u00e3o PSOL\" \/>\n\t<meta name=\"twitter:label2\" content=\"Est. tempo de leitura\" \/>\n\t<meta name=\"twitter:data2\" content=\"1 minuto\" \/>\n<script type=\"application\/ld+json\" class=\"yoast-schema-graph\">{\"@context\":\"https:\/\/schema.org\",\"@graph\":[{\"@type\":\"Article\",\"@id\":\"https:\/\/psol50.org.br\/bancadas-feministas-do-psol-acionam-onu-contra-aumento-de-mortes-de-jovens-em-operacoes-da-pm-em-sp\/#article\",\"isPartOf\":{\"@id\":\"https:\/\/psol50.org.br\/bancadas-feministas-do-psol-acionam-onu-contra-aumento-de-mortes-de-jovens-em-operacoes-da-pm-em-sp\/\"},\"author\":{\"name\":\"Comunica\u00e7\u00e3o PSOL\",\"@id\":\"https:\/\/psol50.org.br\/#\/schema\/person\/475dfa57d0b815993c714c2e96491fcd\"},\"headline\":\"Bancadas Feministas do PSOL acionam ONU contra aumento de mortes de jovens em opera\u00e7\u00f5es da PM em SP\",\"datePublished\":\"2025-06-25T19:47:03+00:00\",\"dateModified\":\"2025-06-26T20:22:48+00:00\",\"mainEntityOfPage\":{\"@id\":\"https:\/\/psol50.org.br\/bancadas-feministas-do-psol-acionam-onu-contra-aumento-de-mortes-de-jovens-em-operacoes-da-pm-em-sp\/\"},\"wordCount\":236,\"publisher\":{\"@id\":\"https:\/\/psol50.org.br\/#organization\"},\"image\":{\"@id\":\"https:\/\/psol50.org.br\/bancadas-feministas-do-psol-acionam-onu-contra-aumento-de-mortes-de-jovens-em-operacoes-da-pm-em-sp\/#primaryimage\"},\"thumbnailUrl\":\"https:\/\/psol50.org.br\/inc\/uploads\/2025\/06\/Captura-de-Tela-2025-06-25-as-16.46.04.png\",\"keywords\":[\"Not\u00edcias\"],\"articleSection\":[\"A\u00e7\u00e3o Parlamentar\"],\"inLanguage\":\"pt-BR\"},{\"@type\":\"WebPage\",\"@id\":\"https:\/\/psol50.org.br\/bancadas-feministas-do-psol-acionam-onu-contra-aumento-de-mortes-de-jovens-em-operacoes-da-pm-em-sp\/\",\"url\":\"https:\/\/psol50.org.br\/bancadas-feministas-do-psol-acionam-onu-contra-aumento-de-mortes-de-jovens-em-operacoes-da-pm-em-sp\/\",\"name\":\"Bancadas Feministas do PSOL acionam ONU contra aumento de mortes de jovens em opera\u00e7\u00f5es da PM em SP\",\"isPartOf\":{\"@id\":\"https:\/\/psol50.org.br\/#website\"},\"primaryImageOfPage\":{\"@id\":\"https:\/\/psol50.org.br\/bancadas-feministas-do-psol-acionam-onu-contra-aumento-de-mortes-de-jovens-em-operacoes-da-pm-em-sp\/#primaryimage\"},\"image\":{\"@id\":\"https:\/\/psol50.org.br\/bancadas-feministas-do-psol-acionam-onu-contra-aumento-de-mortes-de-jovens-em-operacoes-da-pm-em-sp\/#primaryimage\"},\"thumbnailUrl\":\"https:\/\/psol50.org.br\/inc\/uploads\/2025\/06\/Captura-de-Tela-2025-06-25-as-16.46.04.png\",\"datePublished\":\"2025-06-25T19:47:03+00:00\",\"dateModified\":\"2025-06-26T20:22:48+00:00\",\"description\":\"Mandatos coletivos na C\u00e2mara Municipal e na Alesp apresentaram dados que indicam o aumento de 120% na letalidade policial contra jovens entre 2022 e 2024.\",\"breadcrumb\":{\"@id\":\"https:\/\/psol50.org.br\/bancadas-feministas-do-psol-acionam-onu-contra-aumento-de-mortes-de-jovens-em-operacoes-da-pm-em-sp\/#breadcrumb\"},\"inLanguage\":\"pt-BR\",\"potentialAction\":[{\"@type\":\"ReadAction\",\"target\":[\"https:\/\/psol50.org.br\/bancadas-feministas-do-psol-acionam-onu-contra-aumento-de-mortes-de-jovens-em-operacoes-da-pm-em-sp\/\"]}]},{\"@type\":\"ImageObject\",\"inLanguage\":\"pt-BR\",\"@id\":\"https:\/\/psol50.org.br\/bancadas-feministas-do-psol-acionam-onu-contra-aumento-de-mortes-de-jovens-em-operacoes-da-pm-em-sp\/#primaryimage\",\"url\":\"https:\/\/psol50.org.br\/inc\/uploads\/2025\/06\/Captura-de-Tela-2025-06-25-as-16.46.04.png\",\"contentUrl\":\"https:\/\/psol50.org.br\/inc\/uploads\/2025\/06\/Captura-de-Tela-2025-06-25-as-16.46.04.png\",\"width\":2342,\"height\":1400,\"caption\":\"Foto: Fernando Fraz\u00e3o\/Ag\u00eancia Brasil\"},{\"@type\":\"BreadcrumbList\",\"@id\":\"https:\/\/psol50.org.br\/bancadas-feministas-do-psol-acionam-onu-contra-aumento-de-mortes-de-jovens-em-operacoes-da-pm-em-sp\/#breadcrumb\",\"itemListElement\":[{\"@type\":\"ListItem\",\"position\":1,\"name\":\"In\u00edcio\",\"item\":\"https:\/\/psol50.org.br\/\"},{\"@type\":\"ListItem\",\"position\":2,\"name\":\"Bancadas Feministas do PSOL acionam ONU contra aumento de mortes de jovens em opera\u00e7\u00f5es da PM em SP\"}]},{\"@type\":\"WebSite\",\"@id\":\"https:\/\/psol50.org.br\/#website\",\"url\":\"https:\/\/psol50.org.br\/\",\"name\":\"PSOL 50\",\"description\":\"Site oficial do Partido Socialismo e Liberdade\",\"publisher\":{\"@id\":\"https:\/\/psol50.org.br\/#organization\"},\"alternateName\":\"PSOL50\",\"potentialAction\":[{\"@type\":\"SearchAction\",\"target\":{\"@type\":\"EntryPoint\",\"urlTemplate\":\"https:\/\/psol50.org.br\/?s={search_term_string}\"},\"query-input\":{\"@type\":\"PropertyValueSpecification\",\"valueRequired\":true,\"valueName\":\"search_term_string\"}}],\"inLanguage\":\"pt-BR\"},{\"@type\":\"Organization\",\"@id\":\"https:\/\/psol50.org.br\/#organization\",\"name\":\"PSOL 50\",\"alternateName\":\"PSOL 50\",\"url\":\"https:\/\/psol50.org.br\/\",\"logo\":{\"@type\":\"ImageObject\",\"inLanguage\":\"pt-BR\",\"@id\":\"https:\/\/psol50.org.br\/#\/schema\/logo\/image\/\",\"url\":\"https:\/\/psol50.org.br\/inc\/uploads\/2018\/07\/capa.png\",\"contentUrl\":\"https:\/\/psol50.org.br\/inc\/uploads\/2018\/07\/capa.png\",\"width\":1350,\"height\":900,\"caption\":\"PSOL 50\"},\"image\":{\"@id\":\"https:\/\/psol50.org.br\/#\/schema\/logo\/image\/\"},\"sameAs\":[\"https:\/\/www.facebook.com\/psol50\",\"https:\/\/x.com\/psol50\",\"https:\/\/www.instagram.com\/psol50\/\",\"https:\/\/www.youtube.com\/channel\/UC7SnJS5o1os7a6CaiNabzcg\"]},{\"@type\":\"Person\",\"@id\":\"https:\/\/psol50.org.br\/#\/schema\/person\/475dfa57d0b815993c714c2e96491fcd\",\"name\":\"Comunica\u00e7\u00e3o PSOL\",\"image\":{\"@type\":\"ImageObject\",\"inLanguage\":\"pt-BR\",\"@id\":\"https:\/\/psol50.org.br\/#\/schema\/person\/image\/\",\"url\":\"https:\/\/secure.gravatar.com\/avatar\/b34fc4f4e468a4e51785917065a3db57b841f5c95dba6ad8c73aaf8f66f8f9bf?s=96&d=mm&r=g\",\"contentUrl\":\"https:\/\/secure.gravatar.com\/avatar\/b34fc4f4e468a4e51785917065a3db57b841f5c95dba6ad8c73aaf8f66f8f9bf?s=96&d=mm&r=g\",\"caption\":\"Comunica\u00e7\u00e3o PSOL\"}}]}<\/script>\n<!-- \/ Yoast SEO plugin. -->","yoast_head_json":{"title":"Bancadas Feministas do PSOL acionam ONU contra aumento de mortes de jovens em opera\u00e7\u00f5es da PM em SP","description":"Mandatos coletivos na C\u00e2mara Municipal e na Alesp apresentaram dados que indicam o aumento de 120% na letalidade policial contra jovens entre 2022 e 2024.","robots":{"index":"index","follow":"follow","max-snippet":"max-snippet:-1","max-image-preview":"max-image-preview:large","max-video-preview":"max-video-preview:-1"},"canonical":"https:\/\/psol50.org.br\/bancadas-feministas-do-psol-acionam-onu-contra-aumento-de-mortes-de-jovens-em-operacoes-da-pm-em-sp\/","og_locale":"pt_BR","og_type":"article","og_title":"Bancadas Feministas do PSOL acionam ONU contra aumento de mortes de jovens em opera\u00e7\u00f5es da PM em SP","og_description":"Mandatos coletivos na C\u00e2mara Municipal e na Alesp apresentaram dados que indicam o aumento de 120% na letalidade policial contra jovens entre 2022 e 2024.","og_url":"https:\/\/psol50.org.br\/bancadas-feministas-do-psol-acionam-onu-contra-aumento-de-mortes-de-jovens-em-operacoes-da-pm-em-sp\/","og_site_name":"PSOL 50","article_publisher":"https:\/\/www.facebook.com\/psol50","article_published_time":"2025-06-25T19:47:03+00:00","article_modified_time":"2025-06-26T20:22:48+00:00","og_image":[{"width":1024,"height":612,"url":"https:\/\/psol50.org.br\/inc\/uploads\/2025\/06\/Captura-de-Tela-2025-06-25-as-16.46.04-1024x612.png","type":"image\/png"}],"author":"Comunica\u00e7\u00e3o PSOL","twitter_card":"summary_large_image","twitter_creator":"@psol50","twitter_site":"@psol50","twitter_misc":{"Escrito por":"Comunica\u00e7\u00e3o PSOL","Est. tempo de leitura":"1 minuto"},"schema":{"@context":"https:\/\/schema.org","@graph":[{"@type":"Article","@id":"https:\/\/psol50.org.br\/bancadas-feministas-do-psol-acionam-onu-contra-aumento-de-mortes-de-jovens-em-operacoes-da-pm-em-sp\/#article","isPartOf":{"@id":"https:\/\/psol50.org.br\/bancadas-feministas-do-psol-acionam-onu-contra-aumento-de-mortes-de-jovens-em-operacoes-da-pm-em-sp\/"},"author":{"name":"Comunica\u00e7\u00e3o PSOL","@id":"https:\/\/psol50.org.br\/#\/schema\/person\/475dfa57d0b815993c714c2e96491fcd"},"headline":"Bancadas Feministas do PSOL acionam ONU contra aumento de mortes de jovens em opera\u00e7\u00f5es da PM em SP","datePublished":"2025-06-25T19:47:03+00:00","dateModified":"2025-06-26T20:22:48+00:00","mainEntityOfPage":{"@id":"https:\/\/psol50.org.br\/bancadas-feministas-do-psol-acionam-onu-contra-aumento-de-mortes-de-jovens-em-operacoes-da-pm-em-sp\/"},"wordCount":236,"publisher":{"@id":"https:\/\/psol50.org.br\/#organization"},"image":{"@id":"https:\/\/psol50.org.br\/bancadas-feministas-do-psol-acionam-onu-contra-aumento-de-mortes-de-jovens-em-operacoes-da-pm-em-sp\/#primaryimage"},"thumbnailUrl":"https:\/\/psol50.org.br\/inc\/uploads\/2025\/06\/Captura-de-Tela-2025-06-25-as-16.46.04.png","keywords":["Not\u00edcias"],"articleSection":["A\u00e7\u00e3o Parlamentar"],"inLanguage":"pt-BR"},{"@type":"WebPage","@id":"https:\/\/psol50.org.br\/bancadas-feministas-do-psol-acionam-onu-contra-aumento-de-mortes-de-jovens-em-operacoes-da-pm-em-sp\/","url":"https:\/\/psol50.org.br\/bancadas-feministas-do-psol-acionam-onu-contra-aumento-de-mortes-de-jovens-em-operacoes-da-pm-em-sp\/","name":"Bancadas Feministas do PSOL acionam ONU contra aumento de mortes de jovens em opera\u00e7\u00f5es da PM em SP","isPartOf":{"@id":"https:\/\/psol50.org.br\/#website"},"primaryImageOfPage":{"@id":"https:\/\/psol50.org.br\/bancadas-feministas-do-psol-acionam-onu-contra-aumento-de-mortes-de-jovens-em-operacoes-da-pm-em-sp\/#primaryimage"},"image":{"@id":"https:\/\/psol50.org.br\/bancadas-feministas-do-psol-acionam-onu-contra-aumento-de-mortes-de-jovens-em-operacoes-da-pm-em-sp\/#primaryimage"},"thumbnailUrl":"https:\/\/psol50.org.br\/inc\/uploads\/2025\/06\/Captura-de-Tela-2025-06-25-as-16.46.04.png","datePublished":"2025-06-25T19:47:03+00:00","dateModified":"2025-06-26T20:22:48+00:00","description":"Mandatos coletivos na C\u00e2mara Municipal e na Alesp apresentaram dados que indicam o aumento de 120% na letalidade policial contra jovens entre 2022 e 2024.","breadcrumb":{"@id":"https:\/\/psol50.org.br\/bancadas-feministas-do-psol-acionam-onu-contra-aumento-de-mortes-de-jovens-em-operacoes-da-pm-em-sp\/#breadcrumb"},"inLanguage":"pt-BR","potentialAction":[{"@type":"ReadAction","target":["https:\/\/psol50.org.br\/bancadas-feministas-do-psol-acionam-onu-contra-aumento-de-mortes-de-jovens-em-operacoes-da-pm-em-sp\/"]}]},{"@type":"ImageObject","inLanguage":"pt-BR","@id":"https:\/\/psol50.org.br\/bancadas-feministas-do-psol-acionam-onu-contra-aumento-de-mortes-de-jovens-em-operacoes-da-pm-em-sp\/#primaryimage","url":"https:\/\/psol50.org.br\/inc\/uploads\/2025\/06\/Captura-de-Tela-2025-06-25-as-16.46.04.png","contentUrl":"https:\/\/psol50.org.br\/inc\/uploads\/2025\/06\/Captura-de-Tela-2025-06-25-as-16.46.04.png","width":2342,"height":1400,"caption":"Foto: Fernando Fraz\u00e3o\/Ag\u00eancia Brasil"},{"@type":"BreadcrumbList","@id":"https:\/\/psol50.org.br\/bancadas-feministas-do-psol-acionam-onu-contra-aumento-de-mortes-de-jovens-em-operacoes-da-pm-em-sp\/#breadcrumb","itemListElement":[{"@type":"ListItem","position":1,"name":"In\u00edcio","item":"https:\/\/psol50.org.br\/"},{"@type":"ListItem","position":2,"name":"Bancadas Feministas do PSOL acionam ONU contra aumento de mortes de jovens em opera\u00e7\u00f5es da PM em SP"}]},{"@type":"WebSite","@id":"https:\/\/psol50.org.br\/#website","url":"https:\/\/psol50.org.br\/","name":"PSOL 50","description":"Site oficial do Partido Socialismo e Liberdade","publisher":{"@id":"https:\/\/psol50.org.br\/#organization"},"alternateName":"PSOL50","potentialAction":[{"@type":"SearchAction","target":{"@type":"EntryPoint","urlTemplate":"https:\/\/psol50.org.br\/?s={search_term_string}"},"query-input":{"@type":"PropertyValueSpecification","valueRequired":true,"valueName":"search_term_string"}}],"inLanguage":"pt-BR"},{"@type":"Organization","@id":"https:\/\/psol50.org.br\/#organization","name":"PSOL 50","alternateName":"PSOL 50","url":"https:\/\/psol50.org.br\/","logo":{"@type":"ImageObject","inLanguage":"pt-BR","@id":"https:\/\/psol50.org.br\/#\/schema\/logo\/image\/","url":"https:\/\/psol50.org.br\/inc\/uploads\/2018\/07\/capa.png","contentUrl":"https:\/\/psol50.org.br\/inc\/uploads\/2018\/07\/capa.png","width":1350,"height":900,"caption":"PSOL 50"},"image":{"@id":"https:\/\/psol50.org.br\/#\/schema\/logo\/image\/"},"sameAs":["https:\/\/www.facebook.com\/psol50","https:\/\/x.com\/psol50","https:\/\/www.instagram.com\/psol50\/","https:\/\/www.youtube.com\/channel\/UC7SnJS5o1os7a6CaiNabzcg"]},{"@type":"Person","@id":"https:\/\/psol50.org.br\/#\/schema\/person\/475dfa57d0b815993c714c2e96491fcd","name":"Comunica\u00e7\u00e3o PSOL","image":{"@type":"ImageObject","inLanguage":"pt-BR","@id":"https:\/\/psol50.org.br\/#\/schema\/person\/image\/","url":"https:\/\/secure.gravatar.com\/avatar\/b34fc4f4e468a4e51785917065a3db57b841f5c95dba6ad8c73aaf8f66f8f9bf?s=96&d=mm&r=g","contentUrl":"https:\/\/secure.gravatar.com\/avatar\/b34fc4f4e468a4e51785917065a3db57b841f5c95dba6ad8c73aaf8f66f8f9bf?s=96&d=mm&r=g","caption":"Comunica\u00e7\u00e3o PSOL"}}]}},"_links":{"self":[{"href":"https:\/\/psol50.org.br\/rest\/wp\/v2\/posts\/41364","targetHints":{"allow":["GET"]}}],"collection":[{"href":"https:\/\/psol50.org.br\/rest\/wp\/v2\/posts"}],"about":[{"href":"https:\/\/psol50.org.br\/rest\/wp\/v2\/types\/post"}],"author":[{"embeddable":true,"href":"https:\/\/psol50.org.br\/rest\/wp\/v2\/users\/2"}],"replies":[{"embeddable":true,"href":"https:\/\/psol50.org.br\/rest\/wp\/v2\/comments?post=41364"}],"version-history":[{"count":2,"href":"https:\/\/psol50.org.br\/rest\/wp\/v2\/posts\/41364\/revisions"}],"predecessor-version":[{"id":41366,"href":"https:\/\/psol50.org.br\/rest\/wp\/v2\/posts\/41364\/revisions\/41366"}],"wp:featuredmedia":[{"embeddable":true,"href":"https:\/\/psol50.org.br\/rest\/wp\/v2\/media\/41367"}],"wp:attachment":[{"href":"https:\/\/psol50.org.br\/rest\/wp\/v2\/media?parent=41364"}],"wp:term":[{"taxonomy":"category","embeddable":true,"href":"https:\/\/psol50.org.br\/rest\/wp\/v2\/categories?post=41364"},{"taxonomy":"post_tag","embeddable":true,"href":"https:\/\/psol50.org.br\/rest\/wp\/v2\/tags?post=41364"}],"curies":[{"name":"wp","href":"https:\/\/api.w.org\/{rel}","templated":true}]}}