{"id":41378,"date":"2025-06-26T18:05:56","date_gmt":"2025-06-26T21:05:56","guid":{"rendered":"https:\/\/psol50.org.br\/?p=41378"},"modified":"2025-07-10T17:14:52","modified_gmt":"2025-07-10T20:14:52","slug":"nota-do-psol-nao-calarao-a-voz-de-erika","status":"publish","type":"post","link":"https:\/\/psol50.org.br\/nota-do-psol-nao-calarao-a-voz-de-erika\/","title":{"rendered":"Nota do PSOL: N\u00e3o calar\u00e3o a voz de Erika Hilton"},"content":{"rendered":"<p>A extrema-direita e demais setores conservadores iniciaram uma campanha orquestrada e violenta contra a deputada Erika Hilton, utilizando desinforma\u00e7\u00e3o, fakes e reverberando discurso de \u00f3dio e de transfobia.<\/p>\n<p>Erika est\u00e1 sendo atacada por que incomoda. Incomoda a extrema-direita quando consegue alcan\u00e7ar milh\u00f5es de pessoas e desmentir a narrativa criada por eles para justificar ataques aos direitos sociais e ao governo federal.<\/p>\n<p>Incomoda porque d\u00e1 visibilidade a um segmento social que sofre persegui\u00e7\u00e3o e que \u00e9 v\u00edtima de transfobia e tem suas vidas ceifadas, tudo isso em um dos pa\u00edses que mais mata LGBTs no mundo.<\/p>\n<p>Incomoda porque mostra que al\u00e9m de dar visibilidade a comunidade trans, possui um mandato que conseguiu pautar mudan\u00e7as no mundo do trabalho, as quais incomodam o empresariado acostumado a sugar a vida de milh\u00f5es de trabalhadores.<\/p>\n<p>Acompanhamos a luta da Erika para superar suas dificuldades de sa\u00fade, inclusive apoiando sua decis\u00e3o de fazer a cirurgia recomendada pelos m\u00e9dicos.<\/p>\n<p>O PSOL tem muito orgulho do mandato da Erika e a apoia integralmente contra os ataques dos que se incomodam com seu trabalho.<\/p>\n<p>N\u00e3o conseguir\u00e3o calar sua voz.<br \/>\nNossa solidariedade e apoio.<\/p>\n<p><em><strong>Executiva Nacional do PSOL<\/strong><\/em><br \/>\n<em><strong>26 de junho de 2025<\/strong><\/em><\/p>\n","protected":false},"excerpt":{"rendered":"<p>A extrema-direita e demais setores conservadores iniciaram uma campanha orquestrada e violenta contra a deputada Erika Hilton, utilizando desinforma\u00e7\u00e3o, fakes e reverberando discurso de \u00f3dio e de transfobia. Erika est\u00e1 sendo atacada por que incomoda. Incomoda a extrema-direita quando consegue alcan\u00e7ar milh\u00f5es de pessoas e desmentir a narrativa criada por eles para justificar ataques aos [&hellip;]<\/p>\n","protected":false},"author":2,"featured_media":41379,"comment_status":"closed","ping_status":"open","sticky":false,"template":"","format":"standard","meta":{"_acf_changed":false,"footnotes":""},"categories":[14],"tags":[4825],"class_list":{"0":"post-41378","1":"post","2":"type-post","3":"status-publish","4":"format-standard","5":"has-post-thumbnail","7":"category-partido","8":"tag-noticias"},"acf":[],"yoast_head":"<!-- This site is optimized with the Yoast SEO plugin v26.5 - https:\/\/yoast.com\/wordpress\/plugins\/seo\/ -->\n<title>Nota do PSOL: N\u00e3o calar\u00e3o a voz de Erika Hilton - PSOL 50<\/title>\n<meta name=\"description\" content=\"O PSOL tem muito orgulho do mandato da \u00c9rika e a apoia integralmente contra os ataques dos que se incomodam com seu trabalho.\" \/>\n<meta name=\"robots\" content=\"index, follow, max-snippet:-1, max-image-preview:large, max-video-preview:-1\" \/>\n<link rel=\"canonical\" href=\"https:\/\/psol50.org.br\/nota-do-psol-nao-calarao-a-voz-de-erika\/\" \/>\n<meta property=\"og:locale\" content=\"pt_BR\" \/>\n<meta property=\"og:type\" content=\"article\" \/>\n<meta property=\"og:title\" content=\"Nota do PSOL: N\u00e3o calar\u00e3o a voz de Erika Hilton - PSOL 50\" \/>\n<meta property=\"og:description\" content=\"O PSOL tem muito orgulho do mandato da \u00c9rika e a apoia integralmente contra os ataques dos que se incomodam com seu trabalho.\" \/>\n<meta property=\"og:url\" content=\"https:\/\/psol50.org.br\/nota-do-psol-nao-calarao-a-voz-de-erika\/\" \/>\n<meta property=\"og:site_name\" content=\"PSOL 50\" \/>\n<meta property=\"article:publisher\" content=\"https:\/\/www.facebook.com\/psol50\" \/>\n<meta property=\"article:published_time\" content=\"2025-06-26T21:05:56+00:00\" \/>\n<meta property=\"article:modified_time\" content=\"2025-07-10T20:14:52+00:00\" \/>\n<meta property=\"og:image\" content=\"https:\/\/psol50.org.br\/inc\/uploads\/2025\/06\/img20241219151709533.jpg\" \/>\n\t<meta property=\"og:image:width\" content=\"1984\" \/>\n\t<meta property=\"og:image:height\" content=\"1223\" \/>\n\t<meta property=\"og:image:type\" content=\"image\/jpeg\" \/>\n<meta name=\"author\" content=\"Comunica\u00e7\u00e3o PSOL\" \/>\n<meta name=\"twitter:card\" content=\"summary_large_image\" \/>\n<meta name=\"twitter:creator\" content=\"@psol50\" \/>\n<meta name=\"twitter:site\" content=\"@psol50\" \/>\n<meta name=\"twitter:label1\" content=\"Escrito por\" \/>\n\t<meta name=\"twitter:data1\" content=\"Comunica\u00e7\u00e3o PSOL\" \/>\n\t<meta name=\"twitter:label2\" content=\"Est. tempo de leitura\" \/>\n\t<meta name=\"twitter:data2\" content=\"1 minuto\" \/>\n<script type=\"application\/ld+json\" class=\"yoast-schema-graph\">{\"@context\":\"https:\/\/schema.org\",\"@graph\":[{\"@type\":\"Article\",\"@id\":\"https:\/\/psol50.org.br\/nota-do-psol-nao-calarao-a-voz-de-erika\/#article\",\"isPartOf\":{\"@id\":\"https:\/\/psol50.org.br\/nota-do-psol-nao-calarao-a-voz-de-erika\/\"},\"author\":{\"name\":\"Comunica\u00e7\u00e3o PSOL\",\"@id\":\"https:\/\/psol50.org.br\/#\/schema\/person\/475dfa57d0b815993c714c2e96491fcd\"},\"headline\":\"Nota do PSOL: N\u00e3o calar\u00e3o a voz de Erika Hilton\",\"datePublished\":\"2025-06-26T21:05:56+00:00\",\"dateModified\":\"2025-07-10T20:14:52+00:00\",\"mainEntityOfPage\":{\"@id\":\"https:\/\/psol50.org.br\/nota-do-psol-nao-calarao-a-voz-de-erika\/\"},\"wordCount\":217,\"publisher\":{\"@id\":\"https:\/\/psol50.org.br\/#organization\"},\"image\":{\"@id\":\"https:\/\/psol50.org.br\/nota-do-psol-nao-calarao-a-voz-de-erika\/#primaryimage\"},\"thumbnailUrl\":\"https:\/\/psol50.org.br\/inc\/uploads\/2025\/06\/img20241219151709533.jpg\",\"keywords\":[\"Not\u00edcias\"],\"articleSection\":[\"Partido\"],\"inLanguage\":\"pt-BR\"},{\"@type\":\"WebPage\",\"@id\":\"https:\/\/psol50.org.br\/nota-do-psol-nao-calarao-a-voz-de-erika\/\",\"url\":\"https:\/\/psol50.org.br\/nota-do-psol-nao-calarao-a-voz-de-erika\/\",\"name\":\"Nota do PSOL: N\u00e3o calar\u00e3o a voz de Erika Hilton - PSOL 50\",\"isPartOf\":{\"@id\":\"https:\/\/psol50.org.br\/#website\"},\"primaryImageOfPage\":{\"@id\":\"https:\/\/psol50.org.br\/nota-do-psol-nao-calarao-a-voz-de-erika\/#primaryimage\"},\"image\":{\"@id\":\"https:\/\/psol50.org.br\/nota-do-psol-nao-calarao-a-voz-de-erika\/#primaryimage\"},\"thumbnailUrl\":\"https:\/\/psol50.org.br\/inc\/uploads\/2025\/06\/img20241219151709533.jpg\",\"datePublished\":\"2025-06-26T21:05:56+00:00\",\"dateModified\":\"2025-07-10T20:14:52+00:00\",\"description\":\"O PSOL tem muito orgulho do mandato da \u00c9rika e a apoia integralmente contra os ataques dos que se incomodam com seu trabalho.\",\"breadcrumb\":{\"@id\":\"https:\/\/psol50.org.br\/nota-do-psol-nao-calarao-a-voz-de-erika\/#breadcrumb\"},\"inLanguage\":\"pt-BR\",\"potentialAction\":[{\"@type\":\"ReadAction\",\"target\":[\"https:\/\/psol50.org.br\/nota-do-psol-nao-calarao-a-voz-de-erika\/\"]}]},{\"@type\":\"ImageObject\",\"inLanguage\":\"pt-BR\",\"@id\":\"https:\/\/psol50.org.br\/nota-do-psol-nao-calarao-a-voz-de-erika\/#primaryimage\",\"url\":\"https:\/\/psol50.org.br\/inc\/uploads\/2025\/06\/img20241219151709533.jpg\",\"contentUrl\":\"https:\/\/psol50.org.br\/inc\/uploads\/2025\/06\/img20241219151709533.jpg\",\"width\":1984,\"height\":1223,\"caption\":\"Foto: Bruno Spada\/C\u00e2mara dos Deputados\"},{\"@type\":\"BreadcrumbList\",\"@id\":\"https:\/\/psol50.org.br\/nota-do-psol-nao-calarao-a-voz-de-erika\/#breadcrumb\",\"itemListElement\":[{\"@type\":\"ListItem\",\"position\":1,\"name\":\"In\u00edcio\",\"item\":\"https:\/\/psol50.org.br\/\"},{\"@type\":\"ListItem\",\"position\":2,\"name\":\"Nota do PSOL: N\u00e3o calar\u00e3o a voz de Erika Hilton\"}]},{\"@type\":\"WebSite\",\"@id\":\"https:\/\/psol50.org.br\/#website\",\"url\":\"https:\/\/psol50.org.br\/\",\"name\":\"PSOL 50\",\"description\":\"Site oficial do Partido Socialismo e Liberdade\",\"publisher\":{\"@id\":\"https:\/\/psol50.org.br\/#organization\"},\"alternateName\":\"PSOL50\",\"potentialAction\":[{\"@type\":\"SearchAction\",\"target\":{\"@type\":\"EntryPoint\",\"urlTemplate\":\"https:\/\/psol50.org.br\/?s={search_term_string}\"},\"query-input\":{\"@type\":\"PropertyValueSpecification\",\"valueRequired\":true,\"valueName\":\"search_term_string\"}}],\"inLanguage\":\"pt-BR\"},{\"@type\":\"Organization\",\"@id\":\"https:\/\/psol50.org.br\/#organization\",\"name\":\"PSOL 50\",\"alternateName\":\"PSOL 50\",\"url\":\"https:\/\/psol50.org.br\/\",\"logo\":{\"@type\":\"ImageObject\",\"inLanguage\":\"pt-BR\",\"@id\":\"https:\/\/psol50.org.br\/#\/schema\/logo\/image\/\",\"url\":\"https:\/\/psol50.org.br\/inc\/uploads\/2018\/07\/capa.png\",\"contentUrl\":\"https:\/\/psol50.org.br\/inc\/uploads\/2018\/07\/capa.png\",\"width\":1350,\"height\":900,\"caption\":\"PSOL 50\"},\"image\":{\"@id\":\"https:\/\/psol50.org.br\/#\/schema\/logo\/image\/\"},\"sameAs\":[\"https:\/\/www.facebook.com\/psol50\",\"https:\/\/x.com\/psol50\",\"https:\/\/www.instagram.com\/psol50\/\",\"https:\/\/www.youtube.com\/channel\/UC7SnJS5o1os7a6CaiNabzcg\"]},{\"@type\":\"Person\",\"@id\":\"https:\/\/psol50.org.br\/#\/schema\/person\/475dfa57d0b815993c714c2e96491fcd\",\"name\":\"Comunica\u00e7\u00e3o PSOL\",\"image\":{\"@type\":\"ImageObject\",\"inLanguage\":\"pt-BR\",\"@id\":\"https:\/\/psol50.org.br\/#\/schema\/person\/image\/\",\"url\":\"https:\/\/secure.gravatar.com\/avatar\/b34fc4f4e468a4e51785917065a3db57b841f5c95dba6ad8c73aaf8f66f8f9bf?s=96&d=mm&r=g\",\"contentUrl\":\"https:\/\/secure.gravatar.com\/avatar\/b34fc4f4e468a4e51785917065a3db57b841f5c95dba6ad8c73aaf8f66f8f9bf?s=96&d=mm&r=g\",\"caption\":\"Comunica\u00e7\u00e3o PSOL\"}}]}<\/script>\n<!-- \/ Yoast SEO plugin. -->","yoast_head_json":{"title":"Nota do PSOL: N\u00e3o calar\u00e3o a voz de Erika Hilton - PSOL 50","description":"O PSOL tem muito orgulho do mandato da \u00c9rika e a apoia integralmente contra os ataques dos que se incomodam com seu trabalho.","robots":{"index":"index","follow":"follow","max-snippet":"max-snippet:-1","max-image-preview":"max-image-preview:large","max-video-preview":"max-video-preview:-1"},"canonical":"https:\/\/psol50.org.br\/nota-do-psol-nao-calarao-a-voz-de-erika\/","og_locale":"pt_BR","og_type":"article","og_title":"Nota do PSOL: N\u00e3o calar\u00e3o a voz de Erika Hilton - PSOL 50","og_description":"O PSOL tem muito orgulho do mandato da \u00c9rika e a apoia integralmente contra os ataques dos que se incomodam com seu trabalho.","og_url":"https:\/\/psol50.org.br\/nota-do-psol-nao-calarao-a-voz-de-erika\/","og_site_name":"PSOL 50","article_publisher":"https:\/\/www.facebook.com\/psol50","article_published_time":"2025-06-26T21:05:56+00:00","article_modified_time":"2025-07-10T20:14:52+00:00","og_image":[{"width":1984,"height":1223,"url":"https:\/\/psol50.org.br\/inc\/uploads\/2025\/06\/img20241219151709533.jpg","type":"image\/jpeg"}],"author":"Comunica\u00e7\u00e3o PSOL","twitter_card":"summary_large_image","twitter_creator":"@psol50","twitter_site":"@psol50","twitter_misc":{"Escrito por":"Comunica\u00e7\u00e3o PSOL","Est. tempo de leitura":"1 minuto"},"schema":{"@context":"https:\/\/schema.org","@graph":[{"@type":"Article","@id":"https:\/\/psol50.org.br\/nota-do-psol-nao-calarao-a-voz-de-erika\/#article","isPartOf":{"@id":"https:\/\/psol50.org.br\/nota-do-psol-nao-calarao-a-voz-de-erika\/"},"author":{"name":"Comunica\u00e7\u00e3o PSOL","@id":"https:\/\/psol50.org.br\/#\/schema\/person\/475dfa57d0b815993c714c2e96491fcd"},"headline":"Nota do PSOL: N\u00e3o calar\u00e3o a voz de Erika Hilton","datePublished":"2025-06-26T21:05:56+00:00","dateModified":"2025-07-10T20:14:52+00:00","mainEntityOfPage":{"@id":"https:\/\/psol50.org.br\/nota-do-psol-nao-calarao-a-voz-de-erika\/"},"wordCount":217,"publisher":{"@id":"https:\/\/psol50.org.br\/#organization"},"image":{"@id":"https:\/\/psol50.org.br\/nota-do-psol-nao-calarao-a-voz-de-erika\/#primaryimage"},"thumbnailUrl":"https:\/\/psol50.org.br\/inc\/uploads\/2025\/06\/img20241219151709533.jpg","keywords":["Not\u00edcias"],"articleSection":["Partido"],"inLanguage":"pt-BR"},{"@type":"WebPage","@id":"https:\/\/psol50.org.br\/nota-do-psol-nao-calarao-a-voz-de-erika\/","url":"https:\/\/psol50.org.br\/nota-do-psol-nao-calarao-a-voz-de-erika\/","name":"Nota do PSOL: N\u00e3o calar\u00e3o a voz de Erika Hilton - PSOL 50","isPartOf":{"@id":"https:\/\/psol50.org.br\/#website"},"primaryImageOfPage":{"@id":"https:\/\/psol50.org.br\/nota-do-psol-nao-calarao-a-voz-de-erika\/#primaryimage"},"image":{"@id":"https:\/\/psol50.org.br\/nota-do-psol-nao-calarao-a-voz-de-erika\/#primaryimage"},"thumbnailUrl":"https:\/\/psol50.org.br\/inc\/uploads\/2025\/06\/img20241219151709533.jpg","datePublished":"2025-06-26T21:05:56+00:00","dateModified":"2025-07-10T20:14:52+00:00","description":"O PSOL tem muito orgulho do mandato da \u00c9rika e a apoia integralmente contra os ataques dos que se incomodam com seu trabalho.","breadcrumb":{"@id":"https:\/\/psol50.org.br\/nota-do-psol-nao-calarao-a-voz-de-erika\/#breadcrumb"},"inLanguage":"pt-BR","potentialAction":[{"@type":"ReadAction","target":["https:\/\/psol50.org.br\/nota-do-psol-nao-calarao-a-voz-de-erika\/"]}]},{"@type":"ImageObject","inLanguage":"pt-BR","@id":"https:\/\/psol50.org.br\/nota-do-psol-nao-calarao-a-voz-de-erika\/#primaryimage","url":"https:\/\/psol50.org.br\/inc\/uploads\/2025\/06\/img20241219151709533.jpg","contentUrl":"https:\/\/psol50.org.br\/inc\/uploads\/2025\/06\/img20241219151709533.jpg","width":1984,"height":1223,"caption":"Foto: Bruno Spada\/C\u00e2mara dos Deputados"},{"@type":"BreadcrumbList","@id":"https:\/\/psol50.org.br\/nota-do-psol-nao-calarao-a-voz-de-erika\/#breadcrumb","itemListElement":[{"@type":"ListItem","position":1,"name":"In\u00edcio","item":"https:\/\/psol50.org.br\/"},{"@type":"ListItem","position":2,"name":"Nota do PSOL: N\u00e3o calar\u00e3o a voz de Erika Hilton"}]},{"@type":"WebSite","@id":"https:\/\/psol50.org.br\/#website","url":"https:\/\/psol50.org.br\/","name":"PSOL 50","description":"Site oficial do Partido Socialismo e Liberdade","publisher":{"@id":"https:\/\/psol50.org.br\/#organization"},"alternateName":"PSOL50","potentialAction":[{"@type":"SearchAction","target":{"@type":"EntryPoint","urlTemplate":"https:\/\/psol50.org.br\/?s={search_term_string}"},"query-input":{"@type":"PropertyValueSpecification","valueRequired":true,"valueName":"search_term_string"}}],"inLanguage":"pt-BR"},{"@type":"Organization","@id":"https:\/\/psol50.org.br\/#organization","name":"PSOL 50","alternateName":"PSOL 50","url":"https:\/\/psol50.org.br\/","logo":{"@type":"ImageObject","inLanguage":"pt-BR","@id":"https:\/\/psol50.org.br\/#\/schema\/logo\/image\/","url":"https:\/\/psol50.org.br\/inc\/uploads\/2018\/07\/capa.png","contentUrl":"https:\/\/psol50.org.br\/inc\/uploads\/2018\/07\/capa.png","width":1350,"height":900,"caption":"PSOL 50"},"image":{"@id":"https:\/\/psol50.org.br\/#\/schema\/logo\/image\/"},"sameAs":["https:\/\/www.facebook.com\/psol50","https:\/\/x.com\/psol50","https:\/\/www.instagram.com\/psol50\/","https:\/\/www.youtube.com\/channel\/UC7SnJS5o1os7a6CaiNabzcg"]},{"@type":"Person","@id":"https:\/\/psol50.org.br\/#\/schema\/person\/475dfa57d0b815993c714c2e96491fcd","name":"Comunica\u00e7\u00e3o PSOL","image":{"@type":"ImageObject","inLanguage":"pt-BR","@id":"https:\/\/psol50.org.br\/#\/schema\/person\/image\/","url":"https:\/\/secure.gravatar.com\/avatar\/b34fc4f4e468a4e51785917065a3db57b841f5c95dba6ad8c73aaf8f66f8f9bf?s=96&d=mm&r=g","contentUrl":"https:\/\/secure.gravatar.com\/avatar\/b34fc4f4e468a4e51785917065a3db57b841f5c95dba6ad8c73aaf8f66f8f9bf?s=96&d=mm&r=g","caption":"Comunica\u00e7\u00e3o PSOL"}}]}},"_links":{"self":[{"href":"https:\/\/psol50.org.br\/rest\/wp\/v2\/posts\/41378","targetHints":{"allow":["GET"]}}],"collection":[{"href":"https:\/\/psol50.org.br\/rest\/wp\/v2\/posts"}],"about":[{"href":"https:\/\/psol50.org.br\/rest\/wp\/v2\/types\/post"}],"author":[{"embeddable":true,"href":"https:\/\/psol50.org.br\/rest\/wp\/v2\/users\/2"}],"replies":[{"embeddable":true,"href":"https:\/\/psol50.org.br\/rest\/wp\/v2\/comments?post=41378"}],"version-history":[{"count":4,"href":"https:\/\/psol50.org.br\/rest\/wp\/v2\/posts\/41378\/revisions"}],"predecessor-version":[{"id":41383,"href":"https:\/\/psol50.org.br\/rest\/wp\/v2\/posts\/41378\/revisions\/41383"}],"wp:featuredmedia":[{"embeddable":true,"href":"https:\/\/psol50.org.br\/rest\/wp\/v2\/media\/41379"}],"wp:attachment":[{"href":"https:\/\/psol50.org.br\/rest\/wp\/v2\/media?parent=41378"}],"wp:term":[{"taxonomy":"category","embeddable":true,"href":"https:\/\/psol50.org.br\/rest\/wp\/v2\/categories?post=41378"},{"taxonomy":"post_tag","embeddable":true,"href":"https:\/\/psol50.org.br\/rest\/wp\/v2\/tags?post=41378"}],"curies":[{"name":"wp","href":"https:\/\/api.w.org\/{rel}","templated":true}]}}