{"id":41384,"date":"2025-06-28T10:00:26","date_gmt":"2025-06-28T13:00:26","guid":{"rendered":"https:\/\/psol50.org.br\/?p=41384"},"modified":"2025-06-30T17:59:39","modified_gmt":"2025-06-30T20:59:39","slug":"guilherme-cortez-psol-lidera-protocolaco-de-projetos-contra-a-cura-gay-em-diferentes-estados","status":"publish","type":"post","link":"https:\/\/psol50.org.br\/guilherme-cortez-psol-lidera-protocolaco-de-projetos-contra-a-cura-gay-em-diferentes-estados\/","title":{"rendered":"Guilherme Cortez (PSOL) lidera \u201cprotocola\u00e7o\u201d de projetos contra a &#8220;cura gay&#8221; em diferentes estados"},"content":{"rendered":"<p data-start=\"273\" data-end=\"680\">O deputado estadual Guilherme Cortez (PSOL-SP) est\u00e1 \u00e0 frente de uma articula\u00e7\u00e3o nacional in\u00e9dita, que une parlamentares de diversas regi\u00f5es em torno do combate \u00e0s chamadas \u201cterapias de convers\u00e3o\u201d \u2014 pr\u00e1ticas conhecidas popularmente como \u201ccura gay\u201d. Inspirados no Projeto de Lei 1495\/2023, de sua autoria, parlamentares de v\u00e1rios estados j\u00e1 apresentaram propostas semelhantes em suas Assembleias Legislativas.<\/p>\n<p data-start=\"682\" data-end=\"1014\">A mobiliza\u00e7\u00e3o envolve nomes como Linda Brasil (SE), Matheus Gomes (RS), Renato Roseno (CE), L\u00edvia Duarte (PA), Dani Portela (PE), Camila Valad\u00e3o (ES) e Hilton Coelho (BA), todos do PSOL. Antes mesmo da articula\u00e7\u00e3o coordenada, as deputadas Bella Gon\u00e7alves (MG) e Renata Souza (RJ), tamb\u00e9m do PSOL, j\u00e1 haviam apresentado projetos com o mesmo objetivo.<\/p>\n<p data-start=\"1016\" data-end=\"1363\">\u201cAs terapias de convers\u00e3o s\u00e3o extremamente discriminat\u00f3rias e causam danos profundos ao bem-estar f\u00edsico, mental e social das v\u00edtimas\u201d, afirma Guilherme Cortez. \u201cEstamos falando de pr\u00e1ticas que configuram tortura psicol\u00f3gica e f\u00edsica contra pessoas LGBTs, submetidas a tratamentos cru\u00e9is, degradantes e em viola\u00e7\u00e3o flagrante aos direitos humanos.\u201d<\/p>\n<p data-start=\"1365\" data-end=\"1714\">Casos recentes divulgados pela imprensa revelam os perigos dessas pr\u00e1ticas. Let\u00edcia Maryon, jovem travesti de 22 anos, tirou a pr\u00f3pria vida ap\u00f3s passar por um processo de \u201cdestransi\u00e7\u00e3o\u201d conduzido por um pastor autodeclarado \u201cex-travesti\u201d e defensor da \u201ccura gay\u201d. Em v\u00eddeos, Let\u00edcia relatava viver uma \u201cguerra espiritual entre a carne e o esp\u00edrito\u201d.<\/p>\n<p data-start=\"1716\" data-end=\"1995\">Outro caso emblem\u00e1tico \u00e9 o de Karol Eller, influenciadora bolsonarista que afirmou ter \u201crenunciado \u00e0 pr\u00e1tica homossexual\u201d ap\u00f3s retornar de um retiro religioso, em setembro de 2023. Um m\u00eas depois, Karol cometeu suic\u00eddio, deixando mensagens como \u201cperdi a guerra\u201d nas redes sociais.<\/p>\n<p data-start=\"1997\" data-end=\"2258\">Para Cortez, a iniciativa marca uma virada no debate legislativo. \u201cEssa luta contra a invisibiliza\u00e7\u00e3o e a tortura de pessoas LGBTs agora \u00e9 pauta das Assembleias Legislativas de norte a sul do Brasil. Precisamos barrar essas pr\u00e1ticas violentas e proteger vidas&#8221;, conclui o deputado.<\/p>\n","protected":false},"excerpt":{"rendered":"<p>O deputado estadual Guilherme Cortez (PSOL-SP) est\u00e1 \u00e0 frente de uma articula\u00e7\u00e3o nacional in\u00e9dita, que une parlamentares de diversas regi\u00f5es em torno do combate \u00e0s chamadas \u201cterapias de convers\u00e3o\u201d \u2014 pr\u00e1ticas conhecidas popularmente como \u201ccura gay\u201d. Inspirados no Projeto de Lei 1495\/2023, de sua autoria, parlamentares de v\u00e1rios estados j\u00e1 apresentaram propostas semelhantes em suas [&hellip;]<\/p>\n","protected":false},"author":2,"featured_media":41317,"comment_status":"closed","ping_status":"open","sticky":false,"template":"","format":"standard","meta":{"_acf_changed":false,"footnotes":""},"categories":[654],"tags":[4825],"class_list":{"0":"post-41384","1":"post","2":"type-post","3":"status-publish","4":"format-standard","5":"has-post-thumbnail","7":"category-estados","8":"tag-noticias"},"acf":[],"yoast_head":"<!-- This site is optimized with the Yoast SEO plugin v26.5 - https:\/\/yoast.com\/wordpress\/plugins\/seo\/ -->\n<title>Guilherme Cortez (PSOL) lidera \u201cprotocola\u00e7o\u201d de projetos contra a &quot;cura gay&quot; em diferentes estados - PSOL 50<\/title>\n<meta name=\"description\" content=\"Inspirados no Projeto de Lei 1495\/2023, de sua autoria, parlamentares de v\u00e1rios estados j\u00e1 apresentaram propostas semelhantes em suas Assembleias Legislativas.\" \/>\n<meta name=\"robots\" content=\"index, follow, max-snippet:-1, max-image-preview:large, max-video-preview:-1\" \/>\n<link rel=\"canonical\" href=\"https:\/\/psol50.org.br\/guilherme-cortez-psol-lidera-protocolaco-de-projetos-contra-a-cura-gay-em-diferentes-estados\/\" \/>\n<meta property=\"og:locale\" content=\"pt_BR\" \/>\n<meta property=\"og:type\" content=\"article\" \/>\n<meta property=\"og:title\" content=\"Guilherme Cortez (PSOL) lidera \u201cprotocola\u00e7o\u201d de projetos contra a &quot;cura gay&quot; em diferentes estados - PSOL 50\" \/>\n<meta property=\"og:description\" content=\"Inspirados no Projeto de Lei 1495\/2023, de sua autoria, parlamentares de v\u00e1rios estados j\u00e1 apresentaram propostas semelhantes em suas Assembleias Legislativas.\" \/>\n<meta property=\"og:url\" content=\"https:\/\/psol50.org.br\/guilherme-cortez-psol-lidera-protocolaco-de-projetos-contra-a-cura-gay-em-diferentes-estados\/\" \/>\n<meta property=\"og:site_name\" content=\"PSOL 50\" \/>\n<meta property=\"article:publisher\" content=\"https:\/\/www.facebook.com\/psol50\" \/>\n<meta property=\"article:published_time\" content=\"2025-06-28T13:00:26+00:00\" \/>\n<meta property=\"article:modified_time\" content=\"2025-06-30T20:59:39+00:00\" \/>\n<meta property=\"og:image\" content=\"https:\/\/psol50.org.br\/inc\/uploads\/2025\/06\/IMG_0443.jpg\" \/>\n\t<meta property=\"og:image:width\" content=\"1620\" \/>\n\t<meta property=\"og:image:height\" content=\"1080\" \/>\n\t<meta property=\"og:image:type\" content=\"image\/jpeg\" \/>\n<meta name=\"author\" content=\"Comunica\u00e7\u00e3o PSOL\" \/>\n<meta name=\"twitter:card\" content=\"summary_large_image\" \/>\n<meta name=\"twitter:creator\" content=\"@psol50\" \/>\n<meta name=\"twitter:site\" content=\"@psol50\" \/>\n<meta name=\"twitter:label1\" content=\"Escrito por\" \/>\n\t<meta name=\"twitter:data1\" content=\"Comunica\u00e7\u00e3o PSOL\" \/>\n\t<meta name=\"twitter:label2\" content=\"Est. tempo de leitura\" \/>\n\t<meta name=\"twitter:data2\" content=\"2 minutos\" \/>\n<script type=\"application\/ld+json\" class=\"yoast-schema-graph\">{\"@context\":\"https:\/\/schema.org\",\"@graph\":[{\"@type\":\"Article\",\"@id\":\"https:\/\/psol50.org.br\/guilherme-cortez-psol-lidera-protocolaco-de-projetos-contra-a-cura-gay-em-diferentes-estados\/#article\",\"isPartOf\":{\"@id\":\"https:\/\/psol50.org.br\/guilherme-cortez-psol-lidera-protocolaco-de-projetos-contra-a-cura-gay-em-diferentes-estados\/\"},\"author\":{\"name\":\"Comunica\u00e7\u00e3o PSOL\",\"@id\":\"https:\/\/psol50.org.br\/#\/schema\/person\/475dfa57d0b815993c714c2e96491fcd\"},\"headline\":\"Guilherme Cortez (PSOL) lidera \u201cprotocola\u00e7o\u201d de projetos contra a &#8220;cura gay&#8221; em diferentes estados\",\"datePublished\":\"2025-06-28T13:00:26+00:00\",\"dateModified\":\"2025-06-30T20:59:39+00:00\",\"mainEntityOfPage\":{\"@id\":\"https:\/\/psol50.org.br\/guilherme-cortez-psol-lidera-protocolaco-de-projetos-contra-a-cura-gay-em-diferentes-estados\/\"},\"wordCount\":342,\"publisher\":{\"@id\":\"https:\/\/psol50.org.br\/#organization\"},\"image\":{\"@id\":\"https:\/\/psol50.org.br\/guilherme-cortez-psol-lidera-protocolaco-de-projetos-contra-a-cura-gay-em-diferentes-estados\/#primaryimage\"},\"thumbnailUrl\":\"https:\/\/psol50.org.br\/inc\/uploads\/2025\/06\/IMG_0443.jpg\",\"keywords\":[\"Not\u00edcias\"],\"articleSection\":[\"Estados\"],\"inLanguage\":\"pt-BR\"},{\"@type\":\"WebPage\",\"@id\":\"https:\/\/psol50.org.br\/guilherme-cortez-psol-lidera-protocolaco-de-projetos-contra-a-cura-gay-em-diferentes-estados\/\",\"url\":\"https:\/\/psol50.org.br\/guilherme-cortez-psol-lidera-protocolaco-de-projetos-contra-a-cura-gay-em-diferentes-estados\/\",\"name\":\"Guilherme Cortez (PSOL) lidera \u201cprotocola\u00e7o\u201d de projetos contra a \\\"cura gay\\\" em diferentes estados - PSOL 50\",\"isPartOf\":{\"@id\":\"https:\/\/psol50.org.br\/#website\"},\"primaryImageOfPage\":{\"@id\":\"https:\/\/psol50.org.br\/guilherme-cortez-psol-lidera-protocolaco-de-projetos-contra-a-cura-gay-em-diferentes-estados\/#primaryimage\"},\"image\":{\"@id\":\"https:\/\/psol50.org.br\/guilherme-cortez-psol-lidera-protocolaco-de-projetos-contra-a-cura-gay-em-diferentes-estados\/#primaryimage\"},\"thumbnailUrl\":\"https:\/\/psol50.org.br\/inc\/uploads\/2025\/06\/IMG_0443.jpg\",\"datePublished\":\"2025-06-28T13:00:26+00:00\",\"dateModified\":\"2025-06-30T20:59:39+00:00\",\"description\":\"Inspirados no Projeto de Lei 1495\/2023, de sua autoria, parlamentares de v\u00e1rios estados j\u00e1 apresentaram propostas semelhantes em suas Assembleias Legislativas.\",\"breadcrumb\":{\"@id\":\"https:\/\/psol50.org.br\/guilherme-cortez-psol-lidera-protocolaco-de-projetos-contra-a-cura-gay-em-diferentes-estados\/#breadcrumb\"},\"inLanguage\":\"pt-BR\",\"potentialAction\":[{\"@type\":\"ReadAction\",\"target\":[\"https:\/\/psol50.org.br\/guilherme-cortez-psol-lidera-protocolaco-de-projetos-contra-a-cura-gay-em-diferentes-estados\/\"]}]},{\"@type\":\"ImageObject\",\"inLanguage\":\"pt-BR\",\"@id\":\"https:\/\/psol50.org.br\/guilherme-cortez-psol-lidera-protocolaco-de-projetos-contra-a-cura-gay-em-diferentes-estados\/#primaryimage\",\"url\":\"https:\/\/psol50.org.br\/inc\/uploads\/2025\/06\/IMG_0443.jpg\",\"contentUrl\":\"https:\/\/psol50.org.br\/inc\/uploads\/2025\/06\/IMG_0443.jpg\",\"width\":1620,\"height\":1080,\"caption\":\"Foto: Tuane Fernandes\"},{\"@type\":\"BreadcrumbList\",\"@id\":\"https:\/\/psol50.org.br\/guilherme-cortez-psol-lidera-protocolaco-de-projetos-contra-a-cura-gay-em-diferentes-estados\/#breadcrumb\",\"itemListElement\":[{\"@type\":\"ListItem\",\"position\":1,\"name\":\"In\u00edcio\",\"item\":\"https:\/\/psol50.org.br\/\"},{\"@type\":\"ListItem\",\"position\":2,\"name\":\"Guilherme Cortez (PSOL) lidera \u201cprotocola\u00e7o\u201d de projetos contra a &#8220;cura gay&#8221; em diferentes estados\"}]},{\"@type\":\"WebSite\",\"@id\":\"https:\/\/psol50.org.br\/#website\",\"url\":\"https:\/\/psol50.org.br\/\",\"name\":\"PSOL 50\",\"description\":\"Site oficial do Partido Socialismo e Liberdade\",\"publisher\":{\"@id\":\"https:\/\/psol50.org.br\/#organization\"},\"alternateName\":\"PSOL50\",\"potentialAction\":[{\"@type\":\"SearchAction\",\"target\":{\"@type\":\"EntryPoint\",\"urlTemplate\":\"https:\/\/psol50.org.br\/?s={search_term_string}\"},\"query-input\":{\"@type\":\"PropertyValueSpecification\",\"valueRequired\":true,\"valueName\":\"search_term_string\"}}],\"inLanguage\":\"pt-BR\"},{\"@type\":\"Organization\",\"@id\":\"https:\/\/psol50.org.br\/#organization\",\"name\":\"PSOL 50\",\"alternateName\":\"PSOL 50\",\"url\":\"https:\/\/psol50.org.br\/\",\"logo\":{\"@type\":\"ImageObject\",\"inLanguage\":\"pt-BR\",\"@id\":\"https:\/\/psol50.org.br\/#\/schema\/logo\/image\/\",\"url\":\"https:\/\/psol50.org.br\/inc\/uploads\/2018\/07\/capa.png\",\"contentUrl\":\"https:\/\/psol50.org.br\/inc\/uploads\/2018\/07\/capa.png\",\"width\":1350,\"height\":900,\"caption\":\"PSOL 50\"},\"image\":{\"@id\":\"https:\/\/psol50.org.br\/#\/schema\/logo\/image\/\"},\"sameAs\":[\"https:\/\/www.facebook.com\/psol50\",\"https:\/\/x.com\/psol50\",\"https:\/\/www.instagram.com\/psol50\/\",\"https:\/\/www.youtube.com\/channel\/UC7SnJS5o1os7a6CaiNabzcg\"]},{\"@type\":\"Person\",\"@id\":\"https:\/\/psol50.org.br\/#\/schema\/person\/475dfa57d0b815993c714c2e96491fcd\",\"name\":\"Comunica\u00e7\u00e3o PSOL\",\"image\":{\"@type\":\"ImageObject\",\"inLanguage\":\"pt-BR\",\"@id\":\"https:\/\/psol50.org.br\/#\/schema\/person\/image\/\",\"url\":\"https:\/\/secure.gravatar.com\/avatar\/b34fc4f4e468a4e51785917065a3db57b841f5c95dba6ad8c73aaf8f66f8f9bf?s=96&d=mm&r=g\",\"contentUrl\":\"https:\/\/secure.gravatar.com\/avatar\/b34fc4f4e468a4e51785917065a3db57b841f5c95dba6ad8c73aaf8f66f8f9bf?s=96&d=mm&r=g\",\"caption\":\"Comunica\u00e7\u00e3o PSOL\"}}]}<\/script>\n<!-- \/ Yoast SEO plugin. -->","yoast_head_json":{"title":"Guilherme Cortez (PSOL) lidera \u201cprotocola\u00e7o\u201d de projetos contra a \"cura gay\" em diferentes estados - PSOL 50","description":"Inspirados no Projeto de Lei 1495\/2023, de sua autoria, parlamentares de v\u00e1rios estados j\u00e1 apresentaram propostas semelhantes em suas Assembleias Legislativas.","robots":{"index":"index","follow":"follow","max-snippet":"max-snippet:-1","max-image-preview":"max-image-preview:large","max-video-preview":"max-video-preview:-1"},"canonical":"https:\/\/psol50.org.br\/guilherme-cortez-psol-lidera-protocolaco-de-projetos-contra-a-cura-gay-em-diferentes-estados\/","og_locale":"pt_BR","og_type":"article","og_title":"Guilherme Cortez (PSOL) lidera \u201cprotocola\u00e7o\u201d de projetos contra a \"cura gay\" em diferentes estados - PSOL 50","og_description":"Inspirados no Projeto de Lei 1495\/2023, de sua autoria, parlamentares de v\u00e1rios estados j\u00e1 apresentaram propostas semelhantes em suas Assembleias Legislativas.","og_url":"https:\/\/psol50.org.br\/guilherme-cortez-psol-lidera-protocolaco-de-projetos-contra-a-cura-gay-em-diferentes-estados\/","og_site_name":"PSOL 50","article_publisher":"https:\/\/www.facebook.com\/psol50","article_published_time":"2025-06-28T13:00:26+00:00","article_modified_time":"2025-06-30T20:59:39+00:00","og_image":[{"width":1620,"height":1080,"url":"https:\/\/psol50.org.br\/inc\/uploads\/2025\/06\/IMG_0443.jpg","type":"image\/jpeg"}],"author":"Comunica\u00e7\u00e3o PSOL","twitter_card":"summary_large_image","twitter_creator":"@psol50","twitter_site":"@psol50","twitter_misc":{"Escrito por":"Comunica\u00e7\u00e3o PSOL","Est. tempo de leitura":"2 minutos"},"schema":{"@context":"https:\/\/schema.org","@graph":[{"@type":"Article","@id":"https:\/\/psol50.org.br\/guilherme-cortez-psol-lidera-protocolaco-de-projetos-contra-a-cura-gay-em-diferentes-estados\/#article","isPartOf":{"@id":"https:\/\/psol50.org.br\/guilherme-cortez-psol-lidera-protocolaco-de-projetos-contra-a-cura-gay-em-diferentes-estados\/"},"author":{"name":"Comunica\u00e7\u00e3o PSOL","@id":"https:\/\/psol50.org.br\/#\/schema\/person\/475dfa57d0b815993c714c2e96491fcd"},"headline":"Guilherme Cortez (PSOL) lidera \u201cprotocola\u00e7o\u201d de projetos contra a &#8220;cura gay&#8221; em diferentes estados","datePublished":"2025-06-28T13:00:26+00:00","dateModified":"2025-06-30T20:59:39+00:00","mainEntityOfPage":{"@id":"https:\/\/psol50.org.br\/guilherme-cortez-psol-lidera-protocolaco-de-projetos-contra-a-cura-gay-em-diferentes-estados\/"},"wordCount":342,"publisher":{"@id":"https:\/\/psol50.org.br\/#organization"},"image":{"@id":"https:\/\/psol50.org.br\/guilherme-cortez-psol-lidera-protocolaco-de-projetos-contra-a-cura-gay-em-diferentes-estados\/#primaryimage"},"thumbnailUrl":"https:\/\/psol50.org.br\/inc\/uploads\/2025\/06\/IMG_0443.jpg","keywords":["Not\u00edcias"],"articleSection":["Estados"],"inLanguage":"pt-BR"},{"@type":"WebPage","@id":"https:\/\/psol50.org.br\/guilherme-cortez-psol-lidera-protocolaco-de-projetos-contra-a-cura-gay-em-diferentes-estados\/","url":"https:\/\/psol50.org.br\/guilherme-cortez-psol-lidera-protocolaco-de-projetos-contra-a-cura-gay-em-diferentes-estados\/","name":"Guilherme Cortez (PSOL) lidera \u201cprotocola\u00e7o\u201d de projetos contra a \"cura gay\" em diferentes estados - PSOL 50","isPartOf":{"@id":"https:\/\/psol50.org.br\/#website"},"primaryImageOfPage":{"@id":"https:\/\/psol50.org.br\/guilherme-cortez-psol-lidera-protocolaco-de-projetos-contra-a-cura-gay-em-diferentes-estados\/#primaryimage"},"image":{"@id":"https:\/\/psol50.org.br\/guilherme-cortez-psol-lidera-protocolaco-de-projetos-contra-a-cura-gay-em-diferentes-estados\/#primaryimage"},"thumbnailUrl":"https:\/\/psol50.org.br\/inc\/uploads\/2025\/06\/IMG_0443.jpg","datePublished":"2025-06-28T13:00:26+00:00","dateModified":"2025-06-30T20:59:39+00:00","description":"Inspirados no Projeto de Lei 1495\/2023, de sua autoria, parlamentares de v\u00e1rios estados j\u00e1 apresentaram propostas semelhantes em suas Assembleias Legislativas.","breadcrumb":{"@id":"https:\/\/psol50.org.br\/guilherme-cortez-psol-lidera-protocolaco-de-projetos-contra-a-cura-gay-em-diferentes-estados\/#breadcrumb"},"inLanguage":"pt-BR","potentialAction":[{"@type":"ReadAction","target":["https:\/\/psol50.org.br\/guilherme-cortez-psol-lidera-protocolaco-de-projetos-contra-a-cura-gay-em-diferentes-estados\/"]}]},{"@type":"ImageObject","inLanguage":"pt-BR","@id":"https:\/\/psol50.org.br\/guilherme-cortez-psol-lidera-protocolaco-de-projetos-contra-a-cura-gay-em-diferentes-estados\/#primaryimage","url":"https:\/\/psol50.org.br\/inc\/uploads\/2025\/06\/IMG_0443.jpg","contentUrl":"https:\/\/psol50.org.br\/inc\/uploads\/2025\/06\/IMG_0443.jpg","width":1620,"height":1080,"caption":"Foto: Tuane Fernandes"},{"@type":"BreadcrumbList","@id":"https:\/\/psol50.org.br\/guilherme-cortez-psol-lidera-protocolaco-de-projetos-contra-a-cura-gay-em-diferentes-estados\/#breadcrumb","itemListElement":[{"@type":"ListItem","position":1,"name":"In\u00edcio","item":"https:\/\/psol50.org.br\/"},{"@type":"ListItem","position":2,"name":"Guilherme Cortez (PSOL) lidera \u201cprotocola\u00e7o\u201d de projetos contra a &#8220;cura gay&#8221; em diferentes estados"}]},{"@type":"WebSite","@id":"https:\/\/psol50.org.br\/#website","url":"https:\/\/psol50.org.br\/","name":"PSOL 50","description":"Site oficial do Partido Socialismo e Liberdade","publisher":{"@id":"https:\/\/psol50.org.br\/#organization"},"alternateName":"PSOL50","potentialAction":[{"@type":"SearchAction","target":{"@type":"EntryPoint","urlTemplate":"https:\/\/psol50.org.br\/?s={search_term_string}"},"query-input":{"@type":"PropertyValueSpecification","valueRequired":true,"valueName":"search_term_string"}}],"inLanguage":"pt-BR"},{"@type":"Organization","@id":"https:\/\/psol50.org.br\/#organization","name":"PSOL 50","alternateName":"PSOL 50","url":"https:\/\/psol50.org.br\/","logo":{"@type":"ImageObject","inLanguage":"pt-BR","@id":"https:\/\/psol50.org.br\/#\/schema\/logo\/image\/","url":"https:\/\/psol50.org.br\/inc\/uploads\/2018\/07\/capa.png","contentUrl":"https:\/\/psol50.org.br\/inc\/uploads\/2018\/07\/capa.png","width":1350,"height":900,"caption":"PSOL 50"},"image":{"@id":"https:\/\/psol50.org.br\/#\/schema\/logo\/image\/"},"sameAs":["https:\/\/www.facebook.com\/psol50","https:\/\/x.com\/psol50","https:\/\/www.instagram.com\/psol50\/","https:\/\/www.youtube.com\/channel\/UC7SnJS5o1os7a6CaiNabzcg"]},{"@type":"Person","@id":"https:\/\/psol50.org.br\/#\/schema\/person\/475dfa57d0b815993c714c2e96491fcd","name":"Comunica\u00e7\u00e3o PSOL","image":{"@type":"ImageObject","inLanguage":"pt-BR","@id":"https:\/\/psol50.org.br\/#\/schema\/person\/image\/","url":"https:\/\/secure.gravatar.com\/avatar\/b34fc4f4e468a4e51785917065a3db57b841f5c95dba6ad8c73aaf8f66f8f9bf?s=96&d=mm&r=g","contentUrl":"https:\/\/secure.gravatar.com\/avatar\/b34fc4f4e468a4e51785917065a3db57b841f5c95dba6ad8c73aaf8f66f8f9bf?s=96&d=mm&r=g","caption":"Comunica\u00e7\u00e3o PSOL"}}]}},"_links":{"self":[{"href":"https:\/\/psol50.org.br\/rest\/wp\/v2\/posts\/41384","targetHints":{"allow":["GET"]}}],"collection":[{"href":"https:\/\/psol50.org.br\/rest\/wp\/v2\/posts"}],"about":[{"href":"https:\/\/psol50.org.br\/rest\/wp\/v2\/types\/post"}],"author":[{"embeddable":true,"href":"https:\/\/psol50.org.br\/rest\/wp\/v2\/users\/2"}],"replies":[{"embeddable":true,"href":"https:\/\/psol50.org.br\/rest\/wp\/v2\/comments?post=41384"}],"version-history":[{"count":2,"href":"https:\/\/psol50.org.br\/rest\/wp\/v2\/posts\/41384\/revisions"}],"predecessor-version":[{"id":41387,"href":"https:\/\/psol50.org.br\/rest\/wp\/v2\/posts\/41384\/revisions\/41387"}],"wp:featuredmedia":[{"embeddable":true,"href":"https:\/\/psol50.org.br\/rest\/wp\/v2\/media\/41317"}],"wp:attachment":[{"href":"https:\/\/psol50.org.br\/rest\/wp\/v2\/media?parent=41384"}],"wp:term":[{"taxonomy":"category","embeddable":true,"href":"https:\/\/psol50.org.br\/rest\/wp\/v2\/categories?post=41384"},{"taxonomy":"post_tag","embeddable":true,"href":"https:\/\/psol50.org.br\/rest\/wp\/v2\/tags?post=41384"}],"curies":[{"name":"wp","href":"https:\/\/api.w.org\/{rel}","templated":true}]}}